{"id":47650,"date":"2017-10-02T10:11:37","date_gmt":"2017-10-02T08:11:37","guid":{"rendered":"http:\/\/likemetkovic.hr\/?p=47650"},"modified":"2017-10-02T10:11:37","modified_gmt":"2017-10-02T08:11:37","slug":"srednja-skola-metkovic-erasmus-projektu-water-unites-us","status":"publish","type":"post","link":"https:\/\/likemetkovic.hr\/portal\/srednja-skola-metkovic-erasmus-projektu-water-unites-us\/","title":{"rendered":"Srednja \u0161kola Metkovi\u0107 u Erasmus+ projektu \u201eWater unites us\u201c"},"content":{"rendered":"<p>Srednja \u0161kola Metkovi\u0107 je uspje\u0161na, u partnerstvu s drugim europskim \u0161kolama, u apliciranju na europske obrazovne programe kao \u0161to je Erasmus+.<\/p>\n<p>Tako od ove \u0161kolske godine <strong>Srednja \u0161kola Metkovi\u0107<\/strong> sudjeluje u interdisciplinarnom\u00a0Erasmus+ projektu &#8220;<strong>Water unites us&#8221;<\/strong>\u00a0u strate\u0161kom partnerstvu sa \u0161kolama iz Latvije, Gr\u010dke, Portugala, Italije i Turske. Rije\u010d je o\u00a0dvogodi\u0161njem projektu za koji je\u00a0 Srednjoj \u0161koli Metkovi\u0107 odobreno\u00a0<strong>18 325 eura<\/strong>.<\/p>\n<p><strong>Erasmus+\u00a0<\/strong>program je Europske unije kojim se financiraju me\u0111unarodni projekti \u0161kola i institucija radi razmjene dobrih ideja te mobilnosti u\u010denika i nastavnika. Agencija za mobilnost i programe Europske unije nadle\u017ena je za provo\u0111enje i financiranje programa.<br \/>\nKoordinator projekta u Srednjoj \u0161koli Metkovi\u0107 profesor je engleskoga jezika i geografije <strong>Petar Nikoli\u0107<\/strong>, u suradnji s profesorima biologije, matematike, umjetnosti i knji\u017eevnosti, informatike, tjelesnog odgoja i kuharstva.<\/p>\n<p>U\u010denici i njihovi profesori sudjelovat \u0107e u raznim projektnim aktivnostima kojima \u0107e istra\u017eivati geografske specifi\u010dnosti doline Neretve s naglaskom na hidrogeografiju, ekologiju, ali i turizam, gastronomiju i sport.<\/p>\n<p>Nastavnici \u0107e putovati na dva transnacionalna sastanka u Latviju i Tursku, dok \u0107e zajedno s u\u010denicima posjetiti Portugal, Italiju i Gr\u010dku gdje \u0107e sudjelovati u projektnim aktivnostima.<\/p>\n","protected":false},"excerpt":{"rendered":"<p>Srednja \u0161kola Metkovi\u0107 je uspje\u0161na, u partnerstvu s drugim europskim \u0161kolama, u apliciranju na europske obrazovne programe kao \u0161to je Erasmus+. Tako od ove \u0161kolske godine Srednja \u0161kola Metkovi\u0107 sudjeluje u interdisciplinarnom\u00a0Erasmus+ projektu &#8220;Water unites us&#8221;\u00a0u strate\u0161kom partnerstvu sa \u0161kolama iz Latvije, Gr\u010dke, Portugala, Italije i Turske. Rije\u010d je o\u00a0dvogodi\u0161njem projektu za koji je\u00a0 Srednjoj [&hellip;]<\/p>\n","protected":false},"author":7,"featured_media":47653,"comment_status":"open","ping_status":"open","sticky":false,"template":"","format":"standard","meta":{"footnotes":""},"categories":[296,166],"tags":[1492,1491,1490,1493],"class_list":{"0":"post-47650","1":"post","2":"type-post","3":"status-publish","4":"format-standard","5":"has-post-thumbnail","7":"category-ab","8":"category-skolstvo","9":"tag-erasmus","10":"tag-petar-nikolic","11":"tag-srednja-skola-metkoivc","12":"tag-water-unites-us"},"yoast_head":"<!-- This site is optimized with the Yoast SEO plugin v25.2 - https:\/\/yoast.com\/wordpress\/plugins\/seo\/ -->\n<title>Srednja \u0161kola Metkovi\u0107 u Erasmus+ projektu \u201eWater unites us\u201c<\/title>\n<meta name=\"description\" content=\"Srednja \u0161kola Metkovi\u0107 sudjeluje u interdisciplinarnom\u00a0Erasmus+ projektu &quot;Water unites us&quot;\u00a0u strate\u0161koj suradnji s drugim europskim \u0161kolama.\" \/>\n<meta name=\"robots\" content=\"index, follow, max-snippet:-1, max-image-preview:large, max-video-preview:-1\" \/>\n<link rel=\"canonical\" href=\"https:\/\/likemetkovic.hr\/srednja-skola-metkovic-erasmus-projektu-water-unites-us\/\" \/>\n<meta property=\"og:locale\" content=\"hr_HR\" \/>\n<meta property=\"og:type\" content=\"article\" \/>\n<meta property=\"og:title\" content=\"Srednja \u0161kola Metkovi\u0107 u Erasmus+ projektu \u201eWater unites us\u201c\" \/>\n<meta property=\"og:description\" content=\"Srednja \u0161kola Metkovi\u0107 sudjeluje u interdisciplinarnom\u00a0Erasmus+ projektu &quot;Water unites us&quot;\u00a0u strate\u0161koj suradnji s drugim europskim \u0161kolama.\" \/>\n<meta property=\"og:url\" content=\"https:\/\/likemetkovic.hr\/srednja-skola-metkovic-erasmus-projektu-water-unites-us\/\" \/>\n<meta property=\"og:site_name\" content=\"likemetkovic.hr\" \/>\n<meta property=\"article:publisher\" content=\"https:\/\/www.facebook.com\/likemetkovic.hr\/\" \/>\n<meta property=\"article:published_time\" content=\"2017-10-02T08:11:37+00:00\" \/>\n<meta property=\"og:image\" content=\"https:\/\/likemetkovic.hr\/wp-content\/uploads\/2017\/10\/srednja-1.jpg\" \/>\n\t<meta property=\"og:image:width\" content=\"500\" \/>\n\t<meta property=\"og:image:height\" content=\"375\" \/>\n\t<meta property=\"og:image:type\" content=\"image\/jpeg\" \/>\n<meta name=\"author\" content=\"LIKEmetkovic.hr\" \/>\n<meta name=\"twitter:card\" content=\"summary_large_image\" \/>\n<meta name=\"twitter:label1\" content=\"Napisao\/la\" \/>\n\t<meta name=\"twitter:data1\" content=\"LIKEmetkovic.hr\" \/>\n\t<meta name=\"twitter:label2\" content=\"Procijenjeno vrijeme \u010ditanja\" \/>\n\t<meta name=\"twitter:data2\" content=\"1 minuta\" \/>\n<script type=\"application\/ld+json\" class=\"yoast-schema-graph\">{\"@context\":\"https:\/\/schema.org\",\"@graph\":[{\"@type\":\"WebPage\",\"@id\":\"https:\/\/likemetkovic.hr\/srednja-skola-metkovic-erasmus-projektu-water-unites-us\/\",\"url\":\"https:\/\/likemetkovic.hr\/srednja-skola-metkovic-erasmus-projektu-water-unites-us\/\",\"name\":\"Srednja \u0161kola Metkovi\u0107 u Erasmus+ projektu \u201eWater unites us\u201c\",\"isPartOf\":{\"@id\":\"https:\/\/likemetkovic.hr\/#website\"},\"primaryImageOfPage\":{\"@id\":\"https:\/\/likemetkovic.hr\/srednja-skola-metkovic-erasmus-projektu-water-unites-us\/#primaryimage\"},\"image\":{\"@id\":\"https:\/\/likemetkovic.hr\/srednja-skola-metkovic-erasmus-projektu-water-unites-us\/#primaryimage\"},\"thumbnailUrl\":\"https:\/\/likemetkovic.hr\/portal\/wp-content\/uploads\/2017\/10\/srednja-1.jpg\",\"datePublished\":\"2017-10-02T08:11:37+00:00\",\"author\":{\"@id\":\"https:\/\/likemetkovic.hr\/#\/schema\/person\/a42711f3385a0e2be6f7e0443bfb28f0\"},\"description\":\"Srednja \u0161kola Metkovi\u0107 sudjeluje u interdisciplinarnom\u00a0Erasmus+ projektu \\\"Water unites us\\\"\u00a0u strate\u0161koj suradnji s drugim europskim \u0161kolama.\",\"breadcrumb\":{\"@id\":\"https:\/\/likemetkovic.hr\/srednja-skola-metkovic-erasmus-projektu-water-unites-us\/#breadcrumb\"},\"inLanguage\":\"hr\",\"potentialAction\":[{\"@type\":\"ReadAction\",\"target\":[\"https:\/\/likemetkovic.hr\/srednja-skola-metkovic-erasmus-projektu-water-unites-us\/\"]}]},{\"@type\":\"ImageObject\",\"inLanguage\":\"hr\",\"@id\":\"https:\/\/likemetkovic.hr\/srednja-skola-metkovic-erasmus-projektu-water-unites-us\/#primaryimage\",\"url\":\"https:\/\/likemetkovic.hr\/portal\/wp-content\/uploads\/2017\/10\/srednja-1.jpg\",\"contentUrl\":\"https:\/\/likemetkovic.hr\/portal\/wp-content\/uploads\/2017\/10\/srednja-1.jpg\",\"width\":500,\"height\":375},{\"@type\":\"BreadcrumbList\",\"@id\":\"https:\/\/likemetkovic.hr\/srednja-skola-metkovic-erasmus-projektu-water-unites-us\/#breadcrumb\",\"itemListElement\":[{\"@type\":\"ListItem\",\"position\":1,\"name\":\"Po\u010detna stranica\",\"item\":\"https:\/\/likemetkovic.hr\/portal\/\"},{\"@type\":\"ListItem\",\"position\":2,\"name\":\"Srednja \u0161kola Metkovi\u0107 u Erasmus+ projektu \u201eWater unites us\u201c\"}]},{\"@type\":\"WebSite\",\"@id\":\"https:\/\/likemetkovic.hr\/#website\",\"url\":\"https:\/\/likemetkovic.hr\/\",\"name\":\"likemetkovic.hr\",\"description\":\"Misli pozitivno... \u010ditaj LIKE\",\"potentialAction\":[{\"@type\":\"SearchAction\",\"target\":{\"@type\":\"EntryPoint\",\"urlTemplate\":\"https:\/\/likemetkovic.hr\/?s={search_term_string}\"},\"query-input\":{\"@type\":\"PropertyValueSpecification\",\"valueRequired\":true,\"valueName\":\"search_term_string\"}}],\"inLanguage\":\"hr\"},{\"@type\":\"Person\",\"@id\":\"https:\/\/likemetkovic.hr\/#\/schema\/person\/a42711f3385a0e2be6f7e0443bfb28f0\",\"name\":\"LIKEmetkovic.hr\",\"sameAs\":[\"http:\/\/likemetkovic.hr\"],\"url\":\"https:\/\/likemetkovic.hr\/portal\/author\/likemetkovic-hr\/\"}]}<\/script>\n<!-- \/ Yoast SEO plugin. -->","yoast_head_json":{"title":"Srednja \u0161kola Metkovi\u0107 u Erasmus+ projektu \u201eWater unites us\u201c","description":"Srednja \u0161kola Metkovi\u0107 sudjeluje u interdisciplinarnom\u00a0Erasmus+ projektu \"Water unites us\"\u00a0u strate\u0161koj suradnji s drugim europskim \u0161kolama.","robots":{"index":"index","follow":"follow","max-snippet":"max-snippet:-1","max-image-preview":"max-image-preview:large","max-video-preview":"max-video-preview:-1"},"canonical":"https:\/\/likemetkovic.hr\/srednja-skola-metkovic-erasmus-projektu-water-unites-us\/","og_locale":"hr_HR","og_type":"article","og_title":"Srednja \u0161kola Metkovi\u0107 u Erasmus+ projektu \u201eWater unites us\u201c","og_description":"Srednja \u0161kola Metkovi\u0107 sudjeluje u interdisciplinarnom\u00a0Erasmus+ projektu \"Water unites us\"\u00a0u strate\u0161koj suradnji s drugim europskim \u0161kolama.","og_url":"https:\/\/likemetkovic.hr\/srednja-skola-metkovic-erasmus-projektu-water-unites-us\/","og_site_name":"likemetkovic.hr","article_publisher":"https:\/\/www.facebook.com\/likemetkovic.hr\/","article_published_time":"2017-10-02T08:11:37+00:00","og_image":[{"width":500,"height":375,"url":"https:\/\/likemetkovic.hr\/wp-content\/uploads\/2017\/10\/srednja-1.jpg","type":"image\/jpeg"}],"author":"LIKEmetkovic.hr","twitter_card":"summary_large_image","twitter_misc":{"Napisao\/la":"LIKEmetkovic.hr","Procijenjeno vrijeme \u010ditanja":"1 minuta"},"schema":{"@context":"https:\/\/schema.org","@graph":[{"@type":"WebPage","@id":"https:\/\/likemetkovic.hr\/srednja-skola-metkovic-erasmus-projektu-water-unites-us\/","url":"https:\/\/likemetkovic.hr\/srednja-skola-metkovic-erasmus-projektu-water-unites-us\/","name":"Srednja \u0161kola Metkovi\u0107 u Erasmus+ projektu \u201eWater unites us\u201c","isPartOf":{"@id":"https:\/\/likemetkovic.hr\/#website"},"primaryImageOfPage":{"@id":"https:\/\/likemetkovic.hr\/srednja-skola-metkovic-erasmus-projektu-water-unites-us\/#primaryimage"},"image":{"@id":"https:\/\/likemetkovic.hr\/srednja-skola-metkovic-erasmus-projektu-water-unites-us\/#primaryimage"},"thumbnailUrl":"https:\/\/likemetkovic.hr\/portal\/wp-content\/uploads\/2017\/10\/srednja-1.jpg","datePublished":"2017-10-02T08:11:37+00:00","author":{"@id":"https:\/\/likemetkovic.hr\/#\/schema\/person\/a42711f3385a0e2be6f7e0443bfb28f0"},"description":"Srednja \u0161kola Metkovi\u0107 sudjeluje u interdisciplinarnom\u00a0Erasmus+ projektu \"Water unites us\"\u00a0u strate\u0161koj suradnji s drugim europskim \u0161kolama.","breadcrumb":{"@id":"https:\/\/likemetkovic.hr\/srednja-skola-metkovic-erasmus-projektu-water-unites-us\/#breadcrumb"},"inLanguage":"hr","potentialAction":[{"@type":"ReadAction","target":["https:\/\/likemetkovic.hr\/srednja-skola-metkovic-erasmus-projektu-water-unites-us\/"]}]},{"@type":"ImageObject","inLanguage":"hr","@id":"https:\/\/likemetkovic.hr\/srednja-skola-metkovic-erasmus-projektu-water-unites-us\/#primaryimage","url":"https:\/\/likemetkovic.hr\/portal\/wp-content\/uploads\/2017\/10\/srednja-1.jpg","contentUrl":"https:\/\/likemetkovic.hr\/portal\/wp-content\/uploads\/2017\/10\/srednja-1.jpg","width":500,"height":375},{"@type":"BreadcrumbList","@id":"https:\/\/likemetkovic.hr\/srednja-skola-metkovic-erasmus-projektu-water-unites-us\/#breadcrumb","itemListElement":[{"@type":"ListItem","position":1,"name":"Po\u010detna stranica","item":"https:\/\/likemetkovic.hr\/portal\/"},{"@type":"ListItem","position":2,"name":"Srednja \u0161kola Metkovi\u0107 u Erasmus+ projektu \u201eWater unites us\u201c"}]},{"@type":"WebSite","@id":"https:\/\/likemetkovic.hr\/#website","url":"https:\/\/likemetkovic.hr\/","name":"likemetkovic.hr","description":"Misli pozitivno... \u010ditaj LIKE","potentialAction":[{"@type":"SearchAction","target":{"@type":"EntryPoint","urlTemplate":"https:\/\/likemetkovic.hr\/?s={search_term_string}"},"query-input":{"@type":"PropertyValueSpecification","valueRequired":true,"valueName":"search_term_string"}}],"inLanguage":"hr"},{"@type":"Person","@id":"https:\/\/likemetkovic.hr\/#\/schema\/person\/a42711f3385a0e2be6f7e0443bfb28f0","name":"LIKEmetkovic.hr","sameAs":["http:\/\/likemetkovic.hr"],"url":"https:\/\/likemetkovic.hr\/portal\/author\/likemetkovic-hr\/"}]}},"_links":{"self":[{"href":"https:\/\/likemetkovic.hr\/portal\/wp-json\/wp\/v2\/posts\/47650","targetHints":{"allow":["GET"]}}],"collection":[{"href":"https:\/\/likemetkovic.hr\/portal\/wp-json\/wp\/v2\/posts"}],"about":[{"href":"https:\/\/likemetkovic.hr\/portal\/wp-json\/wp\/v2\/types\/post"}],"author":[{"embeddable":true,"href":"https:\/\/likemetkovic.hr\/portal\/wp-json\/wp\/v2\/users\/7"}],"replies":[{"embeddable":true,"href":"https:\/\/likemetkovic.hr\/portal\/wp-json\/wp\/v2\/comments?post=47650"}],"version-history":[{"count":0,"href":"https:\/\/likemetkovic.hr\/portal\/wp-json\/wp\/v2\/posts\/47650\/revisions"}],"wp:featuredmedia":[{"embeddable":true,"href":"https:\/\/likemetkovic.hr\/portal\/wp-json\/wp\/v2\/media\/47653"}],"wp:attachment":[{"href":"https:\/\/likemetkovic.hr\/portal\/wp-json\/wp\/v2\/media?parent=47650"}],"wp:term":[{"taxonomy":"category","embeddable":true,"href":"https:\/\/likemetkovic.hr\/portal\/wp-json\/wp\/v2\/categories?post=47650"},{"taxonomy":"post_tag","embeddable":true,"href":"https:\/\/likemetkovic.hr\/portal\/wp-json\/wp\/v2\/tags?post=47650"}],"curies":[{"name":"wp","href":"https:\/\/api.w.org\/{rel}","templated":true}]}}