{"id":47805,"date":"2017-10-06T14:36:16","date_gmt":"2017-10-06T12:36:16","guid":{"rendered":"http:\/\/likemetkovic.hr\/?p=47805"},"modified":"2017-10-06T18:58:42","modified_gmt":"2017-10-06T16:58:42","slug":"netko-je-ovdje-rekao-dosta-a-meni-se-cini-da-je-to-most","status":"publish","type":"post","link":"https:\/\/likemetkovic.hr\/portal\/netko-je-ovdje-rekao-dosta-a-meni-se-cini-da-je-to-most\/","title":{"rendered":"HTV Otvoreno: Netko je ovdje rekao &#8216;Dosta!&#8217;, a meni se \u010dini da je to Most"},"content":{"rendered":"<p>&#8211; <em>To je jedna slika bolesne dr\u017eavne ekonomije. G. Todori\u0107 je godinama dolazio u dr\u017eavu&#8230; i rekao &#8220;<\/em><em>Meni sada treba ne\u0161to!&#8221;<\/em><em>&#8230;sada smo slu\u0161ali da je do\u0161ao u<\/em><em> Vladu i tra\u017eio 2-3 milijarde kuna. Ova vlast je prva koju on nije na neki na\u010din obradio. Todori\u0107 ju nije stigao zadu\u017eiti i <strong>netko je ovdje rekao\u00a0<\/strong><\/em><em><strong>&#8220;Dosta!&#8221;,\u00a0<\/strong><\/em><em><strong>\u00a0a meni se \u010dini da je to MOST&#8230;<\/strong>\u00a0peak dionice dose\u017eu u prolje\u0107e 2018. Taj se balon mogao natezati do tada i tada bi prsnuo. MOST je prvi upozorio na to, ali ova Vlada pokazuje da se uhvatila u ko\u0161tac sa krizom i naprosto uzela uzde u ruke i za sada kormilari s tim. Dakle, ona je vratila povjerenje ulaga\u010da bar privremeno&#8230;<\/em> &#8211; rekao je sino\u0107 <strong>Berislav Jelini\u0107<\/strong> u HRT-ovoj emisiji\u00a0<em>Otvoreno <\/em>koja se bavila krizom u Agrokoru nakon \u0161to je objavljeno financijsko izvije\u0161\u0107e.<\/p>\n<p>Kriza u Agrokoru poprima epske razmjere po hrvatsko gospodarstvo. Revizorski financijski izvje\u0161taji koji su ju\u010der objavljeni ukazuju na friziranje financijskih podataka i krivo iskazanu vrijednosti Koncerna za 13 milijardi kuna.\u00a0Sada u zraku visi pitanje: Tko je krivo knji\u017eio u Agrokoru?<\/p>\n<p>Odgovor na to pitanje trebao bi dati DORH koji je u\u0161ao u kompaniju nakon kaznene prijave protiv Todori\u0107a i Uprave Agrokora koju je podnio Bo\u017eo\u00a0Petrov prije pola godine.<\/p>\n<p>U prilog istrazi ide i izgledno kona\u010dno rje\u0161enje o osnivanju istra\u017enog saborskog Povjerenstva\u00a0za Agrokor. Tako barem izjavljuju \u010delni ljudi vode\u0107ih hrvatskih stranaka.<\/p>\n<p>Bilo kako bilo, o\u010dito da problem Agrokora se\u017ee vrlo duboko u pro\u0161lost i da postoje poprili\u010dni otpori poku\u0161ajima rasvjetljavanja slu\u010daja Agrokor.<\/p>\n<div class=\"youtube-embed\" data-video_id=\"vZ1VBHfbXkQ\"><iframe title=\"Berislav Jelini\u0107 u Otvorenom govorio o ulozi Mosta u temi Agrokor\" width=\"696\" height=\"392\" src=\"https:\/\/www.youtube.com\/embed\/vZ1VBHfbXkQ?feature=oembed&#038;enablejsapi=1\" frameborder=\"0\" allow=\"accelerometer; autoplay; encrypted-media; gyroscope; picture-in-picture\" allowfullscreen><\/iframe><\/div>\n<p>&nbsp;<\/p>\n","protected":false},"excerpt":{"rendered":"<p>&#8211; To je jedna slika bolesne dr\u017eavne ekonomije. G. Todori\u0107 je godinama dolazio u dr\u017eavu&#8230; i rekao &#8220;Meni sada treba ne\u0161to!&#8221;&#8230;sada smo slu\u0161ali da je do\u0161ao u Vladu i tra\u017eio 2-3 milijarde kuna. Ova vlast je prva koju on nije na neki na\u010din obradio. Todori\u0107 ju nije stigao zadu\u017eiti i netko je ovdje rekao\u00a0&#8220;Dosta!&#8221;,\u00a0\u00a0a meni [&hellip;]<\/p>\n","protected":false},"author":7,"featured_media":47806,"comment_status":"open","ping_status":"open","sticky":false,"template":"","format":"standard","meta":{"footnotes":""},"categories":[296,290],"tags":[529,1541,429,793],"class_list":{"0":"post-47805","1":"post","2":"type-post","3":"status-publish","4":"format-standard","5":"has-post-thumbnail","7":"category-ab","8":"category-politika","9":"tag-agrokor","10":"tag-berislav-jelinic","11":"tag-bozo-petrov","12":"tag-most-nl"},"yoast_head":"<!-- This site is optimized with the Yoast SEO plugin v25.2 - https:\/\/yoast.com\/wordpress\/plugins\/seo\/ -->\n<title>HTV Otvoreno: Netko je ovdje rekao dosta, a meni se \u010dini da je to Most<\/title>\n<meta name=\"description\" content=\"Slu\u010daj Agrokor je jedna slika bolesne dr\u017eavne ekonomije. G. Todori\u0107 je godinama dolazio u dr\u017eavu i rekao &#039;Meni sada treba ne\u0161to!&#039;... netko je rekao &#039;Dosta&#039;!\" \/>\n<meta name=\"robots\" content=\"index, follow, max-snippet:-1, max-image-preview:large, max-video-preview:-1\" \/>\n<link rel=\"canonical\" href=\"https:\/\/likemetkovic.hr\/netko-je-ovdje-rekao-dosta-a-meni-se-cini-da-je-to-most\/\" \/>\n<meta property=\"og:locale\" content=\"hr_HR\" \/>\n<meta property=\"og:type\" content=\"article\" \/>\n<meta property=\"og:title\" content=\"HTV Otvoreno: Netko je ovdje rekao dosta, a meni se \u010dini da je to Most\" \/>\n<meta property=\"og:description\" content=\"Slu\u010daj Agrokor je jedna slika bolesne dr\u017eavne ekonomije. G. Todori\u0107 je godinama dolazio u dr\u017eavu i rekao &#039;Meni sada treba ne\u0161to!&#039;... netko je rekao &#039;Dosta&#039;!\" \/>\n<meta property=\"og:url\" content=\"https:\/\/likemetkovic.hr\/netko-je-ovdje-rekao-dosta-a-meni-se-cini-da-je-to-most\/\" \/>\n<meta property=\"og:site_name\" content=\"likemetkovic.hr\" \/>\n<meta property=\"article:publisher\" content=\"https:\/\/www.facebook.com\/likemetkovic.hr\/\" \/>\n<meta property=\"article:published_time\" content=\"2017-10-06T12:36:16+00:00\" \/>\n<meta property=\"article:modified_time\" content=\"2017-10-06T16:58:42+00:00\" \/>\n<meta property=\"og:image\" content=\"https:\/\/likemetkovic.hr\/wp-content\/uploads\/2017\/10\/Agrokor-zgrada.jpg\" \/>\n\t<meta property=\"og:image:width\" content=\"780\" \/>\n\t<meta property=\"og:image:height\" content=\"462\" \/>\n\t<meta property=\"og:image:type\" content=\"image\/jpeg\" \/>\n<meta name=\"author\" content=\"LIKEmetkovic.hr\" \/>\n<meta name=\"twitter:card\" content=\"summary_large_image\" \/>\n<meta name=\"twitter:label1\" content=\"Napisao\/la\" \/>\n\t<meta name=\"twitter:data1\" content=\"LIKEmetkovic.hr\" \/>\n\t<meta name=\"twitter:label2\" content=\"Procijenjeno vrijeme \u010ditanja\" \/>\n\t<meta name=\"twitter:data2\" content=\"1 minuta\" \/>\n<script type=\"application\/ld+json\" class=\"yoast-schema-graph\">{\"@context\":\"https:\/\/schema.org\",\"@graph\":[{\"@type\":\"WebPage\",\"@id\":\"https:\/\/likemetkovic.hr\/netko-je-ovdje-rekao-dosta-a-meni-se-cini-da-je-to-most\/\",\"url\":\"https:\/\/likemetkovic.hr\/netko-je-ovdje-rekao-dosta-a-meni-se-cini-da-je-to-most\/\",\"name\":\"HTV Otvoreno: Netko je ovdje rekao dosta, a meni se \u010dini da je to Most\",\"isPartOf\":{\"@id\":\"https:\/\/likemetkovic.hr\/#website\"},\"primaryImageOfPage\":{\"@id\":\"https:\/\/likemetkovic.hr\/netko-je-ovdje-rekao-dosta-a-meni-se-cini-da-je-to-most\/#primaryimage\"},\"image\":{\"@id\":\"https:\/\/likemetkovic.hr\/netko-je-ovdje-rekao-dosta-a-meni-se-cini-da-je-to-most\/#primaryimage\"},\"thumbnailUrl\":\"https:\/\/likemetkovic.hr\/portal\/wp-content\/uploads\/2017\/10\/Agrokor-zgrada.jpg\",\"datePublished\":\"2017-10-06T12:36:16+00:00\",\"dateModified\":\"2017-10-06T16:58:42+00:00\",\"author\":{\"@id\":\"https:\/\/likemetkovic.hr\/#\/schema\/person\/a42711f3385a0e2be6f7e0443bfb28f0\"},\"description\":\"Slu\u010daj Agrokor je jedna slika bolesne dr\u017eavne ekonomije. G. Todori\u0107 je godinama dolazio u dr\u017eavu i rekao 'Meni sada treba ne\u0161to!'... netko je rekao 'Dosta'!\",\"breadcrumb\":{\"@id\":\"https:\/\/likemetkovic.hr\/netko-je-ovdje-rekao-dosta-a-meni-se-cini-da-je-to-most\/#breadcrumb\"},\"inLanguage\":\"hr\",\"potentialAction\":[{\"@type\":\"ReadAction\",\"target\":[\"https:\/\/likemetkovic.hr\/netko-je-ovdje-rekao-dosta-a-meni-se-cini-da-je-to-most\/\"]}]},{\"@type\":\"ImageObject\",\"inLanguage\":\"hr\",\"@id\":\"https:\/\/likemetkovic.hr\/netko-je-ovdje-rekao-dosta-a-meni-se-cini-da-je-to-most\/#primaryimage\",\"url\":\"https:\/\/likemetkovic.hr\/portal\/wp-content\/uploads\/2017\/10\/Agrokor-zgrada.jpg\",\"contentUrl\":\"https:\/\/likemetkovic.hr\/portal\/wp-content\/uploads\/2017\/10\/Agrokor-zgrada.jpg\",\"width\":780,\"height\":462},{\"@type\":\"BreadcrumbList\",\"@id\":\"https:\/\/likemetkovic.hr\/netko-je-ovdje-rekao-dosta-a-meni-se-cini-da-je-to-most\/#breadcrumb\",\"itemListElement\":[{\"@type\":\"ListItem\",\"position\":1,\"name\":\"Po\u010detna stranica\",\"item\":\"https:\/\/likemetkovic.hr\/portal\/\"},{\"@type\":\"ListItem\",\"position\":2,\"name\":\"HTV Otvoreno: Netko je ovdje rekao &#8216;Dosta!&#8217;, a meni se \u010dini da je to Most\"}]},{\"@type\":\"WebSite\",\"@id\":\"https:\/\/likemetkovic.hr\/#website\",\"url\":\"https:\/\/likemetkovic.hr\/\",\"name\":\"likemetkovic.hr\",\"description\":\"Misli pozitivno... \u010ditaj LIKE\",\"potentialAction\":[{\"@type\":\"SearchAction\",\"target\":{\"@type\":\"EntryPoint\",\"urlTemplate\":\"https:\/\/likemetkovic.hr\/?s={search_term_string}\"},\"query-input\":{\"@type\":\"PropertyValueSpecification\",\"valueRequired\":true,\"valueName\":\"search_term_string\"}}],\"inLanguage\":\"hr\"},{\"@type\":\"Person\",\"@id\":\"https:\/\/likemetkovic.hr\/#\/schema\/person\/a42711f3385a0e2be6f7e0443bfb28f0\",\"name\":\"LIKEmetkovic.hr\",\"sameAs\":[\"http:\/\/likemetkovic.hr\"],\"url\":\"https:\/\/likemetkovic.hr\/portal\/author\/likemetkovic-hr\/\"}]}<\/script>\n<!-- \/ Yoast SEO plugin. -->","yoast_head_json":{"title":"HTV Otvoreno: Netko je ovdje rekao dosta, a meni se \u010dini da je to Most","description":"Slu\u010daj Agrokor je jedna slika bolesne dr\u017eavne ekonomije. G. Todori\u0107 je godinama dolazio u dr\u017eavu i rekao 'Meni sada treba ne\u0161to!'... netko je rekao 'Dosta'!","robots":{"index":"index","follow":"follow","max-snippet":"max-snippet:-1","max-image-preview":"max-image-preview:large","max-video-preview":"max-video-preview:-1"},"canonical":"https:\/\/likemetkovic.hr\/netko-je-ovdje-rekao-dosta-a-meni-se-cini-da-je-to-most\/","og_locale":"hr_HR","og_type":"article","og_title":"HTV Otvoreno: Netko je ovdje rekao dosta, a meni se \u010dini da je to Most","og_description":"Slu\u010daj Agrokor je jedna slika bolesne dr\u017eavne ekonomije. G. Todori\u0107 je godinama dolazio u dr\u017eavu i rekao 'Meni sada treba ne\u0161to!'... netko je rekao 'Dosta'!","og_url":"https:\/\/likemetkovic.hr\/netko-je-ovdje-rekao-dosta-a-meni-se-cini-da-je-to-most\/","og_site_name":"likemetkovic.hr","article_publisher":"https:\/\/www.facebook.com\/likemetkovic.hr\/","article_published_time":"2017-10-06T12:36:16+00:00","article_modified_time":"2017-10-06T16:58:42+00:00","og_image":[{"width":780,"height":462,"url":"https:\/\/likemetkovic.hr\/wp-content\/uploads\/2017\/10\/Agrokor-zgrada.jpg","type":"image\/jpeg"}],"author":"LIKEmetkovic.hr","twitter_card":"summary_large_image","twitter_misc":{"Napisao\/la":"LIKEmetkovic.hr","Procijenjeno vrijeme \u010ditanja":"1 minuta"},"schema":{"@context":"https:\/\/schema.org","@graph":[{"@type":"WebPage","@id":"https:\/\/likemetkovic.hr\/netko-je-ovdje-rekao-dosta-a-meni-se-cini-da-je-to-most\/","url":"https:\/\/likemetkovic.hr\/netko-je-ovdje-rekao-dosta-a-meni-se-cini-da-je-to-most\/","name":"HTV Otvoreno: Netko je ovdje rekao dosta, a meni se \u010dini da je to Most","isPartOf":{"@id":"https:\/\/likemetkovic.hr\/#website"},"primaryImageOfPage":{"@id":"https:\/\/likemetkovic.hr\/netko-je-ovdje-rekao-dosta-a-meni-se-cini-da-je-to-most\/#primaryimage"},"image":{"@id":"https:\/\/likemetkovic.hr\/netko-je-ovdje-rekao-dosta-a-meni-se-cini-da-je-to-most\/#primaryimage"},"thumbnailUrl":"https:\/\/likemetkovic.hr\/portal\/wp-content\/uploads\/2017\/10\/Agrokor-zgrada.jpg","datePublished":"2017-10-06T12:36:16+00:00","dateModified":"2017-10-06T16:58:42+00:00","author":{"@id":"https:\/\/likemetkovic.hr\/#\/schema\/person\/a42711f3385a0e2be6f7e0443bfb28f0"},"description":"Slu\u010daj Agrokor je jedna slika bolesne dr\u017eavne ekonomije. G. Todori\u0107 je godinama dolazio u dr\u017eavu i rekao 'Meni sada treba ne\u0161to!'... netko je rekao 'Dosta'!","breadcrumb":{"@id":"https:\/\/likemetkovic.hr\/netko-je-ovdje-rekao-dosta-a-meni-se-cini-da-je-to-most\/#breadcrumb"},"inLanguage":"hr","potentialAction":[{"@type":"ReadAction","target":["https:\/\/likemetkovic.hr\/netko-je-ovdje-rekao-dosta-a-meni-se-cini-da-je-to-most\/"]}]},{"@type":"ImageObject","inLanguage":"hr","@id":"https:\/\/likemetkovic.hr\/netko-je-ovdje-rekao-dosta-a-meni-se-cini-da-je-to-most\/#primaryimage","url":"https:\/\/likemetkovic.hr\/portal\/wp-content\/uploads\/2017\/10\/Agrokor-zgrada.jpg","contentUrl":"https:\/\/likemetkovic.hr\/portal\/wp-content\/uploads\/2017\/10\/Agrokor-zgrada.jpg","width":780,"height":462},{"@type":"BreadcrumbList","@id":"https:\/\/likemetkovic.hr\/netko-je-ovdje-rekao-dosta-a-meni-se-cini-da-je-to-most\/#breadcrumb","itemListElement":[{"@type":"ListItem","position":1,"name":"Po\u010detna stranica","item":"https:\/\/likemetkovic.hr\/portal\/"},{"@type":"ListItem","position":2,"name":"HTV Otvoreno: Netko je ovdje rekao &#8216;Dosta!&#8217;, a meni se \u010dini da je to Most"}]},{"@type":"WebSite","@id":"https:\/\/likemetkovic.hr\/#website","url":"https:\/\/likemetkovic.hr\/","name":"likemetkovic.hr","description":"Misli pozitivno... \u010ditaj LIKE","potentialAction":[{"@type":"SearchAction","target":{"@type":"EntryPoint","urlTemplate":"https:\/\/likemetkovic.hr\/?s={search_term_string}"},"query-input":{"@type":"PropertyValueSpecification","valueRequired":true,"valueName":"search_term_string"}}],"inLanguage":"hr"},{"@type":"Person","@id":"https:\/\/likemetkovic.hr\/#\/schema\/person\/a42711f3385a0e2be6f7e0443bfb28f0","name":"LIKEmetkovic.hr","sameAs":["http:\/\/likemetkovic.hr"],"url":"https:\/\/likemetkovic.hr\/portal\/author\/likemetkovic-hr\/"}]}},"_links":{"self":[{"href":"https:\/\/likemetkovic.hr\/portal\/wp-json\/wp\/v2\/posts\/47805","targetHints":{"allow":["GET"]}}],"collection":[{"href":"https:\/\/likemetkovic.hr\/portal\/wp-json\/wp\/v2\/posts"}],"about":[{"href":"https:\/\/likemetkovic.hr\/portal\/wp-json\/wp\/v2\/types\/post"}],"author":[{"embeddable":true,"href":"https:\/\/likemetkovic.hr\/portal\/wp-json\/wp\/v2\/users\/7"}],"replies":[{"embeddable":true,"href":"https:\/\/likemetkovic.hr\/portal\/wp-json\/wp\/v2\/comments?post=47805"}],"version-history":[{"count":0,"href":"https:\/\/likemetkovic.hr\/portal\/wp-json\/wp\/v2\/posts\/47805\/revisions"}],"wp:featuredmedia":[{"embeddable":true,"href":"https:\/\/likemetkovic.hr\/portal\/wp-json\/wp\/v2\/media\/47806"}],"wp:attachment":[{"href":"https:\/\/likemetkovic.hr\/portal\/wp-json\/wp\/v2\/media?parent=47805"}],"wp:term":[{"taxonomy":"category","embeddable":true,"href":"https:\/\/likemetkovic.hr\/portal\/wp-json\/wp\/v2\/categories?post=47805"},{"taxonomy":"post_tag","embeddable":true,"href":"https:\/\/likemetkovic.hr\/portal\/wp-json\/wp\/v2\/tags?post=47805"}],"curies":[{"name":"wp","href":"https:\/\/api.w.org\/{rel}","templated":true}]}}