{"id":47916,"date":"2017-10-10T06:38:20","date_gmt":"2017-10-10T04:38:20","guid":{"rendered":"http:\/\/likemetkovic.hr\/?p=47916"},"modified":"2017-10-10T06:43:41","modified_gmt":"2017-10-10T04:43:41","slug":"10-godina-meteroloske-postaje-vidu","status":"publish","type":"post","link":"https:\/\/likemetkovic.hr\/portal\/10-godina-meteroloske-postaje-vidu\/","title":{"rendered":"10. godina meterolo\u0161ke postaje u Vidu"},"content":{"rendered":"<p>Uz mnoge obljetnice ove godine navr\u0161ila se i deseta obljetnica od po\u010detka rada meteorolo\u0161ke postaje Vid.\u00a0<a href=\"http:\/\/www.vidonjac.com\/foto\/postaja\/index.html\"> 8. listopada 2007.\u00a0<\/a>u suradnji s Crometeo udrugom , mjesnim odborom Vid, te gradom Metkovi\u0107em u Vid je postavljena automatska meteorolo\u0161ka postaja koja je u to vrijeme bila prva takva u na\u0161oj \u017eupaniji, pi\u0161e <a href=\"http:\/\/www.vidonjac.com\/vid\/10-godina-meteoroloske-postaje.html\">vidonjac.com<\/a>.<\/p>\n<p>Postaja izmjerne vrijednosti \u0161alje na ra\u010dunalo koje putem posebnog softwera obra\u0111uje podatke i \u0161alje na internet. Meteorolo\u0161ki podaci iz Vida dostupni su svakih 5 minuta putem ra\u010dunala i mobitela gdje god se nalazili. Dovoljno je da posjetite web stranice\u00a0<a href=\"http:\/\/www.vid.hr\/\">vid.hr<\/a>,\u00a0<a href=\"http:\/\/www.vidonjac.com\/\">vidonjac.com<\/a>,\u00a0<a href=\"http:\/\/www.metkovic.hr\/\">metkovic.hr<\/a>,\u00a0<a href=\"http:\/\/pljusak.com\/vid\/wx.htm\">pljusak.com<\/a>\u00a0ili\u00a0<a href=\"https:\/\/www.awekas.at\/en\/instrument.php?id=8780\">awekas.at<\/a>\u00a0i metorolo\u0161ke podatke iz Vida imate kao na dlanu.<\/p>\n<p>U ovih 10 godina zanimanje za meteorologiju i postavljanje metorolo\u0161kih postaja u na\u0161oj \u017eupaniji jo\u0161 uvijek je jako maleno, dijelom zbog neznanja a dijelom i zbog financiskih sredstava do kojih je vrlo te\u0161ko do\u0107i. Svijetli primjer suradnje bila je biv\u0161a gradska vlast (MOST) na \u010delu s gradona\u010delnicom Katarinom Ujdur koja je u suradnji s gradskim firmama izdvojila financiska sredstva za kupnju nove i kvalitetnije postaje s kojom \u0107e mjerenja imati minimalna odstupanja u odnosu na ona slu\u017ebena.Postaja \u0107e biti naru\u010dena u Nizozemskoj, realizacija cijelog projekta trebala bi biti zavr\u0161ena do sredine sljede\u0107eg mjeseca.<\/p>\n<p><em>Ovim putem zahvaljujem se biv\u0161oj gradskoj upravi na \u010delu s gradona\u010delnicom Katarinom Ujdur, g\u0111i Danijeli Ke\u0161ini, udruzi Crometeo kao i HS\u0160KD Narona<\/em>, poru\u010duju operateri meterolo\u0161ke postaje Vid.<\/p>\n","protected":false},"excerpt":{"rendered":"<p>Uz mnoge obljetnice ove godine navr\u0161ila se i deseta obljetnica od po\u010detka rada meteorolo\u0161ke postaje Vid.\u00a0 8. listopada 2007.\u00a0u suradnji s Crometeo udrugom , mjesnim odborom Vid, te gradom Metkovi\u0107em u Vid je postavljena automatska meteorolo\u0161ka postaja koja je u to vrijeme bila prva takva u na\u0161oj \u017eupaniji, pi\u0161e vidonjac.com. Postaja izmjerne vrijednosti \u0161alje na [&hellip;]<\/p>\n","protected":false},"author":7,"featured_media":47917,"comment_status":"open","ping_status":"open","sticky":false,"template":"","format":"standard","meta":{"footnotes":""},"categories":[283,11],"tags":[1573,1572,440],"class_list":{"0":"post-47916","1":"post","2":"type-post","3":"status-publish","4":"format-standard","5":"has-post-thumbnail","7":"category-a","8":"category-metkovic-dolina","9":"tag-crometeo","10":"tag-meteroloska-postaja","11":"tag-vid"},"yoast_head":"<!-- This site is optimized with the Yoast SEO plugin v25.2 - https:\/\/yoast.com\/wordpress\/plugins\/seo\/ -->\n<title>10. godina meterolo\u0161ke postaje u Vidu - likemetkovic.hr<\/title>\n<meta name=\"description\" content=\"U Vidu je 8. listopada 2007.\u00a0u suradnji s Crometeo udrugom , MO Vid, te gradom Metkovi\u0107em postavljena automatska meteorolo\u0161ka postaja, prva takva u \u017eupaniji\" \/>\n<meta name=\"robots\" content=\"index, follow, max-snippet:-1, max-image-preview:large, max-video-preview:-1\" \/>\n<link rel=\"canonical\" href=\"https:\/\/likemetkovic.hr\/10-godina-meteroloske-postaje-vidu\/\" \/>\n<meta property=\"og:locale\" content=\"hr_HR\" \/>\n<meta property=\"og:type\" content=\"article\" \/>\n<meta property=\"og:title\" content=\"10. godina meterolo\u0161ke postaje u Vidu - likemetkovic.hr\" \/>\n<meta property=\"og:description\" content=\"U Vidu je 8. listopada 2007.\u00a0u suradnji s Crometeo udrugom , MO Vid, te gradom Metkovi\u0107em postavljena automatska meteorolo\u0161ka postaja, prva takva u \u017eupaniji\" \/>\n<meta property=\"og:url\" content=\"https:\/\/likemetkovic.hr\/10-godina-meteroloske-postaje-vidu\/\" \/>\n<meta property=\"og:site_name\" content=\"likemetkovic.hr\" \/>\n<meta property=\"article:publisher\" content=\"https:\/\/www.facebook.com\/likemetkovic.hr\/\" \/>\n<meta property=\"article:published_time\" content=\"2017-10-10T04:38:20+00:00\" \/>\n<meta property=\"article:modified_time\" content=\"2017-10-10T04:43:41+00:00\" \/>\n<meta property=\"og:image\" content=\"https:\/\/likemetkovic.hr\/wp-content\/uploads\/2017\/10\/Anemometar-1.jpg\" \/>\n\t<meta property=\"og:image:width\" content=\"642\" \/>\n\t<meta property=\"og:image:height\" content=\"481\" \/>\n\t<meta property=\"og:image:type\" content=\"image\/jpeg\" \/>\n<meta name=\"author\" content=\"LIKEmetkovic.hr\" \/>\n<meta name=\"twitter:card\" content=\"summary_large_image\" \/>\n<meta name=\"twitter:label1\" content=\"Napisao\/la\" \/>\n\t<meta name=\"twitter:data1\" content=\"LIKEmetkovic.hr\" \/>\n\t<meta name=\"twitter:label2\" content=\"Procijenjeno vrijeme \u010ditanja\" \/>\n\t<meta name=\"twitter:data2\" content=\"1 minuta\" \/>\n<script type=\"application\/ld+json\" class=\"yoast-schema-graph\">{\"@context\":\"https:\/\/schema.org\",\"@graph\":[{\"@type\":\"WebPage\",\"@id\":\"https:\/\/likemetkovic.hr\/10-godina-meteroloske-postaje-vidu\/\",\"url\":\"https:\/\/likemetkovic.hr\/10-godina-meteroloske-postaje-vidu\/\",\"name\":\"10. godina meterolo\u0161ke postaje u Vidu - likemetkovic.hr\",\"isPartOf\":{\"@id\":\"https:\/\/likemetkovic.hr\/#website\"},\"primaryImageOfPage\":{\"@id\":\"https:\/\/likemetkovic.hr\/10-godina-meteroloske-postaje-vidu\/#primaryimage\"},\"image\":{\"@id\":\"https:\/\/likemetkovic.hr\/10-godina-meteroloske-postaje-vidu\/#primaryimage\"},\"thumbnailUrl\":\"https:\/\/likemetkovic.hr\/portal\/wp-content\/uploads\/2017\/10\/Anemometar-1.jpg\",\"datePublished\":\"2017-10-10T04:38:20+00:00\",\"dateModified\":\"2017-10-10T04:43:41+00:00\",\"author\":{\"@id\":\"https:\/\/likemetkovic.hr\/#\/schema\/person\/a42711f3385a0e2be6f7e0443bfb28f0\"},\"description\":\"U Vidu je 8. listopada 2007.\u00a0u suradnji s Crometeo udrugom , MO Vid, te gradom Metkovi\u0107em postavljena automatska meteorolo\u0161ka postaja, prva takva u \u017eupaniji\",\"breadcrumb\":{\"@id\":\"https:\/\/likemetkovic.hr\/10-godina-meteroloske-postaje-vidu\/#breadcrumb\"},\"inLanguage\":\"hr\",\"potentialAction\":[{\"@type\":\"ReadAction\",\"target\":[\"https:\/\/likemetkovic.hr\/10-godina-meteroloske-postaje-vidu\/\"]}]},{\"@type\":\"ImageObject\",\"inLanguage\":\"hr\",\"@id\":\"https:\/\/likemetkovic.hr\/10-godina-meteroloske-postaje-vidu\/#primaryimage\",\"url\":\"https:\/\/likemetkovic.hr\/portal\/wp-content\/uploads\/2017\/10\/Anemometar-1.jpg\",\"contentUrl\":\"https:\/\/likemetkovic.hr\/portal\/wp-content\/uploads\/2017\/10\/Anemometar-1.jpg\",\"width\":642,\"height\":481},{\"@type\":\"BreadcrumbList\",\"@id\":\"https:\/\/likemetkovic.hr\/10-godina-meteroloske-postaje-vidu\/#breadcrumb\",\"itemListElement\":[{\"@type\":\"ListItem\",\"position\":1,\"name\":\"Po\u010detna stranica\",\"item\":\"https:\/\/likemetkovic.hr\/portal\/\"},{\"@type\":\"ListItem\",\"position\":2,\"name\":\"10. godina meterolo\u0161ke postaje u Vidu\"}]},{\"@type\":\"WebSite\",\"@id\":\"https:\/\/likemetkovic.hr\/#website\",\"url\":\"https:\/\/likemetkovic.hr\/\",\"name\":\"likemetkovic.hr\",\"description\":\"Misli pozitivno... \u010ditaj LIKE\",\"potentialAction\":[{\"@type\":\"SearchAction\",\"target\":{\"@type\":\"EntryPoint\",\"urlTemplate\":\"https:\/\/likemetkovic.hr\/?s={search_term_string}\"},\"query-input\":{\"@type\":\"PropertyValueSpecification\",\"valueRequired\":true,\"valueName\":\"search_term_string\"}}],\"inLanguage\":\"hr\"},{\"@type\":\"Person\",\"@id\":\"https:\/\/likemetkovic.hr\/#\/schema\/person\/a42711f3385a0e2be6f7e0443bfb28f0\",\"name\":\"LIKEmetkovic.hr\",\"sameAs\":[\"http:\/\/likemetkovic.hr\"],\"url\":\"https:\/\/likemetkovic.hr\/portal\/author\/likemetkovic-hr\/\"}]}<\/script>\n<!-- \/ Yoast SEO plugin. -->","yoast_head_json":{"title":"10. godina meterolo\u0161ke postaje u Vidu - likemetkovic.hr","description":"U Vidu je 8. listopada 2007.\u00a0u suradnji s Crometeo udrugom , MO Vid, te gradom Metkovi\u0107em postavljena automatska meteorolo\u0161ka postaja, prva takva u \u017eupaniji","robots":{"index":"index","follow":"follow","max-snippet":"max-snippet:-1","max-image-preview":"max-image-preview:large","max-video-preview":"max-video-preview:-1"},"canonical":"https:\/\/likemetkovic.hr\/10-godina-meteroloske-postaje-vidu\/","og_locale":"hr_HR","og_type":"article","og_title":"10. godina meterolo\u0161ke postaje u Vidu - likemetkovic.hr","og_description":"U Vidu je 8. listopada 2007.\u00a0u suradnji s Crometeo udrugom , MO Vid, te gradom Metkovi\u0107em postavljena automatska meteorolo\u0161ka postaja, prva takva u \u017eupaniji","og_url":"https:\/\/likemetkovic.hr\/10-godina-meteroloske-postaje-vidu\/","og_site_name":"likemetkovic.hr","article_publisher":"https:\/\/www.facebook.com\/likemetkovic.hr\/","article_published_time":"2017-10-10T04:38:20+00:00","article_modified_time":"2017-10-10T04:43:41+00:00","og_image":[{"width":642,"height":481,"url":"https:\/\/likemetkovic.hr\/wp-content\/uploads\/2017\/10\/Anemometar-1.jpg","type":"image\/jpeg"}],"author":"LIKEmetkovic.hr","twitter_card":"summary_large_image","twitter_misc":{"Napisao\/la":"LIKEmetkovic.hr","Procijenjeno vrijeme \u010ditanja":"1 minuta"},"schema":{"@context":"https:\/\/schema.org","@graph":[{"@type":"WebPage","@id":"https:\/\/likemetkovic.hr\/10-godina-meteroloske-postaje-vidu\/","url":"https:\/\/likemetkovic.hr\/10-godina-meteroloske-postaje-vidu\/","name":"10. godina meterolo\u0161ke postaje u Vidu - likemetkovic.hr","isPartOf":{"@id":"https:\/\/likemetkovic.hr\/#website"},"primaryImageOfPage":{"@id":"https:\/\/likemetkovic.hr\/10-godina-meteroloske-postaje-vidu\/#primaryimage"},"image":{"@id":"https:\/\/likemetkovic.hr\/10-godina-meteroloske-postaje-vidu\/#primaryimage"},"thumbnailUrl":"https:\/\/likemetkovic.hr\/portal\/wp-content\/uploads\/2017\/10\/Anemometar-1.jpg","datePublished":"2017-10-10T04:38:20+00:00","dateModified":"2017-10-10T04:43:41+00:00","author":{"@id":"https:\/\/likemetkovic.hr\/#\/schema\/person\/a42711f3385a0e2be6f7e0443bfb28f0"},"description":"U Vidu je 8. listopada 2007.\u00a0u suradnji s Crometeo udrugom , MO Vid, te gradom Metkovi\u0107em postavljena automatska meteorolo\u0161ka postaja, prva takva u \u017eupaniji","breadcrumb":{"@id":"https:\/\/likemetkovic.hr\/10-godina-meteroloske-postaje-vidu\/#breadcrumb"},"inLanguage":"hr","potentialAction":[{"@type":"ReadAction","target":["https:\/\/likemetkovic.hr\/10-godina-meteroloske-postaje-vidu\/"]}]},{"@type":"ImageObject","inLanguage":"hr","@id":"https:\/\/likemetkovic.hr\/10-godina-meteroloske-postaje-vidu\/#primaryimage","url":"https:\/\/likemetkovic.hr\/portal\/wp-content\/uploads\/2017\/10\/Anemometar-1.jpg","contentUrl":"https:\/\/likemetkovic.hr\/portal\/wp-content\/uploads\/2017\/10\/Anemometar-1.jpg","width":642,"height":481},{"@type":"BreadcrumbList","@id":"https:\/\/likemetkovic.hr\/10-godina-meteroloske-postaje-vidu\/#breadcrumb","itemListElement":[{"@type":"ListItem","position":1,"name":"Po\u010detna stranica","item":"https:\/\/likemetkovic.hr\/portal\/"},{"@type":"ListItem","position":2,"name":"10. godina meterolo\u0161ke postaje u Vidu"}]},{"@type":"WebSite","@id":"https:\/\/likemetkovic.hr\/#website","url":"https:\/\/likemetkovic.hr\/","name":"likemetkovic.hr","description":"Misli pozitivno... \u010ditaj LIKE","potentialAction":[{"@type":"SearchAction","target":{"@type":"EntryPoint","urlTemplate":"https:\/\/likemetkovic.hr\/?s={search_term_string}"},"query-input":{"@type":"PropertyValueSpecification","valueRequired":true,"valueName":"search_term_string"}}],"inLanguage":"hr"},{"@type":"Person","@id":"https:\/\/likemetkovic.hr\/#\/schema\/person\/a42711f3385a0e2be6f7e0443bfb28f0","name":"LIKEmetkovic.hr","sameAs":["http:\/\/likemetkovic.hr"],"url":"https:\/\/likemetkovic.hr\/portal\/author\/likemetkovic-hr\/"}]}},"_links":{"self":[{"href":"https:\/\/likemetkovic.hr\/portal\/wp-json\/wp\/v2\/posts\/47916","targetHints":{"allow":["GET"]}}],"collection":[{"href":"https:\/\/likemetkovic.hr\/portal\/wp-json\/wp\/v2\/posts"}],"about":[{"href":"https:\/\/likemetkovic.hr\/portal\/wp-json\/wp\/v2\/types\/post"}],"author":[{"embeddable":true,"href":"https:\/\/likemetkovic.hr\/portal\/wp-json\/wp\/v2\/users\/7"}],"replies":[{"embeddable":true,"href":"https:\/\/likemetkovic.hr\/portal\/wp-json\/wp\/v2\/comments?post=47916"}],"version-history":[{"count":0,"href":"https:\/\/likemetkovic.hr\/portal\/wp-json\/wp\/v2\/posts\/47916\/revisions"}],"wp:featuredmedia":[{"embeddable":true,"href":"https:\/\/likemetkovic.hr\/portal\/wp-json\/wp\/v2\/media\/47917"}],"wp:attachment":[{"href":"https:\/\/likemetkovic.hr\/portal\/wp-json\/wp\/v2\/media?parent=47916"}],"wp:term":[{"taxonomy":"category","embeddable":true,"href":"https:\/\/likemetkovic.hr\/portal\/wp-json\/wp\/v2\/categories?post=47916"},{"taxonomy":"post_tag","embeddable":true,"href":"https:\/\/likemetkovic.hr\/portal\/wp-json\/wp\/v2\/tags?post=47916"}],"curies":[{"name":"wp","href":"https:\/\/api.w.org\/{rel}","templated":true}]}}