{"id":47950,"date":"2017-10-11T13:33:40","date_gmt":"2017-10-11T11:33:40","guid":{"rendered":"http:\/\/likemetkovic.hr\/?p=47950"},"modified":"2017-10-11T15:44:21","modified_gmt":"2017-10-11T13:44:21","slug":"nakon-40-godina-gradsko-kazaliste-ce-imati-nove-stolice","status":"publish","type":"post","link":"https:\/\/likemetkovic.hr\/portal\/nakon-40-godina-gradsko-kazaliste-ce-imati-nove-stolice\/","title":{"rendered":"Nakon 40 godina gradsko \u0107e Kazali\u0161te imati nove stolice"},"content":{"rendered":"<div>\n<div>\n<div>Projekt zamjene kazali\u0161nih stolica u gledali\u0161tu GKS-a, koji se realizira uz investicijsku potporu Ministarstva kulture RH i Grada Metkovi\u0107a, u\u0161ao je u zavr\u0161nu fazu.\u00a0<strong>Ustanova za kulturu i sport<\/strong>, na \u010dijem \u010delu je ravnatelj Milan Kapovi\u0107, jo\u0161 je u rujnu 2016. aplicirala s ovim projektom na natje\u010daj Ministarstva kulture, a po\u010detkom 2017. odobrena su joj sredstva u iznosu od 600 000 kuna.<\/div>\n<div><\/div>\n<div><strong>Jutros je zapo\u010dela demonta\u017ea postoje\u0107ih stolica<\/strong> u kazali\u0161noj dvorani nakon koje \u0107e uslijediti ostali pripremni radovi koji \u0107e trajati oko tri tjedna. Postoje\u0107e stolice su s kraja 70-ih godina pro\u0161log stolje\u0107a, to\u010dnije u upotrebi su od 25. svibnja 1977. kada je i otvoreno Gradsko kulturno sredi\u0161te u Metkovi\u0107u.<\/div>\n<div><\/div>\n<\/div>\n<div>\n<figure id=\"attachment_47951\" aria-describedby=\"caption-attachment-47951\" style=\"width: 294px\" class=\"wp-caption alignleft\"><img decoding=\"async\" class=\"wp-image-47951\" src=\"http:\/\/likemetkovic.hr\/wp-content\/uploads\/2017\/10\/gks-stolica.jpg\" alt=\"\" width=\"294\" height=\"294\" srcset=\"https:\/\/likemetkovic.hr\/portal\/wp-content\/uploads\/2017\/10\/gks-stolica.jpg 520w, https:\/\/likemetkovic.hr\/portal\/wp-content\/uploads\/2017\/10\/gks-stolica-150x150.jpg 150w, https:\/\/likemetkovic.hr\/portal\/wp-content\/uploads\/2017\/10\/gks-stolica-420x420.jpg 420w\" sizes=\"(max-width: 294px) 100vw, 294px\" \/><figcaption id=\"caption-attachment-47951\" class=\"wp-caption-text\">Kazali\u0161na stolica Socrates Ascender kakva se ugra\u0111uje u gledali\u0161te GKS-a<\/figcaption><\/figure>\n<p><strong>Po\u010detak monta\u017ee novih stolica o\u010dekuje se krajem studenog.<\/strong> Bit \u0107e postavljeno 240 novih stolica na parteru gledali\u0161ta GKS-a. Radovi ne\u0107e uklju\u010divati izmjenu stolica na balkonu. Ustanova za obnovu tog dijela gledali\u0161ta planira aplicirati na jedan od idu\u0107ih natje\u010daja.<\/p>\n<\/div>\n<div>Uz nabavu i monta\u017eu novih stolica Ustanova \u0107e zamijeniti novima troja ulazna vrata na zgradi GKS-a.<\/div>\n<\/div>\n","protected":false},"excerpt":{"rendered":"<p>Projekt zamjene kazali\u0161nih stolica u gledali\u0161tu GKS-a, koji se realizira uz investicijsku potporu Ministarstva kulture RH i Grada Metkovi\u0107a, u\u0161ao je u zavr\u0161nu fazu.\u00a0Ustanova za kulturu i sport, na \u010dijem \u010delu je ravnatelj Milan Kapovi\u0107, jo\u0161 je u rujnu 2016. aplicirala s ovim projektom na natje\u010daj Ministarstva kulture, a po\u010detkom 2017. odobrena su joj sredstva [&hellip;]<\/p>\n","protected":false},"author":7,"featured_media":47964,"comment_status":"open","ping_status":"open","sticky":false,"template":"","format":"standard","meta":{"footnotes":""},"categories":[283,11],"tags":[1513,380,492,1585,1584],"class_list":{"0":"post-47950","1":"post","2":"type-post","3":"status-publish","4":"format-standard","5":"has-post-thumbnail","7":"category-a","8":"category-metkovic-dolina","9":"tag-gradsko-kulturno-srediste","10":"tag-metkovic","11":"tag-milan-kapovic","12":"tag-nove-kazalisne-stolice","13":"tag-ustanova-za-kulturu-u-sport"},"yoast_head":"<!-- This site is optimized with the Yoast SEO plugin v25.2 - https:\/\/yoast.com\/wordpress\/plugins\/seo\/ -->\n<title>Nakon 40 godina gradsko Kazali\u0161te \u0107e imati nove stolice<\/title>\n<meta name=\"description\" content=\"Zapo\u010dela je demonta\u017ea postoje\u0107ih stolica u Kazali\u0161tu nakon koje \u0107e i ostali pripremni radovi, prvenstveno stolarski, koji \u0107e trajati oko tri tjedna.\" \/>\n<meta name=\"robots\" content=\"index, follow, max-snippet:-1, max-image-preview:large, max-video-preview:-1\" \/>\n<link rel=\"canonical\" href=\"https:\/\/likemetkovic.hr\/nakon-40-godina-gradsko-kazaliste-ce-imati-nove-stolice\/\" \/>\n<meta property=\"og:locale\" content=\"hr_HR\" \/>\n<meta property=\"og:type\" content=\"article\" \/>\n<meta property=\"og:title\" content=\"Nakon 40 godina gradsko Kazali\u0161te \u0107e imati nove stolice\" \/>\n<meta property=\"og:description\" content=\"Zapo\u010dela je demonta\u017ea postoje\u0107ih stolica u Kazali\u0161tu nakon koje \u0107e i ostali pripremni radovi, prvenstveno stolarski, koji \u0107e trajati oko tri tjedna.\" \/>\n<meta property=\"og:url\" content=\"https:\/\/likemetkovic.hr\/nakon-40-godina-gradsko-kazaliste-ce-imati-nove-stolice\/\" \/>\n<meta property=\"og:site_name\" content=\"likemetkovic.hr\" \/>\n<meta property=\"article:publisher\" content=\"https:\/\/www.facebook.com\/likemetkovic.hr\/\" \/>\n<meta property=\"article:published_time\" content=\"2017-10-11T11:33:40+00:00\" \/>\n<meta property=\"article:modified_time\" content=\"2017-10-11T13:44:21+00:00\" \/>\n<meta property=\"og:image\" content=\"https:\/\/likemetkovic.hr\/wp-content\/uploads\/2017\/10\/gks-001.jpg\" \/>\n\t<meta property=\"og:image:width\" content=\"800\" \/>\n\t<meta property=\"og:image:height\" content=\"534\" \/>\n\t<meta property=\"og:image:type\" content=\"image\/jpeg\" \/>\n<meta name=\"author\" content=\"LIKEmetkovic.hr\" \/>\n<meta name=\"twitter:card\" content=\"summary_large_image\" \/>\n<meta name=\"twitter:label1\" content=\"Napisao\/la\" \/>\n\t<meta name=\"twitter:data1\" content=\"LIKEmetkovic.hr\" \/>\n\t<meta name=\"twitter:label2\" content=\"Procijenjeno vrijeme \u010ditanja\" \/>\n\t<meta name=\"twitter:data2\" content=\"1 minuta\" \/>\n<script type=\"application\/ld+json\" class=\"yoast-schema-graph\">{\"@context\":\"https:\/\/schema.org\",\"@graph\":[{\"@type\":\"WebPage\",\"@id\":\"https:\/\/likemetkovic.hr\/nakon-40-godina-gradsko-kazaliste-ce-imati-nove-stolice\/\",\"url\":\"https:\/\/likemetkovic.hr\/nakon-40-godina-gradsko-kazaliste-ce-imati-nove-stolice\/\",\"name\":\"Nakon 40 godina gradsko Kazali\u0161te \u0107e imati nove stolice\",\"isPartOf\":{\"@id\":\"https:\/\/likemetkovic.hr\/#website\"},\"primaryImageOfPage\":{\"@id\":\"https:\/\/likemetkovic.hr\/nakon-40-godina-gradsko-kazaliste-ce-imati-nove-stolice\/#primaryimage\"},\"image\":{\"@id\":\"https:\/\/likemetkovic.hr\/nakon-40-godina-gradsko-kazaliste-ce-imati-nove-stolice\/#primaryimage\"},\"thumbnailUrl\":\"https:\/\/likemetkovic.hr\/portal\/wp-content\/uploads\/2017\/10\/gks-001.jpg\",\"datePublished\":\"2017-10-11T11:33:40+00:00\",\"dateModified\":\"2017-10-11T13:44:21+00:00\",\"author\":{\"@id\":\"https:\/\/likemetkovic.hr\/#\/schema\/person\/a42711f3385a0e2be6f7e0443bfb28f0\"},\"description\":\"Zapo\u010dela je demonta\u017ea postoje\u0107ih stolica u Kazali\u0161tu nakon koje \u0107e i ostali pripremni radovi, prvenstveno stolarski, koji \u0107e trajati oko tri tjedna.\",\"breadcrumb\":{\"@id\":\"https:\/\/likemetkovic.hr\/nakon-40-godina-gradsko-kazaliste-ce-imati-nove-stolice\/#breadcrumb\"},\"inLanguage\":\"hr\",\"potentialAction\":[{\"@type\":\"ReadAction\",\"target\":[\"https:\/\/likemetkovic.hr\/nakon-40-godina-gradsko-kazaliste-ce-imati-nove-stolice\/\"]}]},{\"@type\":\"ImageObject\",\"inLanguage\":\"hr\",\"@id\":\"https:\/\/likemetkovic.hr\/nakon-40-godina-gradsko-kazaliste-ce-imati-nove-stolice\/#primaryimage\",\"url\":\"https:\/\/likemetkovic.hr\/portal\/wp-content\/uploads\/2017\/10\/gks-001.jpg\",\"contentUrl\":\"https:\/\/likemetkovic.hr\/portal\/wp-content\/uploads\/2017\/10\/gks-001.jpg\",\"width\":800,\"height\":534},{\"@type\":\"BreadcrumbList\",\"@id\":\"https:\/\/likemetkovic.hr\/nakon-40-godina-gradsko-kazaliste-ce-imati-nove-stolice\/#breadcrumb\",\"itemListElement\":[{\"@type\":\"ListItem\",\"position\":1,\"name\":\"Po\u010detna stranica\",\"item\":\"https:\/\/likemetkovic.hr\/portal\/\"},{\"@type\":\"ListItem\",\"position\":2,\"name\":\"Nakon 40 godina gradsko \u0107e Kazali\u0161te imati nove stolice\"}]},{\"@type\":\"WebSite\",\"@id\":\"https:\/\/likemetkovic.hr\/#website\",\"url\":\"https:\/\/likemetkovic.hr\/\",\"name\":\"likemetkovic.hr\",\"description\":\"Misli pozitivno... \u010ditaj LIKE\",\"potentialAction\":[{\"@type\":\"SearchAction\",\"target\":{\"@type\":\"EntryPoint\",\"urlTemplate\":\"https:\/\/likemetkovic.hr\/?s={search_term_string}\"},\"query-input\":{\"@type\":\"PropertyValueSpecification\",\"valueRequired\":true,\"valueName\":\"search_term_string\"}}],\"inLanguage\":\"hr\"},{\"@type\":\"Person\",\"@id\":\"https:\/\/likemetkovic.hr\/#\/schema\/person\/a42711f3385a0e2be6f7e0443bfb28f0\",\"name\":\"LIKEmetkovic.hr\",\"sameAs\":[\"http:\/\/likemetkovic.hr\"],\"url\":\"https:\/\/likemetkovic.hr\/portal\/author\/likemetkovic-hr\/\"}]}<\/script>\n<!-- \/ Yoast SEO plugin. -->","yoast_head_json":{"title":"Nakon 40 godina gradsko Kazali\u0161te \u0107e imati nove stolice","description":"Zapo\u010dela je demonta\u017ea postoje\u0107ih stolica u Kazali\u0161tu nakon koje \u0107e i ostali pripremni radovi, prvenstveno stolarski, koji \u0107e trajati oko tri tjedna.","robots":{"index":"index","follow":"follow","max-snippet":"max-snippet:-1","max-image-preview":"max-image-preview:large","max-video-preview":"max-video-preview:-1"},"canonical":"https:\/\/likemetkovic.hr\/nakon-40-godina-gradsko-kazaliste-ce-imati-nove-stolice\/","og_locale":"hr_HR","og_type":"article","og_title":"Nakon 40 godina gradsko Kazali\u0161te \u0107e imati nove stolice","og_description":"Zapo\u010dela je demonta\u017ea postoje\u0107ih stolica u Kazali\u0161tu nakon koje \u0107e i ostali pripremni radovi, prvenstveno stolarski, koji \u0107e trajati oko tri tjedna.","og_url":"https:\/\/likemetkovic.hr\/nakon-40-godina-gradsko-kazaliste-ce-imati-nove-stolice\/","og_site_name":"likemetkovic.hr","article_publisher":"https:\/\/www.facebook.com\/likemetkovic.hr\/","article_published_time":"2017-10-11T11:33:40+00:00","article_modified_time":"2017-10-11T13:44:21+00:00","og_image":[{"width":800,"height":534,"url":"https:\/\/likemetkovic.hr\/wp-content\/uploads\/2017\/10\/gks-001.jpg","type":"image\/jpeg"}],"author":"LIKEmetkovic.hr","twitter_card":"summary_large_image","twitter_misc":{"Napisao\/la":"LIKEmetkovic.hr","Procijenjeno vrijeme \u010ditanja":"1 minuta"},"schema":{"@context":"https:\/\/schema.org","@graph":[{"@type":"WebPage","@id":"https:\/\/likemetkovic.hr\/nakon-40-godina-gradsko-kazaliste-ce-imati-nove-stolice\/","url":"https:\/\/likemetkovic.hr\/nakon-40-godina-gradsko-kazaliste-ce-imati-nove-stolice\/","name":"Nakon 40 godina gradsko Kazali\u0161te \u0107e imati nove stolice","isPartOf":{"@id":"https:\/\/likemetkovic.hr\/#website"},"primaryImageOfPage":{"@id":"https:\/\/likemetkovic.hr\/nakon-40-godina-gradsko-kazaliste-ce-imati-nove-stolice\/#primaryimage"},"image":{"@id":"https:\/\/likemetkovic.hr\/nakon-40-godina-gradsko-kazaliste-ce-imati-nove-stolice\/#primaryimage"},"thumbnailUrl":"https:\/\/likemetkovic.hr\/portal\/wp-content\/uploads\/2017\/10\/gks-001.jpg","datePublished":"2017-10-11T11:33:40+00:00","dateModified":"2017-10-11T13:44:21+00:00","author":{"@id":"https:\/\/likemetkovic.hr\/#\/schema\/person\/a42711f3385a0e2be6f7e0443bfb28f0"},"description":"Zapo\u010dela je demonta\u017ea postoje\u0107ih stolica u Kazali\u0161tu nakon koje \u0107e i ostali pripremni radovi, prvenstveno stolarski, koji \u0107e trajati oko tri tjedna.","breadcrumb":{"@id":"https:\/\/likemetkovic.hr\/nakon-40-godina-gradsko-kazaliste-ce-imati-nove-stolice\/#breadcrumb"},"inLanguage":"hr","potentialAction":[{"@type":"ReadAction","target":["https:\/\/likemetkovic.hr\/nakon-40-godina-gradsko-kazaliste-ce-imati-nove-stolice\/"]}]},{"@type":"ImageObject","inLanguage":"hr","@id":"https:\/\/likemetkovic.hr\/nakon-40-godina-gradsko-kazaliste-ce-imati-nove-stolice\/#primaryimage","url":"https:\/\/likemetkovic.hr\/portal\/wp-content\/uploads\/2017\/10\/gks-001.jpg","contentUrl":"https:\/\/likemetkovic.hr\/portal\/wp-content\/uploads\/2017\/10\/gks-001.jpg","width":800,"height":534},{"@type":"BreadcrumbList","@id":"https:\/\/likemetkovic.hr\/nakon-40-godina-gradsko-kazaliste-ce-imati-nove-stolice\/#breadcrumb","itemListElement":[{"@type":"ListItem","position":1,"name":"Po\u010detna stranica","item":"https:\/\/likemetkovic.hr\/portal\/"},{"@type":"ListItem","position":2,"name":"Nakon 40 godina gradsko \u0107e Kazali\u0161te imati nove stolice"}]},{"@type":"WebSite","@id":"https:\/\/likemetkovic.hr\/#website","url":"https:\/\/likemetkovic.hr\/","name":"likemetkovic.hr","description":"Misli pozitivno... \u010ditaj LIKE","potentialAction":[{"@type":"SearchAction","target":{"@type":"EntryPoint","urlTemplate":"https:\/\/likemetkovic.hr\/?s={search_term_string}"},"query-input":{"@type":"PropertyValueSpecification","valueRequired":true,"valueName":"search_term_string"}}],"inLanguage":"hr"},{"@type":"Person","@id":"https:\/\/likemetkovic.hr\/#\/schema\/person\/a42711f3385a0e2be6f7e0443bfb28f0","name":"LIKEmetkovic.hr","sameAs":["http:\/\/likemetkovic.hr"],"url":"https:\/\/likemetkovic.hr\/portal\/author\/likemetkovic-hr\/"}]}},"_links":{"self":[{"href":"https:\/\/likemetkovic.hr\/portal\/wp-json\/wp\/v2\/posts\/47950","targetHints":{"allow":["GET"]}}],"collection":[{"href":"https:\/\/likemetkovic.hr\/portal\/wp-json\/wp\/v2\/posts"}],"about":[{"href":"https:\/\/likemetkovic.hr\/portal\/wp-json\/wp\/v2\/types\/post"}],"author":[{"embeddable":true,"href":"https:\/\/likemetkovic.hr\/portal\/wp-json\/wp\/v2\/users\/7"}],"replies":[{"embeddable":true,"href":"https:\/\/likemetkovic.hr\/portal\/wp-json\/wp\/v2\/comments?post=47950"}],"version-history":[{"count":0,"href":"https:\/\/likemetkovic.hr\/portal\/wp-json\/wp\/v2\/posts\/47950\/revisions"}],"wp:featuredmedia":[{"embeddable":true,"href":"https:\/\/likemetkovic.hr\/portal\/wp-json\/wp\/v2\/media\/47964"}],"wp:attachment":[{"href":"https:\/\/likemetkovic.hr\/portal\/wp-json\/wp\/v2\/media?parent=47950"}],"wp:term":[{"taxonomy":"category","embeddable":true,"href":"https:\/\/likemetkovic.hr\/portal\/wp-json\/wp\/v2\/categories?post=47950"},{"taxonomy":"post_tag","embeddable":true,"href":"https:\/\/likemetkovic.hr\/portal\/wp-json\/wp\/v2\/tags?post=47950"}],"curies":[{"name":"wp","href":"https:\/\/api.w.org\/{rel}","templated":true}]}}