{"id":48122,"date":"2017-10-16T10:58:52","date_gmt":"2017-10-16T08:58:52","guid":{"rendered":"http:\/\/likemetkovic.hr\/?p=48122"},"modified":"2017-10-16T10:58:52","modified_gmt":"2017-10-16T08:58:52","slug":"izlozba-treperenja-povodom-50-godina-slikarstva-vedrana-grabovca","status":"publish","type":"post","link":"https:\/\/likemetkovic.hr\/portal\/izlozba-treperenja-povodom-50-godina-slikarstva-vedrana-grabovca\/","title":{"rendered":"Izlo\u017eba &#8220;Treperenja&#8221;: povodom 50 godina slikarstva Vedrana Grabovca"},"content":{"rendered":"<p>Povodom 50 godina svoga bavljenja slikarstvom <strong>u \u010detvrtak, 19. listopada u 19 sati u Galeriji GKS-a<\/strong> Metkovi\u0107 otvara se samostalna izlo\u017eba dubrova\u010dkog slikara Vedrana Grabovca.<\/p>\n<p>Izlo\u017eba je nazvana <em><strong>Treperenja<\/strong><\/em>, kako je ovaj njegov novi likovni ciklus nazvao povjesni\u010dar umjetnosti gospar Tomislav \u0160uljak.Predgovor prigodnom katalogu napisao je <strong>dr. Antun Karaman<\/strong>, koji \u0107e i otvoriti ovu izlo\u017ebu.<\/p>\n<p>Izlo\u017eba se realizira uz potporu Ministarstva kulture Republike Hrvatske, \u017dupanije Dubrova\u010dko-neretvanske, Grada Dubrovnika te Grada Metkovi\u0107a.<\/p>\n","protected":false},"excerpt":{"rendered":"<p>Povodom 50 godina svoga bavljenja slikarstvom u \u010detvrtak, 19. listopada u 19 sati u Galeriji GKS-a Metkovi\u0107 otvara se samostalna izlo\u017eba dubrova\u010dkog slikara Vedrana Grabovca. Izlo\u017eba je nazvana Treperenja, kako je ovaj njegov novi likovni ciklus nazvao povjesni\u010dar umjetnosti gospar Tomislav \u0160uljak.Predgovor prigodnom katalogu napisao je dr. Antun Karaman, koji \u0107e i otvoriti ovu izlo\u017ebu. [&hellip;]<\/p>\n","protected":false},"author":7,"featured_media":48123,"comment_status":"open","ping_status":"open","sticky":false,"template":"","format":"standard","meta":{"footnotes":""},"categories":[296,1028],"tags":[1643,1642,1641],"class_list":{"0":"post-48122","1":"post","2":"type-post","3":"status-publish","4":"format-standard","5":"has-post-thumbnail","7":"category-ab","8":"category-kultura-2","9":"tag-gks-metkovic","10":"tag-treperenje","11":"tag-vedran-grabovac"},"yoast_head":"<!-- This site is optimized with the Yoast SEO plugin v25.2 - https:\/\/yoast.com\/wordpress\/plugins\/seo\/ -->\n<title>Izlo\u017eba &quot;Treperenja&quot;: povodom 50 godina slikarstva Vedrana Grabovca - likemetkovic.hr<\/title>\n<meta name=\"robots\" content=\"index, follow, max-snippet:-1, max-image-preview:large, max-video-preview:-1\" \/>\n<link rel=\"canonical\" href=\"https:\/\/likemetkovic.hr\/izlozba-treperenja-povodom-50-godina-slikarstva-vedrana-grabovca\/\" \/>\n<meta property=\"og:locale\" content=\"hr_HR\" \/>\n<meta property=\"og:type\" content=\"article\" \/>\n<meta property=\"og:title\" content=\"Izlo\u017eba &quot;Treperenja&quot;: povodom 50 godina slikarstva Vedrana Grabovca - likemetkovic.hr\" \/>\n<meta property=\"og:description\" content=\"Povodom 50 godina svoga bavljenja slikarstvom u \u010detvrtak, 19. listopada u 19 sati u Galeriji GKS-a Metkovi\u0107 otvara se samostalna izlo\u017eba dubrova\u010dkog slikara Vedrana Grabovca. Izlo\u017eba je nazvana Treperenja, kako je ovaj njegov novi likovni ciklus nazvao povjesni\u010dar umjetnosti gospar Tomislav \u0160uljak.Predgovor prigodnom katalogu napisao je dr. Antun Karaman, koji \u0107e i otvoriti ovu izlo\u017ebu. [&hellip;]\" \/>\n<meta property=\"og:url\" content=\"https:\/\/likemetkovic.hr\/izlozba-treperenja-povodom-50-godina-slikarstva-vedrana-grabovca\/\" \/>\n<meta property=\"og:site_name\" content=\"likemetkovic.hr\" \/>\n<meta property=\"article:publisher\" content=\"https:\/\/www.facebook.com\/likemetkovic.hr\/\" \/>\n<meta property=\"article:published_time\" content=\"2017-10-16T08:58:52+00:00\" \/>\n<meta property=\"og:image\" content=\"https:\/\/likemetkovic.hr\/wp-content\/uploads\/2017\/10\/vedran-grabovac-treperenje.jpg\" \/>\n\t<meta property=\"og:image:width\" content=\"800\" \/>\n\t<meta property=\"og:image:height\" content=\"558\" \/>\n\t<meta property=\"og:image:type\" content=\"image\/jpeg\" \/>\n<meta name=\"author\" content=\"LIKEmetkovic.hr\" \/>\n<meta name=\"twitter:card\" content=\"summary_large_image\" \/>\n<meta name=\"twitter:label1\" content=\"Napisao\/la\" \/>\n\t<meta name=\"twitter:data1\" content=\"LIKEmetkovic.hr\" \/>\n<script type=\"application\/ld+json\" class=\"yoast-schema-graph\">{\"@context\":\"https:\/\/schema.org\",\"@graph\":[{\"@type\":\"WebPage\",\"@id\":\"https:\/\/likemetkovic.hr\/izlozba-treperenja-povodom-50-godina-slikarstva-vedrana-grabovca\/\",\"url\":\"https:\/\/likemetkovic.hr\/izlozba-treperenja-povodom-50-godina-slikarstva-vedrana-grabovca\/\",\"name\":\"Izlo\u017eba \\\"Treperenja\\\": povodom 50 godina slikarstva Vedrana Grabovca - likemetkovic.hr\",\"isPartOf\":{\"@id\":\"https:\/\/likemetkovic.hr\/#website\"},\"primaryImageOfPage\":{\"@id\":\"https:\/\/likemetkovic.hr\/izlozba-treperenja-povodom-50-godina-slikarstva-vedrana-grabovca\/#primaryimage\"},\"image\":{\"@id\":\"https:\/\/likemetkovic.hr\/izlozba-treperenja-povodom-50-godina-slikarstva-vedrana-grabovca\/#primaryimage\"},\"thumbnailUrl\":\"https:\/\/likemetkovic.hr\/portal\/wp-content\/uploads\/2017\/10\/vedran-grabovac-treperenje.jpg\",\"datePublished\":\"2017-10-16T08:58:52+00:00\",\"author\":{\"@id\":\"https:\/\/likemetkovic.hr\/#\/schema\/person\/a42711f3385a0e2be6f7e0443bfb28f0\"},\"breadcrumb\":{\"@id\":\"https:\/\/likemetkovic.hr\/izlozba-treperenja-povodom-50-godina-slikarstva-vedrana-grabovca\/#breadcrumb\"},\"inLanguage\":\"hr\",\"potentialAction\":[{\"@type\":\"ReadAction\",\"target\":[\"https:\/\/likemetkovic.hr\/izlozba-treperenja-povodom-50-godina-slikarstva-vedrana-grabovca\/\"]}]},{\"@type\":\"ImageObject\",\"inLanguage\":\"hr\",\"@id\":\"https:\/\/likemetkovic.hr\/izlozba-treperenja-povodom-50-godina-slikarstva-vedrana-grabovca\/#primaryimage\",\"url\":\"https:\/\/likemetkovic.hr\/portal\/wp-content\/uploads\/2017\/10\/vedran-grabovac-treperenje.jpg\",\"contentUrl\":\"https:\/\/likemetkovic.hr\/portal\/wp-content\/uploads\/2017\/10\/vedran-grabovac-treperenje.jpg\",\"width\":800,\"height\":558},{\"@type\":\"BreadcrumbList\",\"@id\":\"https:\/\/likemetkovic.hr\/izlozba-treperenja-povodom-50-godina-slikarstva-vedrana-grabovca\/#breadcrumb\",\"itemListElement\":[{\"@type\":\"ListItem\",\"position\":1,\"name\":\"Po\u010detna stranica\",\"item\":\"https:\/\/likemetkovic.hr\/portal\/\"},{\"@type\":\"ListItem\",\"position\":2,\"name\":\"Izlo\u017eba &#8220;Treperenja&#8221;: povodom 50 godina slikarstva Vedrana Grabovca\"}]},{\"@type\":\"WebSite\",\"@id\":\"https:\/\/likemetkovic.hr\/#website\",\"url\":\"https:\/\/likemetkovic.hr\/\",\"name\":\"likemetkovic.hr\",\"description\":\"Misli pozitivno... \u010ditaj LIKE\",\"potentialAction\":[{\"@type\":\"SearchAction\",\"target\":{\"@type\":\"EntryPoint\",\"urlTemplate\":\"https:\/\/likemetkovic.hr\/?s={search_term_string}\"},\"query-input\":{\"@type\":\"PropertyValueSpecification\",\"valueRequired\":true,\"valueName\":\"search_term_string\"}}],\"inLanguage\":\"hr\"},{\"@type\":\"Person\",\"@id\":\"https:\/\/likemetkovic.hr\/#\/schema\/person\/a42711f3385a0e2be6f7e0443bfb28f0\",\"name\":\"LIKEmetkovic.hr\",\"sameAs\":[\"http:\/\/likemetkovic.hr\"],\"url\":\"https:\/\/likemetkovic.hr\/portal\/author\/likemetkovic-hr\/\"}]}<\/script>\n<!-- \/ Yoast SEO plugin. -->","yoast_head_json":{"title":"Izlo\u017eba \"Treperenja\": povodom 50 godina slikarstva Vedrana Grabovca - likemetkovic.hr","robots":{"index":"index","follow":"follow","max-snippet":"max-snippet:-1","max-image-preview":"max-image-preview:large","max-video-preview":"max-video-preview:-1"},"canonical":"https:\/\/likemetkovic.hr\/izlozba-treperenja-povodom-50-godina-slikarstva-vedrana-grabovca\/","og_locale":"hr_HR","og_type":"article","og_title":"Izlo\u017eba \"Treperenja\": povodom 50 godina slikarstva Vedrana Grabovca - likemetkovic.hr","og_description":"Povodom 50 godina svoga bavljenja slikarstvom u \u010detvrtak, 19. listopada u 19 sati u Galeriji GKS-a Metkovi\u0107 otvara se samostalna izlo\u017eba dubrova\u010dkog slikara Vedrana Grabovca. Izlo\u017eba je nazvana Treperenja, kako je ovaj njegov novi likovni ciklus nazvao povjesni\u010dar umjetnosti gospar Tomislav \u0160uljak.Predgovor prigodnom katalogu napisao je dr. Antun Karaman, koji \u0107e i otvoriti ovu izlo\u017ebu. [&hellip;]","og_url":"https:\/\/likemetkovic.hr\/izlozba-treperenja-povodom-50-godina-slikarstva-vedrana-grabovca\/","og_site_name":"likemetkovic.hr","article_publisher":"https:\/\/www.facebook.com\/likemetkovic.hr\/","article_published_time":"2017-10-16T08:58:52+00:00","og_image":[{"width":800,"height":558,"url":"https:\/\/likemetkovic.hr\/wp-content\/uploads\/2017\/10\/vedran-grabovac-treperenje.jpg","type":"image\/jpeg"}],"author":"LIKEmetkovic.hr","twitter_card":"summary_large_image","twitter_misc":{"Napisao\/la":"LIKEmetkovic.hr"},"schema":{"@context":"https:\/\/schema.org","@graph":[{"@type":"WebPage","@id":"https:\/\/likemetkovic.hr\/izlozba-treperenja-povodom-50-godina-slikarstva-vedrana-grabovca\/","url":"https:\/\/likemetkovic.hr\/izlozba-treperenja-povodom-50-godina-slikarstva-vedrana-grabovca\/","name":"Izlo\u017eba \"Treperenja\": povodom 50 godina slikarstva Vedrana Grabovca - likemetkovic.hr","isPartOf":{"@id":"https:\/\/likemetkovic.hr\/#website"},"primaryImageOfPage":{"@id":"https:\/\/likemetkovic.hr\/izlozba-treperenja-povodom-50-godina-slikarstva-vedrana-grabovca\/#primaryimage"},"image":{"@id":"https:\/\/likemetkovic.hr\/izlozba-treperenja-povodom-50-godina-slikarstva-vedrana-grabovca\/#primaryimage"},"thumbnailUrl":"https:\/\/likemetkovic.hr\/portal\/wp-content\/uploads\/2017\/10\/vedran-grabovac-treperenje.jpg","datePublished":"2017-10-16T08:58:52+00:00","author":{"@id":"https:\/\/likemetkovic.hr\/#\/schema\/person\/a42711f3385a0e2be6f7e0443bfb28f0"},"breadcrumb":{"@id":"https:\/\/likemetkovic.hr\/izlozba-treperenja-povodom-50-godina-slikarstva-vedrana-grabovca\/#breadcrumb"},"inLanguage":"hr","potentialAction":[{"@type":"ReadAction","target":["https:\/\/likemetkovic.hr\/izlozba-treperenja-povodom-50-godina-slikarstva-vedrana-grabovca\/"]}]},{"@type":"ImageObject","inLanguage":"hr","@id":"https:\/\/likemetkovic.hr\/izlozba-treperenja-povodom-50-godina-slikarstva-vedrana-grabovca\/#primaryimage","url":"https:\/\/likemetkovic.hr\/portal\/wp-content\/uploads\/2017\/10\/vedran-grabovac-treperenje.jpg","contentUrl":"https:\/\/likemetkovic.hr\/portal\/wp-content\/uploads\/2017\/10\/vedran-grabovac-treperenje.jpg","width":800,"height":558},{"@type":"BreadcrumbList","@id":"https:\/\/likemetkovic.hr\/izlozba-treperenja-povodom-50-godina-slikarstva-vedrana-grabovca\/#breadcrumb","itemListElement":[{"@type":"ListItem","position":1,"name":"Po\u010detna stranica","item":"https:\/\/likemetkovic.hr\/portal\/"},{"@type":"ListItem","position":2,"name":"Izlo\u017eba &#8220;Treperenja&#8221;: povodom 50 godina slikarstva Vedrana Grabovca"}]},{"@type":"WebSite","@id":"https:\/\/likemetkovic.hr\/#website","url":"https:\/\/likemetkovic.hr\/","name":"likemetkovic.hr","description":"Misli pozitivno... \u010ditaj LIKE","potentialAction":[{"@type":"SearchAction","target":{"@type":"EntryPoint","urlTemplate":"https:\/\/likemetkovic.hr\/?s={search_term_string}"},"query-input":{"@type":"PropertyValueSpecification","valueRequired":true,"valueName":"search_term_string"}}],"inLanguage":"hr"},{"@type":"Person","@id":"https:\/\/likemetkovic.hr\/#\/schema\/person\/a42711f3385a0e2be6f7e0443bfb28f0","name":"LIKEmetkovic.hr","sameAs":["http:\/\/likemetkovic.hr"],"url":"https:\/\/likemetkovic.hr\/portal\/author\/likemetkovic-hr\/"}]}},"_links":{"self":[{"href":"https:\/\/likemetkovic.hr\/portal\/wp-json\/wp\/v2\/posts\/48122","targetHints":{"allow":["GET"]}}],"collection":[{"href":"https:\/\/likemetkovic.hr\/portal\/wp-json\/wp\/v2\/posts"}],"about":[{"href":"https:\/\/likemetkovic.hr\/portal\/wp-json\/wp\/v2\/types\/post"}],"author":[{"embeddable":true,"href":"https:\/\/likemetkovic.hr\/portal\/wp-json\/wp\/v2\/users\/7"}],"replies":[{"embeddable":true,"href":"https:\/\/likemetkovic.hr\/portal\/wp-json\/wp\/v2\/comments?post=48122"}],"version-history":[{"count":0,"href":"https:\/\/likemetkovic.hr\/portal\/wp-json\/wp\/v2\/posts\/48122\/revisions"}],"wp:featuredmedia":[{"embeddable":true,"href":"https:\/\/likemetkovic.hr\/portal\/wp-json\/wp\/v2\/media\/48123"}],"wp:attachment":[{"href":"https:\/\/likemetkovic.hr\/portal\/wp-json\/wp\/v2\/media?parent=48122"}],"wp:term":[{"taxonomy":"category","embeddable":true,"href":"https:\/\/likemetkovic.hr\/portal\/wp-json\/wp\/v2\/categories?post=48122"},{"taxonomy":"post_tag","embeddable":true,"href":"https:\/\/likemetkovic.hr\/portal\/wp-json\/wp\/v2\/tags?post=48122"}],"curies":[{"name":"wp","href":"https:\/\/api.w.org\/{rel}","templated":true}]}}