{"id":48133,"date":"2017-10-16T15:08:05","date_gmt":"2017-10-16T13:08:05","guid":{"rendered":"http:\/\/likemetkovic.hr\/?p=48133"},"modified":"2017-10-16T15:12:46","modified_gmt":"2017-10-16T13:12:46","slug":"protekloga-vikenda-zagrebu-odrzani-6-dani-neretve","status":"publish","type":"post","link":"https:\/\/likemetkovic.hr\/portal\/protekloga-vikenda-zagrebu-odrzani-6-dani-neretve\/","title":{"rendered":"Protekloga vikenda su u Zagrebu odr\u017eani 6. Dani Neretve"},"content":{"rendered":"<div>\n<div><\/div>\n<div><img decoding=\"async\" class=\"wp-image-48139 alignleft\" src=\"http:\/\/likemetkovic.hr\/wp-content\/uploads\/2017\/10\/dani-neretve-2.jpg\" alt=\"\" width=\"258\" height=\"342\" \/>U Zagrebu je u organizaciji udruge Dani Neretve 13. i 14. listopada 2017. odr\u017eana manifestacija 6. Dani Neretve . Tema ovogodi\u0161njih Dana bila je COOL-tura u Neretvi, odnosno kako je pobolj\u0161ati i \u0161to napraviti kako bi Neretva na tom polju zasjala jo\u0161 i ja\u010de. Tako\u0111er, manifestacija je imala i humanitarni karakter te je Zagreba\u010dkom Caritasu donirano ne\u0161to malo vi\u0161e od 1600 kilograma neretvanskih mandarina za potrebe pu\u010dkih kuhinja.<\/div>\n<div><\/div>\n<div>Panelisti su bili Dijana Katica, Tomislava Bule-Radaljac, te Miroslav Mimo Barbir.<\/div>\n<div><\/div>\n<div>Dijana Katica, predsjednica Hrvatske udruge za turizam i ruralni razvoj &#8220;Klub \u010dlanova Selo&#8221; i stru\u010dnjakinja za razvoj ruralnog turizma. Gospo\u0111a Katica je prezentirala razvoj kulturnih turisti\u010dkih ruta kao veliki potencijal za razvoj turizma u Neretvi.<\/div>\n<\/div>\n<div><\/div>\n<div>\n<div>Druga panelistica je bila gospo\u0111a Tomislava Bule-Radaljac, predsjednica LAG Neretva koja nas je uputila u mogu\u0107nosti iskori\u0161tavanja EU natje\u010daja i fondova za razvoj projekata u kulturi u na\u0161oj regiji.<\/div>\n<div><\/div>\n<div>Tre\u0107i panelist je bio gospodin Miroslav Mimo Barbir koji je pri\u010dao o doga\u0111ajima i manifestacijama u Neretvi, te potencijalu koji postoji u samoj kulturi. Tako\u0111er se dotaknuo daljnjeg rasta i razvoja raznih kulturnih dru\u0161tava na podru\u010dju Neretve. Nakon slu\u017ebenog panela ve\u010der je nastavljena uz glazbu glazbenog sastava Larus iz Plo\u010da.<\/div>\n<div><\/div>\n<div><img decoding=\"async\" class=\"size-full wp-image-48138 alignleft\" src=\"http:\/\/likemetkovic.hr\/wp-content\/uploads\/2017\/10\/dani-neretve-1.jpg\" alt=\"\" width=\"300\" height=\"225\" srcset=\"https:\/\/likemetkovic.hr\/portal\/wp-content\/uploads\/2017\/10\/dani-neretve-1.jpg 300w, https:\/\/likemetkovic.hr\/portal\/wp-content\/uploads\/2017\/10\/dani-neretve-1-80x60.jpg 80w, https:\/\/likemetkovic.hr\/portal\/wp-content\/uploads\/2017\/10\/dani-neretve-1-265x198.jpg 265w\" sizes=\"(max-width: 300px) 100vw, 300px\" \/>Program se nastavio 14. listopada koncertom Gradske glazbe Opuzen u paviljonu na Zrinjevcu, te nakon toga ispred Galerije Klovi\u0107evi Dvori gdje se odr\u017ealo otvorenje izlo\u017ebe pod nazivom &#8220;Fantasti\u010dna bi\u0107a na spomenicima anti\u010dke Narone&#8221; koja \u0107e trajati do 12. studenog 2017. Ovim putem \u0107emo iskoristiti priliku i pozvati vas da posjetite izlo\u017ebu.<\/div>\n<\/div>\n<div><\/div>\n<div>Pi\u0161e: Antonio Volarevi\u0107<\/div>\n","protected":false},"excerpt":{"rendered":"<p>U Zagrebu je u organizaciji udruge Dani Neretve 13. i 14. listopada 2017. odr\u017eana manifestacija 6. Dani Neretve . Tema ovogodi\u0161njih Dana bila je COOL-tura u Neretvi, odnosno kako je pobolj\u0161ati i \u0161to napraviti kako bi Neretva na tom polju zasjala jo\u0161 i ja\u010de. Tako\u0111er, manifestacija je imala i humanitarni karakter te je Zagreba\u010dkom Caritasu [&hellip;]<\/p>\n","protected":false},"author":7,"featured_media":48142,"comment_status":"open","ping_status":"open","sticky":false,"template":"","format":"standard","meta":{"footnotes":""},"categories":[296,1026],"tags":[1647,1243],"class_list":{"0":"post-48133","1":"post","2":"type-post","3":"status-publish","4":"format-standard","5":"has-post-thumbnail","7":"category-ab","8":"category-vijesti","9":"tag-6-dani-neretve","10":"tag-zagreb"},"yoast_head":"<!-- This site is optimized with the Yoast SEO plugin v25.2 - https:\/\/yoast.com\/wordpress\/plugins\/seo\/ -->\n<title>Protekloga vikenda su u Zagrebu odr\u017eani 6. Dani Neretve - likemetkovic.hr<\/title>\n<meta name=\"robots\" content=\"index, follow, max-snippet:-1, max-image-preview:large, max-video-preview:-1\" \/>\n<link rel=\"canonical\" href=\"https:\/\/likemetkovic.hr\/protekloga-vikenda-zagrebu-odrzani-6-dani-neretve\/\" \/>\n<meta property=\"og:locale\" content=\"hr_HR\" \/>\n<meta property=\"og:type\" content=\"article\" \/>\n<meta property=\"og:title\" content=\"Protekloga vikenda su u Zagrebu odr\u017eani 6. Dani Neretve - likemetkovic.hr\" \/>\n<meta property=\"og:description\" content=\"U Zagrebu je u organizaciji udruge Dani Neretve 13. i 14. listopada 2017. odr\u017eana manifestacija 6. Dani Neretve . Tema ovogodi\u0161njih Dana bila je COOL-tura u Neretvi, odnosno kako je pobolj\u0161ati i \u0161to napraviti kako bi Neretva na tom polju zasjala jo\u0161 i ja\u010de. Tako\u0111er, manifestacija je imala i humanitarni karakter te je Zagreba\u010dkom Caritasu [&hellip;]\" \/>\n<meta property=\"og:url\" content=\"https:\/\/likemetkovic.hr\/protekloga-vikenda-zagrebu-odrzani-6-dani-neretve\/\" \/>\n<meta property=\"og:site_name\" content=\"likemetkovic.hr\" \/>\n<meta property=\"article:publisher\" content=\"https:\/\/www.facebook.com\/likemetkovic.hr\/\" \/>\n<meta property=\"article:published_time\" content=\"2017-10-16T13:08:05+00:00\" \/>\n<meta property=\"article:modified_time\" content=\"2017-10-16T13:12:46+00:00\" \/>\n<meta property=\"og:image\" content=\"https:\/\/likemetkovic.hr\/wp-content\/uploads\/2017\/10\/dan-neretve-3.jpg\" \/>\n\t<meta property=\"og:image:width\" content=\"960\" \/>\n\t<meta property=\"og:image:height\" content=\"720\" \/>\n\t<meta property=\"og:image:type\" content=\"image\/jpeg\" \/>\n<meta name=\"author\" content=\"LIKEmetkovic.hr\" \/>\n<meta name=\"twitter:card\" content=\"summary_large_image\" \/>\n<meta name=\"twitter:label1\" content=\"Napisao\/la\" \/>\n\t<meta name=\"twitter:data1\" content=\"LIKEmetkovic.hr\" \/>\n\t<meta name=\"twitter:label2\" content=\"Procijenjeno vrijeme \u010ditanja\" \/>\n\t<meta name=\"twitter:data2\" content=\"1 minuta\" \/>\n<script type=\"application\/ld+json\" class=\"yoast-schema-graph\">{\"@context\":\"https:\/\/schema.org\",\"@graph\":[{\"@type\":\"WebPage\",\"@id\":\"https:\/\/likemetkovic.hr\/protekloga-vikenda-zagrebu-odrzani-6-dani-neretve\/\",\"url\":\"https:\/\/likemetkovic.hr\/protekloga-vikenda-zagrebu-odrzani-6-dani-neretve\/\",\"name\":\"Protekloga vikenda su u Zagrebu odr\u017eani 6. Dani Neretve - likemetkovic.hr\",\"isPartOf\":{\"@id\":\"https:\/\/likemetkovic.hr\/#website\"},\"primaryImageOfPage\":{\"@id\":\"https:\/\/likemetkovic.hr\/protekloga-vikenda-zagrebu-odrzani-6-dani-neretve\/#primaryimage\"},\"image\":{\"@id\":\"https:\/\/likemetkovic.hr\/protekloga-vikenda-zagrebu-odrzani-6-dani-neretve\/#primaryimage\"},\"thumbnailUrl\":\"https:\/\/likemetkovic.hr\/portal\/wp-content\/uploads\/2017\/10\/dan-neretve-3.jpg\",\"datePublished\":\"2017-10-16T13:08:05+00:00\",\"dateModified\":\"2017-10-16T13:12:46+00:00\",\"author\":{\"@id\":\"https:\/\/likemetkovic.hr\/#\/schema\/person\/a42711f3385a0e2be6f7e0443bfb28f0\"},\"breadcrumb\":{\"@id\":\"https:\/\/likemetkovic.hr\/protekloga-vikenda-zagrebu-odrzani-6-dani-neretve\/#breadcrumb\"},\"inLanguage\":\"hr\",\"potentialAction\":[{\"@type\":\"ReadAction\",\"target\":[\"https:\/\/likemetkovic.hr\/protekloga-vikenda-zagrebu-odrzani-6-dani-neretve\/\"]}]},{\"@type\":\"ImageObject\",\"inLanguage\":\"hr\",\"@id\":\"https:\/\/likemetkovic.hr\/protekloga-vikenda-zagrebu-odrzani-6-dani-neretve\/#primaryimage\",\"url\":\"https:\/\/likemetkovic.hr\/portal\/wp-content\/uploads\/2017\/10\/dan-neretve-3.jpg\",\"contentUrl\":\"https:\/\/likemetkovic.hr\/portal\/wp-content\/uploads\/2017\/10\/dan-neretve-3.jpg\",\"width\":960,\"height\":720},{\"@type\":\"BreadcrumbList\",\"@id\":\"https:\/\/likemetkovic.hr\/protekloga-vikenda-zagrebu-odrzani-6-dani-neretve\/#breadcrumb\",\"itemListElement\":[{\"@type\":\"ListItem\",\"position\":1,\"name\":\"Po\u010detna stranica\",\"item\":\"https:\/\/likemetkovic.hr\/portal\/\"},{\"@type\":\"ListItem\",\"position\":2,\"name\":\"Protekloga vikenda su u Zagrebu odr\u017eani 6. Dani Neretve\"}]},{\"@type\":\"WebSite\",\"@id\":\"https:\/\/likemetkovic.hr\/#website\",\"url\":\"https:\/\/likemetkovic.hr\/\",\"name\":\"likemetkovic.hr\",\"description\":\"Misli pozitivno... \u010ditaj LIKE\",\"potentialAction\":[{\"@type\":\"SearchAction\",\"target\":{\"@type\":\"EntryPoint\",\"urlTemplate\":\"https:\/\/likemetkovic.hr\/?s={search_term_string}\"},\"query-input\":{\"@type\":\"PropertyValueSpecification\",\"valueRequired\":true,\"valueName\":\"search_term_string\"}}],\"inLanguage\":\"hr\"},{\"@type\":\"Person\",\"@id\":\"https:\/\/likemetkovic.hr\/#\/schema\/person\/a42711f3385a0e2be6f7e0443bfb28f0\",\"name\":\"LIKEmetkovic.hr\",\"sameAs\":[\"http:\/\/likemetkovic.hr\"],\"url\":\"https:\/\/likemetkovic.hr\/portal\/author\/likemetkovic-hr\/\"}]}<\/script>\n<!-- \/ Yoast SEO plugin. -->","yoast_head_json":{"title":"Protekloga vikenda su u Zagrebu odr\u017eani 6. Dani Neretve - likemetkovic.hr","robots":{"index":"index","follow":"follow","max-snippet":"max-snippet:-1","max-image-preview":"max-image-preview:large","max-video-preview":"max-video-preview:-1"},"canonical":"https:\/\/likemetkovic.hr\/protekloga-vikenda-zagrebu-odrzani-6-dani-neretve\/","og_locale":"hr_HR","og_type":"article","og_title":"Protekloga vikenda su u Zagrebu odr\u017eani 6. Dani Neretve - likemetkovic.hr","og_description":"U Zagrebu je u organizaciji udruge Dani Neretve 13. i 14. listopada 2017. odr\u017eana manifestacija 6. Dani Neretve . Tema ovogodi\u0161njih Dana bila je COOL-tura u Neretvi, odnosno kako je pobolj\u0161ati i \u0161to napraviti kako bi Neretva na tom polju zasjala jo\u0161 i ja\u010de. Tako\u0111er, manifestacija je imala i humanitarni karakter te je Zagreba\u010dkom Caritasu [&hellip;]","og_url":"https:\/\/likemetkovic.hr\/protekloga-vikenda-zagrebu-odrzani-6-dani-neretve\/","og_site_name":"likemetkovic.hr","article_publisher":"https:\/\/www.facebook.com\/likemetkovic.hr\/","article_published_time":"2017-10-16T13:08:05+00:00","article_modified_time":"2017-10-16T13:12:46+00:00","og_image":[{"width":960,"height":720,"url":"https:\/\/likemetkovic.hr\/wp-content\/uploads\/2017\/10\/dan-neretve-3.jpg","type":"image\/jpeg"}],"author":"LIKEmetkovic.hr","twitter_card":"summary_large_image","twitter_misc":{"Napisao\/la":"LIKEmetkovic.hr","Procijenjeno vrijeme \u010ditanja":"1 minuta"},"schema":{"@context":"https:\/\/schema.org","@graph":[{"@type":"WebPage","@id":"https:\/\/likemetkovic.hr\/protekloga-vikenda-zagrebu-odrzani-6-dani-neretve\/","url":"https:\/\/likemetkovic.hr\/protekloga-vikenda-zagrebu-odrzani-6-dani-neretve\/","name":"Protekloga vikenda su u Zagrebu odr\u017eani 6. Dani Neretve - likemetkovic.hr","isPartOf":{"@id":"https:\/\/likemetkovic.hr\/#website"},"primaryImageOfPage":{"@id":"https:\/\/likemetkovic.hr\/protekloga-vikenda-zagrebu-odrzani-6-dani-neretve\/#primaryimage"},"image":{"@id":"https:\/\/likemetkovic.hr\/protekloga-vikenda-zagrebu-odrzani-6-dani-neretve\/#primaryimage"},"thumbnailUrl":"https:\/\/likemetkovic.hr\/portal\/wp-content\/uploads\/2017\/10\/dan-neretve-3.jpg","datePublished":"2017-10-16T13:08:05+00:00","dateModified":"2017-10-16T13:12:46+00:00","author":{"@id":"https:\/\/likemetkovic.hr\/#\/schema\/person\/a42711f3385a0e2be6f7e0443bfb28f0"},"breadcrumb":{"@id":"https:\/\/likemetkovic.hr\/protekloga-vikenda-zagrebu-odrzani-6-dani-neretve\/#breadcrumb"},"inLanguage":"hr","potentialAction":[{"@type":"ReadAction","target":["https:\/\/likemetkovic.hr\/protekloga-vikenda-zagrebu-odrzani-6-dani-neretve\/"]}]},{"@type":"ImageObject","inLanguage":"hr","@id":"https:\/\/likemetkovic.hr\/protekloga-vikenda-zagrebu-odrzani-6-dani-neretve\/#primaryimage","url":"https:\/\/likemetkovic.hr\/portal\/wp-content\/uploads\/2017\/10\/dan-neretve-3.jpg","contentUrl":"https:\/\/likemetkovic.hr\/portal\/wp-content\/uploads\/2017\/10\/dan-neretve-3.jpg","width":960,"height":720},{"@type":"BreadcrumbList","@id":"https:\/\/likemetkovic.hr\/protekloga-vikenda-zagrebu-odrzani-6-dani-neretve\/#breadcrumb","itemListElement":[{"@type":"ListItem","position":1,"name":"Po\u010detna stranica","item":"https:\/\/likemetkovic.hr\/portal\/"},{"@type":"ListItem","position":2,"name":"Protekloga vikenda su u Zagrebu odr\u017eani 6. Dani Neretve"}]},{"@type":"WebSite","@id":"https:\/\/likemetkovic.hr\/#website","url":"https:\/\/likemetkovic.hr\/","name":"likemetkovic.hr","description":"Misli pozitivno... \u010ditaj LIKE","potentialAction":[{"@type":"SearchAction","target":{"@type":"EntryPoint","urlTemplate":"https:\/\/likemetkovic.hr\/?s={search_term_string}"},"query-input":{"@type":"PropertyValueSpecification","valueRequired":true,"valueName":"search_term_string"}}],"inLanguage":"hr"},{"@type":"Person","@id":"https:\/\/likemetkovic.hr\/#\/schema\/person\/a42711f3385a0e2be6f7e0443bfb28f0","name":"LIKEmetkovic.hr","sameAs":["http:\/\/likemetkovic.hr"],"url":"https:\/\/likemetkovic.hr\/portal\/author\/likemetkovic-hr\/"}]}},"_links":{"self":[{"href":"https:\/\/likemetkovic.hr\/portal\/wp-json\/wp\/v2\/posts\/48133","targetHints":{"allow":["GET"]}}],"collection":[{"href":"https:\/\/likemetkovic.hr\/portal\/wp-json\/wp\/v2\/posts"}],"about":[{"href":"https:\/\/likemetkovic.hr\/portal\/wp-json\/wp\/v2\/types\/post"}],"author":[{"embeddable":true,"href":"https:\/\/likemetkovic.hr\/portal\/wp-json\/wp\/v2\/users\/7"}],"replies":[{"embeddable":true,"href":"https:\/\/likemetkovic.hr\/portal\/wp-json\/wp\/v2\/comments?post=48133"}],"version-history":[{"count":0,"href":"https:\/\/likemetkovic.hr\/portal\/wp-json\/wp\/v2\/posts\/48133\/revisions"}],"wp:featuredmedia":[{"embeddable":true,"href":"https:\/\/likemetkovic.hr\/portal\/wp-json\/wp\/v2\/media\/48142"}],"wp:attachment":[{"href":"https:\/\/likemetkovic.hr\/portal\/wp-json\/wp\/v2\/media?parent=48133"}],"wp:term":[{"taxonomy":"category","embeddable":true,"href":"https:\/\/likemetkovic.hr\/portal\/wp-json\/wp\/v2\/categories?post=48133"},{"taxonomy":"post_tag","embeddable":true,"href":"https:\/\/likemetkovic.hr\/portal\/wp-json\/wp\/v2\/tags?post=48133"}],"curies":[{"name":"wp","href":"https:\/\/api.w.org\/{rel}","templated":true}]}}