{"id":48285,"date":"2017-10-19T18:09:31","date_gmt":"2017-10-19T16:09:31","guid":{"rendered":"http:\/\/likemetkovic.hr\/?p=48285"},"modified":"2017-10-19T18:09:31","modified_gmt":"2017-10-19T16:09:31","slug":"predstavljena-knjiga-vlade-stimca-elektrifikacija-opcina-metkovic-opuzen-ploce-i-vrgorac","status":"publish","type":"post","link":"https:\/\/likemetkovic.hr\/portal\/predstavljena-knjiga-vlade-stimca-elektrifikacija-opcina-metkovic-opuzen-ploce-i-vrgorac\/","title":{"rendered":"Predstavljena knjiga Vlade \u0160timca: Elektrifikacija op\u0107ina Metkovi\u0107, Opuzen, Plo\u010de i Vrgorac"},"content":{"rendered":"<p align=\"justify\"><span style=\"font-family: Verdana;\">Vladislav Vlado \u0160timac, dugogodi\u0161nji rukovoditelj Elektrodalmacijina pogona u Metkovi\u0107u (koji je jedno vrijeme bio OOUR Elektroneretva Metkovi\u0107) sino\u0107 je u Galeriji GKS-a predstavio svoju knjigu\u00a0<i>Elektrifikacija op\u0107ina Metkovi\u0107, Opuzen, Plo\u010de i Vrgorac<\/i>, u kojoj je dao povijesni i tehni\u010dki pregled uvo\u0111enja i \u0161irenja elektroopskrbe u na\u0161im krajevima.<\/span><\/p>\n<p class=\"vijest2\">Iz knjige saznajemo da je prvi agregat za proizvodnju elektri\u010dne energije u Metkovi\u0107u proradio 19. o\u017eujka 1900. godine u privatnoj tvrtki Vida Glu\u0161\u010devi\u0107a koja je imala mlin i postrojenje za bojanje tkanine, tzv. tangeriju. Grad je dijelom elektrificiran kada je 1939. izgra\u0111ena vlastita elektri\u010dna centrala \u010diji je generator bio snage 40 kVA, otprilike 40 kW. To danas ne bi bilo dovoljno za pogon 40 gla\u010dala, no tada su tro\u0161ila ve\u0107inom bila \u017earulje, pokoji re\u0161o ili, jo\u0161 rje\u0111e, radioaparat. U knjizi postoji podatak da je ta dizelskim gorivom pokretana centrala 1941. godine ukupno proizvela 38.000 kWh elektri\u010dne energije. Tako je bilo sve do 1942., kada je Metkovi\u0107 5-kilovoltnim dalekovodom spojen na centralu u Mostaru. Snaga transformatora u Metkovi\u0107u bila je 100 kVA i tako je potrajalo do 1951., kada je u Ora\u0161ini izgra\u0111ena trafostanica 30\/10 kV. Stanje se zna\u010dajnije popravlja 1957., kada je zajedni\u010dkim sredstvima Elekrodalmacije i Duhanske stanice Metkovi\u0107 (Vaga) u krugu toga poduze\u0107a izra\u0111ena 10\/0.4 kV trafostanica.<\/p>\n<p class=\"vijest2\">Kako je rekao autor, \u0161ezdesetih, a naro\u010dito sedamdesetih godina u dolini Neretve nagla je industrijalizacija i enormno rastu potrebe za elektri\u010dnom energijom pa se ubudu\u0107e govori o desecima megavata koji su potrebni gospodarskim subjektima. Rje\u0161enje je na\u0111eno u izgradnji velike 110\/35\/20 kV trafostanice u Lukama nasuprot Opuzenu. Prije toga su od poduze\u0107a u dolini Neretve prikupljeni podatci o njihovim potrebama za energijom s projekcijom na pet i deset godina pa se pokazalo da PIK Opuzen treba 18 MW, Luka Plo\u010de 8 MW, a Azbest 4 MW itd.<\/p>\n<p class=\"vijest2\">G. \u0160timac je na predstavljanju knjige iznio i niz osobnih iskustava i zapa\u017eanja skupljenih tijekom svih godina rada u elektroopskrbi, a na najnoviji organizacijski ustroj u elektroopskrbi osvrnuo se Nedjeljko Mili\u0107, sada\u0161nji direktor HEP-ODOS-ova Pogona Metkovi\u0107.<\/p>\n<p class=\"vijest2\">Predstavljanje knjige, tiskane u nakladi Rizman d.o.o., moderirala je Romana Gabri\u0107, a na njemu su \u010dlanove obitelji, prijatelje i druge gra\u0111ane bili i mnogi \u0160tim\u010devi radni kolege.<\/p>\n<p>Tekst i foto: Ivica Puljan<\/p>\n","protected":false},"excerpt":{"rendered":"<p>Vladislav Vlado \u0160timac, dugogodi\u0161nji rukovoditelj Elektrodalmacijina pogona u Metkovi\u0107u (koji je jedno vrijeme bio OOUR Elektroneretva Metkovi\u0107) sino\u0107 je u Galeriji GKS-a predstavio svoju knjigu\u00a0Elektrifikacija op\u0107ina Metkovi\u0107, Opuzen, Plo\u010de i Vrgorac, u kojoj je dao povijesni i tehni\u010dki pregled uvo\u0111enja i \u0161irenja elektroopskrbe u na\u0161im krajevima. Iz knjige saznajemo da je prvi agregat za proizvodnju [&hellip;]<\/p>\n","protected":false},"author":7,"featured_media":48286,"comment_status":"open","ping_status":"open","sticky":false,"template":"","format":"standard","meta":{"footnotes":""},"categories":[296,11],"tags":[1667,1666],"class_list":{"0":"post-48285","1":"post","2":"type-post","3":"status-publish","4":"format-standard","5":"has-post-thumbnail","7":"category-ab","8":"category-metkovic-dolina","9":"tag-elektifikacija-doline-neretve","10":"tag-vlado-stimac"},"yoast_head":"<!-- This site is optimized with the Yoast SEO plugin v25.2 - https:\/\/yoast.com\/wordpress\/plugins\/seo\/ -->\n<title>Predstavljena knjiga Vlade \u0160timca: Elektrifikacija op\u0107ina Metkovi\u0107, Opuzen, Plo\u010de i Vrgorac - likemetkovic.hr<\/title>\n<meta name=\"robots\" content=\"index, follow, max-snippet:-1, max-image-preview:large, max-video-preview:-1\" \/>\n<link rel=\"canonical\" href=\"https:\/\/likemetkovic.hr\/predstavljena-knjiga-vlade-stimca-elektrifikacija-opcina-metkovic-opuzen-ploce-i-vrgorac\/\" \/>\n<meta property=\"og:locale\" content=\"hr_HR\" \/>\n<meta property=\"og:type\" content=\"article\" \/>\n<meta property=\"og:title\" content=\"Predstavljena knjiga Vlade \u0160timca: Elektrifikacija op\u0107ina Metkovi\u0107, Opuzen, Plo\u010de i Vrgorac - likemetkovic.hr\" \/>\n<meta property=\"og:description\" content=\"Vladislav Vlado \u0160timac, dugogodi\u0161nji rukovoditelj Elektrodalmacijina pogona u Metkovi\u0107u (koji je jedno vrijeme bio OOUR Elektroneretva Metkovi\u0107) sino\u0107 je u Galeriji GKS-a predstavio svoju knjigu\u00a0Elektrifikacija op\u0107ina Metkovi\u0107, Opuzen, Plo\u010de i Vrgorac, u kojoj je dao povijesni i tehni\u010dki pregled uvo\u0111enja i \u0161irenja elektroopskrbe u na\u0161im krajevima. Iz knjige saznajemo da je prvi agregat za proizvodnju [&hellip;]\" \/>\n<meta property=\"og:url\" content=\"https:\/\/likemetkovic.hr\/predstavljena-knjiga-vlade-stimca-elektrifikacija-opcina-metkovic-opuzen-ploce-i-vrgorac\/\" \/>\n<meta property=\"og:site_name\" content=\"likemetkovic.hr\" \/>\n<meta property=\"article:publisher\" content=\"https:\/\/www.facebook.com\/likemetkovic.hr\/\" \/>\n<meta property=\"article:published_time\" content=\"2017-10-19T16:09:31+00:00\" \/>\n<meta property=\"og:image\" content=\"https:\/\/likemetkovic.hr\/wp-content\/uploads\/2017\/10\/vlado-\u0161timac-1.jpg\" \/>\n\t<meta property=\"og:image:width\" content=\"900\" \/>\n\t<meta property=\"og:image:height\" content=\"600\" \/>\n\t<meta property=\"og:image:type\" content=\"image\/jpeg\" \/>\n<meta name=\"author\" content=\"LIKEmetkovic.hr\" \/>\n<meta name=\"twitter:card\" content=\"summary_large_image\" \/>\n<meta name=\"twitter:label1\" content=\"Napisao\/la\" \/>\n\t<meta name=\"twitter:data1\" content=\"LIKEmetkovic.hr\" \/>\n\t<meta name=\"twitter:label2\" content=\"Procijenjeno vrijeme \u010ditanja\" \/>\n\t<meta name=\"twitter:data2\" content=\"2 minute\" \/>\n<script type=\"application\/ld+json\" class=\"yoast-schema-graph\">{\"@context\":\"https:\/\/schema.org\",\"@graph\":[{\"@type\":\"WebPage\",\"@id\":\"https:\/\/likemetkovic.hr\/predstavljena-knjiga-vlade-stimca-elektrifikacija-opcina-metkovic-opuzen-ploce-i-vrgorac\/\",\"url\":\"https:\/\/likemetkovic.hr\/predstavljena-knjiga-vlade-stimca-elektrifikacija-opcina-metkovic-opuzen-ploce-i-vrgorac\/\",\"name\":\"Predstavljena knjiga Vlade \u0160timca: Elektrifikacija op\u0107ina Metkovi\u0107, Opuzen, Plo\u010de i Vrgorac - likemetkovic.hr\",\"isPartOf\":{\"@id\":\"https:\/\/likemetkovic.hr\/#website\"},\"primaryImageOfPage\":{\"@id\":\"https:\/\/likemetkovic.hr\/predstavljena-knjiga-vlade-stimca-elektrifikacija-opcina-metkovic-opuzen-ploce-i-vrgorac\/#primaryimage\"},\"image\":{\"@id\":\"https:\/\/likemetkovic.hr\/predstavljena-knjiga-vlade-stimca-elektrifikacija-opcina-metkovic-opuzen-ploce-i-vrgorac\/#primaryimage\"},\"thumbnailUrl\":\"https:\/\/likemetkovic.hr\/portal\/wp-content\/uploads\/2017\/10\/vlado-\u0161timac-1.jpg\",\"datePublished\":\"2017-10-19T16:09:31+00:00\",\"author\":{\"@id\":\"https:\/\/likemetkovic.hr\/#\/schema\/person\/a42711f3385a0e2be6f7e0443bfb28f0\"},\"breadcrumb\":{\"@id\":\"https:\/\/likemetkovic.hr\/predstavljena-knjiga-vlade-stimca-elektrifikacija-opcina-metkovic-opuzen-ploce-i-vrgorac\/#breadcrumb\"},\"inLanguage\":\"hr\",\"potentialAction\":[{\"@type\":\"ReadAction\",\"target\":[\"https:\/\/likemetkovic.hr\/predstavljena-knjiga-vlade-stimca-elektrifikacija-opcina-metkovic-opuzen-ploce-i-vrgorac\/\"]}]},{\"@type\":\"ImageObject\",\"inLanguage\":\"hr\",\"@id\":\"https:\/\/likemetkovic.hr\/predstavljena-knjiga-vlade-stimca-elektrifikacija-opcina-metkovic-opuzen-ploce-i-vrgorac\/#primaryimage\",\"url\":\"https:\/\/likemetkovic.hr\/portal\/wp-content\/uploads\/2017\/10\/vlado-\u0161timac-1.jpg\",\"contentUrl\":\"https:\/\/likemetkovic.hr\/portal\/wp-content\/uploads\/2017\/10\/vlado-\u0161timac-1.jpg\",\"width\":900,\"height\":600},{\"@type\":\"BreadcrumbList\",\"@id\":\"https:\/\/likemetkovic.hr\/predstavljena-knjiga-vlade-stimca-elektrifikacija-opcina-metkovic-opuzen-ploce-i-vrgorac\/#breadcrumb\",\"itemListElement\":[{\"@type\":\"ListItem\",\"position\":1,\"name\":\"Po\u010detna stranica\",\"item\":\"https:\/\/likemetkovic.hr\/portal\/\"},{\"@type\":\"ListItem\",\"position\":2,\"name\":\"Predstavljena knjiga Vlade \u0160timca: Elektrifikacija op\u0107ina Metkovi\u0107, Opuzen, Plo\u010de i Vrgorac\"}]},{\"@type\":\"WebSite\",\"@id\":\"https:\/\/likemetkovic.hr\/#website\",\"url\":\"https:\/\/likemetkovic.hr\/\",\"name\":\"likemetkovic.hr\",\"description\":\"Misli pozitivno... \u010ditaj LIKE\",\"potentialAction\":[{\"@type\":\"SearchAction\",\"target\":{\"@type\":\"EntryPoint\",\"urlTemplate\":\"https:\/\/likemetkovic.hr\/?s={search_term_string}\"},\"query-input\":{\"@type\":\"PropertyValueSpecification\",\"valueRequired\":true,\"valueName\":\"search_term_string\"}}],\"inLanguage\":\"hr\"},{\"@type\":\"Person\",\"@id\":\"https:\/\/likemetkovic.hr\/#\/schema\/person\/a42711f3385a0e2be6f7e0443bfb28f0\",\"name\":\"LIKEmetkovic.hr\",\"sameAs\":[\"http:\/\/likemetkovic.hr\"],\"url\":\"https:\/\/likemetkovic.hr\/portal\/author\/likemetkovic-hr\/\"}]}<\/script>\n<!-- \/ Yoast SEO plugin. -->","yoast_head_json":{"title":"Predstavljena knjiga Vlade \u0160timca: Elektrifikacija op\u0107ina Metkovi\u0107, Opuzen, Plo\u010de i Vrgorac - likemetkovic.hr","robots":{"index":"index","follow":"follow","max-snippet":"max-snippet:-1","max-image-preview":"max-image-preview:large","max-video-preview":"max-video-preview:-1"},"canonical":"https:\/\/likemetkovic.hr\/predstavljena-knjiga-vlade-stimca-elektrifikacija-opcina-metkovic-opuzen-ploce-i-vrgorac\/","og_locale":"hr_HR","og_type":"article","og_title":"Predstavljena knjiga Vlade \u0160timca: Elektrifikacija op\u0107ina Metkovi\u0107, Opuzen, Plo\u010de i Vrgorac - likemetkovic.hr","og_description":"Vladislav Vlado \u0160timac, dugogodi\u0161nji rukovoditelj Elektrodalmacijina pogona u Metkovi\u0107u (koji je jedno vrijeme bio OOUR Elektroneretva Metkovi\u0107) sino\u0107 je u Galeriji GKS-a predstavio svoju knjigu\u00a0Elektrifikacija op\u0107ina Metkovi\u0107, Opuzen, Plo\u010de i Vrgorac, u kojoj je dao povijesni i tehni\u010dki pregled uvo\u0111enja i \u0161irenja elektroopskrbe u na\u0161im krajevima. Iz knjige saznajemo da je prvi agregat za proizvodnju [&hellip;]","og_url":"https:\/\/likemetkovic.hr\/predstavljena-knjiga-vlade-stimca-elektrifikacija-opcina-metkovic-opuzen-ploce-i-vrgorac\/","og_site_name":"likemetkovic.hr","article_publisher":"https:\/\/www.facebook.com\/likemetkovic.hr\/","article_published_time":"2017-10-19T16:09:31+00:00","og_image":[{"width":900,"height":600,"url":"https:\/\/likemetkovic.hr\/wp-content\/uploads\/2017\/10\/vlado-\u0161timac-1.jpg","type":"image\/jpeg"}],"author":"LIKEmetkovic.hr","twitter_card":"summary_large_image","twitter_misc":{"Napisao\/la":"LIKEmetkovic.hr","Procijenjeno vrijeme \u010ditanja":"2 minute"},"schema":{"@context":"https:\/\/schema.org","@graph":[{"@type":"WebPage","@id":"https:\/\/likemetkovic.hr\/predstavljena-knjiga-vlade-stimca-elektrifikacija-opcina-metkovic-opuzen-ploce-i-vrgorac\/","url":"https:\/\/likemetkovic.hr\/predstavljena-knjiga-vlade-stimca-elektrifikacija-opcina-metkovic-opuzen-ploce-i-vrgorac\/","name":"Predstavljena knjiga Vlade \u0160timca: Elektrifikacija op\u0107ina Metkovi\u0107, Opuzen, Plo\u010de i Vrgorac - likemetkovic.hr","isPartOf":{"@id":"https:\/\/likemetkovic.hr\/#website"},"primaryImageOfPage":{"@id":"https:\/\/likemetkovic.hr\/predstavljena-knjiga-vlade-stimca-elektrifikacija-opcina-metkovic-opuzen-ploce-i-vrgorac\/#primaryimage"},"image":{"@id":"https:\/\/likemetkovic.hr\/predstavljena-knjiga-vlade-stimca-elektrifikacija-opcina-metkovic-opuzen-ploce-i-vrgorac\/#primaryimage"},"thumbnailUrl":"https:\/\/likemetkovic.hr\/portal\/wp-content\/uploads\/2017\/10\/vlado-\u0161timac-1.jpg","datePublished":"2017-10-19T16:09:31+00:00","author":{"@id":"https:\/\/likemetkovic.hr\/#\/schema\/person\/a42711f3385a0e2be6f7e0443bfb28f0"},"breadcrumb":{"@id":"https:\/\/likemetkovic.hr\/predstavljena-knjiga-vlade-stimca-elektrifikacija-opcina-metkovic-opuzen-ploce-i-vrgorac\/#breadcrumb"},"inLanguage":"hr","potentialAction":[{"@type":"ReadAction","target":["https:\/\/likemetkovic.hr\/predstavljena-knjiga-vlade-stimca-elektrifikacija-opcina-metkovic-opuzen-ploce-i-vrgorac\/"]}]},{"@type":"ImageObject","inLanguage":"hr","@id":"https:\/\/likemetkovic.hr\/predstavljena-knjiga-vlade-stimca-elektrifikacija-opcina-metkovic-opuzen-ploce-i-vrgorac\/#primaryimage","url":"https:\/\/likemetkovic.hr\/portal\/wp-content\/uploads\/2017\/10\/vlado-\u0161timac-1.jpg","contentUrl":"https:\/\/likemetkovic.hr\/portal\/wp-content\/uploads\/2017\/10\/vlado-\u0161timac-1.jpg","width":900,"height":600},{"@type":"BreadcrumbList","@id":"https:\/\/likemetkovic.hr\/predstavljena-knjiga-vlade-stimca-elektrifikacija-opcina-metkovic-opuzen-ploce-i-vrgorac\/#breadcrumb","itemListElement":[{"@type":"ListItem","position":1,"name":"Po\u010detna stranica","item":"https:\/\/likemetkovic.hr\/portal\/"},{"@type":"ListItem","position":2,"name":"Predstavljena knjiga Vlade \u0160timca: Elektrifikacija op\u0107ina Metkovi\u0107, Opuzen, Plo\u010de i Vrgorac"}]},{"@type":"WebSite","@id":"https:\/\/likemetkovic.hr\/#website","url":"https:\/\/likemetkovic.hr\/","name":"likemetkovic.hr","description":"Misli pozitivno... \u010ditaj LIKE","potentialAction":[{"@type":"SearchAction","target":{"@type":"EntryPoint","urlTemplate":"https:\/\/likemetkovic.hr\/?s={search_term_string}"},"query-input":{"@type":"PropertyValueSpecification","valueRequired":true,"valueName":"search_term_string"}}],"inLanguage":"hr"},{"@type":"Person","@id":"https:\/\/likemetkovic.hr\/#\/schema\/person\/a42711f3385a0e2be6f7e0443bfb28f0","name":"LIKEmetkovic.hr","sameAs":["http:\/\/likemetkovic.hr"],"url":"https:\/\/likemetkovic.hr\/portal\/author\/likemetkovic-hr\/"}]}},"_links":{"self":[{"href":"https:\/\/likemetkovic.hr\/portal\/wp-json\/wp\/v2\/posts\/48285","targetHints":{"allow":["GET"]}}],"collection":[{"href":"https:\/\/likemetkovic.hr\/portal\/wp-json\/wp\/v2\/posts"}],"about":[{"href":"https:\/\/likemetkovic.hr\/portal\/wp-json\/wp\/v2\/types\/post"}],"author":[{"embeddable":true,"href":"https:\/\/likemetkovic.hr\/portal\/wp-json\/wp\/v2\/users\/7"}],"replies":[{"embeddable":true,"href":"https:\/\/likemetkovic.hr\/portal\/wp-json\/wp\/v2\/comments?post=48285"}],"version-history":[{"count":0,"href":"https:\/\/likemetkovic.hr\/portal\/wp-json\/wp\/v2\/posts\/48285\/revisions"}],"wp:featuredmedia":[{"embeddable":true,"href":"https:\/\/likemetkovic.hr\/portal\/wp-json\/wp\/v2\/media\/48286"}],"wp:attachment":[{"href":"https:\/\/likemetkovic.hr\/portal\/wp-json\/wp\/v2\/media?parent=48285"}],"wp:term":[{"taxonomy":"category","embeddable":true,"href":"https:\/\/likemetkovic.hr\/portal\/wp-json\/wp\/v2\/categories?post=48285"},{"taxonomy":"post_tag","embeddable":true,"href":"https:\/\/likemetkovic.hr\/portal\/wp-json\/wp\/v2\/tags?post=48285"}],"curies":[{"name":"wp","href":"https:\/\/api.w.org\/{rel}","templated":true}]}}