{"id":48433,"date":"2017-10-23T13:52:12","date_gmt":"2017-10-23T11:52:12","guid":{"rendered":"http:\/\/likemetkovic.hr\/?p=48433"},"modified":"2017-10-23T14:03:35","modified_gmt":"2017-10-23T12:03:35","slug":"odrzana-manifestacija-dani-mandarina-2017-u-opuzenu","status":"publish","type":"post","link":"https:\/\/likemetkovic.hr\/portal\/odrzana-manifestacija-dani-mandarina-2017-u-opuzenu\/","title":{"rendered":"Odr\u017eana manifestacija &#8220;Dani mandarina 2017.&#8221; u Opuzenu"},"content":{"rendered":"<p>Srednja poljoprivredna i tehni\u010dka \u0161kola Opuzen organizirala je manifestaciju <strong>Dani mandarina 2017.<\/strong> od 20. do 22. listopada u Opuzenu. \u0160kolski okoli\u0161 bio je ukra\u0161en raznim skulpturama od mandarina pa su tako napravljeni Stari most, jegulja, trupa, crkva i lopo\u010d.\u00a0Kolektiv \u0161kole je na taj na\u010din inovativno prezentirao Neretvu i mandarinu kao vrijedan agroturisti\u010dki proizvod.<\/p>\n<h4>Neiskori\u0161tene mandarine razdijeljene potrebitima<\/h4>\n<p><img decoding=\"async\" class=\"wp-image-48436 alignleft\" src=\"http:\/\/likemetkovic.hr\/wp-content\/uploads\/2017\/10\/dani-mandarina-5.jpg\" alt=\"\" width=\"277\" height=\"390\" srcset=\"https:\/\/likemetkovic.hr\/portal\/wp-content\/uploads\/2017\/10\/dani-mandarina-5.jpg 500w, https:\/\/likemetkovic.hr\/portal\/wp-content\/uploads\/2017\/10\/dani-mandarina-5-298x420.jpg 298w\" sizes=\"(max-width: 277px) 100vw, 277px\" \/>Za potrebe manifestacije od neretvanskih otkupljiva\u010da vo\u0107a i povr\u0107a prikupljene su dovoljne koli\u010dine mandarina za ukra\u0161avanje okoli\u0161a \u0161kole i skulptura od mandarina.<\/p>\n<p>Ostatak mandarina ravnateljica \u0161kole Ivana Filipovi\u0107 predala je ravnatelju Centra za socijalnu skrb u Metkovi\u0107u Vatroslavu Vugdjeliji koji \u0107e potom mandarine razdijeliti udruzi Leptiri\u0107i, udruzi Prijatelji, udruzi Otac Ante Gabri\u0107 kao i ostalim potrebitima.<\/p>\n<p>Organizatori zahvaljuju tvrtkama NTL \u00a0d.o.o, Filip vo\u0107e d.o.o., \u00a0Vagros d.o.o., Marinada d.o.o., Jasenska d.o.o., Frigo Bonsai d.o.o. i Mandarinko d.o.o. na donacijama mandarina.<\/p>\n<h4>U\u010denici iz Knina na &#8220;Danima mandarina&#8221; u Opuzenu<\/h4>\n<p>Manifestaciju Dani mandarina posjetili su i u\u010denici srednje \u0161kole iz Knina. Nakon obilaska Neretve, posjeta neretvanskih muzeja, berbe mandarina, u\u010denici iz Knina posjetili su izlo\u017ebu skulptura od mandarina. U sklopu ove manifestacije odr\u017ean je i \u0161ahovski turnir, turnir u tre\u0161eti,gaming turnir kao i Mandarina party na kojima su sudjelovali i u\u010denici Osnovne \u0161kole Stjepana Radi\u0107a i Osnovne \u0161kole don Mihovila Pavlinovi\u0107a kao i \u0161ahovski klubovi iz Metkovi\u0107a.<\/p>\n<p><img decoding=\"async\" class=\"wp-image-48437 aligncenter\" src=\"http:\/\/likemetkovic.hr\/wp-content\/uploads\/2017\/10\/dani-mandarina.jpg\" alt=\"\" width=\"593\" height=\"333\" srcset=\"https:\/\/likemetkovic.hr\/portal\/wp-content\/uploads\/2017\/10\/dani-mandarina.jpg 900w, https:\/\/likemetkovic.hr\/portal\/wp-content\/uploads\/2017\/10\/dani-mandarina-800x450.jpg 800w, https:\/\/likemetkovic.hr\/portal\/wp-content\/uploads\/2017\/10\/dani-mandarina-768x432.jpg 768w, https:\/\/likemetkovic.hr\/portal\/wp-content\/uploads\/2017\/10\/dani-mandarina-696x391.jpg 696w, https:\/\/likemetkovic.hr\/portal\/wp-content\/uploads\/2017\/10\/dani-mandarina-747x420.jpg 747w\" sizes=\"(max-width: 593px) 100vw, 593px\" \/><\/p>\n<p>Tijekom trajanja manifestacije izlo\u017ebene \u0161tandove\u00a0za turisti\u010dke obilaske\u00a0imali su Udruga Prijatelji, Udruga &#8220;MI&#8221; iz Komina, Dje\u010dji vrti\u0107 Opuzen, Dajana \u010coti\u0107 te U\u010deni\u010dka zadruga Srednje poljoprivredne i tehni\u010dke \u0161kole.<\/p>\n<p>Foto: Ivo O\u017ei\u0107, SS Opuzen<\/p>\n","protected":false},"excerpt":{"rendered":"<p>Srednja poljoprivredna i tehni\u010dka \u0161kola Opuzen organizirala je manifestaciju Dani mandarina 2017. od 20. do 22. listopada u Opuzenu. \u0160kolski okoli\u0161 bio je ukra\u0161en raznim skulpturama od mandarina pa su tako napravljeni Stari most, jegulja, trupa, crkva i lopo\u010d.\u00a0Kolektiv \u0161kole je na taj na\u010din inovativno prezentirao Neretvu i mandarinu kao vrijedan agroturisti\u010dki proizvod. Neiskori\u0161tene mandarine [&hellip;]<\/p>\n","protected":false},"author":7,"featured_media":48439,"comment_status":"open","ping_status":"open","sticky":false,"template":"","format":"standard","meta":{"footnotes":""},"categories":[283,11],"tags":[1681,577,1682],"class_list":{"0":"post-48433","1":"post","2":"type-post","3":"status-publish","4":"format-standard","5":"has-post-thumbnail","7":"category-a","8":"category-metkovic-dolina","9":"tag-dani-mandrina","10":"tag-opuzen","11":"tag-srednja-poljoprivredna-skola"},"yoast_head":"<!-- This site is optimized with the Yoast SEO plugin v25.2 - https:\/\/yoast.com\/wordpress\/plugins\/seo\/ -->\n<title>Odr\u017eana manifestacija &quot;Dani mandarina 2017.&quot; u Opuzenu - likemetkovic.hr<\/title>\n<meta name=\"description\" content=\"Srednja poljoprivredna i tehni\u010dka \u0161kola Opuzen organizirala je manifestaciju Dani mandarina 2017. od 20. do 22. listopada u Opuzenu.\" \/>\n<meta name=\"robots\" content=\"index, follow, max-snippet:-1, max-image-preview:large, max-video-preview:-1\" \/>\n<link rel=\"canonical\" href=\"https:\/\/likemetkovic.hr\/odrzana-manifestacija-dani-mandarina-2017-u-opuzenu\/\" \/>\n<meta property=\"og:locale\" content=\"hr_HR\" \/>\n<meta property=\"og:type\" content=\"article\" \/>\n<meta property=\"og:title\" content=\"Odr\u017eana manifestacija &quot;Dani mandarina 2017.&quot; u Opuzenu - likemetkovic.hr\" \/>\n<meta property=\"og:description\" content=\"Srednja poljoprivredna i tehni\u010dka \u0161kola Opuzen organizirala je manifestaciju Dani mandarina 2017. od 20. do 22. listopada u Opuzenu.\" \/>\n<meta property=\"og:url\" content=\"https:\/\/likemetkovic.hr\/odrzana-manifestacija-dani-mandarina-2017-u-opuzenu\/\" \/>\n<meta property=\"og:site_name\" content=\"likemetkovic.hr\" \/>\n<meta property=\"article:publisher\" content=\"https:\/\/www.facebook.com\/likemetkovic.hr\/\" \/>\n<meta property=\"article:published_time\" content=\"2017-10-23T11:52:12+00:00\" \/>\n<meta property=\"article:modified_time\" content=\"2017-10-23T12:03:35+00:00\" \/>\n<meta property=\"og:image\" content=\"https:\/\/likemetkovic.hr\/wp-content\/uploads\/2017\/10\/dani-mandarina-6.jpg\" \/>\n\t<meta property=\"og:image:width\" content=\"900\" \/>\n\t<meta property=\"og:image:height\" content=\"600\" \/>\n\t<meta property=\"og:image:type\" content=\"image\/jpeg\" \/>\n<meta name=\"author\" content=\"LIKEmetkovic.hr\" \/>\n<meta name=\"twitter:card\" content=\"summary_large_image\" \/>\n<meta name=\"twitter:label1\" content=\"Napisao\/la\" \/>\n\t<meta name=\"twitter:data1\" content=\"LIKEmetkovic.hr\" \/>\n\t<meta name=\"twitter:label2\" content=\"Procijenjeno vrijeme \u010ditanja\" \/>\n\t<meta name=\"twitter:data2\" content=\"1 minuta\" \/>\n<script type=\"application\/ld+json\" class=\"yoast-schema-graph\">{\"@context\":\"https:\/\/schema.org\",\"@graph\":[{\"@type\":\"WebPage\",\"@id\":\"https:\/\/likemetkovic.hr\/odrzana-manifestacija-dani-mandarina-2017-u-opuzenu\/\",\"url\":\"https:\/\/likemetkovic.hr\/odrzana-manifestacija-dani-mandarina-2017-u-opuzenu\/\",\"name\":\"Odr\u017eana manifestacija \\\"Dani mandarina 2017.\\\" u Opuzenu - likemetkovic.hr\",\"isPartOf\":{\"@id\":\"https:\/\/likemetkovic.hr\/#website\"},\"primaryImageOfPage\":{\"@id\":\"https:\/\/likemetkovic.hr\/odrzana-manifestacija-dani-mandarina-2017-u-opuzenu\/#primaryimage\"},\"image\":{\"@id\":\"https:\/\/likemetkovic.hr\/odrzana-manifestacija-dani-mandarina-2017-u-opuzenu\/#primaryimage\"},\"thumbnailUrl\":\"https:\/\/likemetkovic.hr\/portal\/wp-content\/uploads\/2017\/10\/dani-mandarina-6.jpg\",\"datePublished\":\"2017-10-23T11:52:12+00:00\",\"dateModified\":\"2017-10-23T12:03:35+00:00\",\"author\":{\"@id\":\"https:\/\/likemetkovic.hr\/#\/schema\/person\/a42711f3385a0e2be6f7e0443bfb28f0\"},\"description\":\"Srednja poljoprivredna i tehni\u010dka \u0161kola Opuzen organizirala je manifestaciju Dani mandarina 2017. od 20. do 22. listopada u Opuzenu.\",\"breadcrumb\":{\"@id\":\"https:\/\/likemetkovic.hr\/odrzana-manifestacija-dani-mandarina-2017-u-opuzenu\/#breadcrumb\"},\"inLanguage\":\"hr\",\"potentialAction\":[{\"@type\":\"ReadAction\",\"target\":[\"https:\/\/likemetkovic.hr\/odrzana-manifestacija-dani-mandarina-2017-u-opuzenu\/\"]}]},{\"@type\":\"ImageObject\",\"inLanguage\":\"hr\",\"@id\":\"https:\/\/likemetkovic.hr\/odrzana-manifestacija-dani-mandarina-2017-u-opuzenu\/#primaryimage\",\"url\":\"https:\/\/likemetkovic.hr\/portal\/wp-content\/uploads\/2017\/10\/dani-mandarina-6.jpg\",\"contentUrl\":\"https:\/\/likemetkovic.hr\/portal\/wp-content\/uploads\/2017\/10\/dani-mandarina-6.jpg\",\"width\":900,\"height\":600},{\"@type\":\"BreadcrumbList\",\"@id\":\"https:\/\/likemetkovic.hr\/odrzana-manifestacija-dani-mandarina-2017-u-opuzenu\/#breadcrumb\",\"itemListElement\":[{\"@type\":\"ListItem\",\"position\":1,\"name\":\"Po\u010detna stranica\",\"item\":\"https:\/\/likemetkovic.hr\/portal\/\"},{\"@type\":\"ListItem\",\"position\":2,\"name\":\"Odr\u017eana manifestacija &#8220;Dani mandarina 2017.&#8221; u Opuzenu\"}]},{\"@type\":\"WebSite\",\"@id\":\"https:\/\/likemetkovic.hr\/#website\",\"url\":\"https:\/\/likemetkovic.hr\/\",\"name\":\"likemetkovic.hr\",\"description\":\"Misli pozitivno... \u010ditaj LIKE\",\"potentialAction\":[{\"@type\":\"SearchAction\",\"target\":{\"@type\":\"EntryPoint\",\"urlTemplate\":\"https:\/\/likemetkovic.hr\/?s={search_term_string}\"},\"query-input\":{\"@type\":\"PropertyValueSpecification\",\"valueRequired\":true,\"valueName\":\"search_term_string\"}}],\"inLanguage\":\"hr\"},{\"@type\":\"Person\",\"@id\":\"https:\/\/likemetkovic.hr\/#\/schema\/person\/a42711f3385a0e2be6f7e0443bfb28f0\",\"name\":\"LIKEmetkovic.hr\",\"sameAs\":[\"http:\/\/likemetkovic.hr\"],\"url\":\"https:\/\/likemetkovic.hr\/portal\/author\/likemetkovic-hr\/\"}]}<\/script>\n<!-- \/ Yoast SEO plugin. -->","yoast_head_json":{"title":"Odr\u017eana manifestacija \"Dani mandarina 2017.\" u Opuzenu - likemetkovic.hr","description":"Srednja poljoprivredna i tehni\u010dka \u0161kola Opuzen organizirala je manifestaciju Dani mandarina 2017. od 20. do 22. listopada u Opuzenu.","robots":{"index":"index","follow":"follow","max-snippet":"max-snippet:-1","max-image-preview":"max-image-preview:large","max-video-preview":"max-video-preview:-1"},"canonical":"https:\/\/likemetkovic.hr\/odrzana-manifestacija-dani-mandarina-2017-u-opuzenu\/","og_locale":"hr_HR","og_type":"article","og_title":"Odr\u017eana manifestacija \"Dani mandarina 2017.\" u Opuzenu - likemetkovic.hr","og_description":"Srednja poljoprivredna i tehni\u010dka \u0161kola Opuzen organizirala je manifestaciju Dani mandarina 2017. od 20. do 22. listopada u Opuzenu.","og_url":"https:\/\/likemetkovic.hr\/odrzana-manifestacija-dani-mandarina-2017-u-opuzenu\/","og_site_name":"likemetkovic.hr","article_publisher":"https:\/\/www.facebook.com\/likemetkovic.hr\/","article_published_time":"2017-10-23T11:52:12+00:00","article_modified_time":"2017-10-23T12:03:35+00:00","og_image":[{"width":900,"height":600,"url":"https:\/\/likemetkovic.hr\/wp-content\/uploads\/2017\/10\/dani-mandarina-6.jpg","type":"image\/jpeg"}],"author":"LIKEmetkovic.hr","twitter_card":"summary_large_image","twitter_misc":{"Napisao\/la":"LIKEmetkovic.hr","Procijenjeno vrijeme \u010ditanja":"1 minuta"},"schema":{"@context":"https:\/\/schema.org","@graph":[{"@type":"WebPage","@id":"https:\/\/likemetkovic.hr\/odrzana-manifestacija-dani-mandarina-2017-u-opuzenu\/","url":"https:\/\/likemetkovic.hr\/odrzana-manifestacija-dani-mandarina-2017-u-opuzenu\/","name":"Odr\u017eana manifestacija \"Dani mandarina 2017.\" u Opuzenu - likemetkovic.hr","isPartOf":{"@id":"https:\/\/likemetkovic.hr\/#website"},"primaryImageOfPage":{"@id":"https:\/\/likemetkovic.hr\/odrzana-manifestacija-dani-mandarina-2017-u-opuzenu\/#primaryimage"},"image":{"@id":"https:\/\/likemetkovic.hr\/odrzana-manifestacija-dani-mandarina-2017-u-opuzenu\/#primaryimage"},"thumbnailUrl":"https:\/\/likemetkovic.hr\/portal\/wp-content\/uploads\/2017\/10\/dani-mandarina-6.jpg","datePublished":"2017-10-23T11:52:12+00:00","dateModified":"2017-10-23T12:03:35+00:00","author":{"@id":"https:\/\/likemetkovic.hr\/#\/schema\/person\/a42711f3385a0e2be6f7e0443bfb28f0"},"description":"Srednja poljoprivredna i tehni\u010dka \u0161kola Opuzen organizirala je manifestaciju Dani mandarina 2017. od 20. do 22. listopada u Opuzenu.","breadcrumb":{"@id":"https:\/\/likemetkovic.hr\/odrzana-manifestacija-dani-mandarina-2017-u-opuzenu\/#breadcrumb"},"inLanguage":"hr","potentialAction":[{"@type":"ReadAction","target":["https:\/\/likemetkovic.hr\/odrzana-manifestacija-dani-mandarina-2017-u-opuzenu\/"]}]},{"@type":"ImageObject","inLanguage":"hr","@id":"https:\/\/likemetkovic.hr\/odrzana-manifestacija-dani-mandarina-2017-u-opuzenu\/#primaryimage","url":"https:\/\/likemetkovic.hr\/portal\/wp-content\/uploads\/2017\/10\/dani-mandarina-6.jpg","contentUrl":"https:\/\/likemetkovic.hr\/portal\/wp-content\/uploads\/2017\/10\/dani-mandarina-6.jpg","width":900,"height":600},{"@type":"BreadcrumbList","@id":"https:\/\/likemetkovic.hr\/odrzana-manifestacija-dani-mandarina-2017-u-opuzenu\/#breadcrumb","itemListElement":[{"@type":"ListItem","position":1,"name":"Po\u010detna stranica","item":"https:\/\/likemetkovic.hr\/portal\/"},{"@type":"ListItem","position":2,"name":"Odr\u017eana manifestacija &#8220;Dani mandarina 2017.&#8221; u Opuzenu"}]},{"@type":"WebSite","@id":"https:\/\/likemetkovic.hr\/#website","url":"https:\/\/likemetkovic.hr\/","name":"likemetkovic.hr","description":"Misli pozitivno... \u010ditaj LIKE","potentialAction":[{"@type":"SearchAction","target":{"@type":"EntryPoint","urlTemplate":"https:\/\/likemetkovic.hr\/?s={search_term_string}"},"query-input":{"@type":"PropertyValueSpecification","valueRequired":true,"valueName":"search_term_string"}}],"inLanguage":"hr"},{"@type":"Person","@id":"https:\/\/likemetkovic.hr\/#\/schema\/person\/a42711f3385a0e2be6f7e0443bfb28f0","name":"LIKEmetkovic.hr","sameAs":["http:\/\/likemetkovic.hr"],"url":"https:\/\/likemetkovic.hr\/portal\/author\/likemetkovic-hr\/"}]}},"_links":{"self":[{"href":"https:\/\/likemetkovic.hr\/portal\/wp-json\/wp\/v2\/posts\/48433","targetHints":{"allow":["GET"]}}],"collection":[{"href":"https:\/\/likemetkovic.hr\/portal\/wp-json\/wp\/v2\/posts"}],"about":[{"href":"https:\/\/likemetkovic.hr\/portal\/wp-json\/wp\/v2\/types\/post"}],"author":[{"embeddable":true,"href":"https:\/\/likemetkovic.hr\/portal\/wp-json\/wp\/v2\/users\/7"}],"replies":[{"embeddable":true,"href":"https:\/\/likemetkovic.hr\/portal\/wp-json\/wp\/v2\/comments?post=48433"}],"version-history":[{"count":0,"href":"https:\/\/likemetkovic.hr\/portal\/wp-json\/wp\/v2\/posts\/48433\/revisions"}],"wp:featuredmedia":[{"embeddable":true,"href":"https:\/\/likemetkovic.hr\/portal\/wp-json\/wp\/v2\/media\/48439"}],"wp:attachment":[{"href":"https:\/\/likemetkovic.hr\/portal\/wp-json\/wp\/v2\/media?parent=48433"}],"wp:term":[{"taxonomy":"category","embeddable":true,"href":"https:\/\/likemetkovic.hr\/portal\/wp-json\/wp\/v2\/categories?post=48433"},{"taxonomy":"post_tag","embeddable":true,"href":"https:\/\/likemetkovic.hr\/portal\/wp-json\/wp\/v2\/tags?post=48433"}],"curies":[{"name":"wp","href":"https:\/\/api.w.org\/{rel}","templated":true}]}}