{"id":48469,"date":"2017-10-24T23:01:36","date_gmt":"2017-10-24T21:01:36","guid":{"rendered":"http:\/\/likemetkovic.hr\/?p=48469"},"modified":"2017-10-25T13:12:20","modified_gmt":"2017-10-25T11:12:20","slug":"5-sjednicu-gradskog-vijeca-obiljezile-trzavice-unutar-vladajuce-koalicije","status":"publish","type":"post","link":"https:\/\/likemetkovic.hr\/portal\/5-sjednicu-gradskog-vijeca-obiljezile-trzavice-unutar-vladajuce-koalicije\/","title":{"rendered":"5. sjednicu Gradskog vije\u0107a obilje\u017eile trzavice unutar vladaju\u0107e koalicije"},"content":{"rendered":"<p>U prostorijama Zgrade politi\u010dkih stranaka u Metkovi\u0107u odr\u017eala se 24. listopada 2017. u popodnevnim satima 5. sjednica Gradskog vije\u0107a Grada Metkovi\u0107a. Premda nije bilo puno to\u010daka za raspraviti, sjednica je bila zanimljiva zbog o\u0161trih rije\u010di koje je Stipe Gabri\u0107 uputio aktualnoj gradskoj upravi i svom koalicijskom partneru HDZ-u prozivaju\u0107i ih da nisu ni\u0161ta napravili u ovih pet mjeseci. Svejedno je glasovao za sve to\u010dke koje su bile na dnevnom redu.<\/p>\n<p>Gradona\u010delnik Milan je pismeno obavijestio vije\u0107nike da je umjesto Vi\u0161nje Doko novi \u010dlan Nadzornog odbor Metkovi\u0107 razvoja d.o.o. <strong>Josip Kevo<\/strong>.<\/p>\n<p>Novi \u010dlan Gradskog vije\u0107a Grada Metkovi\u0107a je <strong>Petar Nikoli\u0107<\/strong> (Most) koji je zamijenio Kre\u0161imira Juri\u0107a, isti je i \u010dlan Mandatnog odbora.<\/p>\n<p>Prihva\u0107en je Prijedlog Polugodi\u0161njeg izvje\u0161taja o izvr\u0161enju Prora\u010duna Grada Metkovi\u0107a od 1.1.2017. do 30.6.2017.godine. Pri glasovanju o ovoj to\u010dki vije\u0107nici HDZ-a su bili suzdr\u017eani, a za prijedlog su glasovali vije\u0107nici Most-a, SDP-a i HSS-a.<\/p>\n<p>4. to\u010dka je bila Prijedlog Zaklju\u010dka o davanju prethodne suglasnosti na Pravilnik o unutarnjem ustrojstvu i na\u010dinu rada Dje\u010djeg vrti\u0107a Metkovi\u0107. Novim pravilnikom o unutarnjem ustroju DV Metkovi\u0107 otvaraju se\u00a0<strong>dva nova radna mjesta u administrativno-tehni\u010dkoj slu\u017ebi<\/strong>, i to:\u00a0tajnik i telefonski operater. Prvo je vije\u0107nik Kre\u0161imir Kuran (SDP) tra\u017eio da se umjesto predlo\u017eenih novih radnih mjesta otvori mogu\u0107nost zapo\u0161ljavanja stru\u010dnih osoba za rad s djecom. S tim se slo\u017eila i vije\u0107nica K. Ujdur te predlo\u017eila da se u odgojno stru\u010dnu slu\u017ebu uvrsti radno mjesto rehabilitator zbog djece s posebnim potrebama te da se tako formira potpuni stru\u010dni tim za potrebe takve djece. Pravilnik je dobio suglasnost Gradskog vije\u0107a za koji su glasovali vije\u0107nici HDZ-a, HSS-a i Mosta.<\/p>\n<p>U 5. to\u010dki se raspravljalo o Prijedlogu Zaklju\u010daka o davanju prethodne suglasnosti na Statutarnu odluku <strong>o izmjenama Statuta Prirodoslovnog muzeja<\/strong> <strong>Metkovi\u0107<\/strong>. Gradona\u010delnik Milan je predlo\u017eio Gradskom vije\u0107u da daju suglasnost na odluku ravnateljice Ivana Ba\u0107e prema kojoj za budu\u0107e izmjene Statuta Muzeja ne treba tra\u017eiti suglasnost Gradskog vije\u0107a, ve\u0107 samo Gradona\u010delnika. Tome su se suprotstavili Kre\u0161imir Kuran (SDP) i Katarina Ujdur (Most) jer smatraju da je to nedovoljno transparentno i da nije dobro da takve odluke donosi jedan \u010dovjek. <strong>Prijedlog gradona\u010delnika Milana nije usvojen<\/strong> jer nije imao potrebnu ve\u0107inu!<\/p>\n<p>Imenovani su <strong>novi \u010dlanovi Gradskog povjerenstva za procjenu \u0161teta<\/strong> od\u00a0elementarnih nepogoda: Robert Doko (predsjednik), Goran \u017divkovi\u0107 (zamjenik predsjednika), Marinko Ob\u0161iva\u010d, Filip Dominikovi\u0107 i Ivan Primorac (\u010dlanovi).<\/p>\n<p>Bilo je dosta vije\u0107ni\u010dkih pitanja, a mi izdvajamo ono koje je postavio Stipe Gabri\u0107 Jambo vezano za direktora komunalnog poduze\u0107a Metkovi\u0107 d.o.o. Matka Jerkovi\u0107a. Naime, Jambo se pita \u0161to \u0107e biti s \u010dovjekom koji je zaustavio njegov projekt Jadran 2, te krenuo s novim projektom kanalizacije. Gradona\u010delnik mu je na to odgovorio da \u0107e o tome saznati vi\u0161e na idu\u0107oj sjednici Gradskog vije\u0107a. O\u010dito je da se radi o mogu\u0107oj smjeni Matka Jerkovi\u0107a i mo\u017eemo pretpostaviti da je nova kadrovska kri\u017ealjka razlog dana\u0161njih trzavica unutar vladaju\u0107e koalicije.<\/p>\n<p>Snimku sjednice mo\u017eete pogledati <a href=\"https:\/\/m.youtube.com\/watch?feature=youtu.be&amp;v=jX50woX3AGw\">OVDJE<\/a>.<\/p>\n","protected":false},"excerpt":{"rendered":"<p>U prostorijama Zgrade politi\u010dkih stranaka u Metkovi\u0107u odr\u017eala se 24. listopada 2017. u popodnevnim satima 5. sjednica Gradskog vije\u0107a Grada Metkovi\u0107a. Premda nije bilo puno to\u010daka za raspraviti, sjednica je bila zanimljiva zbog o\u0161trih rije\u010di koje je Stipe Gabri\u0107 uputio aktualnoj gradskoj upravi i svom koalicijskom partneru HDZ-u prozivaju\u0107i ih da nisu ni\u0161ta napravili u [&hellip;]<\/p>\n","protected":false},"author":7,"featured_media":46993,"comment_status":"open","ping_status":"open","sticky":false,"template":"","format":"standard","meta":{"footnotes":""},"categories":[283,290],"tags":[340,1688],"class_list":{"0":"post-48469","1":"post","2":"type-post","3":"status-publish","4":"format-standard","5":"has-post-thumbnail","7":"category-a","8":"category-politika","9":"tag-grad-metkovic","10":"tag-sjednica-gradskog-vijeca"},"yoast_head":"<!-- This site is optimized with the Yoast SEO plugin v25.2 - https:\/\/yoast.com\/wordpress\/plugins\/seo\/ -->\n<title>5. sjednicu Gradskog vije\u0107a obilje\u017eile trzavice unutar vladaju\u0107e koalicije - likemetkovic.hr<\/title>\n<meta name=\"description\" content=\"U prostorijama Zgrade politi\u010dkih stranaka u Metkovi\u0107u odr\u017eala se 24. listopada 2017. u popodnevnim satima 5. sjednica Gradskog vije\u0107a Grada Metkovi\u0107a.\" \/>\n<meta name=\"robots\" content=\"index, follow, max-snippet:-1, max-image-preview:large, max-video-preview:-1\" \/>\n<link rel=\"canonical\" href=\"https:\/\/likemetkovic.hr\/5-sjednicu-gradskog-vijeca-obiljezile-trzavice-unutar-vladajuce-koalicije\/\" \/>\n<meta property=\"og:locale\" content=\"hr_HR\" \/>\n<meta property=\"og:type\" content=\"article\" \/>\n<meta property=\"og:title\" content=\"5. sjednicu Gradskog vije\u0107a obilje\u017eile trzavice unutar vladaju\u0107e koalicije - likemetkovic.hr\" \/>\n<meta property=\"og:description\" content=\"U prostorijama Zgrade politi\u010dkih stranaka u Metkovi\u0107u odr\u017eala se 24. listopada 2017. u popodnevnim satima 5. sjednica Gradskog vije\u0107a Grada Metkovi\u0107a.\" \/>\n<meta property=\"og:url\" content=\"https:\/\/likemetkovic.hr\/5-sjednicu-gradskog-vijeca-obiljezile-trzavice-unutar-vladajuce-koalicije\/\" \/>\n<meta property=\"og:site_name\" content=\"likemetkovic.hr\" \/>\n<meta property=\"article:publisher\" content=\"https:\/\/www.facebook.com\/likemetkovic.hr\/\" \/>\n<meta property=\"article:published_time\" content=\"2017-10-24T21:01:36+00:00\" \/>\n<meta property=\"article:modified_time\" content=\"2017-10-25T11:12:20+00:00\" \/>\n<meta property=\"og:image\" content=\"https:\/\/likemetkovic.hr\/wp-content\/uploads\/2017\/09\/GV.jpg\" \/>\n\t<meta property=\"og:image:width\" content=\"1067\" \/>\n\t<meta property=\"og:image:height\" content=\"600\" \/>\n\t<meta property=\"og:image:type\" content=\"image\/jpeg\" \/>\n<meta name=\"author\" content=\"LIKEmetkovic.hr\" \/>\n<meta name=\"twitter:card\" content=\"summary_large_image\" \/>\n<meta name=\"twitter:label1\" content=\"Napisao\/la\" \/>\n\t<meta name=\"twitter:data1\" content=\"LIKEmetkovic.hr\" \/>\n\t<meta name=\"twitter:label2\" content=\"Procijenjeno vrijeme \u010ditanja\" \/>\n\t<meta name=\"twitter:data2\" content=\"3 minute\" \/>\n<script type=\"application\/ld+json\" class=\"yoast-schema-graph\">{\"@context\":\"https:\/\/schema.org\",\"@graph\":[{\"@type\":\"WebPage\",\"@id\":\"https:\/\/likemetkovic.hr\/5-sjednicu-gradskog-vijeca-obiljezile-trzavice-unutar-vladajuce-koalicije\/\",\"url\":\"https:\/\/likemetkovic.hr\/5-sjednicu-gradskog-vijeca-obiljezile-trzavice-unutar-vladajuce-koalicije\/\",\"name\":\"5. sjednicu Gradskog vije\u0107a obilje\u017eile trzavice unutar vladaju\u0107e koalicije - likemetkovic.hr\",\"isPartOf\":{\"@id\":\"https:\/\/likemetkovic.hr\/#website\"},\"primaryImageOfPage\":{\"@id\":\"https:\/\/likemetkovic.hr\/5-sjednicu-gradskog-vijeca-obiljezile-trzavice-unutar-vladajuce-koalicije\/#primaryimage\"},\"image\":{\"@id\":\"https:\/\/likemetkovic.hr\/5-sjednicu-gradskog-vijeca-obiljezile-trzavice-unutar-vladajuce-koalicije\/#primaryimage\"},\"thumbnailUrl\":\"https:\/\/likemetkovic.hr\/portal\/wp-content\/uploads\/2017\/09\/GV.jpg\",\"datePublished\":\"2017-10-24T21:01:36+00:00\",\"dateModified\":\"2017-10-25T11:12:20+00:00\",\"author\":{\"@id\":\"https:\/\/likemetkovic.hr\/#\/schema\/person\/a42711f3385a0e2be6f7e0443bfb28f0\"},\"description\":\"U prostorijama Zgrade politi\u010dkih stranaka u Metkovi\u0107u odr\u017eala se 24. listopada 2017. u popodnevnim satima 5. sjednica Gradskog vije\u0107a Grada Metkovi\u0107a.\",\"breadcrumb\":{\"@id\":\"https:\/\/likemetkovic.hr\/5-sjednicu-gradskog-vijeca-obiljezile-trzavice-unutar-vladajuce-koalicije\/#breadcrumb\"},\"inLanguage\":\"hr\",\"potentialAction\":[{\"@type\":\"ReadAction\",\"target\":[\"https:\/\/likemetkovic.hr\/5-sjednicu-gradskog-vijeca-obiljezile-trzavice-unutar-vladajuce-koalicije\/\"]}]},{\"@type\":\"ImageObject\",\"inLanguage\":\"hr\",\"@id\":\"https:\/\/likemetkovic.hr\/5-sjednicu-gradskog-vijeca-obiljezile-trzavice-unutar-vladajuce-koalicije\/#primaryimage\",\"url\":\"https:\/\/likemetkovic.hr\/portal\/wp-content\/uploads\/2017\/09\/GV.jpg\",\"contentUrl\":\"https:\/\/likemetkovic.hr\/portal\/wp-content\/uploads\/2017\/09\/GV.jpg\",\"width\":1067,\"height\":600},{\"@type\":\"BreadcrumbList\",\"@id\":\"https:\/\/likemetkovic.hr\/5-sjednicu-gradskog-vijeca-obiljezile-trzavice-unutar-vladajuce-koalicije\/#breadcrumb\",\"itemListElement\":[{\"@type\":\"ListItem\",\"position\":1,\"name\":\"Po\u010detna stranica\",\"item\":\"https:\/\/likemetkovic.hr\/portal\/\"},{\"@type\":\"ListItem\",\"position\":2,\"name\":\"5. sjednicu Gradskog vije\u0107a obilje\u017eile trzavice unutar vladaju\u0107e koalicije\"}]},{\"@type\":\"WebSite\",\"@id\":\"https:\/\/likemetkovic.hr\/#website\",\"url\":\"https:\/\/likemetkovic.hr\/\",\"name\":\"likemetkovic.hr\",\"description\":\"Misli pozitivno... \u010ditaj LIKE\",\"potentialAction\":[{\"@type\":\"SearchAction\",\"target\":{\"@type\":\"EntryPoint\",\"urlTemplate\":\"https:\/\/likemetkovic.hr\/?s={search_term_string}\"},\"query-input\":{\"@type\":\"PropertyValueSpecification\",\"valueRequired\":true,\"valueName\":\"search_term_string\"}}],\"inLanguage\":\"hr\"},{\"@type\":\"Person\",\"@id\":\"https:\/\/likemetkovic.hr\/#\/schema\/person\/a42711f3385a0e2be6f7e0443bfb28f0\",\"name\":\"LIKEmetkovic.hr\",\"sameAs\":[\"http:\/\/likemetkovic.hr\"],\"url\":\"https:\/\/likemetkovic.hr\/portal\/author\/likemetkovic-hr\/\"}]}<\/script>\n<!-- \/ Yoast SEO plugin. -->","yoast_head_json":{"title":"5. sjednicu Gradskog vije\u0107a obilje\u017eile trzavice unutar vladaju\u0107e koalicije - likemetkovic.hr","description":"U prostorijama Zgrade politi\u010dkih stranaka u Metkovi\u0107u odr\u017eala se 24. listopada 2017. u popodnevnim satima 5. sjednica Gradskog vije\u0107a Grada Metkovi\u0107a.","robots":{"index":"index","follow":"follow","max-snippet":"max-snippet:-1","max-image-preview":"max-image-preview:large","max-video-preview":"max-video-preview:-1"},"canonical":"https:\/\/likemetkovic.hr\/5-sjednicu-gradskog-vijeca-obiljezile-trzavice-unutar-vladajuce-koalicije\/","og_locale":"hr_HR","og_type":"article","og_title":"5. sjednicu Gradskog vije\u0107a obilje\u017eile trzavice unutar vladaju\u0107e koalicije - likemetkovic.hr","og_description":"U prostorijama Zgrade politi\u010dkih stranaka u Metkovi\u0107u odr\u017eala se 24. listopada 2017. u popodnevnim satima 5. sjednica Gradskog vije\u0107a Grada Metkovi\u0107a.","og_url":"https:\/\/likemetkovic.hr\/5-sjednicu-gradskog-vijeca-obiljezile-trzavice-unutar-vladajuce-koalicije\/","og_site_name":"likemetkovic.hr","article_publisher":"https:\/\/www.facebook.com\/likemetkovic.hr\/","article_published_time":"2017-10-24T21:01:36+00:00","article_modified_time":"2017-10-25T11:12:20+00:00","og_image":[{"width":1067,"height":600,"url":"https:\/\/likemetkovic.hr\/wp-content\/uploads\/2017\/09\/GV.jpg","type":"image\/jpeg"}],"author":"LIKEmetkovic.hr","twitter_card":"summary_large_image","twitter_misc":{"Napisao\/la":"LIKEmetkovic.hr","Procijenjeno vrijeme \u010ditanja":"3 minute"},"schema":{"@context":"https:\/\/schema.org","@graph":[{"@type":"WebPage","@id":"https:\/\/likemetkovic.hr\/5-sjednicu-gradskog-vijeca-obiljezile-trzavice-unutar-vladajuce-koalicije\/","url":"https:\/\/likemetkovic.hr\/5-sjednicu-gradskog-vijeca-obiljezile-trzavice-unutar-vladajuce-koalicije\/","name":"5. sjednicu Gradskog vije\u0107a obilje\u017eile trzavice unutar vladaju\u0107e koalicije - likemetkovic.hr","isPartOf":{"@id":"https:\/\/likemetkovic.hr\/#website"},"primaryImageOfPage":{"@id":"https:\/\/likemetkovic.hr\/5-sjednicu-gradskog-vijeca-obiljezile-trzavice-unutar-vladajuce-koalicije\/#primaryimage"},"image":{"@id":"https:\/\/likemetkovic.hr\/5-sjednicu-gradskog-vijeca-obiljezile-trzavice-unutar-vladajuce-koalicije\/#primaryimage"},"thumbnailUrl":"https:\/\/likemetkovic.hr\/portal\/wp-content\/uploads\/2017\/09\/GV.jpg","datePublished":"2017-10-24T21:01:36+00:00","dateModified":"2017-10-25T11:12:20+00:00","author":{"@id":"https:\/\/likemetkovic.hr\/#\/schema\/person\/a42711f3385a0e2be6f7e0443bfb28f0"},"description":"U prostorijama Zgrade politi\u010dkih stranaka u Metkovi\u0107u odr\u017eala se 24. listopada 2017. u popodnevnim satima 5. sjednica Gradskog vije\u0107a Grada Metkovi\u0107a.","breadcrumb":{"@id":"https:\/\/likemetkovic.hr\/5-sjednicu-gradskog-vijeca-obiljezile-trzavice-unutar-vladajuce-koalicije\/#breadcrumb"},"inLanguage":"hr","potentialAction":[{"@type":"ReadAction","target":["https:\/\/likemetkovic.hr\/5-sjednicu-gradskog-vijeca-obiljezile-trzavice-unutar-vladajuce-koalicije\/"]}]},{"@type":"ImageObject","inLanguage":"hr","@id":"https:\/\/likemetkovic.hr\/5-sjednicu-gradskog-vijeca-obiljezile-trzavice-unutar-vladajuce-koalicije\/#primaryimage","url":"https:\/\/likemetkovic.hr\/portal\/wp-content\/uploads\/2017\/09\/GV.jpg","contentUrl":"https:\/\/likemetkovic.hr\/portal\/wp-content\/uploads\/2017\/09\/GV.jpg","width":1067,"height":600},{"@type":"BreadcrumbList","@id":"https:\/\/likemetkovic.hr\/5-sjednicu-gradskog-vijeca-obiljezile-trzavice-unutar-vladajuce-koalicije\/#breadcrumb","itemListElement":[{"@type":"ListItem","position":1,"name":"Po\u010detna stranica","item":"https:\/\/likemetkovic.hr\/portal\/"},{"@type":"ListItem","position":2,"name":"5. sjednicu Gradskog vije\u0107a obilje\u017eile trzavice unutar vladaju\u0107e koalicije"}]},{"@type":"WebSite","@id":"https:\/\/likemetkovic.hr\/#website","url":"https:\/\/likemetkovic.hr\/","name":"likemetkovic.hr","description":"Misli pozitivno... \u010ditaj LIKE","potentialAction":[{"@type":"SearchAction","target":{"@type":"EntryPoint","urlTemplate":"https:\/\/likemetkovic.hr\/?s={search_term_string}"},"query-input":{"@type":"PropertyValueSpecification","valueRequired":true,"valueName":"search_term_string"}}],"inLanguage":"hr"},{"@type":"Person","@id":"https:\/\/likemetkovic.hr\/#\/schema\/person\/a42711f3385a0e2be6f7e0443bfb28f0","name":"LIKEmetkovic.hr","sameAs":["http:\/\/likemetkovic.hr"],"url":"https:\/\/likemetkovic.hr\/portal\/author\/likemetkovic-hr\/"}]}},"_links":{"self":[{"href":"https:\/\/likemetkovic.hr\/portal\/wp-json\/wp\/v2\/posts\/48469","targetHints":{"allow":["GET"]}}],"collection":[{"href":"https:\/\/likemetkovic.hr\/portal\/wp-json\/wp\/v2\/posts"}],"about":[{"href":"https:\/\/likemetkovic.hr\/portal\/wp-json\/wp\/v2\/types\/post"}],"author":[{"embeddable":true,"href":"https:\/\/likemetkovic.hr\/portal\/wp-json\/wp\/v2\/users\/7"}],"replies":[{"embeddable":true,"href":"https:\/\/likemetkovic.hr\/portal\/wp-json\/wp\/v2\/comments?post=48469"}],"version-history":[{"count":0,"href":"https:\/\/likemetkovic.hr\/portal\/wp-json\/wp\/v2\/posts\/48469\/revisions"}],"wp:featuredmedia":[{"embeddable":true,"href":"https:\/\/likemetkovic.hr\/portal\/wp-json\/wp\/v2\/media\/46993"}],"wp:attachment":[{"href":"https:\/\/likemetkovic.hr\/portal\/wp-json\/wp\/v2\/media?parent=48469"}],"wp:term":[{"taxonomy":"category","embeddable":true,"href":"https:\/\/likemetkovic.hr\/portal\/wp-json\/wp\/v2\/categories?post=48469"},{"taxonomy":"post_tag","embeddable":true,"href":"https:\/\/likemetkovic.hr\/portal\/wp-json\/wp\/v2\/tags?post=48469"}],"curies":[{"name":"wp","href":"https:\/\/api.w.org\/{rel}","templated":true}]}}