{"id":49249,"date":"2017-11-11T21:25:25","date_gmt":"2017-11-11T20:25:25","guid":{"rendered":"http:\/\/likemetkovic.hr\/?p=49249"},"modified":"2017-11-11T21:25:25","modified_gmt":"2017-11-11T20:25:25","slug":"lucija-utovac-broncana-balkanskom-skolskom-prvenstvu-karateu","status":"publish","type":"post","link":"https:\/\/likemetkovic.hr\/portal\/lucija-utovac-broncana-balkanskom-skolskom-prvenstvu-karateu\/","title":{"rendered":"Lucija Utovac bron\u010dana na Balkanskom \u0161kolskom prvenstvu u karateu"},"content":{"rendered":"<p>U Novom Sadu je u tijeku Balkansko prvenstvo \u0161kola u karateu na kojem je nastupilo 8 dr\u017eava (Hrvatska, Srbija, BiH, Rumunjska, Slovenija, Bugarska, Makedonija i Crna Gora) sa 428 natjecatelja.<\/p>\n<p><img decoding=\"async\" class=\"wp-image-49254 aligncenter\" src=\"http:\/\/likemetkovic.hr\/wp-content\/uploads\/2017\/11\/Lucija-Utovac-bronca-balkansko-7.jpg\" alt=\"\" width=\"635\" height=\"476\" srcset=\"https:\/\/likemetkovic.hr\/portal\/wp-content\/uploads\/2017\/11\/Lucija-Utovac-bronca-balkansko-7.jpg 900w, https:\/\/likemetkovic.hr\/portal\/wp-content\/uploads\/2017\/11\/Lucija-Utovac-bronca-balkansko-7-800x600.jpg 800w, https:\/\/likemetkovic.hr\/portal\/wp-content\/uploads\/2017\/11\/Lucija-Utovac-bronca-balkansko-7-768x576.jpg 768w, https:\/\/likemetkovic.hr\/portal\/wp-content\/uploads\/2017\/11\/Lucija-Utovac-bronca-balkansko-7-80x60.jpg 80w, https:\/\/likemetkovic.hr\/portal\/wp-content\/uploads\/2017\/11\/Lucija-Utovac-bronca-balkansko-7-265x198.jpg 265w, https:\/\/likemetkovic.hr\/portal\/wp-content\/uploads\/2017\/11\/Lucija-Utovac-bronca-balkansko-7-696x522.jpg 696w, https:\/\/likemetkovic.hr\/portal\/wp-content\/uploads\/2017\/11\/Lucija-Utovac-bronca-balkansko-7-560x420.jpg 560w\" sizes=\"(max-width: 635px) 100vw, 635px\" \/><\/p>\n<p>Mlada karata\u0161i\u0107a iz KK Metkovi\u0107\u00a0<strong>Lucija Utovac<\/strong>, kao nositeljica dr\u017eavne medalje za 2017,\u00a0 plasirala se za nastup u reprezentaciji i danas je nastupila u kategoriji osnovne \u0161kole 2006\/2005, djevoj\u010dice +40 kg, te<strong> osvojila broncu<\/strong> u konkurenciji izme\u0111u 13 natjecateljica.<\/p>\n<p><img decoding=\"async\" class=\"wp-image-49251 alignleft\" src=\"http:\/\/likemetkovic.hr\/wp-content\/uploads\/2017\/11\/Lucija-Utovac-bronca-balkansko-6.jpg\" alt=\"\" width=\"293\" height=\"391\" srcset=\"https:\/\/likemetkovic.hr\/portal\/wp-content\/uploads\/2017\/11\/Lucija-Utovac-bronca-balkansko-6.jpg 600w, https:\/\/likemetkovic.hr\/portal\/wp-content\/uploads\/2017\/11\/Lucija-Utovac-bronca-balkansko-6-315x420.jpg 315w\" sizes=\"(max-width: 293px) 100vw, 293px\" \/>U prvom me\u010du Lucija je pobijedila podosta visoku predstavnicu Srbije An\u0111elu Ivanovi\u0107, u drugom me\u010du pobje\u0111uje i reprezentativku Slovenije Hanu \u010caji\u0107, da bi u borbi za ulazak u finale ostala nerije\u0161eno 0:0 protiv dom\u0107e predstavnice Srbije Ane Nijem\u010devi\u0107, ali odlukom sudaca gubi.<\/p>\n<p>U repasa\u017enoj borbi pobje\u0111uje Srpsku reprezentativku Nataliju Simi\u0107 sa 3:0.<br \/>\nIako u karateu imaju dva tre\u0107a mjesta, na ovom prvenstvu je bilo samo jedno tre\u0107e mjesto,\u00a0tako da je Lucija u borbi za medalju morala radilti sa drugo plasiranom repasa\u017enom\u00a0 predstavnicom Slovenije Ajdom Golac, te je pobijedila sa 1:0 i osvojila bron\u010danu medalju.<\/p>\n<p>Ovo je tre\u0107i nastup boraca Karate kluba Metkovi\u0107 za reprezentaciju Hrvatske u mla\u0111im uzrastima, te <strong>prva medalja od strane natjecatelja Karate kluba Metkovi\u0107 za Hrvatski karate savez.<\/strong><\/p>\n<p>Lucijina bron\u010dana medalja na slu\u017ebenom Balkanskom prvenstvu \u0161kola za reprezentaciju Hrvatske <strong>za sada je najve\u0107i rezultat karatea u Metkovi\u0107u<\/strong>.<\/p>\n<p>U petak je nastupio i mladi\u00a0<strong>Petar Borovac <\/strong>(KK Metkovi\u0107)\u00a0koji je u prvoj borbi pobijedio 3.0 Mijovi\u0107 Lazara predstavnika Srbije, u drugoj borbi je poveo sa 1:0 protiv BiH predstavnika Krnji\u0107 Bilala, ali u zadnjih 20 sekundi me\u010da gubi 2:1i gubi pravo nastupa u repasa\u017eu.<\/p>\n<p>Sutra, 12. studenoga, nastupa jo\u0161 jedan borac Karate kluba Metkovi\u0107, <strong>Ante Krsti\u010devi\u0107<\/strong>.<\/p>\n<p><img decoding=\"async\" class=\"wp-image-49250 aligncenter\" src=\"http:\/\/likemetkovic.hr\/wp-content\/uploads\/2017\/11\/Lucija-Utovac-bronca-balkansko-2.jpg\" alt=\"\" width=\"632\" height=\"354\" srcset=\"https:\/\/likemetkovic.hr\/portal\/wp-content\/uploads\/2017\/11\/Lucija-Utovac-bronca-balkansko-2.jpg 900w, https:\/\/likemetkovic.hr\/portal\/wp-content\/uploads\/2017\/11\/Lucija-Utovac-bronca-balkansko-2-800x449.jpg 800w, https:\/\/likemetkovic.hr\/portal\/wp-content\/uploads\/2017\/11\/Lucija-Utovac-bronca-balkansko-2-768x431.jpg 768w, https:\/\/likemetkovic.hr\/portal\/wp-content\/uploads\/2017\/11\/Lucija-Utovac-bronca-balkansko-2-696x391.jpg 696w, https:\/\/likemetkovic.hr\/portal\/wp-content\/uploads\/2017\/11\/Lucija-Utovac-bronca-balkansko-2-749x420.jpg 749w\" sizes=\"(max-width: 632px) 100vw, 632px\" \/><\/p>\n","protected":false},"excerpt":{"rendered":"<p>U Novom Sadu je u tijeku Balkansko prvenstvo \u0161kola u karateu na kojem je nastupilo 8 dr\u017eava (Hrvatska, Srbija, BiH, Rumunjska, Slovenija, Bugarska, Makedonija i Crna Gora) sa 428 natjecatelja. Mlada karata\u0161i\u0107a iz KK Metkovi\u0107\u00a0Lucija Utovac, kao nositeljica dr\u017eavne medalje za 2017,\u00a0 plasirala se za nastup u reprezentaciji i danas je nastupila u kategoriji osnovne [&hellip;]<\/p>\n","protected":false},"author":7,"featured_media":49252,"comment_status":"open","ping_status":"open","sticky":false,"template":"","format":"standard","meta":{"footnotes":""},"categories":[296,33],"tags":[1831,1830,1815,1813],"class_list":{"0":"post-49249","1":"post","2":"type-post","3":"status-publish","4":"format-standard","5":"has-post-thumbnail","7":"category-ab","8":"category-karate","9":"tag-balkansko-skolsko-prvenstvo","10":"tag-bronca","11":"tag-lucija-utovac","12":"tag-novi-sad"},"yoast_head":"<!-- This site is optimized with the Yoast SEO plugin v25.2 - https:\/\/yoast.com\/wordpress\/plugins\/seo\/ -->\n<title>Lucija Utovac bron\u010dana na Balkanskom \u0161kolskom prvenstvu u karateu - likemetkovic.hr<\/title>\n<meta name=\"description\" content=\"Lucijina bron\u010dana medalja na slu\u017ebenom Balkanskom prvenstvu \u0161kola za reprezentaciju Hrvatske za sada je najve\u0107i rezultat karatea u Metkovi\u0107u.\" \/>\n<meta name=\"robots\" content=\"index, follow, max-snippet:-1, max-image-preview:large, max-video-preview:-1\" \/>\n<link rel=\"canonical\" href=\"https:\/\/likemetkovic.hr\/lucija-utovac-broncana-balkanskom-skolskom-prvenstvu-karateu\/\" \/>\n<meta property=\"og:locale\" content=\"hr_HR\" \/>\n<meta property=\"og:type\" content=\"article\" \/>\n<meta property=\"og:title\" content=\"Lucija Utovac bron\u010dana na Balkanskom \u0161kolskom prvenstvu u karateu - likemetkovic.hr\" \/>\n<meta property=\"og:description\" content=\"Lucijina bron\u010dana medalja na slu\u017ebenom Balkanskom prvenstvu \u0161kola za reprezentaciju Hrvatske za sada je najve\u0107i rezultat karatea u Metkovi\u0107u.\" \/>\n<meta property=\"og:url\" content=\"https:\/\/likemetkovic.hr\/lucija-utovac-broncana-balkanskom-skolskom-prvenstvu-karateu\/\" \/>\n<meta property=\"og:site_name\" content=\"likemetkovic.hr\" \/>\n<meta property=\"article:publisher\" content=\"https:\/\/www.facebook.com\/likemetkovic.hr\/\" \/>\n<meta property=\"article:published_time\" content=\"2017-11-11T20:25:25+00:00\" \/>\n<meta property=\"og:image\" content=\"https:\/\/likemetkovic.hr\/wp-content\/uploads\/2017\/11\/Lucija-Utovac-bronca-balkansko-8.jpg\" \/>\n\t<meta property=\"og:image:width\" content=\"900\" \/>\n\t<meta property=\"og:image:height\" content=\"675\" \/>\n\t<meta property=\"og:image:type\" content=\"image\/jpeg\" \/>\n<meta name=\"author\" content=\"LIKEmetkovic.hr\" \/>\n<meta name=\"twitter:card\" content=\"summary_large_image\" \/>\n<meta name=\"twitter:label1\" content=\"Napisao\/la\" \/>\n\t<meta name=\"twitter:data1\" content=\"LIKEmetkovic.hr\" \/>\n\t<meta name=\"twitter:label2\" content=\"Procijenjeno vrijeme \u010ditanja\" \/>\n\t<meta name=\"twitter:data2\" content=\"1 minuta\" \/>\n<script type=\"application\/ld+json\" class=\"yoast-schema-graph\">{\"@context\":\"https:\/\/schema.org\",\"@graph\":[{\"@type\":\"WebPage\",\"@id\":\"https:\/\/likemetkovic.hr\/lucija-utovac-broncana-balkanskom-skolskom-prvenstvu-karateu\/\",\"url\":\"https:\/\/likemetkovic.hr\/lucija-utovac-broncana-balkanskom-skolskom-prvenstvu-karateu\/\",\"name\":\"Lucija Utovac bron\u010dana na Balkanskom \u0161kolskom prvenstvu u karateu - likemetkovic.hr\",\"isPartOf\":{\"@id\":\"https:\/\/likemetkovic.hr\/#website\"},\"primaryImageOfPage\":{\"@id\":\"https:\/\/likemetkovic.hr\/lucija-utovac-broncana-balkanskom-skolskom-prvenstvu-karateu\/#primaryimage\"},\"image\":{\"@id\":\"https:\/\/likemetkovic.hr\/lucija-utovac-broncana-balkanskom-skolskom-prvenstvu-karateu\/#primaryimage\"},\"thumbnailUrl\":\"https:\/\/likemetkovic.hr\/portal\/wp-content\/uploads\/2017\/11\/Lucija-Utovac-bronca-balkansko-8.jpg\",\"datePublished\":\"2017-11-11T20:25:25+00:00\",\"author\":{\"@id\":\"https:\/\/likemetkovic.hr\/#\/schema\/person\/a42711f3385a0e2be6f7e0443bfb28f0\"},\"description\":\"Lucijina bron\u010dana medalja na slu\u017ebenom Balkanskom prvenstvu \u0161kola za reprezentaciju Hrvatske za sada je najve\u0107i rezultat karatea u Metkovi\u0107u.\",\"breadcrumb\":{\"@id\":\"https:\/\/likemetkovic.hr\/lucija-utovac-broncana-balkanskom-skolskom-prvenstvu-karateu\/#breadcrumb\"},\"inLanguage\":\"hr\",\"potentialAction\":[{\"@type\":\"ReadAction\",\"target\":[\"https:\/\/likemetkovic.hr\/lucija-utovac-broncana-balkanskom-skolskom-prvenstvu-karateu\/\"]}]},{\"@type\":\"ImageObject\",\"inLanguage\":\"hr\",\"@id\":\"https:\/\/likemetkovic.hr\/lucija-utovac-broncana-balkanskom-skolskom-prvenstvu-karateu\/#primaryimage\",\"url\":\"https:\/\/likemetkovic.hr\/portal\/wp-content\/uploads\/2017\/11\/Lucija-Utovac-bronca-balkansko-8.jpg\",\"contentUrl\":\"https:\/\/likemetkovic.hr\/portal\/wp-content\/uploads\/2017\/11\/Lucija-Utovac-bronca-balkansko-8.jpg\",\"width\":900,\"height\":675},{\"@type\":\"BreadcrumbList\",\"@id\":\"https:\/\/likemetkovic.hr\/lucija-utovac-broncana-balkanskom-skolskom-prvenstvu-karateu\/#breadcrumb\",\"itemListElement\":[{\"@type\":\"ListItem\",\"position\":1,\"name\":\"Po\u010detna stranica\",\"item\":\"https:\/\/likemetkovic.hr\/portal\/\"},{\"@type\":\"ListItem\",\"position\":2,\"name\":\"Lucija Utovac bron\u010dana na Balkanskom \u0161kolskom prvenstvu u karateu\"}]},{\"@type\":\"WebSite\",\"@id\":\"https:\/\/likemetkovic.hr\/#website\",\"url\":\"https:\/\/likemetkovic.hr\/\",\"name\":\"likemetkovic.hr\",\"description\":\"Misli pozitivno... \u010ditaj LIKE\",\"potentialAction\":[{\"@type\":\"SearchAction\",\"target\":{\"@type\":\"EntryPoint\",\"urlTemplate\":\"https:\/\/likemetkovic.hr\/?s={search_term_string}\"},\"query-input\":{\"@type\":\"PropertyValueSpecification\",\"valueRequired\":true,\"valueName\":\"search_term_string\"}}],\"inLanguage\":\"hr\"},{\"@type\":\"Person\",\"@id\":\"https:\/\/likemetkovic.hr\/#\/schema\/person\/a42711f3385a0e2be6f7e0443bfb28f0\",\"name\":\"LIKEmetkovic.hr\",\"sameAs\":[\"http:\/\/likemetkovic.hr\"],\"url\":\"https:\/\/likemetkovic.hr\/portal\/author\/likemetkovic-hr\/\"}]}<\/script>\n<!-- \/ Yoast SEO plugin. -->","yoast_head_json":{"title":"Lucija Utovac bron\u010dana na Balkanskom \u0161kolskom prvenstvu u karateu - likemetkovic.hr","description":"Lucijina bron\u010dana medalja na slu\u017ebenom Balkanskom prvenstvu \u0161kola za reprezentaciju Hrvatske za sada je najve\u0107i rezultat karatea u Metkovi\u0107u.","robots":{"index":"index","follow":"follow","max-snippet":"max-snippet:-1","max-image-preview":"max-image-preview:large","max-video-preview":"max-video-preview:-1"},"canonical":"https:\/\/likemetkovic.hr\/lucija-utovac-broncana-balkanskom-skolskom-prvenstvu-karateu\/","og_locale":"hr_HR","og_type":"article","og_title":"Lucija Utovac bron\u010dana na Balkanskom \u0161kolskom prvenstvu u karateu - likemetkovic.hr","og_description":"Lucijina bron\u010dana medalja na slu\u017ebenom Balkanskom prvenstvu \u0161kola za reprezentaciju Hrvatske za sada je najve\u0107i rezultat karatea u Metkovi\u0107u.","og_url":"https:\/\/likemetkovic.hr\/lucija-utovac-broncana-balkanskom-skolskom-prvenstvu-karateu\/","og_site_name":"likemetkovic.hr","article_publisher":"https:\/\/www.facebook.com\/likemetkovic.hr\/","article_published_time":"2017-11-11T20:25:25+00:00","og_image":[{"width":900,"height":675,"url":"https:\/\/likemetkovic.hr\/wp-content\/uploads\/2017\/11\/Lucija-Utovac-bronca-balkansko-8.jpg","type":"image\/jpeg"}],"author":"LIKEmetkovic.hr","twitter_card":"summary_large_image","twitter_misc":{"Napisao\/la":"LIKEmetkovic.hr","Procijenjeno vrijeme \u010ditanja":"1 minuta"},"schema":{"@context":"https:\/\/schema.org","@graph":[{"@type":"WebPage","@id":"https:\/\/likemetkovic.hr\/lucija-utovac-broncana-balkanskom-skolskom-prvenstvu-karateu\/","url":"https:\/\/likemetkovic.hr\/lucija-utovac-broncana-balkanskom-skolskom-prvenstvu-karateu\/","name":"Lucija Utovac bron\u010dana na Balkanskom \u0161kolskom prvenstvu u karateu - likemetkovic.hr","isPartOf":{"@id":"https:\/\/likemetkovic.hr\/#website"},"primaryImageOfPage":{"@id":"https:\/\/likemetkovic.hr\/lucija-utovac-broncana-balkanskom-skolskom-prvenstvu-karateu\/#primaryimage"},"image":{"@id":"https:\/\/likemetkovic.hr\/lucija-utovac-broncana-balkanskom-skolskom-prvenstvu-karateu\/#primaryimage"},"thumbnailUrl":"https:\/\/likemetkovic.hr\/portal\/wp-content\/uploads\/2017\/11\/Lucija-Utovac-bronca-balkansko-8.jpg","datePublished":"2017-11-11T20:25:25+00:00","author":{"@id":"https:\/\/likemetkovic.hr\/#\/schema\/person\/a42711f3385a0e2be6f7e0443bfb28f0"},"description":"Lucijina bron\u010dana medalja na slu\u017ebenom Balkanskom prvenstvu \u0161kola za reprezentaciju Hrvatske za sada je najve\u0107i rezultat karatea u Metkovi\u0107u.","breadcrumb":{"@id":"https:\/\/likemetkovic.hr\/lucija-utovac-broncana-balkanskom-skolskom-prvenstvu-karateu\/#breadcrumb"},"inLanguage":"hr","potentialAction":[{"@type":"ReadAction","target":["https:\/\/likemetkovic.hr\/lucija-utovac-broncana-balkanskom-skolskom-prvenstvu-karateu\/"]}]},{"@type":"ImageObject","inLanguage":"hr","@id":"https:\/\/likemetkovic.hr\/lucija-utovac-broncana-balkanskom-skolskom-prvenstvu-karateu\/#primaryimage","url":"https:\/\/likemetkovic.hr\/portal\/wp-content\/uploads\/2017\/11\/Lucija-Utovac-bronca-balkansko-8.jpg","contentUrl":"https:\/\/likemetkovic.hr\/portal\/wp-content\/uploads\/2017\/11\/Lucija-Utovac-bronca-balkansko-8.jpg","width":900,"height":675},{"@type":"BreadcrumbList","@id":"https:\/\/likemetkovic.hr\/lucija-utovac-broncana-balkanskom-skolskom-prvenstvu-karateu\/#breadcrumb","itemListElement":[{"@type":"ListItem","position":1,"name":"Po\u010detna stranica","item":"https:\/\/likemetkovic.hr\/portal\/"},{"@type":"ListItem","position":2,"name":"Lucija Utovac bron\u010dana na Balkanskom \u0161kolskom prvenstvu u karateu"}]},{"@type":"WebSite","@id":"https:\/\/likemetkovic.hr\/#website","url":"https:\/\/likemetkovic.hr\/","name":"likemetkovic.hr","description":"Misli pozitivno... \u010ditaj LIKE","potentialAction":[{"@type":"SearchAction","target":{"@type":"EntryPoint","urlTemplate":"https:\/\/likemetkovic.hr\/?s={search_term_string}"},"query-input":{"@type":"PropertyValueSpecification","valueRequired":true,"valueName":"search_term_string"}}],"inLanguage":"hr"},{"@type":"Person","@id":"https:\/\/likemetkovic.hr\/#\/schema\/person\/a42711f3385a0e2be6f7e0443bfb28f0","name":"LIKEmetkovic.hr","sameAs":["http:\/\/likemetkovic.hr"],"url":"https:\/\/likemetkovic.hr\/portal\/author\/likemetkovic-hr\/"}]}},"_links":{"self":[{"href":"https:\/\/likemetkovic.hr\/portal\/wp-json\/wp\/v2\/posts\/49249","targetHints":{"allow":["GET"]}}],"collection":[{"href":"https:\/\/likemetkovic.hr\/portal\/wp-json\/wp\/v2\/posts"}],"about":[{"href":"https:\/\/likemetkovic.hr\/portal\/wp-json\/wp\/v2\/types\/post"}],"author":[{"embeddable":true,"href":"https:\/\/likemetkovic.hr\/portal\/wp-json\/wp\/v2\/users\/7"}],"replies":[{"embeddable":true,"href":"https:\/\/likemetkovic.hr\/portal\/wp-json\/wp\/v2\/comments?post=49249"}],"version-history":[{"count":0,"href":"https:\/\/likemetkovic.hr\/portal\/wp-json\/wp\/v2\/posts\/49249\/revisions"}],"wp:featuredmedia":[{"embeddable":true,"href":"https:\/\/likemetkovic.hr\/portal\/wp-json\/wp\/v2\/media\/49252"}],"wp:attachment":[{"href":"https:\/\/likemetkovic.hr\/portal\/wp-json\/wp\/v2\/media?parent=49249"}],"wp:term":[{"taxonomy":"category","embeddable":true,"href":"https:\/\/likemetkovic.hr\/portal\/wp-json\/wp\/v2\/categories?post=49249"},{"taxonomy":"post_tag","embeddable":true,"href":"https:\/\/likemetkovic.hr\/portal\/wp-json\/wp\/v2\/tags?post=49249"}],"curies":[{"name":"wp","href":"https:\/\/api.w.org\/{rel}","templated":true}]}}