{"id":49409,"date":"2017-11-15T08:32:45","date_gmt":"2017-11-15T07:32:45","guid":{"rendered":"http:\/\/likemetkovic.hr\/?p=49409"},"modified":"2017-11-15T16:03:47","modified_gmt":"2017-11-15T15:03:47","slug":"novi-direktori-gradskih-firmi","status":"publish","type":"post","link":"https:\/\/likemetkovic.hr\/portal\/novi-direktori-gradskih-firmi\/","title":{"rendered":"Postavljeni novi direktori gradskih poduze\u0107a"},"content":{"rendered":"<p>Nova gradska uprava je u posljednje vrijeme provela niz novih kadrovskih promjena na \u010delnim pozicijama gradskih poduze\u0107a.<\/p>\n<p>Jo\u0161 je u kolovozu ove godine na mjesto direktora \u010cisto\u0107e postavljen dipl. oec. <strong>\u017deljko Mord\u017ein<\/strong> koji je tu du\u017enost ve\u0107 obavljao do ljeta 2013. On je na toj poziciji zamjenio <strong>Tomislava Jaki\u0107a <\/strong>koji je ostao u poduze\u0107u na mjestu pravnika.\u00a0Ono \u0161to je \u010dudno kod ovog imenovanja je \u010dinjenica da je u tijeku sudski postupak u kojem se g. Mord\u017eina tereti da je kao biv\u0161i direktor o\u0161tetio poduze\u0107e \u010cisto\u0107a. Postavlja se pitanje \u010diji \u0107e interes u tom postupku zastupati sada\u0161nji direktor: svoj ili poduze\u0107a na \u010dijem je \u010delu?<\/p>\n<p>Sa zadnjim danom listopada istekao je \u010detverogodi\u0161nji ugovor <strong>Zoranu Kozini<\/strong> koji je obna\u0161ao du\u017enost direktora Metkovi\u0107 razvoja d.o.o. Odlukom skup\u0161tine poduze\u0107a na njegovo mjesto je postavljen <strong>Nikola Manenica<\/strong>, dosada\u0161nji zaposlenik u Odvjetni\u010dkom uredu S. Cvitanovi\u0107a. Kozina nije htio koristiti ugovorenu mogu\u0107nost da nakon isteka mandata ostane zaposlenik poduze\u0107a. Bit \u0107e zapam\u0107en kao vrlo aktivan direktor koji je umno\u017eio prihode firme, uveo najjeftiniju internetsku uslugu &#8220;Metkom&#8221; koja ima preko 1000 korisnika te uspio uvesti nepopularnu mjeru naplate parkinga u centru grada. Upravo je ukidanje naplate parkinga bila jedna od prvih mjera nove gradske uprave za koju dr\u017eimo da je ishitrena i populusti\u010dka \u0161to dokazuje sve ve\u0107i prometni kaos u centru grada. Prigovor je bio da je to namet i da nije samoodr\u017eiv, a podaci govore suprotno: nakon po\u010detnih investicijskih tro\u0161kova koji su ispla\u0107eni u prvoj godini, parking je ostvarivao godi\u0161nji prihod oko 800 000 kuna i dobit oko 300 000 kuna \u0161to je vi\u0161e nego dostatno za pla\u0107e 4 zaposlenika koji su trenutno na otkaznom roku. Vi\u0161e od tre\u0107ine prihoda je bilo ostvareno putem aparata za naplatu i mobilne aplikacije, tj. od voza\u010da koji nisu gra\u0111ani Metkovi\u0107a. Gra\u0111ani Metkovi\u0107a su imali povla\u0161tene (max. 60 kn mjese\u010dno) i besplatne parkirne karte.<\/p>\n<p>Zadnja kadrovska promjena dogodila se u ponedjeljak, 13. studenoga 2017., kada je skup\u0161tina, koju \u010dini gradona\u010delnik, odlu\u010dila da je\u00a0 novi direktor komunalnog poduze\u0107a Metkovi\u0107 d.o.o. <strong>Filip Dominikovi\u0107<\/strong>, dipl. ing. gra\u0111evine. Dosada\u0161nji direktor <strong>Matko Jerkovi\u0107<\/strong> je sporazumno raskinuo ugovor i ostao zaposlenik poduze\u0107a na mjestu tehni\u010dkog direktora. Dojma smo da je ova smjena plod razmirica unutar vladaju\u0107e koalicije koja se moga vidjeti na pro\u0161loj sjednici Gradskog vije\u0107a. Gradona\u010delnik Milan je do nedavno tvrdio da dosada\u0161nji direktor Jerkovi\u0107 u\u017eiva njegovo povjerenje. Me\u0111utim, g. Gabri\u0107 je na 5. sjednici GV-a tra\u017eio smjenu direktora Jerkovi\u0107a, kojega je usput re\u010deno on postavio 1. sije\u010dnja 2012., i to zbog toga jer je odustao od projekta Jadran 2. Me\u0111utim, g. Gabri\u0107 nije naveo neto\u010dne financijske projekcije dijela toga projekta vezane za izgradnju kolektora na Duvratu i malu pokrivenost grada novom kanalizacijskom mre\u017eom. Upravo je g. Jerkovi\u0107, uz biv\u0161eg gradona\u010delnika Petrova, zaslu\u017ean za najve\u0107i investicijski projekt u povijesti Metkovi\u0107a &#8220;Aglomeraciju Metkovi\u0107&#8221;, vrijedan 274 mil. kuna, koji je ovog ljeta postao strate\u0161ki projekt RH i financira se 85% iz EU fondova, 10% iz sredstava Hrvatskih voda i tek 5% iz sredstava firme. Ovaj projekt obuhva\u0107a gotovo cijeli grad kanalizacijskom mre\u017eom i uklju\u010duje obnovu dotrajale vodovodne mre\u017ee. Osim toga, u zadnje 3 godine poduze\u0107e je bilo uspje\u0161no u povla\u0107enju europskih sredstava: izgradnja kanalizacijske, obnova vodovodne mre\u017ee i kolnika na desnoj strani grada u du\u017eini 4,4 km, obnova vodovodne mre\u017ee i kolnika u ulicama A.K.Mio\u0161i\u0107a, Ilije Bo\u0161njaka i Franje Asi\u0161koga, napravljen projekt i osigurana sredstva za izgradnju kanalizacijske mre\u017ee u Prudu&#8230;<\/p>\n<p>Na kraju, novim direktorima \u017eelimo puno poslovnog uspjeha, a posebno g. Dominikovi\u0107u u realizaciji povijesnog projekta Aglomeracija Metkovi\u0107 koji \u0107e biti itekakao zahtjevan.<\/p>\n","protected":false},"excerpt":{"rendered":"<p>Nova gradska uprava je u posljednje vrijeme provela niz novih kadrovskih promjena na \u010delnim pozicijama gradskih poduze\u0107a. Jo\u0161 je u kolovozu ove godine na mjesto direktora \u010cisto\u0107e postavljen dipl. oec. \u017deljko Mord\u017ein koji je tu du\u017enost ve\u0107 obavljao do ljeta 2013. On je na toj poziciji zamjenio Tomislava Jaki\u0107a koji je ostao u poduze\u0107u na [&hellip;]<\/p>\n","protected":false},"author":7,"featured_media":30002,"comment_status":"open","ping_status":"open","sticky":false,"template":"","format":"standard","meta":{"footnotes":""},"categories":[283,1026],"tags":[1858,1859],"class_list":{"0":"post-49409","1":"post","2":"type-post","3":"status-publish","4":"format-standard","5":"has-post-thumbnail","7":"category-a","8":"category-vijesti","9":"tag-direktori-poduzeca","10":"tag-gard-metkovic"},"yoast_head":"<!-- This site is optimized with the Yoast SEO plugin v25.2 - https:\/\/yoast.com\/wordpress\/plugins\/seo\/ -->\n<title>Postavljeni novi direktori gradskih poduze\u0107a - likemetkovic.hr<\/title>\n<meta name=\"description\" content=\"Nova gradska uprava je u posljednje vrijeme provela niz novih kadrovskih promjena na \u010delnim pozicijama gradskih poduze\u0107a Metkovi\u0107 razvoj i Metkovi\u0107 d.o.o.\" \/>\n<meta name=\"robots\" content=\"index, follow, max-snippet:-1, max-image-preview:large, max-video-preview:-1\" \/>\n<link rel=\"canonical\" href=\"https:\/\/likemetkovic.hr\/novi-direktori-gradskih-firmi\/\" \/>\n<meta property=\"og:locale\" content=\"hr_HR\" \/>\n<meta property=\"og:type\" content=\"article\" \/>\n<meta property=\"og:title\" content=\"Postavljeni novi direktori gradskih poduze\u0107a - likemetkovic.hr\" \/>\n<meta property=\"og:description\" content=\"Nova gradska uprava je u posljednje vrijeme provela niz novih kadrovskih promjena na \u010delnim pozicijama gradskih poduze\u0107a Metkovi\u0107 razvoj i Metkovi\u0107 d.o.o.\" \/>\n<meta property=\"og:url\" content=\"https:\/\/likemetkovic.hr\/novi-direktori-gradskih-firmi\/\" \/>\n<meta property=\"og:site_name\" content=\"likemetkovic.hr\" \/>\n<meta property=\"article:publisher\" content=\"https:\/\/www.facebook.com\/likemetkovic.hr\/\" \/>\n<meta property=\"article:published_time\" content=\"2017-11-15T07:32:45+00:00\" \/>\n<meta property=\"article:modified_time\" content=\"2017-11-15T15:03:47+00:00\" \/>\n<meta property=\"og:image\" content=\"https:\/\/likemetkovic.hr\/wp-content\/uploads\/2016\/11\/grad-metkovic_1.jpg\" \/>\n\t<meta property=\"og:image:width\" content=\"1366\" \/>\n\t<meta property=\"og:image:height\" content=\"1025\" \/>\n\t<meta property=\"og:image:type\" content=\"image\/jpeg\" \/>\n<meta name=\"author\" content=\"LIKEmetkovic.hr\" \/>\n<meta name=\"twitter:card\" content=\"summary_large_image\" \/>\n<meta name=\"twitter:label1\" content=\"Napisao\/la\" \/>\n\t<meta name=\"twitter:data1\" content=\"LIKEmetkovic.hr\" \/>\n\t<meta name=\"twitter:label2\" content=\"Procijenjeno vrijeme \u010ditanja\" \/>\n\t<meta name=\"twitter:data2\" content=\"3 minute\" \/>\n<script type=\"application\/ld+json\" class=\"yoast-schema-graph\">{\"@context\":\"https:\/\/schema.org\",\"@graph\":[{\"@type\":\"WebPage\",\"@id\":\"https:\/\/likemetkovic.hr\/novi-direktori-gradskih-firmi\/\",\"url\":\"https:\/\/likemetkovic.hr\/novi-direktori-gradskih-firmi\/\",\"name\":\"Postavljeni novi direktori gradskih poduze\u0107a - likemetkovic.hr\",\"isPartOf\":{\"@id\":\"https:\/\/likemetkovic.hr\/#website\"},\"primaryImageOfPage\":{\"@id\":\"https:\/\/likemetkovic.hr\/novi-direktori-gradskih-firmi\/#primaryimage\"},\"image\":{\"@id\":\"https:\/\/likemetkovic.hr\/novi-direktori-gradskih-firmi\/#primaryimage\"},\"thumbnailUrl\":\"https:\/\/likemetkovic.hr\/portal\/wp-content\/uploads\/2016\/11\/grad-metkovic_1.jpg\",\"datePublished\":\"2017-11-15T07:32:45+00:00\",\"dateModified\":\"2017-11-15T15:03:47+00:00\",\"author\":{\"@id\":\"https:\/\/likemetkovic.hr\/#\/schema\/person\/a42711f3385a0e2be6f7e0443bfb28f0\"},\"description\":\"Nova gradska uprava je u posljednje vrijeme provela niz novih kadrovskih promjena na \u010delnim pozicijama gradskih poduze\u0107a Metkovi\u0107 razvoj i Metkovi\u0107 d.o.o.\",\"breadcrumb\":{\"@id\":\"https:\/\/likemetkovic.hr\/novi-direktori-gradskih-firmi\/#breadcrumb\"},\"inLanguage\":\"hr\",\"potentialAction\":[{\"@type\":\"ReadAction\",\"target\":[\"https:\/\/likemetkovic.hr\/novi-direktori-gradskih-firmi\/\"]}]},{\"@type\":\"ImageObject\",\"inLanguage\":\"hr\",\"@id\":\"https:\/\/likemetkovic.hr\/novi-direktori-gradskih-firmi\/#primaryimage\",\"url\":\"https:\/\/likemetkovic.hr\/portal\/wp-content\/uploads\/2016\/11\/grad-metkovic_1.jpg\",\"contentUrl\":\"https:\/\/likemetkovic.hr\/portal\/wp-content\/uploads\/2016\/11\/grad-metkovic_1.jpg\",\"width\":1366,\"height\":1025},{\"@type\":\"BreadcrumbList\",\"@id\":\"https:\/\/likemetkovic.hr\/novi-direktori-gradskih-firmi\/#breadcrumb\",\"itemListElement\":[{\"@type\":\"ListItem\",\"position\":1,\"name\":\"Po\u010detna stranica\",\"item\":\"https:\/\/likemetkovic.hr\/portal\/\"},{\"@type\":\"ListItem\",\"position\":2,\"name\":\"Postavljeni novi direktori gradskih poduze\u0107a\"}]},{\"@type\":\"WebSite\",\"@id\":\"https:\/\/likemetkovic.hr\/#website\",\"url\":\"https:\/\/likemetkovic.hr\/\",\"name\":\"likemetkovic.hr\",\"description\":\"Misli pozitivno... \u010ditaj LIKE\",\"potentialAction\":[{\"@type\":\"SearchAction\",\"target\":{\"@type\":\"EntryPoint\",\"urlTemplate\":\"https:\/\/likemetkovic.hr\/?s={search_term_string}\"},\"query-input\":{\"@type\":\"PropertyValueSpecification\",\"valueRequired\":true,\"valueName\":\"search_term_string\"}}],\"inLanguage\":\"hr\"},{\"@type\":\"Person\",\"@id\":\"https:\/\/likemetkovic.hr\/#\/schema\/person\/a42711f3385a0e2be6f7e0443bfb28f0\",\"name\":\"LIKEmetkovic.hr\",\"sameAs\":[\"http:\/\/likemetkovic.hr\"],\"url\":\"https:\/\/likemetkovic.hr\/portal\/author\/likemetkovic-hr\/\"}]}<\/script>\n<!-- \/ Yoast SEO plugin. -->","yoast_head_json":{"title":"Postavljeni novi direktori gradskih poduze\u0107a - likemetkovic.hr","description":"Nova gradska uprava je u posljednje vrijeme provela niz novih kadrovskih promjena na \u010delnim pozicijama gradskih poduze\u0107a Metkovi\u0107 razvoj i Metkovi\u0107 d.o.o.","robots":{"index":"index","follow":"follow","max-snippet":"max-snippet:-1","max-image-preview":"max-image-preview:large","max-video-preview":"max-video-preview:-1"},"canonical":"https:\/\/likemetkovic.hr\/novi-direktori-gradskih-firmi\/","og_locale":"hr_HR","og_type":"article","og_title":"Postavljeni novi direktori gradskih poduze\u0107a - likemetkovic.hr","og_description":"Nova gradska uprava je u posljednje vrijeme provela niz novih kadrovskih promjena na \u010delnim pozicijama gradskih poduze\u0107a Metkovi\u0107 razvoj i Metkovi\u0107 d.o.o.","og_url":"https:\/\/likemetkovic.hr\/novi-direktori-gradskih-firmi\/","og_site_name":"likemetkovic.hr","article_publisher":"https:\/\/www.facebook.com\/likemetkovic.hr\/","article_published_time":"2017-11-15T07:32:45+00:00","article_modified_time":"2017-11-15T15:03:47+00:00","og_image":[{"width":1366,"height":1025,"url":"https:\/\/likemetkovic.hr\/wp-content\/uploads\/2016\/11\/grad-metkovic_1.jpg","type":"image\/jpeg"}],"author":"LIKEmetkovic.hr","twitter_card":"summary_large_image","twitter_misc":{"Napisao\/la":"LIKEmetkovic.hr","Procijenjeno vrijeme \u010ditanja":"3 minute"},"schema":{"@context":"https:\/\/schema.org","@graph":[{"@type":"WebPage","@id":"https:\/\/likemetkovic.hr\/novi-direktori-gradskih-firmi\/","url":"https:\/\/likemetkovic.hr\/novi-direktori-gradskih-firmi\/","name":"Postavljeni novi direktori gradskih poduze\u0107a - likemetkovic.hr","isPartOf":{"@id":"https:\/\/likemetkovic.hr\/#website"},"primaryImageOfPage":{"@id":"https:\/\/likemetkovic.hr\/novi-direktori-gradskih-firmi\/#primaryimage"},"image":{"@id":"https:\/\/likemetkovic.hr\/novi-direktori-gradskih-firmi\/#primaryimage"},"thumbnailUrl":"https:\/\/likemetkovic.hr\/portal\/wp-content\/uploads\/2016\/11\/grad-metkovic_1.jpg","datePublished":"2017-11-15T07:32:45+00:00","dateModified":"2017-11-15T15:03:47+00:00","author":{"@id":"https:\/\/likemetkovic.hr\/#\/schema\/person\/a42711f3385a0e2be6f7e0443bfb28f0"},"description":"Nova gradska uprava je u posljednje vrijeme provela niz novih kadrovskih promjena na \u010delnim pozicijama gradskih poduze\u0107a Metkovi\u0107 razvoj i Metkovi\u0107 d.o.o.","breadcrumb":{"@id":"https:\/\/likemetkovic.hr\/novi-direktori-gradskih-firmi\/#breadcrumb"},"inLanguage":"hr","potentialAction":[{"@type":"ReadAction","target":["https:\/\/likemetkovic.hr\/novi-direktori-gradskih-firmi\/"]}]},{"@type":"ImageObject","inLanguage":"hr","@id":"https:\/\/likemetkovic.hr\/novi-direktori-gradskih-firmi\/#primaryimage","url":"https:\/\/likemetkovic.hr\/portal\/wp-content\/uploads\/2016\/11\/grad-metkovic_1.jpg","contentUrl":"https:\/\/likemetkovic.hr\/portal\/wp-content\/uploads\/2016\/11\/grad-metkovic_1.jpg","width":1366,"height":1025},{"@type":"BreadcrumbList","@id":"https:\/\/likemetkovic.hr\/novi-direktori-gradskih-firmi\/#breadcrumb","itemListElement":[{"@type":"ListItem","position":1,"name":"Po\u010detna stranica","item":"https:\/\/likemetkovic.hr\/portal\/"},{"@type":"ListItem","position":2,"name":"Postavljeni novi direktori gradskih poduze\u0107a"}]},{"@type":"WebSite","@id":"https:\/\/likemetkovic.hr\/#website","url":"https:\/\/likemetkovic.hr\/","name":"likemetkovic.hr","description":"Misli pozitivno... \u010ditaj LIKE","potentialAction":[{"@type":"SearchAction","target":{"@type":"EntryPoint","urlTemplate":"https:\/\/likemetkovic.hr\/?s={search_term_string}"},"query-input":{"@type":"PropertyValueSpecification","valueRequired":true,"valueName":"search_term_string"}}],"inLanguage":"hr"},{"@type":"Person","@id":"https:\/\/likemetkovic.hr\/#\/schema\/person\/a42711f3385a0e2be6f7e0443bfb28f0","name":"LIKEmetkovic.hr","sameAs":["http:\/\/likemetkovic.hr"],"url":"https:\/\/likemetkovic.hr\/portal\/author\/likemetkovic-hr\/"}]}},"_links":{"self":[{"href":"https:\/\/likemetkovic.hr\/portal\/wp-json\/wp\/v2\/posts\/49409","targetHints":{"allow":["GET"]}}],"collection":[{"href":"https:\/\/likemetkovic.hr\/portal\/wp-json\/wp\/v2\/posts"}],"about":[{"href":"https:\/\/likemetkovic.hr\/portal\/wp-json\/wp\/v2\/types\/post"}],"author":[{"embeddable":true,"href":"https:\/\/likemetkovic.hr\/portal\/wp-json\/wp\/v2\/users\/7"}],"replies":[{"embeddable":true,"href":"https:\/\/likemetkovic.hr\/portal\/wp-json\/wp\/v2\/comments?post=49409"}],"version-history":[{"count":0,"href":"https:\/\/likemetkovic.hr\/portal\/wp-json\/wp\/v2\/posts\/49409\/revisions"}],"wp:featuredmedia":[{"embeddable":true,"href":"https:\/\/likemetkovic.hr\/portal\/wp-json\/wp\/v2\/media\/30002"}],"wp:attachment":[{"href":"https:\/\/likemetkovic.hr\/portal\/wp-json\/wp\/v2\/media?parent=49409"}],"wp:term":[{"taxonomy":"category","embeddable":true,"href":"https:\/\/likemetkovic.hr\/portal\/wp-json\/wp\/v2\/categories?post=49409"},{"taxonomy":"post_tag","embeddable":true,"href":"https:\/\/likemetkovic.hr\/portal\/wp-json\/wp\/v2\/tags?post=49409"}],"curies":[{"name":"wp","href":"https:\/\/api.w.org\/{rel}","templated":true}]}}