{"id":49412,"date":"2017-11-15T09:55:20","date_gmt":"2017-11-15T08:55:20","guid":{"rendered":"http:\/\/likemetkovic.hr\/?p=49412"},"modified":"2017-11-15T09:56:55","modified_gmt":"2017-11-15T08:56:55","slug":"obiljezavanje-26-obljetnice-postrojavanja-116-brigade-hv-a","status":"publish","type":"post","link":"https:\/\/likemetkovic.hr\/portal\/obiljezavanje-26-obljetnice-postrojavanja-116-brigade-hv-a\/","title":{"rendered":"Obilje\u017eavanje 26. obljetnice postrojavanja 116. brigade HV-a"},"content":{"rendered":"<p>U petak, 17. studenoga navr\u0161it \u0107e se 26 godina od ustroja 116. brigade HV-a u Metkovi\u0107u. Vremena se mijenjaju, stasaju nove generacije koje, hvala Bogu, nisu upamtile strahote rata ali spomen na hrabre branitelje, posebno na one koji su polo\u017eili svoj \u017eivot za domovinu, nikada se ne smije ugasiti. \u0160tovi\u0161e taj plamen ponosa i sje\u0107anja novim generacijama treba na prikladan na\u010din usa\u0111ivati u njihovu svijest: nikada se ne smije zaboraviti \u017ertva jedne generacije za na\u0161u slobodu!<\/p>\n<p>Tim \u0107e povodom na Gradskome groblju sv. Ivana Nepomuka u 9 sati biti polo\u017eeni vijenci, a u subotu, 18. studenoga u crkvi sv. Ilije u 18 sati bit \u0107e slu\u017eena misa za njezine poginule i preminule pripadnike.<\/p>\n","protected":false},"excerpt":{"rendered":"<p>U petak, 17. studenoga navr\u0161it \u0107e se 26 godina od ustroja 116. brigade HV-a u Metkovi\u0107u. Vremena se mijenjaju, stasaju nove generacije koje, hvala Bogu, nisu upamtile strahote rata ali spomen na hrabre branitelje, posebno na one koji su polo\u017eili svoj \u017eivot za domovinu, nikada se ne smije ugasiti. \u0160tovi\u0161e taj plamen ponosa i sje\u0107anja [&hellip;]<\/p>\n","protected":false},"author":7,"featured_media":30525,"comment_status":"open","ping_status":"open","sticky":false,"template":"","format":"standard","meta":{"footnotes":""},"categories":[296,11],"tags":[1860,1861],"class_list":{"0":"post-49412","1":"post","2":"type-post","3":"status-publish","4":"format-standard","5":"has-post-thumbnail","7":"category-ab","8":"category-metkovic-dolina","9":"tag-116-brigada-hv-a","10":"tag-26-obljetnica"},"yoast_head":"<!-- This site is optimized with the Yoast SEO plugin v25.2 - https:\/\/yoast.com\/wordpress\/plugins\/seo\/ -->\n<title>Obilje\u017eavanje 26. obljetnice postrojavanja 116. brigade HV-a - likemetkovic.hr<\/title>\n<meta name=\"description\" content=\"U petak, 17. studenoga navr\u0161it \u0107e se 26 godina od ustroja 116. brigade HV-a u Metkovi\u0107u. Neka se ne zaboravi \u017ertva jedne generacije za na\u0161u slobodu!\" \/>\n<meta name=\"robots\" content=\"index, follow, max-snippet:-1, max-image-preview:large, max-video-preview:-1\" \/>\n<link rel=\"canonical\" href=\"https:\/\/likemetkovic.hr\/obiljezavanje-26-obljetnice-postrojavanja-116-brigade-hv-a\/\" \/>\n<meta property=\"og:locale\" content=\"hr_HR\" \/>\n<meta property=\"og:type\" content=\"article\" \/>\n<meta property=\"og:title\" content=\"Obilje\u017eavanje 26. obljetnice postrojavanja 116. brigade HV-a - likemetkovic.hr\" \/>\n<meta property=\"og:description\" content=\"U petak, 17. studenoga navr\u0161it \u0107e se 26 godina od ustroja 116. brigade HV-a u Metkovi\u0107u. Neka se ne zaboravi \u017ertva jedne generacije za na\u0161u slobodu!\" \/>\n<meta property=\"og:url\" content=\"https:\/\/likemetkovic.hr\/obiljezavanje-26-obljetnice-postrojavanja-116-brigade-hv-a\/\" \/>\n<meta property=\"og:site_name\" content=\"likemetkovic.hr\" \/>\n<meta property=\"article:publisher\" content=\"https:\/\/www.facebook.com\/likemetkovic.hr\/\" \/>\n<meta property=\"article:published_time\" content=\"2017-11-15T08:55:20+00:00\" \/>\n<meta property=\"article:modified_time\" content=\"2017-11-15T08:56:55+00:00\" \/>\n<meta property=\"og:image\" content=\"https:\/\/likemetkovic.hr\/wp-content\/uploads\/2016\/11\/116brigada.jpg\" \/>\n\t<meta property=\"og:image:width\" content=\"934\" \/>\n\t<meta property=\"og:image:height\" content=\"600\" \/>\n\t<meta property=\"og:image:type\" content=\"image\/jpeg\" \/>\n<meta name=\"author\" content=\"LIKEmetkovic.hr\" \/>\n<meta name=\"twitter:card\" content=\"summary_large_image\" \/>\n<meta name=\"twitter:label1\" content=\"Napisao\/la\" \/>\n\t<meta name=\"twitter:data1\" content=\"LIKEmetkovic.hr\" \/>\n\t<meta name=\"twitter:label2\" content=\"Procijenjeno vrijeme \u010ditanja\" \/>\n\t<meta name=\"twitter:data2\" content=\"1 minuta\" \/>\n<script type=\"application\/ld+json\" class=\"yoast-schema-graph\">{\"@context\":\"https:\/\/schema.org\",\"@graph\":[{\"@type\":\"WebPage\",\"@id\":\"https:\/\/likemetkovic.hr\/obiljezavanje-26-obljetnice-postrojavanja-116-brigade-hv-a\/\",\"url\":\"https:\/\/likemetkovic.hr\/obiljezavanje-26-obljetnice-postrojavanja-116-brigade-hv-a\/\",\"name\":\"Obilje\u017eavanje 26. obljetnice postrojavanja 116. brigade HV-a - likemetkovic.hr\",\"isPartOf\":{\"@id\":\"https:\/\/likemetkovic.hr\/#website\"},\"primaryImageOfPage\":{\"@id\":\"https:\/\/likemetkovic.hr\/obiljezavanje-26-obljetnice-postrojavanja-116-brigade-hv-a\/#primaryimage\"},\"image\":{\"@id\":\"https:\/\/likemetkovic.hr\/obiljezavanje-26-obljetnice-postrojavanja-116-brigade-hv-a\/#primaryimage\"},\"thumbnailUrl\":\"https:\/\/likemetkovic.hr\/portal\/wp-content\/uploads\/2016\/11\/116brigada.jpg\",\"datePublished\":\"2017-11-15T08:55:20+00:00\",\"dateModified\":\"2017-11-15T08:56:55+00:00\",\"author\":{\"@id\":\"https:\/\/likemetkovic.hr\/#\/schema\/person\/a42711f3385a0e2be6f7e0443bfb28f0\"},\"description\":\"U petak, 17. studenoga navr\u0161it \u0107e se 26 godina od ustroja 116. brigade HV-a u Metkovi\u0107u. Neka se ne zaboravi \u017ertva jedne generacije za na\u0161u slobodu!\",\"breadcrumb\":{\"@id\":\"https:\/\/likemetkovic.hr\/obiljezavanje-26-obljetnice-postrojavanja-116-brigade-hv-a\/#breadcrumb\"},\"inLanguage\":\"hr\",\"potentialAction\":[{\"@type\":\"ReadAction\",\"target\":[\"https:\/\/likemetkovic.hr\/obiljezavanje-26-obljetnice-postrojavanja-116-brigade-hv-a\/\"]}]},{\"@type\":\"ImageObject\",\"inLanguage\":\"hr\",\"@id\":\"https:\/\/likemetkovic.hr\/obiljezavanje-26-obljetnice-postrojavanja-116-brigade-hv-a\/#primaryimage\",\"url\":\"https:\/\/likemetkovic.hr\/portal\/wp-content\/uploads\/2016\/11\/116brigada.jpg\",\"contentUrl\":\"https:\/\/likemetkovic.hr\/portal\/wp-content\/uploads\/2016\/11\/116brigada.jpg\",\"width\":934,\"height\":600},{\"@type\":\"BreadcrumbList\",\"@id\":\"https:\/\/likemetkovic.hr\/obiljezavanje-26-obljetnice-postrojavanja-116-brigade-hv-a\/#breadcrumb\",\"itemListElement\":[{\"@type\":\"ListItem\",\"position\":1,\"name\":\"Po\u010detna stranica\",\"item\":\"https:\/\/likemetkovic.hr\/portal\/\"},{\"@type\":\"ListItem\",\"position\":2,\"name\":\"Obilje\u017eavanje 26. obljetnice postrojavanja 116. brigade HV-a\"}]},{\"@type\":\"WebSite\",\"@id\":\"https:\/\/likemetkovic.hr\/#website\",\"url\":\"https:\/\/likemetkovic.hr\/\",\"name\":\"likemetkovic.hr\",\"description\":\"Misli pozitivno... \u010ditaj LIKE\",\"potentialAction\":[{\"@type\":\"SearchAction\",\"target\":{\"@type\":\"EntryPoint\",\"urlTemplate\":\"https:\/\/likemetkovic.hr\/?s={search_term_string}\"},\"query-input\":{\"@type\":\"PropertyValueSpecification\",\"valueRequired\":true,\"valueName\":\"search_term_string\"}}],\"inLanguage\":\"hr\"},{\"@type\":\"Person\",\"@id\":\"https:\/\/likemetkovic.hr\/#\/schema\/person\/a42711f3385a0e2be6f7e0443bfb28f0\",\"name\":\"LIKEmetkovic.hr\",\"sameAs\":[\"http:\/\/likemetkovic.hr\"],\"url\":\"https:\/\/likemetkovic.hr\/portal\/author\/likemetkovic-hr\/\"}]}<\/script>\n<!-- \/ Yoast SEO plugin. -->","yoast_head_json":{"title":"Obilje\u017eavanje 26. obljetnice postrojavanja 116. brigade HV-a - likemetkovic.hr","description":"U petak, 17. studenoga navr\u0161it \u0107e se 26 godina od ustroja 116. brigade HV-a u Metkovi\u0107u. Neka se ne zaboravi \u017ertva jedne generacije za na\u0161u slobodu!","robots":{"index":"index","follow":"follow","max-snippet":"max-snippet:-1","max-image-preview":"max-image-preview:large","max-video-preview":"max-video-preview:-1"},"canonical":"https:\/\/likemetkovic.hr\/obiljezavanje-26-obljetnice-postrojavanja-116-brigade-hv-a\/","og_locale":"hr_HR","og_type":"article","og_title":"Obilje\u017eavanje 26. obljetnice postrojavanja 116. brigade HV-a - likemetkovic.hr","og_description":"U petak, 17. studenoga navr\u0161it \u0107e se 26 godina od ustroja 116. brigade HV-a u Metkovi\u0107u. Neka se ne zaboravi \u017ertva jedne generacije za na\u0161u slobodu!","og_url":"https:\/\/likemetkovic.hr\/obiljezavanje-26-obljetnice-postrojavanja-116-brigade-hv-a\/","og_site_name":"likemetkovic.hr","article_publisher":"https:\/\/www.facebook.com\/likemetkovic.hr\/","article_published_time":"2017-11-15T08:55:20+00:00","article_modified_time":"2017-11-15T08:56:55+00:00","og_image":[{"width":934,"height":600,"url":"https:\/\/likemetkovic.hr\/wp-content\/uploads\/2016\/11\/116brigada.jpg","type":"image\/jpeg"}],"author":"LIKEmetkovic.hr","twitter_card":"summary_large_image","twitter_misc":{"Napisao\/la":"LIKEmetkovic.hr","Procijenjeno vrijeme \u010ditanja":"1 minuta"},"schema":{"@context":"https:\/\/schema.org","@graph":[{"@type":"WebPage","@id":"https:\/\/likemetkovic.hr\/obiljezavanje-26-obljetnice-postrojavanja-116-brigade-hv-a\/","url":"https:\/\/likemetkovic.hr\/obiljezavanje-26-obljetnice-postrojavanja-116-brigade-hv-a\/","name":"Obilje\u017eavanje 26. obljetnice postrojavanja 116. brigade HV-a - likemetkovic.hr","isPartOf":{"@id":"https:\/\/likemetkovic.hr\/#website"},"primaryImageOfPage":{"@id":"https:\/\/likemetkovic.hr\/obiljezavanje-26-obljetnice-postrojavanja-116-brigade-hv-a\/#primaryimage"},"image":{"@id":"https:\/\/likemetkovic.hr\/obiljezavanje-26-obljetnice-postrojavanja-116-brigade-hv-a\/#primaryimage"},"thumbnailUrl":"https:\/\/likemetkovic.hr\/portal\/wp-content\/uploads\/2016\/11\/116brigada.jpg","datePublished":"2017-11-15T08:55:20+00:00","dateModified":"2017-11-15T08:56:55+00:00","author":{"@id":"https:\/\/likemetkovic.hr\/#\/schema\/person\/a42711f3385a0e2be6f7e0443bfb28f0"},"description":"U petak, 17. studenoga navr\u0161it \u0107e se 26 godina od ustroja 116. brigade HV-a u Metkovi\u0107u. Neka se ne zaboravi \u017ertva jedne generacije za na\u0161u slobodu!","breadcrumb":{"@id":"https:\/\/likemetkovic.hr\/obiljezavanje-26-obljetnice-postrojavanja-116-brigade-hv-a\/#breadcrumb"},"inLanguage":"hr","potentialAction":[{"@type":"ReadAction","target":["https:\/\/likemetkovic.hr\/obiljezavanje-26-obljetnice-postrojavanja-116-brigade-hv-a\/"]}]},{"@type":"ImageObject","inLanguage":"hr","@id":"https:\/\/likemetkovic.hr\/obiljezavanje-26-obljetnice-postrojavanja-116-brigade-hv-a\/#primaryimage","url":"https:\/\/likemetkovic.hr\/portal\/wp-content\/uploads\/2016\/11\/116brigada.jpg","contentUrl":"https:\/\/likemetkovic.hr\/portal\/wp-content\/uploads\/2016\/11\/116brigada.jpg","width":934,"height":600},{"@type":"BreadcrumbList","@id":"https:\/\/likemetkovic.hr\/obiljezavanje-26-obljetnice-postrojavanja-116-brigade-hv-a\/#breadcrumb","itemListElement":[{"@type":"ListItem","position":1,"name":"Po\u010detna stranica","item":"https:\/\/likemetkovic.hr\/portal\/"},{"@type":"ListItem","position":2,"name":"Obilje\u017eavanje 26. obljetnice postrojavanja 116. brigade HV-a"}]},{"@type":"WebSite","@id":"https:\/\/likemetkovic.hr\/#website","url":"https:\/\/likemetkovic.hr\/","name":"likemetkovic.hr","description":"Misli pozitivno... \u010ditaj LIKE","potentialAction":[{"@type":"SearchAction","target":{"@type":"EntryPoint","urlTemplate":"https:\/\/likemetkovic.hr\/?s={search_term_string}"},"query-input":{"@type":"PropertyValueSpecification","valueRequired":true,"valueName":"search_term_string"}}],"inLanguage":"hr"},{"@type":"Person","@id":"https:\/\/likemetkovic.hr\/#\/schema\/person\/a42711f3385a0e2be6f7e0443bfb28f0","name":"LIKEmetkovic.hr","sameAs":["http:\/\/likemetkovic.hr"],"url":"https:\/\/likemetkovic.hr\/portal\/author\/likemetkovic-hr\/"}]}},"_links":{"self":[{"href":"https:\/\/likemetkovic.hr\/portal\/wp-json\/wp\/v2\/posts\/49412","targetHints":{"allow":["GET"]}}],"collection":[{"href":"https:\/\/likemetkovic.hr\/portal\/wp-json\/wp\/v2\/posts"}],"about":[{"href":"https:\/\/likemetkovic.hr\/portal\/wp-json\/wp\/v2\/types\/post"}],"author":[{"embeddable":true,"href":"https:\/\/likemetkovic.hr\/portal\/wp-json\/wp\/v2\/users\/7"}],"replies":[{"embeddable":true,"href":"https:\/\/likemetkovic.hr\/portal\/wp-json\/wp\/v2\/comments?post=49412"}],"version-history":[{"count":0,"href":"https:\/\/likemetkovic.hr\/portal\/wp-json\/wp\/v2\/posts\/49412\/revisions"}],"wp:featuredmedia":[{"embeddable":true,"href":"https:\/\/likemetkovic.hr\/portal\/wp-json\/wp\/v2\/media\/30525"}],"wp:attachment":[{"href":"https:\/\/likemetkovic.hr\/portal\/wp-json\/wp\/v2\/media?parent=49412"}],"wp:term":[{"taxonomy":"category","embeddable":true,"href":"https:\/\/likemetkovic.hr\/portal\/wp-json\/wp\/v2\/categories?post=49412"},{"taxonomy":"post_tag","embeddable":true,"href":"https:\/\/likemetkovic.hr\/portal\/wp-json\/wp\/v2\/tags?post=49412"}],"curies":[{"name":"wp","href":"https:\/\/api.w.org\/{rel}","templated":true}]}}