{"id":49580,"date":"2017-11-19T13:59:34","date_gmt":"2017-11-19T12:59:34","guid":{"rendered":"http:\/\/likemetkovic.hr\/?p=49580"},"modified":"2018-06-08T11:13:49","modified_gmt":"2018-06-08T09:13:49","slug":"gp-metkovic-sada-mirni-prosvjed-upozorenja-a-moguca-tuzba","status":"publish","type":"post","link":"https:\/\/likemetkovic.hr\/portal\/gp-metkovic-sada-mirni-prosvjed-upozorenja-a-moguca-tuzba\/","title":{"rendered":"GP METKOVI\u0106 Za sada mirni prosvjed upozorenja, a mogu\u0107a je i tu\u017eba"},"content":{"rendered":"<p>Kako je i bilo najavljeno, danas je oko 11 sati odr\u017ean mirni prosvjed gra\u0111ana ispred novoizgra\u0111enoga grani\u010dnog prijelaza Metkovi\u0107 (Doljani). Prosvjed je bio miran i bez zaustavljanja prometa. Okupilo se pedesetak prosvjednika,\u00a0uglavnom stanara ulice Stjepana Radi\u0107a koji su o\u010dekivali dolazak gradona\u010delnika Dalibora Milana koji nije do\u0161ao.<\/p>\n<p>Zanimanje medija je bilo veliko, gotovo sve nacionalne televizije su poslale svoje ekipe, a nije nedostajalo ni policijskih slu\u017ebenika koji nisu imali posla jer je sve pro\u0161lo civilizirano i bez izgreda.<\/p>\n<p>&#8211; <em>Ovo je prosvjed upozorenja na neodr\u017eivost prometnog rje\u0161enja koje nam je nametnuto izgradnjom i pu\u0161tanjem u promet novog grani\u010dnog prijelaza. \u017divot stanara u ulici S. Radi\u0107a \u0107e biti sve te\u017ei jer nam ve\u0107 za bo\u017ei\u0107ne blagdane prijeti prometni kolaps. Tada to ne\u0107e biti problem samo nas u ulici S. Radi\u0107a, ve\u0107 cijeloga grada Metkovi\u0107a. Ugro\u017eena su nam osnovna ljudska prava zajam\u010dena Ustavom, poput slobode kretanja i pristupa vlastitim domovima. Pozivamo mjerodavne da ozbiljno shvate na\u0161e upozorenje i da se izna\u0111e kvalitetno rije\u0161enje.<\/em>, izjavio je <strong>Sre\u0107ko Jeramaz<\/strong> \u010dija ku\u0107a se nalazi doslovno na crti razgrani\u010denja dviju dr\u017eava.<\/p>\n<p>Prosvjed su do\u0161li podr\u017eati\u00a0i saborski zastupnici Bo\u017eo Petrov i Nikola Grmoja koji je dao izjavu za medije:<\/p>\n<p>&#8211; <em>Lokacija za ovaj grani\u010dni prijelaz je odre\u0111ena prostornim planom \u017dupanije i Grada jo\u0161 2009. godine. Ozbiljno se na realizaciji ovoga po\u010delo 2013. kada smo se tome usprotivili ukazuju\u0107i na mogu\u0107e probleme. Predlagali smo izmje\u0161tanje\u00a0lokacije 150-200 metara na prirodno pro\u0161irenje (\u0110umruk) ali Ministarstvo financija, koje je nadle\u017eno za ovo, nije imalo sluha za to. Mi nismo dali da se ovaj prijelaz otvori. Pozivam sve gra\u0111ane i gradona\u010delnika Milana da zajedno branimo na\u0161e interese i prava jer jedino tako mo\u017eemo uspjeti&#8230;. Bili smo kod Predsjednice i ona smatra da je ovaj prijelaz kao i onaj u ulici Marka Maruli\u0107a ozbiljan problem koji treba hitno rje\u0161avati<\/em>, ka\u017ee\u00a0 <strong>Nikola Grmoja<\/strong> koji predla\u017ee otkup ku\u0107a i pro\u0161irenje kolnika iz smjera Metkovi\u0107a.<\/p>\n<p>Biv\u0161i gradona\u010delnik <strong>Bo\u017eo Petrov<\/strong> podsje\u0107a da je Grad u vi\u0161e navrata, usmeno i pismeno, upozorava dr\u017eavne vlasti na problem budu\u0107eg novog grani\u010dnog prijelaza i nudio rje\u0161enja u vidu izmije\u0161anja lokacije. Osvrnuo se i na ju\u010dera\u0161nju izjavu gradona\u010delnika Milana i dokumenta koji je pokazao javnosti:<\/p>\n<p>&#8211; <em>Dr\u017eava se potpuno oglu\u0161ila na na\u0161a upozorenja. Jo\u0161 su nam poslali zahtjev za izvla\u0161tenje jedne gradske nekretnine na prostoru novog grani\u010dnog prijelaza za 0 kuna jer je to dr\u017eavni projekt od posebnog interesa. Kao dodatni pritisak su nas upozorili na ovrhu gradskog ra\u010duna od strane dr\u017eave zbog postoje\u0107eg duga prema dr\u017eavi koji smo tada naslijedili. Tada sam se izborio da se Gradu Metkovi\u0107u mora platiti nekretnina, koju dr\u017eava snagom zakona izvla\u0161\u0107uje, jednako kao i privatnim vlasnicima. Sklopili smo nagodbu o kompenzaciji gradskog duga prema dr\u017eavi i izbjegli blokadu gradskog ra\u010duna. To nije bio znak slaganja ve\u0107 obrane gradske imovine koju bi nam dr\u017eava itako uzela bez naknade. Mi smo se i nakon toga borili da se ovakav grani\u010dni prijelaz ne dogodi i tra\u017eili da se otvori drugi grani\u010dni prijelaz u Gabela Polju. Dok smo bili dio izvr\u0161ne vlasti, nismo dopu\u0161tali da ovakav grani\u010dni prijelaz dobije uporabnu dozvolu.<\/em>, izjavio je biv\u0161i gradona\u010delnik Bo\u017eo Petrov.<\/p>\n<p><strong>Branko Kaleb<\/strong>, stanar u ulici S. Radi\u0107a, najavljuje i drugi prosvjed gra\u0111ana ali ovoga puta u centru grada jer se \u017eeli upozoriti sve gra\u0111ane Metkovi\u0107a na probleme koji su nastali izgradnjom novoga grani\u010dnog prijelaza. Ako se dr\u017eavne vlasti oglu\u0161e na njihova upozorenja, organizatori planiraju podi\u0107i tu\u017ebu protiv dr\u017eave pred hrvatskim pravosu\u0111em ali i na Europskom sudu za ljudska prava.<\/p>\n\r\n                <style type=\"text\/css\">\r\n                    \r\n                    #tdi_1  .td-doubleSlider-2 .td-item1 {\r\n                        background: url(https:\/\/likemetkovic.hr\/portal\/wp-content\/uploads\/2017\/11\/GP-Metkovic-prosvjed-2-80x60.jpg) 0 0 no-repeat;\r\n                    }\r\n                    #tdi_1  .td-doubleSlider-2 .td-item2 {\r\n                        background: url(https:\/\/likemetkovic.hr\/portal\/wp-content\/uploads\/2017\/11\/GP-Metkovic-prosvjed-11-80x60.jpg) 0 0 no-repeat;\r\n                    }\r\n                    #tdi_1  .td-doubleSlider-2 .td-item3 {\r\n                        background: url(https:\/\/likemetkovic.hr\/portal\/wp-content\/uploads\/2017\/11\/GP-Metkovic-prosvjed-15-80x60.jpg) 0 0 no-repeat;\r\n                    }\r\n                    #tdi_1  .td-doubleSlider-2 .td-item4 {\r\n                        background: url(https:\/\/likemetkovic.hr\/portal\/wp-content\/uploads\/2017\/11\/GP-Metkovic-prosvjed-18-80x60.jpg) 0 0 no-repeat;\r\n                    }\r\n                    #tdi_1  .td-doubleSlider-2 .td-item5 {\r\n                        background: url(https:\/\/likemetkovic.hr\/portal\/wp-content\/uploads\/2017\/11\/GP-Metkovic-prosvjed-22-80x60.jpg) 0 0 no-repeat;\r\n                    }\r\n                <\/style>\r\n\r\n                <div id=\"tdi_1\" class=\"td-gallery td-slide-on-2-columns\">\r\n                    <div class=\"post_td_gallery\">\r\n                        <div class=\"td-gallery-slide-top\">\r\n                           <div class=\"td-gallery-title\"><\/div>\r\n\r\n                            <div class=\"td-gallery-controls-wrapper\">\r\n                                <div class=\"td-gallery-slide-count\"><span class=\"td-gallery-slide-item-focus\">1<\/span> of 5<\/div>\r\n                                <div class=\"td-gallery-slide-prev-next-but\">\r\n                                    <i class = \"td-icon-left doubleSliderPrevButton\"><\/i>\r\n                                    <i class = \"td-icon-right doubleSliderNextButton\"><\/i>\r\n                                <\/div>\r\n                            <\/div>\r\n                        <\/div>\r\n\r\n                        <div class = \"td-doubleSlider-1 \">\r\n                            <div class = \"td-slider\">\r\n                                \r\n                    <div class = \"td-slide-item td-item1\">\r\n                        <figure class=\"td-slide-galery-figure td-slide-popup-gallery\">\r\n                            <a class=\"slide-gallery-image-link\" href=\"https:\/\/likemetkovic.hr\/portal\/wp-content\/uploads\/2017\/11\/GP-Metkovic-prosvjed-2.jpg\" title=\"GP Metkovic prosvjed (2)\"  data-caption=\"\"  data-description=\"\">\r\n                                <img decoding=\"async\" src=\"https:\/\/likemetkovic.hr\/portal\/wp-content\/uploads\/2017\/11\/GP-Metkovic-prosvjed-2-630x420.jpg\" srcset=\"https:\/\/likemetkovic.hr\/portal\/wp-content\/uploads\/2017\/11\/GP-Metkovic-prosvjed-2-630x420.jpg 630w, https:\/\/likemetkovic.hr\/portal\/wp-content\/uploads\/2017\/11\/GP-Metkovic-prosvjed-2-800x533.jpg 800w, https:\/\/likemetkovic.hr\/portal\/wp-content\/uploads\/2017\/11\/GP-Metkovic-prosvjed-2-768x512.jpg 768w, https:\/\/likemetkovic.hr\/portal\/wp-content\/uploads\/2017\/11\/GP-Metkovic-prosvjed-2-696x464.jpg 696w, https:\/\/likemetkovic.hr\/portal\/wp-content\/uploads\/2017\/11\/GP-Metkovic-prosvjed-2.jpg 900w\" sizes=\"(max-width: 630px) 100vw, 630px\" alt=\"\">\r\n                            <\/a>\r\n                            \r\n                        <\/figure>\r\n                    <\/div>\r\n                    <div class = \"td-slide-item td-item2\">\r\n                        <figure class=\"td-slide-galery-figure td-slide-popup-gallery\">\r\n                            <a class=\"slide-gallery-image-link\" href=\"https:\/\/likemetkovic.hr\/portal\/wp-content\/uploads\/2017\/11\/GP-Metkovic-prosvjed-11.jpg\" title=\"GP Metkovic prosvjed (11)\"  data-caption=\"\"  data-description=\"\">\r\n                                <img decoding=\"async\" src=\"https:\/\/likemetkovic.hr\/portal\/wp-content\/uploads\/2017\/11\/GP-Metkovic-prosvjed-11-630x420.jpg\" srcset=\"https:\/\/likemetkovic.hr\/portal\/wp-content\/uploads\/2017\/11\/GP-Metkovic-prosvjed-11-630x420.jpg 630w, https:\/\/likemetkovic.hr\/portal\/wp-content\/uploads\/2017\/11\/GP-Metkovic-prosvjed-11-800x533.jpg 800w, https:\/\/likemetkovic.hr\/portal\/wp-content\/uploads\/2017\/11\/GP-Metkovic-prosvjed-11-768x512.jpg 768w, https:\/\/likemetkovic.hr\/portal\/wp-content\/uploads\/2017\/11\/GP-Metkovic-prosvjed-11-696x464.jpg 696w, https:\/\/likemetkovic.hr\/portal\/wp-content\/uploads\/2017\/11\/GP-Metkovic-prosvjed-11.jpg 900w\" sizes=\"(max-width: 630px) 100vw, 630px\" alt=\"\">\r\n                            <\/a>\r\n                            \r\n                        <\/figure>\r\n                    <\/div>\r\n                    <div class = \"td-slide-item td-item3\">\r\n                        <figure class=\"td-slide-galery-figure td-slide-popup-gallery\">\r\n                            <a class=\"slide-gallery-image-link\" href=\"https:\/\/likemetkovic.hr\/portal\/wp-content\/uploads\/2017\/11\/GP-Metkovic-prosvjed-15.jpg\" title=\"GP Metkovic prosvjed (15)\"  data-caption=\"\"  data-description=\"\">\r\n                                <img decoding=\"async\" src=\"https:\/\/likemetkovic.hr\/portal\/wp-content\/uploads\/2017\/11\/GP-Metkovic-prosvjed-15-630x420.jpg\" srcset=\"https:\/\/likemetkovic.hr\/portal\/wp-content\/uploads\/2017\/11\/GP-Metkovic-prosvjed-15-630x420.jpg 630w, https:\/\/likemetkovic.hr\/portal\/wp-content\/uploads\/2017\/11\/GP-Metkovic-prosvjed-15-800x533.jpg 800w, https:\/\/likemetkovic.hr\/portal\/wp-content\/uploads\/2017\/11\/GP-Metkovic-prosvjed-15-768x512.jpg 768w, https:\/\/likemetkovic.hr\/portal\/wp-content\/uploads\/2017\/11\/GP-Metkovic-prosvjed-15-696x464.jpg 696w, https:\/\/likemetkovic.hr\/portal\/wp-content\/uploads\/2017\/11\/GP-Metkovic-prosvjed-15.jpg 900w\" sizes=\"(max-width: 630px) 100vw, 630px\" alt=\"\">\r\n                            <\/a>\r\n                            \r\n                        <\/figure>\r\n                    <\/div>\r\n                    <div class = \"td-slide-item td-item4\">\r\n                        <figure class=\"td-slide-galery-figure td-slide-popup-gallery\">\r\n                            <a class=\"slide-gallery-image-link\" href=\"https:\/\/likemetkovic.hr\/portal\/wp-content\/uploads\/2017\/11\/GP-Metkovic-prosvjed-18.jpg\" title=\"GP Metkovic prosvjed (18)\"  data-caption=\"\"  data-description=\"\">\r\n                                <img decoding=\"async\" src=\"https:\/\/likemetkovic.hr\/portal\/wp-content\/uploads\/2017\/11\/GP-Metkovic-prosvjed-18-630x420.jpg\" srcset=\"https:\/\/likemetkovic.hr\/portal\/wp-content\/uploads\/2017\/11\/GP-Metkovic-prosvjed-18-630x420.jpg 630w, https:\/\/likemetkovic.hr\/portal\/wp-content\/uploads\/2017\/11\/GP-Metkovic-prosvjed-18-800x533.jpg 800w, https:\/\/likemetkovic.hr\/portal\/wp-content\/uploads\/2017\/11\/GP-Metkovic-prosvjed-18-768x512.jpg 768w, https:\/\/likemetkovic.hr\/portal\/wp-content\/uploads\/2017\/11\/GP-Metkovic-prosvjed-18-696x464.jpg 696w, https:\/\/likemetkovic.hr\/portal\/wp-content\/uploads\/2017\/11\/GP-Metkovic-prosvjed-18.jpg 900w\" sizes=\"(max-width: 630px) 100vw, 630px\" alt=\"\">\r\n                            <\/a>\r\n                            \r\n                        <\/figure>\r\n                    <\/div>\r\n                    <div class = \"td-slide-item td-item5\">\r\n                        <figure class=\"td-slide-galery-figure td-slide-popup-gallery\">\r\n                            <a class=\"slide-gallery-image-link\" href=\"https:\/\/likemetkovic.hr\/portal\/wp-content\/uploads\/2017\/11\/GP-Metkovic-prosvjed-22.jpg\" title=\"GP Metkovic prosvjed (22)\"  data-caption=\"\"  data-description=\"\">\r\n                                <img decoding=\"async\" src=\"https:\/\/likemetkovic.hr\/portal\/wp-content\/uploads\/2017\/11\/GP-Metkovic-prosvjed-22-630x420.jpg\" srcset=\"https:\/\/likemetkovic.hr\/portal\/wp-content\/uploads\/2017\/11\/GP-Metkovic-prosvjed-22-630x420.jpg 630w, https:\/\/likemetkovic.hr\/portal\/wp-content\/uploads\/2017\/11\/GP-Metkovic-prosvjed-22-800x533.jpg 800w, https:\/\/likemetkovic.hr\/portal\/wp-content\/uploads\/2017\/11\/GP-Metkovic-prosvjed-22-768x512.jpg 768w, https:\/\/likemetkovic.hr\/portal\/wp-content\/uploads\/2017\/11\/GP-Metkovic-prosvjed-22.jpg 1200w, https:\/\/likemetkovic.hr\/portal\/wp-content\/uploads\/2017\/11\/GP-Metkovic-prosvjed-22-696x464.jpg 696w, https:\/\/likemetkovic.hr\/portal\/wp-content\/uploads\/2017\/11\/GP-Metkovic-prosvjed-22-1068x712.jpg 1068w\" sizes=\"(max-width: 630px) 100vw, 630px\" alt=\"\">\r\n                            <\/a>\r\n                            \r\n                        <\/figure>\r\n                    <\/div>\r\n                            <\/div>\r\n                        <\/div>\r\n\r\n                        <div class = \"td-doubleSlider-2\">\r\n                            <div class = \"td-slider\">\r\n                                \r\n                    <div class = \"td-button td-item1\">\r\n                        <div class = \"td-border\"><\/div>\r\n                    <\/div>\r\n                    <div class = \"td-button td-item2\">\r\n                        <div class = \"td-border\"><\/div>\r\n                    <\/div>\r\n                    <div class = \"td-button td-item3\">\r\n                        <div class = \"td-border\"><\/div>\r\n                    <\/div>\r\n                    <div class = \"td-button td-item4\">\r\n                        <div class = \"td-border\"><\/div>\r\n                    <\/div>\r\n                    <div class = \"td-button td-item5\">\r\n                        <div class = \"td-border\"><\/div>\r\n                    <\/div>\r\n                            <\/div>\r\n                        <\/div>\r\n\r\n                    <\/div>\r\n\r\n                <\/div>\r\n                \n","protected":false},"excerpt":{"rendered":"<p>Kako je i bilo najavljeno, danas je oko 11 sati odr\u017ean mirni prosvjed gra\u0111ana ispred novoizgra\u0111enoga grani\u010dnog prijelaza Metkovi\u0107 (Doljani). Prosvjed je bio miran i bez zaustavljanja prometa. Okupilo se pedesetak prosvjednika,\u00a0uglavnom stanara ulice Stjepana Radi\u0107a koji su o\u010dekivali dolazak gradona\u010delnika Dalibora Milana koji nije do\u0161ao. Zanimanje medija je bilo veliko, gotovo sve nacionalne televizije [&hellip;]<\/p>\n","protected":false},"author":7,"featured_media":49590,"comment_status":"open","ping_status":"open","sticky":false,"template":"","format":"standard","meta":{"footnotes":""},"categories":[283],"tags":[1267,1887],"class_list":{"0":"post-49580","1":"post","2":"type-post","3":"status-publish","4":"format-standard","5":"has-post-thumbnail","7":"category-a","8":"tag-gp-metkovic","9":"tag-prosvjed"},"yoast_head":"<!-- This site is optimized with the Yoast SEO plugin v25.2 - https:\/\/yoast.com\/wordpress\/plugins\/seo\/ -->\n<title>GP METKOVI\u0106 Za sada mirni prosvjed upozorenja, a mogu\u0107a je i tu\u017eba - likemetkovic.hr<\/title>\n<meta name=\"description\" content=\"Danas je oko 11 sati odr\u017ean mirni prosvjed gra\u0111ana ispred grani\u010dnog prijelaza Metkovi\u0107 (Doljani). Prosvjed je bio miran i bez zaustavljanja prometa.\" \/>\n<meta name=\"robots\" content=\"index, follow, max-snippet:-1, max-image-preview:large, max-video-preview:-1\" \/>\n<link rel=\"canonical\" href=\"https:\/\/likemetkovic.hr\/gp-metkovic-sada-mirni-prosvjed-upozorenja-a-moguca-tuzba\/\" \/>\n<meta property=\"og:locale\" content=\"hr_HR\" \/>\n<meta property=\"og:type\" content=\"article\" \/>\n<meta property=\"og:title\" content=\"GP METKOVI\u0106 Za sada mirni prosvjed upozorenja, a mogu\u0107a je i tu\u017eba - likemetkovic.hr\" \/>\n<meta property=\"og:description\" content=\"Danas je oko 11 sati odr\u017ean mirni prosvjed gra\u0111ana ispred grani\u010dnog prijelaza Metkovi\u0107 (Doljani). Prosvjed je bio miran i bez zaustavljanja prometa.\" \/>\n<meta property=\"og:url\" content=\"https:\/\/likemetkovic.hr\/gp-metkovic-sada-mirni-prosvjed-upozorenja-a-moguca-tuzba\/\" \/>\n<meta property=\"og:site_name\" content=\"likemetkovic.hr\" \/>\n<meta property=\"article:publisher\" content=\"https:\/\/www.facebook.com\/likemetkovic.hr\/\" \/>\n<meta property=\"article:published_time\" content=\"2017-11-19T12:59:34+00:00\" \/>\n<meta property=\"article:modified_time\" content=\"2018-06-08T09:13:49+00:00\" \/>\n<meta property=\"og:image\" content=\"https:\/\/likemetkovic.hr\/wp-content\/uploads\/2017\/11\/GP-Metkovic-prosvjed-22.jpg\" \/>\n\t<meta property=\"og:image:width\" content=\"1200\" \/>\n\t<meta property=\"og:image:height\" content=\"800\" \/>\n\t<meta property=\"og:image:type\" content=\"image\/jpeg\" \/>\n<meta name=\"author\" content=\"LIKEmetkovic.hr\" \/>\n<meta name=\"twitter:card\" content=\"summary_large_image\" \/>\n<meta name=\"twitter:label1\" content=\"Napisao\/la\" \/>\n\t<meta name=\"twitter:data1\" content=\"LIKEmetkovic.hr\" \/>\n\t<meta name=\"twitter:label2\" content=\"Procijenjeno vrijeme \u010ditanja\" \/>\n\t<meta name=\"twitter:data2\" content=\"3 minute\" \/>\n<script type=\"application\/ld+json\" class=\"yoast-schema-graph\">{\"@context\":\"https:\/\/schema.org\",\"@graph\":[{\"@type\":\"WebPage\",\"@id\":\"https:\/\/likemetkovic.hr\/gp-metkovic-sada-mirni-prosvjed-upozorenja-a-moguca-tuzba\/\",\"url\":\"https:\/\/likemetkovic.hr\/gp-metkovic-sada-mirni-prosvjed-upozorenja-a-moguca-tuzba\/\",\"name\":\"GP METKOVI\u0106 Za sada mirni prosvjed upozorenja, a mogu\u0107a je i tu\u017eba - likemetkovic.hr\",\"isPartOf\":{\"@id\":\"https:\/\/likemetkovic.hr\/#website\"},\"primaryImageOfPage\":{\"@id\":\"https:\/\/likemetkovic.hr\/gp-metkovic-sada-mirni-prosvjed-upozorenja-a-moguca-tuzba\/#primaryimage\"},\"image\":{\"@id\":\"https:\/\/likemetkovic.hr\/gp-metkovic-sada-mirni-prosvjed-upozorenja-a-moguca-tuzba\/#primaryimage\"},\"thumbnailUrl\":\"https:\/\/likemetkovic.hr\/portal\/wp-content\/uploads\/2017\/11\/GP-Metkovic-prosvjed-22.jpg\",\"datePublished\":\"2017-11-19T12:59:34+00:00\",\"dateModified\":\"2018-06-08T09:13:49+00:00\",\"author\":{\"@id\":\"https:\/\/likemetkovic.hr\/#\/schema\/person\/a42711f3385a0e2be6f7e0443bfb28f0\"},\"description\":\"Danas je oko 11 sati odr\u017ean mirni prosvjed gra\u0111ana ispred grani\u010dnog prijelaza Metkovi\u0107 (Doljani). Prosvjed je bio miran i bez zaustavljanja prometa.\",\"breadcrumb\":{\"@id\":\"https:\/\/likemetkovic.hr\/gp-metkovic-sada-mirni-prosvjed-upozorenja-a-moguca-tuzba\/#breadcrumb\"},\"inLanguage\":\"hr\",\"potentialAction\":[{\"@type\":\"ReadAction\",\"target\":[\"https:\/\/likemetkovic.hr\/gp-metkovic-sada-mirni-prosvjed-upozorenja-a-moguca-tuzba\/\"]}]},{\"@type\":\"ImageObject\",\"inLanguage\":\"hr\",\"@id\":\"https:\/\/likemetkovic.hr\/gp-metkovic-sada-mirni-prosvjed-upozorenja-a-moguca-tuzba\/#primaryimage\",\"url\":\"https:\/\/likemetkovic.hr\/portal\/wp-content\/uploads\/2017\/11\/GP-Metkovic-prosvjed-22.jpg\",\"contentUrl\":\"https:\/\/likemetkovic.hr\/portal\/wp-content\/uploads\/2017\/11\/GP-Metkovic-prosvjed-22.jpg\",\"width\":1200,\"height\":800},{\"@type\":\"BreadcrumbList\",\"@id\":\"https:\/\/likemetkovic.hr\/gp-metkovic-sada-mirni-prosvjed-upozorenja-a-moguca-tuzba\/#breadcrumb\",\"itemListElement\":[{\"@type\":\"ListItem\",\"position\":1,\"name\":\"Po\u010detna stranica\",\"item\":\"https:\/\/likemetkovic.hr\/portal\/\"},{\"@type\":\"ListItem\",\"position\":2,\"name\":\"GP METKOVI\u0106 Za sada mirni prosvjed upozorenja, a mogu\u0107a je i tu\u017eba\"}]},{\"@type\":\"WebSite\",\"@id\":\"https:\/\/likemetkovic.hr\/#website\",\"url\":\"https:\/\/likemetkovic.hr\/\",\"name\":\"likemetkovic.hr\",\"description\":\"Misli pozitivno... \u010ditaj LIKE\",\"potentialAction\":[{\"@type\":\"SearchAction\",\"target\":{\"@type\":\"EntryPoint\",\"urlTemplate\":\"https:\/\/likemetkovic.hr\/?s={search_term_string}\"},\"query-input\":{\"@type\":\"PropertyValueSpecification\",\"valueRequired\":true,\"valueName\":\"search_term_string\"}}],\"inLanguage\":\"hr\"},{\"@type\":\"Person\",\"@id\":\"https:\/\/likemetkovic.hr\/#\/schema\/person\/a42711f3385a0e2be6f7e0443bfb28f0\",\"name\":\"LIKEmetkovic.hr\",\"sameAs\":[\"http:\/\/likemetkovic.hr\"],\"url\":\"https:\/\/likemetkovic.hr\/portal\/author\/likemetkovic-hr\/\"}]}<\/script>\n<!-- \/ Yoast SEO plugin. -->","yoast_head_json":{"title":"GP METKOVI\u0106 Za sada mirni prosvjed upozorenja, a mogu\u0107a je i tu\u017eba - likemetkovic.hr","description":"Danas je oko 11 sati odr\u017ean mirni prosvjed gra\u0111ana ispred grani\u010dnog prijelaza Metkovi\u0107 (Doljani). Prosvjed je bio miran i bez zaustavljanja prometa.","robots":{"index":"index","follow":"follow","max-snippet":"max-snippet:-1","max-image-preview":"max-image-preview:large","max-video-preview":"max-video-preview:-1"},"canonical":"https:\/\/likemetkovic.hr\/gp-metkovic-sada-mirni-prosvjed-upozorenja-a-moguca-tuzba\/","og_locale":"hr_HR","og_type":"article","og_title":"GP METKOVI\u0106 Za sada mirni prosvjed upozorenja, a mogu\u0107a je i tu\u017eba - likemetkovic.hr","og_description":"Danas je oko 11 sati odr\u017ean mirni prosvjed gra\u0111ana ispred grani\u010dnog prijelaza Metkovi\u0107 (Doljani). Prosvjed je bio miran i bez zaustavljanja prometa.","og_url":"https:\/\/likemetkovic.hr\/gp-metkovic-sada-mirni-prosvjed-upozorenja-a-moguca-tuzba\/","og_site_name":"likemetkovic.hr","article_publisher":"https:\/\/www.facebook.com\/likemetkovic.hr\/","article_published_time":"2017-11-19T12:59:34+00:00","article_modified_time":"2018-06-08T09:13:49+00:00","og_image":[{"width":1200,"height":800,"url":"https:\/\/likemetkovic.hr\/wp-content\/uploads\/2017\/11\/GP-Metkovic-prosvjed-22.jpg","type":"image\/jpeg"}],"author":"LIKEmetkovic.hr","twitter_card":"summary_large_image","twitter_misc":{"Napisao\/la":"LIKEmetkovic.hr","Procijenjeno vrijeme \u010ditanja":"3 minute"},"schema":{"@context":"https:\/\/schema.org","@graph":[{"@type":"WebPage","@id":"https:\/\/likemetkovic.hr\/gp-metkovic-sada-mirni-prosvjed-upozorenja-a-moguca-tuzba\/","url":"https:\/\/likemetkovic.hr\/gp-metkovic-sada-mirni-prosvjed-upozorenja-a-moguca-tuzba\/","name":"GP METKOVI\u0106 Za sada mirni prosvjed upozorenja, a mogu\u0107a je i tu\u017eba - likemetkovic.hr","isPartOf":{"@id":"https:\/\/likemetkovic.hr\/#website"},"primaryImageOfPage":{"@id":"https:\/\/likemetkovic.hr\/gp-metkovic-sada-mirni-prosvjed-upozorenja-a-moguca-tuzba\/#primaryimage"},"image":{"@id":"https:\/\/likemetkovic.hr\/gp-metkovic-sada-mirni-prosvjed-upozorenja-a-moguca-tuzba\/#primaryimage"},"thumbnailUrl":"https:\/\/likemetkovic.hr\/portal\/wp-content\/uploads\/2017\/11\/GP-Metkovic-prosvjed-22.jpg","datePublished":"2017-11-19T12:59:34+00:00","dateModified":"2018-06-08T09:13:49+00:00","author":{"@id":"https:\/\/likemetkovic.hr\/#\/schema\/person\/a42711f3385a0e2be6f7e0443bfb28f0"},"description":"Danas je oko 11 sati odr\u017ean mirni prosvjed gra\u0111ana ispred grani\u010dnog prijelaza Metkovi\u0107 (Doljani). Prosvjed je bio miran i bez zaustavljanja prometa.","breadcrumb":{"@id":"https:\/\/likemetkovic.hr\/gp-metkovic-sada-mirni-prosvjed-upozorenja-a-moguca-tuzba\/#breadcrumb"},"inLanguage":"hr","potentialAction":[{"@type":"ReadAction","target":["https:\/\/likemetkovic.hr\/gp-metkovic-sada-mirni-prosvjed-upozorenja-a-moguca-tuzba\/"]}]},{"@type":"ImageObject","inLanguage":"hr","@id":"https:\/\/likemetkovic.hr\/gp-metkovic-sada-mirni-prosvjed-upozorenja-a-moguca-tuzba\/#primaryimage","url":"https:\/\/likemetkovic.hr\/portal\/wp-content\/uploads\/2017\/11\/GP-Metkovic-prosvjed-22.jpg","contentUrl":"https:\/\/likemetkovic.hr\/portal\/wp-content\/uploads\/2017\/11\/GP-Metkovic-prosvjed-22.jpg","width":1200,"height":800},{"@type":"BreadcrumbList","@id":"https:\/\/likemetkovic.hr\/gp-metkovic-sada-mirni-prosvjed-upozorenja-a-moguca-tuzba\/#breadcrumb","itemListElement":[{"@type":"ListItem","position":1,"name":"Po\u010detna stranica","item":"https:\/\/likemetkovic.hr\/portal\/"},{"@type":"ListItem","position":2,"name":"GP METKOVI\u0106 Za sada mirni prosvjed upozorenja, a mogu\u0107a je i tu\u017eba"}]},{"@type":"WebSite","@id":"https:\/\/likemetkovic.hr\/#website","url":"https:\/\/likemetkovic.hr\/","name":"likemetkovic.hr","description":"Misli pozitivno... \u010ditaj LIKE","potentialAction":[{"@type":"SearchAction","target":{"@type":"EntryPoint","urlTemplate":"https:\/\/likemetkovic.hr\/?s={search_term_string}"},"query-input":{"@type":"PropertyValueSpecification","valueRequired":true,"valueName":"search_term_string"}}],"inLanguage":"hr"},{"@type":"Person","@id":"https:\/\/likemetkovic.hr\/#\/schema\/person\/a42711f3385a0e2be6f7e0443bfb28f0","name":"LIKEmetkovic.hr","sameAs":["http:\/\/likemetkovic.hr"],"url":"https:\/\/likemetkovic.hr\/portal\/author\/likemetkovic-hr\/"}]}},"_links":{"self":[{"href":"https:\/\/likemetkovic.hr\/portal\/wp-json\/wp\/v2\/posts\/49580","targetHints":{"allow":["GET"]}}],"collection":[{"href":"https:\/\/likemetkovic.hr\/portal\/wp-json\/wp\/v2\/posts"}],"about":[{"href":"https:\/\/likemetkovic.hr\/portal\/wp-json\/wp\/v2\/types\/post"}],"author":[{"embeddable":true,"href":"https:\/\/likemetkovic.hr\/portal\/wp-json\/wp\/v2\/users\/7"}],"replies":[{"embeddable":true,"href":"https:\/\/likemetkovic.hr\/portal\/wp-json\/wp\/v2\/comments?post=49580"}],"version-history":[{"count":0,"href":"https:\/\/likemetkovic.hr\/portal\/wp-json\/wp\/v2\/posts\/49580\/revisions"}],"wp:featuredmedia":[{"embeddable":true,"href":"https:\/\/likemetkovic.hr\/portal\/wp-json\/wp\/v2\/media\/49590"}],"wp:attachment":[{"href":"https:\/\/likemetkovic.hr\/portal\/wp-json\/wp\/v2\/media?parent=49580"}],"wp:term":[{"taxonomy":"category","embeddable":true,"href":"https:\/\/likemetkovic.hr\/portal\/wp-json\/wp\/v2\/categories?post=49580"},{"taxonomy":"post_tag","embeddable":true,"href":"https:\/\/likemetkovic.hr\/portal\/wp-json\/wp\/v2\/tags?post=49580"}],"curies":[{"name":"wp","href":"https:\/\/api.w.org\/{rel}","templated":true}]}}