{"id":49651,"date":"2017-11-20T21:52:32","date_gmt":"2017-11-20T20:52:32","guid":{"rendered":"http:\/\/likemetkovic.hr\/?p=49651"},"modified":"2018-06-08T11:20:14","modified_gmt":"2018-06-08T09:20:14","slug":"veterani-4-gbr-hv-sudjelovali-u-obiljezavanju-stradanja-vukovara","status":"publish","type":"post","link":"https:\/\/likemetkovic.hr\/portal\/veterani-4-gbr-hv-sudjelovali-u-obiljezavanju-stradanja-vukovara\/","title":{"rendered":"GALERIJA Veterani 4. gbr. HV sudjelovali u vukovarskoj &#8216;Koloni sje\u0107anja&#8217;"},"content":{"rendered":"<p>Udruga veterana 4.gardijske brigade DN\u017d organizirala je odlazak u Vukovar za \u010dlanove, branitelje, djecu hrvatskih branitelja\u00a0\u00a0i prijatelje povodom obilje\u017eavanja 26.obljetnice \u017ertve Vukovara za slobodnu Hrvatsku.<\/p>\n<p>U subotu, 18. studenog, sudjelovali su u neprekidnoj koloni ljudi koja je satima tekla u\u00a0<i>Koloni sje\u0107anja<\/i>\u00a0od bolnice do Memorijalnog groblja. Nave\u010der su veterani imali zajedni\u010dko dru\u017eenje sa prijateljima i suborcima iz 3.gardijske brigade u Osijeku.<\/p>\n<p>Drugi dan sudjelovali su u obilje\u017eavanju 26.obljetnice stradanja vukovarskog kvarta Borovog naselja i Kri\u017enom putu-Koloni sje\u0107anja od nekada\u0161njeg skloni\u0161ta u Borovo commercu do crkve Gospe Fatimske nose\u0107i veliku hrvatsku zastavu sa sloganom\u00a0<i>IN HOC SIGNO VINCES &#8211; U ovom \u0107e\u0161 znaku pobijediti<\/i>. Na mjestima stradanja hrvatskih branitelja i civila veterani su zapalili svije\u0107e i odali po\u010dast kod spomenika dvanaestorici mu\u010dki ubijenih redarstvenika u Borovu selu, mjestu masovne grobnice i kod Spomen doma Ov\u010dara te kod spomenika generalu Blagi Zadri na Trpinjskoj cesti.<\/p>\n<p>Za najmla\u0111e je ovo bilo i jedno pou\u010dno putovanje gdje su imali priliku saznati o krvavim doga\u0111ajima iz na\u0161e novije povijesti u tijeku neprijateljske agresije na Hrvatsku na tom podru\u010dju. Kako je to bilo mo\u017eete vidjeti u galeriji koja slijedi.<\/p>\n\r\n                <style type=\"text\/css\">\r\n                    \r\n                    #tdi_1  .td-doubleSlider-2 .td-item1 {\r\n                        background: url(https:\/\/likemetkovic.hr\/portal\/wp-content\/uploads\/2017\/11\/DSC_1012-80x60.jpg) 0 0 no-repeat;\r\n                    }\r\n                    #tdi_1  .td-doubleSlider-2 .td-item2 {\r\n                        background: url(https:\/\/likemetkovic.hr\/portal\/wp-content\/uploads\/2017\/11\/DSC_1033-80x60.jpg) 0 0 no-repeat;\r\n                    }\r\n                    #tdi_1  .td-doubleSlider-2 .td-item3 {\r\n                        background: url(https:\/\/likemetkovic.hr\/portal\/wp-content\/uploads\/2017\/11\/DSC_1147-80x60.jpg) 0 0 no-repeat;\r\n                    }\r\n                    #tdi_1  .td-doubleSlider-2 .td-item4 {\r\n                        background: url(https:\/\/likemetkovic.hr\/portal\/wp-content\/uploads\/2017\/11\/DSC_1169-80x60.jpg) 0 0 no-repeat;\r\n                    }\r\n                    #tdi_1  .td-doubleSlider-2 .td-item5 {\r\n                        background: url(https:\/\/likemetkovic.hr\/portal\/wp-content\/uploads\/2017\/11\/DSC_1202-80x60.jpg) 0 0 no-repeat;\r\n                    }\r\n                    #tdi_1  .td-doubleSlider-2 .td-item6 {\r\n                        background: url(https:\/\/likemetkovic.hr\/portal\/wp-content\/uploads\/2017\/11\/DSC_1277-80x60.jpg) 0 0 no-repeat;\r\n                    }\r\n                    #tdi_1  .td-doubleSlider-2 .td-item7 {\r\n                        background: url(https:\/\/likemetkovic.hr\/portal\/wp-content\/uploads\/2017\/11\/DSC_1344-80x60.jpg) 0 0 no-repeat;\r\n                    }\r\n                    #tdi_1  .td-doubleSlider-2 .td-item8 {\r\n                        background: url(https:\/\/likemetkovic.hr\/portal\/wp-content\/uploads\/2017\/11\/DSC_1496-80x60.jpg) 0 0 no-repeat;\r\n                    }\r\n                <\/style>\r\n\r\n                <div id=\"tdi_1\" class=\"td-gallery td-slide-on-2-columns\">\r\n                    <div class=\"post_td_gallery\">\r\n                        <div class=\"td-gallery-slide-top\">\r\n                           <div class=\"td-gallery-title\"><\/div>\r\n\r\n                            <div class=\"td-gallery-controls-wrapper\">\r\n                                <div class=\"td-gallery-slide-count\"><span class=\"td-gallery-slide-item-focus\">1<\/span> of 8<\/div>\r\n                                <div class=\"td-gallery-slide-prev-next-but\">\r\n                                    <i class = \"td-icon-left doubleSliderPrevButton\"><\/i>\r\n                                    <i class = \"td-icon-right doubleSliderNextButton\"><\/i>\r\n                                <\/div>\r\n                            <\/div>\r\n                        <\/div>\r\n\r\n                        <div class = \"td-doubleSlider-1 \">\r\n                            <div class = \"td-slider\">\r\n                                \r\n                    <div class = \"td-slide-item td-item1\">\r\n                        <figure class=\"td-slide-galery-figure td-slide-popup-gallery\">\r\n                            <a class=\"slide-gallery-image-link\" href=\"https:\/\/likemetkovic.hr\/portal\/wp-content\/uploads\/2017\/11\/DSC_1012.jpg\" title=\"DSC_1012\"  data-caption=\"\"  data-description=\"\">\r\n                                <img decoding=\"async\" src=\"https:\/\/likemetkovic.hr\/portal\/wp-content\/uploads\/2017\/11\/DSC_1012-632x420.jpg\" srcset=\"https:\/\/likemetkovic.hr\/portal\/wp-content\/uploads\/2017\/11\/DSC_1012-632x420.jpg 632w, https:\/\/likemetkovic.hr\/portal\/wp-content\/uploads\/2017\/11\/DSC_1012-800x532.jpg 800w, https:\/\/likemetkovic.hr\/portal\/wp-content\/uploads\/2017\/11\/DSC_1012-768x510.jpg 768w, https:\/\/likemetkovic.hr\/portal\/wp-content\/uploads\/2017\/11\/DSC_1012-696x462.jpg 696w, https:\/\/likemetkovic.hr\/portal\/wp-content\/uploads\/2017\/11\/DSC_1012.jpg 900w\" sizes=\"(max-width: 632px) 100vw, 632px\" alt=\"\">\r\n                            <\/a>\r\n                            \r\n                        <\/figure>\r\n                    <\/div>\r\n                    <div class = \"td-slide-item td-item2\">\r\n                        <figure class=\"td-slide-galery-figure td-slide-popup-gallery\">\r\n                            <a class=\"slide-gallery-image-link\" href=\"https:\/\/likemetkovic.hr\/portal\/wp-content\/uploads\/2017\/11\/DSC_1033.jpg\" title=\"DSC_1033\"  data-caption=\"\"  data-description=\"\">\r\n                                <img decoding=\"async\" src=\"https:\/\/likemetkovic.hr\/portal\/wp-content\/uploads\/2017\/11\/DSC_1033-632x420.jpg\" srcset=\"https:\/\/likemetkovic.hr\/portal\/wp-content\/uploads\/2017\/11\/DSC_1033-632x420.jpg 632w, https:\/\/likemetkovic.hr\/portal\/wp-content\/uploads\/2017\/11\/DSC_1033-800x532.jpg 800w, https:\/\/likemetkovic.hr\/portal\/wp-content\/uploads\/2017\/11\/DSC_1033-768x510.jpg 768w, https:\/\/likemetkovic.hr\/portal\/wp-content\/uploads\/2017\/11\/DSC_1033-696x462.jpg 696w, https:\/\/likemetkovic.hr\/portal\/wp-content\/uploads\/2017\/11\/DSC_1033.jpg 900w\" sizes=\"(max-width: 632px) 100vw, 632px\" alt=\"\">\r\n                            <\/a>\r\n                            \r\n                        <\/figure>\r\n                    <\/div>\r\n                    <div class = \"td-slide-item td-item3\">\r\n                        <figure class=\"td-slide-galery-figure td-slide-popup-gallery\">\r\n                            <a class=\"slide-gallery-image-link\" href=\"https:\/\/likemetkovic.hr\/portal\/wp-content\/uploads\/2017\/11\/DSC_1147.jpg\" title=\"DSC_1147\"  data-caption=\"\"  data-description=\"\">\r\n                                <img decoding=\"async\" src=\"https:\/\/likemetkovic.hr\/portal\/wp-content\/uploads\/2017\/11\/DSC_1147-632x420.jpg\" srcset=\"https:\/\/likemetkovic.hr\/portal\/wp-content\/uploads\/2017\/11\/DSC_1147-632x420.jpg 632w, https:\/\/likemetkovic.hr\/portal\/wp-content\/uploads\/2017\/11\/DSC_1147-800x532.jpg 800w, https:\/\/likemetkovic.hr\/portal\/wp-content\/uploads\/2017\/11\/DSC_1147-768x510.jpg 768w, https:\/\/likemetkovic.hr\/portal\/wp-content\/uploads\/2017\/11\/DSC_1147-696x462.jpg 696w, https:\/\/likemetkovic.hr\/portal\/wp-content\/uploads\/2017\/11\/DSC_1147.jpg 900w\" sizes=\"(max-width: 632px) 100vw, 632px\" alt=\"\">\r\n                            <\/a>\r\n                            \r\n                        <\/figure>\r\n                    <\/div>\r\n                    <div class = \"td-slide-item td-item4\">\r\n                        <figure class=\"td-slide-galery-figure td-slide-popup-gallery\">\r\n                            <a class=\"slide-gallery-image-link\" href=\"https:\/\/likemetkovic.hr\/portal\/wp-content\/uploads\/2017\/11\/DSC_1169.jpg\" title=\"DSC_1169\"  data-caption=\"\"  data-description=\"\">\r\n                                <img decoding=\"async\" src=\"https:\/\/likemetkovic.hr\/portal\/wp-content\/uploads\/2017\/11\/DSC_1169-632x420.jpg\" srcset=\"https:\/\/likemetkovic.hr\/portal\/wp-content\/uploads\/2017\/11\/DSC_1169-632x420.jpg 632w, https:\/\/likemetkovic.hr\/portal\/wp-content\/uploads\/2017\/11\/DSC_1169-800x532.jpg 800w, https:\/\/likemetkovic.hr\/portal\/wp-content\/uploads\/2017\/11\/DSC_1169-768x510.jpg 768w, https:\/\/likemetkovic.hr\/portal\/wp-content\/uploads\/2017\/11\/DSC_1169-696x462.jpg 696w, https:\/\/likemetkovic.hr\/portal\/wp-content\/uploads\/2017\/11\/DSC_1169.jpg 900w\" sizes=\"(max-width: 632px) 100vw, 632px\" alt=\"\">\r\n                            <\/a>\r\n                            \r\n                        <\/figure>\r\n                    <\/div>\r\n                    <div class = \"td-slide-item td-item5\">\r\n                        <figure class=\"td-slide-galery-figure td-slide-popup-gallery\">\r\n                            <a class=\"slide-gallery-image-link\" href=\"https:\/\/likemetkovic.hr\/portal\/wp-content\/uploads\/2017\/11\/DSC_1202.jpg\" title=\"DSC_1202\"  data-caption=\"\"  data-description=\"\">\r\n                                <img decoding=\"async\" src=\"https:\/\/likemetkovic.hr\/portal\/wp-content\/uploads\/2017\/11\/DSC_1202-632x420.jpg\" srcset=\"https:\/\/likemetkovic.hr\/portal\/wp-content\/uploads\/2017\/11\/DSC_1202-632x420.jpg 632w, https:\/\/likemetkovic.hr\/portal\/wp-content\/uploads\/2017\/11\/DSC_1202-800x532.jpg 800w, https:\/\/likemetkovic.hr\/portal\/wp-content\/uploads\/2017\/11\/DSC_1202-768x510.jpg 768w, https:\/\/likemetkovic.hr\/portal\/wp-content\/uploads\/2017\/11\/DSC_1202-696x462.jpg 696w, https:\/\/likemetkovic.hr\/portal\/wp-content\/uploads\/2017\/11\/DSC_1202.jpg 900w\" sizes=\"(max-width: 632px) 100vw, 632px\" alt=\"\">\r\n                            <\/a>\r\n                            \r\n                        <\/figure>\r\n                    <\/div>\r\n                    <div class = \"td-slide-item td-item6\">\r\n                        <figure class=\"td-slide-galery-figure td-slide-popup-gallery\">\r\n                            <a class=\"slide-gallery-image-link\" href=\"https:\/\/likemetkovic.hr\/portal\/wp-content\/uploads\/2017\/11\/DSC_1277.jpg\" title=\"DSC_1277\"  data-caption=\"\"  data-description=\"\">\r\n                                <img decoding=\"async\" src=\"https:\/\/likemetkovic.hr\/portal\/wp-content\/uploads\/2017\/11\/DSC_1277-632x420.jpg\" srcset=\"https:\/\/likemetkovic.hr\/portal\/wp-content\/uploads\/2017\/11\/DSC_1277-632x420.jpg 632w, https:\/\/likemetkovic.hr\/portal\/wp-content\/uploads\/2017\/11\/DSC_1277-800x532.jpg 800w, https:\/\/likemetkovic.hr\/portal\/wp-content\/uploads\/2017\/11\/DSC_1277-768x510.jpg 768w, https:\/\/likemetkovic.hr\/portal\/wp-content\/uploads\/2017\/11\/DSC_1277-696x462.jpg 696w, https:\/\/likemetkovic.hr\/portal\/wp-content\/uploads\/2017\/11\/DSC_1277.jpg 900w\" sizes=\"(max-width: 632px) 100vw, 632px\" alt=\"\">\r\n                            <\/a>\r\n                            \r\n                        <\/figure>\r\n                    <\/div>\r\n                    <div class = \"td-slide-item td-item7\">\r\n                        <figure class=\"td-slide-galery-figure td-slide-popup-gallery\">\r\n                            <a class=\"slide-gallery-image-link\" href=\"https:\/\/likemetkovic.hr\/portal\/wp-content\/uploads\/2017\/11\/DSC_1344.jpg\" title=\"DSC_1344\"  data-caption=\"\"  data-description=\"\">\r\n                                <img decoding=\"async\" src=\"https:\/\/likemetkovic.hr\/portal\/wp-content\/uploads\/2017\/11\/DSC_1344-632x420.jpg\" srcset=\"https:\/\/likemetkovic.hr\/portal\/wp-content\/uploads\/2017\/11\/DSC_1344-632x420.jpg 632w, https:\/\/likemetkovic.hr\/portal\/wp-content\/uploads\/2017\/11\/DSC_1344-800x532.jpg 800w, https:\/\/likemetkovic.hr\/portal\/wp-content\/uploads\/2017\/11\/DSC_1344-768x510.jpg 768w, https:\/\/likemetkovic.hr\/portal\/wp-content\/uploads\/2017\/11\/DSC_1344-696x462.jpg 696w, https:\/\/likemetkovic.hr\/portal\/wp-content\/uploads\/2017\/11\/DSC_1344.jpg 900w\" sizes=\"(max-width: 632px) 100vw, 632px\" alt=\"\">\r\n                            <\/a>\r\n                            \r\n                        <\/figure>\r\n                    <\/div>\r\n                    <div class = \"td-slide-item td-item8\">\r\n                        <figure class=\"td-slide-galery-figure td-slide-popup-gallery\">\r\n                            <a class=\"slide-gallery-image-link\" href=\"https:\/\/likemetkovic.hr\/portal\/wp-content\/uploads\/2017\/11\/DSC_1496.jpg\" title=\"DSC_1496\"  data-caption=\"\"  data-description=\"\">\r\n                                <img decoding=\"async\" src=\"https:\/\/likemetkovic.hr\/portal\/wp-content\/uploads\/2017\/11\/DSC_1496-632x420.jpg\" srcset=\"https:\/\/likemetkovic.hr\/portal\/wp-content\/uploads\/2017\/11\/DSC_1496-632x420.jpg 632w, https:\/\/likemetkovic.hr\/portal\/wp-content\/uploads\/2017\/11\/DSC_1496-800x532.jpg 800w, https:\/\/likemetkovic.hr\/portal\/wp-content\/uploads\/2017\/11\/DSC_1496-768x510.jpg 768w, https:\/\/likemetkovic.hr\/portal\/wp-content\/uploads\/2017\/11\/DSC_1496-696x462.jpg 696w, https:\/\/likemetkovic.hr\/portal\/wp-content\/uploads\/2017\/11\/DSC_1496.jpg 900w\" sizes=\"(max-width: 632px) 100vw, 632px\" alt=\"\">\r\n                            <\/a>\r\n                            \r\n                        <\/figure>\r\n                    <\/div>\r\n                            <\/div>\r\n                        <\/div>\r\n\r\n                        <div class = \"td-doubleSlider-2\">\r\n                            <div class = \"td-slider\">\r\n                                \r\n                    <div class = \"td-button td-item1\">\r\n                        <div class = \"td-border\"><\/div>\r\n                    <\/div>\r\n                    <div class = \"td-button td-item2\">\r\n                        <div class = \"td-border\"><\/div>\r\n                    <\/div>\r\n                    <div class = \"td-button td-item3\">\r\n                        <div class = \"td-border\"><\/div>\r\n                    <\/div>\r\n                    <div class = \"td-button td-item4\">\r\n                        <div class = \"td-border\"><\/div>\r\n                    <\/div>\r\n                    <div class = \"td-button td-item5\">\r\n                        <div class = \"td-border\"><\/div>\r\n                    <\/div>\r\n                    <div class = \"td-button td-item6\">\r\n                        <div class = \"td-border\"><\/div>\r\n                    <\/div>\r\n                    <div class = \"td-button td-item7\">\r\n                        <div class = \"td-border\"><\/div>\r\n                    <\/div>\r\n                    <div class = \"td-button td-item8\">\r\n                        <div class = \"td-border\"><\/div>\r\n                    <\/div>\r\n                            <\/div>\r\n                        <\/div>\r\n\r\n                    <\/div>\r\n\r\n                <\/div>\r\n                \n<p>Tekst i foto: Udruga veterana 4. gbr. HV<\/p>\n","protected":false},"excerpt":{"rendered":"<p>Udruga veterana 4.gardijske brigade DN\u017d organizirala je odlazak u Vukovar za \u010dlanove, branitelje, djecu hrvatskih branitelja\u00a0\u00a0i prijatelje povodom obilje\u017eavanja 26.obljetnice \u017ertve Vukovara za slobodnu Hrvatsku. U subotu, 18. studenog, sudjelovali su u neprekidnoj koloni ljudi koja je satima tekla u\u00a0Koloni sje\u0107anja\u00a0od bolnice do Memorijalnog groblja. Nave\u010der su veterani imali zajedni\u010dko dru\u017eenje sa prijateljima i suborcima [&hellip;]<\/p>\n","protected":false},"author":7,"featured_media":49694,"comment_status":"open","ping_status":"open","sticky":false,"template":"","format":"standard","meta":{"footnotes":""},"categories":[296,11],"tags":[550,1843],"class_list":{"0":"post-49651","1":"post","2":"type-post","3":"status-publish","4":"format-standard","5":"has-post-thumbnail","7":"category-ab","8":"category-metkovic-dolina","9":"tag-veterani-4-gbr","10":"tag-vukovar"},"yoast_head":"<!-- This site is optimized with the Yoast SEO plugin v25.2 - https:\/\/yoast.com\/wordpress\/plugins\/seo\/ -->\n<title>GALERIJA Veterani 4. gbr. HV sudjelovali u vukovarskoj &#039;Koloni sje\u0107anja&#039; - likemetkovic.hr<\/title>\n<meta name=\"description\" content=\"Udruga veterana 4.gbr.HV organizirala je odlazak u Vukovar za \u010dlanove, branitelje, djecu hrvatskih branitelja\u00a0i prijatelje povodom Dana sje\u0107anja na Vukovar.\" \/>\n<meta name=\"robots\" content=\"index, follow, max-snippet:-1, max-image-preview:large, max-video-preview:-1\" \/>\n<link rel=\"canonical\" href=\"https:\/\/likemetkovic.hr\/veterani-4-gbr-hv-sudjelovali-u-obiljezavanju-stradanja-vukovara\/\" \/>\n<meta property=\"og:locale\" content=\"hr_HR\" \/>\n<meta property=\"og:type\" content=\"article\" \/>\n<meta property=\"og:title\" content=\"GALERIJA Veterani 4. gbr. HV sudjelovali u vukovarskoj &#039;Koloni sje\u0107anja&#039; - likemetkovic.hr\" \/>\n<meta property=\"og:description\" content=\"Udruga veterana 4.gbr.HV organizirala je odlazak u Vukovar za \u010dlanove, branitelje, djecu hrvatskih branitelja\u00a0i prijatelje povodom Dana sje\u0107anja na Vukovar.\" \/>\n<meta property=\"og:url\" content=\"https:\/\/likemetkovic.hr\/veterani-4-gbr-hv-sudjelovali-u-obiljezavanju-stradanja-vukovara\/\" \/>\n<meta property=\"og:site_name\" content=\"likemetkovic.hr\" \/>\n<meta property=\"article:publisher\" content=\"https:\/\/www.facebook.com\/likemetkovic.hr\/\" \/>\n<meta property=\"article:published_time\" content=\"2017-11-20T20:52:32+00:00\" \/>\n<meta property=\"article:modified_time\" content=\"2018-06-08T09:20:14+00:00\" \/>\n<meta property=\"og:image\" content=\"https:\/\/likemetkovic.hr\/wp-content\/uploads\/2017\/11\/DSC_1496.jpg\" \/>\n\t<meta property=\"og:image:width\" content=\"900\" \/>\n\t<meta property=\"og:image:height\" content=\"598\" \/>\n\t<meta property=\"og:image:type\" content=\"image\/jpeg\" \/>\n<meta name=\"author\" content=\"LIKEmetkovic.hr\" \/>\n<meta name=\"twitter:card\" content=\"summary_large_image\" \/>\n<meta name=\"twitter:label1\" content=\"Napisao\/la\" \/>\n\t<meta name=\"twitter:data1\" content=\"LIKEmetkovic.hr\" \/>\n\t<meta name=\"twitter:label2\" content=\"Procijenjeno vrijeme \u010ditanja\" \/>\n\t<meta name=\"twitter:data2\" content=\"1 minuta\" \/>\n<script type=\"application\/ld+json\" class=\"yoast-schema-graph\">{\"@context\":\"https:\/\/schema.org\",\"@graph\":[{\"@type\":\"WebPage\",\"@id\":\"https:\/\/likemetkovic.hr\/veterani-4-gbr-hv-sudjelovali-u-obiljezavanju-stradanja-vukovara\/\",\"url\":\"https:\/\/likemetkovic.hr\/veterani-4-gbr-hv-sudjelovali-u-obiljezavanju-stradanja-vukovara\/\",\"name\":\"GALERIJA Veterani 4. gbr. HV sudjelovali u vukovarskoj 'Koloni sje\u0107anja' - likemetkovic.hr\",\"isPartOf\":{\"@id\":\"https:\/\/likemetkovic.hr\/#website\"},\"primaryImageOfPage\":{\"@id\":\"https:\/\/likemetkovic.hr\/veterani-4-gbr-hv-sudjelovali-u-obiljezavanju-stradanja-vukovara\/#primaryimage\"},\"image\":{\"@id\":\"https:\/\/likemetkovic.hr\/veterani-4-gbr-hv-sudjelovali-u-obiljezavanju-stradanja-vukovara\/#primaryimage\"},\"thumbnailUrl\":\"https:\/\/likemetkovic.hr\/portal\/wp-content\/uploads\/2017\/11\/DSC_1496.jpg\",\"datePublished\":\"2017-11-20T20:52:32+00:00\",\"dateModified\":\"2018-06-08T09:20:14+00:00\",\"author\":{\"@id\":\"https:\/\/likemetkovic.hr\/#\/schema\/person\/a42711f3385a0e2be6f7e0443bfb28f0\"},\"description\":\"Udruga veterana 4.gbr.HV organizirala je odlazak u Vukovar za \u010dlanove, branitelje, djecu hrvatskih branitelja\u00a0i prijatelje povodom Dana sje\u0107anja na Vukovar.\",\"breadcrumb\":{\"@id\":\"https:\/\/likemetkovic.hr\/veterani-4-gbr-hv-sudjelovali-u-obiljezavanju-stradanja-vukovara\/#breadcrumb\"},\"inLanguage\":\"hr\",\"potentialAction\":[{\"@type\":\"ReadAction\",\"target\":[\"https:\/\/likemetkovic.hr\/veterani-4-gbr-hv-sudjelovali-u-obiljezavanju-stradanja-vukovara\/\"]}]},{\"@type\":\"ImageObject\",\"inLanguage\":\"hr\",\"@id\":\"https:\/\/likemetkovic.hr\/veterani-4-gbr-hv-sudjelovali-u-obiljezavanju-stradanja-vukovara\/#primaryimage\",\"url\":\"https:\/\/likemetkovic.hr\/portal\/wp-content\/uploads\/2017\/11\/DSC_1496.jpg\",\"contentUrl\":\"https:\/\/likemetkovic.hr\/portal\/wp-content\/uploads\/2017\/11\/DSC_1496.jpg\",\"width\":900,\"height\":598},{\"@type\":\"BreadcrumbList\",\"@id\":\"https:\/\/likemetkovic.hr\/veterani-4-gbr-hv-sudjelovali-u-obiljezavanju-stradanja-vukovara\/#breadcrumb\",\"itemListElement\":[{\"@type\":\"ListItem\",\"position\":1,\"name\":\"Po\u010detna stranica\",\"item\":\"https:\/\/likemetkovic.hr\/portal\/\"},{\"@type\":\"ListItem\",\"position\":2,\"name\":\"GALERIJA Veterani 4. gbr. HV sudjelovali u vukovarskoj &#8216;Koloni sje\u0107anja&#8217;\"}]},{\"@type\":\"WebSite\",\"@id\":\"https:\/\/likemetkovic.hr\/#website\",\"url\":\"https:\/\/likemetkovic.hr\/\",\"name\":\"likemetkovic.hr\",\"description\":\"Misli pozitivno... \u010ditaj LIKE\",\"potentialAction\":[{\"@type\":\"SearchAction\",\"target\":{\"@type\":\"EntryPoint\",\"urlTemplate\":\"https:\/\/likemetkovic.hr\/?s={search_term_string}\"},\"query-input\":{\"@type\":\"PropertyValueSpecification\",\"valueRequired\":true,\"valueName\":\"search_term_string\"}}],\"inLanguage\":\"hr\"},{\"@type\":\"Person\",\"@id\":\"https:\/\/likemetkovic.hr\/#\/schema\/person\/a42711f3385a0e2be6f7e0443bfb28f0\",\"name\":\"LIKEmetkovic.hr\",\"sameAs\":[\"http:\/\/likemetkovic.hr\"],\"url\":\"https:\/\/likemetkovic.hr\/portal\/author\/likemetkovic-hr\/\"}]}<\/script>\n<!-- \/ Yoast SEO plugin. -->","yoast_head_json":{"title":"GALERIJA Veterani 4. gbr. HV sudjelovali u vukovarskoj 'Koloni sje\u0107anja' - likemetkovic.hr","description":"Udruga veterana 4.gbr.HV organizirala je odlazak u Vukovar za \u010dlanove, branitelje, djecu hrvatskih branitelja\u00a0i prijatelje povodom Dana sje\u0107anja na Vukovar.","robots":{"index":"index","follow":"follow","max-snippet":"max-snippet:-1","max-image-preview":"max-image-preview:large","max-video-preview":"max-video-preview:-1"},"canonical":"https:\/\/likemetkovic.hr\/veterani-4-gbr-hv-sudjelovali-u-obiljezavanju-stradanja-vukovara\/","og_locale":"hr_HR","og_type":"article","og_title":"GALERIJA Veterani 4. gbr. HV sudjelovali u vukovarskoj 'Koloni sje\u0107anja' - likemetkovic.hr","og_description":"Udruga veterana 4.gbr.HV organizirala je odlazak u Vukovar za \u010dlanove, branitelje, djecu hrvatskih branitelja\u00a0i prijatelje povodom Dana sje\u0107anja na Vukovar.","og_url":"https:\/\/likemetkovic.hr\/veterani-4-gbr-hv-sudjelovali-u-obiljezavanju-stradanja-vukovara\/","og_site_name":"likemetkovic.hr","article_publisher":"https:\/\/www.facebook.com\/likemetkovic.hr\/","article_published_time":"2017-11-20T20:52:32+00:00","article_modified_time":"2018-06-08T09:20:14+00:00","og_image":[{"width":900,"height":598,"url":"https:\/\/likemetkovic.hr\/wp-content\/uploads\/2017\/11\/DSC_1496.jpg","type":"image\/jpeg"}],"author":"LIKEmetkovic.hr","twitter_card":"summary_large_image","twitter_misc":{"Napisao\/la":"LIKEmetkovic.hr","Procijenjeno vrijeme \u010ditanja":"1 minuta"},"schema":{"@context":"https:\/\/schema.org","@graph":[{"@type":"WebPage","@id":"https:\/\/likemetkovic.hr\/veterani-4-gbr-hv-sudjelovali-u-obiljezavanju-stradanja-vukovara\/","url":"https:\/\/likemetkovic.hr\/veterani-4-gbr-hv-sudjelovali-u-obiljezavanju-stradanja-vukovara\/","name":"GALERIJA Veterani 4. gbr. HV sudjelovali u vukovarskoj 'Koloni sje\u0107anja' - likemetkovic.hr","isPartOf":{"@id":"https:\/\/likemetkovic.hr\/#website"},"primaryImageOfPage":{"@id":"https:\/\/likemetkovic.hr\/veterani-4-gbr-hv-sudjelovali-u-obiljezavanju-stradanja-vukovara\/#primaryimage"},"image":{"@id":"https:\/\/likemetkovic.hr\/veterani-4-gbr-hv-sudjelovali-u-obiljezavanju-stradanja-vukovara\/#primaryimage"},"thumbnailUrl":"https:\/\/likemetkovic.hr\/portal\/wp-content\/uploads\/2017\/11\/DSC_1496.jpg","datePublished":"2017-11-20T20:52:32+00:00","dateModified":"2018-06-08T09:20:14+00:00","author":{"@id":"https:\/\/likemetkovic.hr\/#\/schema\/person\/a42711f3385a0e2be6f7e0443bfb28f0"},"description":"Udruga veterana 4.gbr.HV organizirala je odlazak u Vukovar za \u010dlanove, branitelje, djecu hrvatskih branitelja\u00a0i prijatelje povodom Dana sje\u0107anja na Vukovar.","breadcrumb":{"@id":"https:\/\/likemetkovic.hr\/veterani-4-gbr-hv-sudjelovali-u-obiljezavanju-stradanja-vukovara\/#breadcrumb"},"inLanguage":"hr","potentialAction":[{"@type":"ReadAction","target":["https:\/\/likemetkovic.hr\/veterani-4-gbr-hv-sudjelovali-u-obiljezavanju-stradanja-vukovara\/"]}]},{"@type":"ImageObject","inLanguage":"hr","@id":"https:\/\/likemetkovic.hr\/veterani-4-gbr-hv-sudjelovali-u-obiljezavanju-stradanja-vukovara\/#primaryimage","url":"https:\/\/likemetkovic.hr\/portal\/wp-content\/uploads\/2017\/11\/DSC_1496.jpg","contentUrl":"https:\/\/likemetkovic.hr\/portal\/wp-content\/uploads\/2017\/11\/DSC_1496.jpg","width":900,"height":598},{"@type":"BreadcrumbList","@id":"https:\/\/likemetkovic.hr\/veterani-4-gbr-hv-sudjelovali-u-obiljezavanju-stradanja-vukovara\/#breadcrumb","itemListElement":[{"@type":"ListItem","position":1,"name":"Po\u010detna stranica","item":"https:\/\/likemetkovic.hr\/portal\/"},{"@type":"ListItem","position":2,"name":"GALERIJA Veterani 4. gbr. HV sudjelovali u vukovarskoj &#8216;Koloni sje\u0107anja&#8217;"}]},{"@type":"WebSite","@id":"https:\/\/likemetkovic.hr\/#website","url":"https:\/\/likemetkovic.hr\/","name":"likemetkovic.hr","description":"Misli pozitivno... \u010ditaj LIKE","potentialAction":[{"@type":"SearchAction","target":{"@type":"EntryPoint","urlTemplate":"https:\/\/likemetkovic.hr\/?s={search_term_string}"},"query-input":{"@type":"PropertyValueSpecification","valueRequired":true,"valueName":"search_term_string"}}],"inLanguage":"hr"},{"@type":"Person","@id":"https:\/\/likemetkovic.hr\/#\/schema\/person\/a42711f3385a0e2be6f7e0443bfb28f0","name":"LIKEmetkovic.hr","sameAs":["http:\/\/likemetkovic.hr"],"url":"https:\/\/likemetkovic.hr\/portal\/author\/likemetkovic-hr\/"}]}},"_links":{"self":[{"href":"https:\/\/likemetkovic.hr\/portal\/wp-json\/wp\/v2\/posts\/49651","targetHints":{"allow":["GET"]}}],"collection":[{"href":"https:\/\/likemetkovic.hr\/portal\/wp-json\/wp\/v2\/posts"}],"about":[{"href":"https:\/\/likemetkovic.hr\/portal\/wp-json\/wp\/v2\/types\/post"}],"author":[{"embeddable":true,"href":"https:\/\/likemetkovic.hr\/portal\/wp-json\/wp\/v2\/users\/7"}],"replies":[{"embeddable":true,"href":"https:\/\/likemetkovic.hr\/portal\/wp-json\/wp\/v2\/comments?post=49651"}],"version-history":[{"count":0,"href":"https:\/\/likemetkovic.hr\/portal\/wp-json\/wp\/v2\/posts\/49651\/revisions"}],"wp:featuredmedia":[{"embeddable":true,"href":"https:\/\/likemetkovic.hr\/portal\/wp-json\/wp\/v2\/media\/49694"}],"wp:attachment":[{"href":"https:\/\/likemetkovic.hr\/portal\/wp-json\/wp\/v2\/media?parent=49651"}],"wp:term":[{"taxonomy":"category","embeddable":true,"href":"https:\/\/likemetkovic.hr\/portal\/wp-json\/wp\/v2\/categories?post=49651"},{"taxonomy":"post_tag","embeddable":true,"href":"https:\/\/likemetkovic.hr\/portal\/wp-json\/wp\/v2\/tags?post=49651"}],"curies":[{"name":"wp","href":"https:\/\/api.w.org\/{rel}","templated":true}]}}