{"id":49717,"date":"2017-11-21T10:11:00","date_gmt":"2017-11-21T09:11:00","guid":{"rendered":"http:\/\/likemetkovic.hr\/?p=49717"},"modified":"2017-11-21T12:22:08","modified_gmt":"2017-11-21T11:22:08","slug":"odrzana-tribina-pojavi-vrsnjackog-nasilja-njegovu-sprjecavanju","status":"publish","type":"post","link":"https:\/\/likemetkovic.hr\/portal\/odrzana-tribina-pojavi-vrsnjackog-nasilja-njegovu-sprjecavanju\/","title":{"rendered":"Odr\u017eana tribina o pojavi vr\u0161nja\u010dkog nasilja i njegovu sprje\u010davanju"},"content":{"rendered":"<p>Ju\u010der je, 20 studenog 2017., u Gradskoj\u00a0knji\u017enici Metkovi\u0107 odr\u017eana javna tribina na temu <em><b>Kako sprije\u010diti nasilje i gdje potra\u017eiti pomo\u0107?\u00a0<\/b><\/em> u organizaciji Zajednica Pape Ivana XXIII.<\/p>\n<p><img decoding=\"async\" class=\"wp-image-49718 aligncenter\" src=\"http:\/\/likemetkovic.hr\/wp-content\/uploads\/2017\/11\/tribina-nasilje-3.jpg\" alt=\"\" width=\"539\" height=\"359\" srcset=\"https:\/\/likemetkovic.hr\/portal\/wp-content\/uploads\/2017\/11\/tribina-nasilje-3.jpg 900w, https:\/\/likemetkovic.hr\/portal\/wp-content\/uploads\/2017\/11\/tribina-nasilje-3-800x533.jpg 800w, https:\/\/likemetkovic.hr\/portal\/wp-content\/uploads\/2017\/11\/tribina-nasilje-3-768x512.jpg 768w, https:\/\/likemetkovic.hr\/portal\/wp-content\/uploads\/2017\/11\/tribina-nasilje-3-696x464.jpg 696w, https:\/\/likemetkovic.hr\/portal\/wp-content\/uploads\/2017\/11\/tribina-nasilje-3-630x420.jpg 630w\" sizes=\"(max-width: 539px) 100vw, 539px\" \/><\/p>\n<p>Moderatorica tribine je bila<strong> Gordana Cavicchi<\/strong> koja je prisutne upoznala s problematikom nasilja na na\u0161em podru\u010dju, te predstavlja govornike i njihove teme.\u00a0<strong>Mone Ademi<\/strong>, pedagoginja u O\u0160 Vrgorac, je govorila o prisutnost vr\u0161nja\u010dkog nasilja u osnovnoj \u0161koli, te o svom iskustvu iz prakse koje pokazuje trend pasivnosti kod roditelja kada je rije\u010d o dolascima u \u0161kolu.<\/p>\n<p>Socijalna radnica iz Vrgorca <strong>Ana Erceg<\/strong> je upoznala prisutne o konkretnim institucijama, udrugama ili osobama kojima se djeca i odrasli mogu obratiti u slu\u010daju nasilja te istaknuti va\u017enost poticanja djece da se nekome obrate ukoliko trpe ili svjedo\u010de nasilju. Socijalna radnica u Centru za socijalnu skrb Metkovi\u0107 <strong>Vilma Marti\u0107<\/strong> je govorila o\u00a0 obiteljskom nasilju njegovoj vezi vr\u0161nja\u010dkim nasiljem. Psihologinja u Zajednici Pape Ivana XXIII\u00a0<strong>Milka Vu\u010di\u0107<\/strong> je govorila o tome kako pomo\u0107i djetetu ako primijetite da je dijete nasilnik ili \u017ertva. Svoje izlaganje je potkrijepila iskustvom iz prakse.<\/p>\n<p>Jana tribina o vr\u0161nja\u010dkom nasilju je zavr\u0161ilo pitanjima i raspravom u kojoj su sudjelovali predstavnici institucija s podru\u010dja Grada u kojoj se zaklju\u010dilo da postoji kontinuirani rad na rje\u0161avanju ovoga problema ali i da je potrebno i dalje aktivno sura\u0111ivati na uklanjanju uzroka vr\u0161nja\u010dkog nasilja me\u0111u djecom.<\/p>\n<p>Tribina je odr\u017eana u sklopu projekta <em>NASILJE = nemo\u0107, a NE mo\u0107<\/em> kojeg sufinancira Ministarstvo za demografiju, obitelj, mlade i socijalnu politiku.<\/p>\n","protected":false},"excerpt":{"rendered":"<p>Ju\u010der je, 20 studenog 2017., u Gradskoj\u00a0knji\u017enici Metkovi\u0107 odr\u017eana javna tribina na temu Kako sprije\u010diti nasilje i gdje potra\u017eiti pomo\u0107?\u00a0 u organizaciji Zajednica Pape Ivana XXIII. Moderatorica tribine je bila Gordana Cavicchi koja je prisutne upoznala s problematikom nasilja na na\u0161em podru\u010dju, te predstavlja govornike i njihove teme.\u00a0Mone Ademi, pedagoginja u O\u0160 Vrgorac, je govorila [&hellip;]<\/p>\n","protected":false},"author":7,"featured_media":49719,"comment_status":"open","ping_status":"open","sticky":false,"template":"","format":"standard","meta":{"footnotes":""},"categories":[296,166],"tags":[1903,525,1902],"class_list":{"0":"post-49717","1":"post","2":"type-post","3":"status-publish","4":"format-standard","5":"has-post-thumbnail","7":"category-ab","8":"category-skolstvo","9":"tag-ivan-xxiii","10":"tag-tribina","11":"tag-vrsnajcko-nasilje"},"yoast_head":"<!-- This site is optimized with the Yoast SEO plugin v25.2 - https:\/\/yoast.com\/wordpress\/plugins\/seo\/ -->\n<title>Odr\u017eana tribina o pojavi vr\u0161nja\u010dkog nasilja i njegovu sprje\u010davanju - likemetkovic.hr<\/title>\n<meta name=\"robots\" content=\"index, follow, max-snippet:-1, max-image-preview:large, max-video-preview:-1\" \/>\n<link rel=\"canonical\" href=\"https:\/\/likemetkovic.hr\/odrzana-tribina-pojavi-vrsnjackog-nasilja-njegovu-sprjecavanju\/\" \/>\n<meta property=\"og:locale\" content=\"hr_HR\" \/>\n<meta property=\"og:type\" content=\"article\" \/>\n<meta property=\"og:title\" content=\"Odr\u017eana tribina o pojavi vr\u0161nja\u010dkog nasilja i njegovu sprje\u010davanju - likemetkovic.hr\" \/>\n<meta property=\"og:description\" content=\"Ju\u010der je, 20 studenog 2017., u Gradskoj\u00a0knji\u017enici Metkovi\u0107 odr\u017eana javna tribina na temu Kako sprije\u010diti nasilje i gdje potra\u017eiti pomo\u0107?\u00a0 u organizaciji Zajednica Pape Ivana XXIII. Moderatorica tribine je bila Gordana Cavicchi koja je prisutne upoznala s problematikom nasilja na na\u0161em podru\u010dju, te predstavlja govornike i njihove teme.\u00a0Mone Ademi, pedagoginja u O\u0160 Vrgorac, je govorila [&hellip;]\" \/>\n<meta property=\"og:url\" content=\"https:\/\/likemetkovic.hr\/odrzana-tribina-pojavi-vrsnjackog-nasilja-njegovu-sprjecavanju\/\" \/>\n<meta property=\"og:site_name\" content=\"likemetkovic.hr\" \/>\n<meta property=\"article:publisher\" content=\"https:\/\/www.facebook.com\/likemetkovic.hr\/\" \/>\n<meta property=\"article:published_time\" content=\"2017-11-21T09:11:00+00:00\" \/>\n<meta property=\"article:modified_time\" content=\"2017-11-21T11:22:08+00:00\" \/>\n<meta property=\"og:image\" content=\"https:\/\/likemetkovic.hr\/wp-content\/uploads\/2017\/11\/tribina-nasilje-4.jpg\" \/>\n\t<meta property=\"og:image:width\" content=\"900\" \/>\n\t<meta property=\"og:image:height\" content=\"600\" \/>\n\t<meta property=\"og:image:type\" content=\"image\/jpeg\" \/>\n<meta name=\"author\" content=\"LIKEmetkovic.hr\" \/>\n<meta name=\"twitter:card\" content=\"summary_large_image\" \/>\n<meta name=\"twitter:label1\" content=\"Napisao\/la\" \/>\n\t<meta name=\"twitter:data1\" content=\"LIKEmetkovic.hr\" \/>\n\t<meta name=\"twitter:label2\" content=\"Procijenjeno vrijeme \u010ditanja\" \/>\n\t<meta name=\"twitter:data2\" content=\"1 minuta\" \/>\n<script type=\"application\/ld+json\" class=\"yoast-schema-graph\">{\"@context\":\"https:\/\/schema.org\",\"@graph\":[{\"@type\":\"WebPage\",\"@id\":\"https:\/\/likemetkovic.hr\/odrzana-tribina-pojavi-vrsnjackog-nasilja-njegovu-sprjecavanju\/\",\"url\":\"https:\/\/likemetkovic.hr\/odrzana-tribina-pojavi-vrsnjackog-nasilja-njegovu-sprjecavanju\/\",\"name\":\"Odr\u017eana tribina o pojavi vr\u0161nja\u010dkog nasilja i njegovu sprje\u010davanju - likemetkovic.hr\",\"isPartOf\":{\"@id\":\"https:\/\/likemetkovic.hr\/#website\"},\"primaryImageOfPage\":{\"@id\":\"https:\/\/likemetkovic.hr\/odrzana-tribina-pojavi-vrsnjackog-nasilja-njegovu-sprjecavanju\/#primaryimage\"},\"image\":{\"@id\":\"https:\/\/likemetkovic.hr\/odrzana-tribina-pojavi-vrsnjackog-nasilja-njegovu-sprjecavanju\/#primaryimage\"},\"thumbnailUrl\":\"https:\/\/likemetkovic.hr\/portal\/wp-content\/uploads\/2017\/11\/tribina-nasilje-4.jpg\",\"datePublished\":\"2017-11-21T09:11:00+00:00\",\"dateModified\":\"2017-11-21T11:22:08+00:00\",\"author\":{\"@id\":\"https:\/\/likemetkovic.hr\/#\/schema\/person\/a42711f3385a0e2be6f7e0443bfb28f0\"},\"breadcrumb\":{\"@id\":\"https:\/\/likemetkovic.hr\/odrzana-tribina-pojavi-vrsnjackog-nasilja-njegovu-sprjecavanju\/#breadcrumb\"},\"inLanguage\":\"hr\",\"potentialAction\":[{\"@type\":\"ReadAction\",\"target\":[\"https:\/\/likemetkovic.hr\/odrzana-tribina-pojavi-vrsnjackog-nasilja-njegovu-sprjecavanju\/\"]}]},{\"@type\":\"ImageObject\",\"inLanguage\":\"hr\",\"@id\":\"https:\/\/likemetkovic.hr\/odrzana-tribina-pojavi-vrsnjackog-nasilja-njegovu-sprjecavanju\/#primaryimage\",\"url\":\"https:\/\/likemetkovic.hr\/portal\/wp-content\/uploads\/2017\/11\/tribina-nasilje-4.jpg\",\"contentUrl\":\"https:\/\/likemetkovic.hr\/portal\/wp-content\/uploads\/2017\/11\/tribina-nasilje-4.jpg\",\"width\":900,\"height\":600},{\"@type\":\"BreadcrumbList\",\"@id\":\"https:\/\/likemetkovic.hr\/odrzana-tribina-pojavi-vrsnjackog-nasilja-njegovu-sprjecavanju\/#breadcrumb\",\"itemListElement\":[{\"@type\":\"ListItem\",\"position\":1,\"name\":\"Po\u010detna stranica\",\"item\":\"https:\/\/likemetkovic.hr\/portal\/\"},{\"@type\":\"ListItem\",\"position\":2,\"name\":\"Odr\u017eana tribina o pojavi vr\u0161nja\u010dkog nasilja i njegovu sprje\u010davanju\"}]},{\"@type\":\"WebSite\",\"@id\":\"https:\/\/likemetkovic.hr\/#website\",\"url\":\"https:\/\/likemetkovic.hr\/\",\"name\":\"likemetkovic.hr\",\"description\":\"Misli pozitivno... \u010ditaj LIKE\",\"potentialAction\":[{\"@type\":\"SearchAction\",\"target\":{\"@type\":\"EntryPoint\",\"urlTemplate\":\"https:\/\/likemetkovic.hr\/?s={search_term_string}\"},\"query-input\":{\"@type\":\"PropertyValueSpecification\",\"valueRequired\":true,\"valueName\":\"search_term_string\"}}],\"inLanguage\":\"hr\"},{\"@type\":\"Person\",\"@id\":\"https:\/\/likemetkovic.hr\/#\/schema\/person\/a42711f3385a0e2be6f7e0443bfb28f0\",\"name\":\"LIKEmetkovic.hr\",\"sameAs\":[\"http:\/\/likemetkovic.hr\"],\"url\":\"https:\/\/likemetkovic.hr\/portal\/author\/likemetkovic-hr\/\"}]}<\/script>\n<!-- \/ Yoast SEO plugin. -->","yoast_head_json":{"title":"Odr\u017eana tribina o pojavi vr\u0161nja\u010dkog nasilja i njegovu sprje\u010davanju - likemetkovic.hr","robots":{"index":"index","follow":"follow","max-snippet":"max-snippet:-1","max-image-preview":"max-image-preview:large","max-video-preview":"max-video-preview:-1"},"canonical":"https:\/\/likemetkovic.hr\/odrzana-tribina-pojavi-vrsnjackog-nasilja-njegovu-sprjecavanju\/","og_locale":"hr_HR","og_type":"article","og_title":"Odr\u017eana tribina o pojavi vr\u0161nja\u010dkog nasilja i njegovu sprje\u010davanju - likemetkovic.hr","og_description":"Ju\u010der je, 20 studenog 2017., u Gradskoj\u00a0knji\u017enici Metkovi\u0107 odr\u017eana javna tribina na temu Kako sprije\u010diti nasilje i gdje potra\u017eiti pomo\u0107?\u00a0 u organizaciji Zajednica Pape Ivana XXIII. Moderatorica tribine je bila Gordana Cavicchi koja je prisutne upoznala s problematikom nasilja na na\u0161em podru\u010dju, te predstavlja govornike i njihove teme.\u00a0Mone Ademi, pedagoginja u O\u0160 Vrgorac, je govorila [&hellip;]","og_url":"https:\/\/likemetkovic.hr\/odrzana-tribina-pojavi-vrsnjackog-nasilja-njegovu-sprjecavanju\/","og_site_name":"likemetkovic.hr","article_publisher":"https:\/\/www.facebook.com\/likemetkovic.hr\/","article_published_time":"2017-11-21T09:11:00+00:00","article_modified_time":"2017-11-21T11:22:08+00:00","og_image":[{"width":900,"height":600,"url":"https:\/\/likemetkovic.hr\/wp-content\/uploads\/2017\/11\/tribina-nasilje-4.jpg","type":"image\/jpeg"}],"author":"LIKEmetkovic.hr","twitter_card":"summary_large_image","twitter_misc":{"Napisao\/la":"LIKEmetkovic.hr","Procijenjeno vrijeme \u010ditanja":"1 minuta"},"schema":{"@context":"https:\/\/schema.org","@graph":[{"@type":"WebPage","@id":"https:\/\/likemetkovic.hr\/odrzana-tribina-pojavi-vrsnjackog-nasilja-njegovu-sprjecavanju\/","url":"https:\/\/likemetkovic.hr\/odrzana-tribina-pojavi-vrsnjackog-nasilja-njegovu-sprjecavanju\/","name":"Odr\u017eana tribina o pojavi vr\u0161nja\u010dkog nasilja i njegovu sprje\u010davanju - likemetkovic.hr","isPartOf":{"@id":"https:\/\/likemetkovic.hr\/#website"},"primaryImageOfPage":{"@id":"https:\/\/likemetkovic.hr\/odrzana-tribina-pojavi-vrsnjackog-nasilja-njegovu-sprjecavanju\/#primaryimage"},"image":{"@id":"https:\/\/likemetkovic.hr\/odrzana-tribina-pojavi-vrsnjackog-nasilja-njegovu-sprjecavanju\/#primaryimage"},"thumbnailUrl":"https:\/\/likemetkovic.hr\/portal\/wp-content\/uploads\/2017\/11\/tribina-nasilje-4.jpg","datePublished":"2017-11-21T09:11:00+00:00","dateModified":"2017-11-21T11:22:08+00:00","author":{"@id":"https:\/\/likemetkovic.hr\/#\/schema\/person\/a42711f3385a0e2be6f7e0443bfb28f0"},"breadcrumb":{"@id":"https:\/\/likemetkovic.hr\/odrzana-tribina-pojavi-vrsnjackog-nasilja-njegovu-sprjecavanju\/#breadcrumb"},"inLanguage":"hr","potentialAction":[{"@type":"ReadAction","target":["https:\/\/likemetkovic.hr\/odrzana-tribina-pojavi-vrsnjackog-nasilja-njegovu-sprjecavanju\/"]}]},{"@type":"ImageObject","inLanguage":"hr","@id":"https:\/\/likemetkovic.hr\/odrzana-tribina-pojavi-vrsnjackog-nasilja-njegovu-sprjecavanju\/#primaryimage","url":"https:\/\/likemetkovic.hr\/portal\/wp-content\/uploads\/2017\/11\/tribina-nasilje-4.jpg","contentUrl":"https:\/\/likemetkovic.hr\/portal\/wp-content\/uploads\/2017\/11\/tribina-nasilje-4.jpg","width":900,"height":600},{"@type":"BreadcrumbList","@id":"https:\/\/likemetkovic.hr\/odrzana-tribina-pojavi-vrsnjackog-nasilja-njegovu-sprjecavanju\/#breadcrumb","itemListElement":[{"@type":"ListItem","position":1,"name":"Po\u010detna stranica","item":"https:\/\/likemetkovic.hr\/portal\/"},{"@type":"ListItem","position":2,"name":"Odr\u017eana tribina o pojavi vr\u0161nja\u010dkog nasilja i njegovu sprje\u010davanju"}]},{"@type":"WebSite","@id":"https:\/\/likemetkovic.hr\/#website","url":"https:\/\/likemetkovic.hr\/","name":"likemetkovic.hr","description":"Misli pozitivno... \u010ditaj LIKE","potentialAction":[{"@type":"SearchAction","target":{"@type":"EntryPoint","urlTemplate":"https:\/\/likemetkovic.hr\/?s={search_term_string}"},"query-input":{"@type":"PropertyValueSpecification","valueRequired":true,"valueName":"search_term_string"}}],"inLanguage":"hr"},{"@type":"Person","@id":"https:\/\/likemetkovic.hr\/#\/schema\/person\/a42711f3385a0e2be6f7e0443bfb28f0","name":"LIKEmetkovic.hr","sameAs":["http:\/\/likemetkovic.hr"],"url":"https:\/\/likemetkovic.hr\/portal\/author\/likemetkovic-hr\/"}]}},"_links":{"self":[{"href":"https:\/\/likemetkovic.hr\/portal\/wp-json\/wp\/v2\/posts\/49717","targetHints":{"allow":["GET"]}}],"collection":[{"href":"https:\/\/likemetkovic.hr\/portal\/wp-json\/wp\/v2\/posts"}],"about":[{"href":"https:\/\/likemetkovic.hr\/portal\/wp-json\/wp\/v2\/types\/post"}],"author":[{"embeddable":true,"href":"https:\/\/likemetkovic.hr\/portal\/wp-json\/wp\/v2\/users\/7"}],"replies":[{"embeddable":true,"href":"https:\/\/likemetkovic.hr\/portal\/wp-json\/wp\/v2\/comments?post=49717"}],"version-history":[{"count":0,"href":"https:\/\/likemetkovic.hr\/portal\/wp-json\/wp\/v2\/posts\/49717\/revisions"}],"wp:featuredmedia":[{"embeddable":true,"href":"https:\/\/likemetkovic.hr\/portal\/wp-json\/wp\/v2\/media\/49719"}],"wp:attachment":[{"href":"https:\/\/likemetkovic.hr\/portal\/wp-json\/wp\/v2\/media?parent=49717"}],"wp:term":[{"taxonomy":"category","embeddable":true,"href":"https:\/\/likemetkovic.hr\/portal\/wp-json\/wp\/v2\/categories?post=49717"},{"taxonomy":"post_tag","embeddable":true,"href":"https:\/\/likemetkovic.hr\/portal\/wp-json\/wp\/v2\/tags?post=49717"}],"curies":[{"name":"wp","href":"https:\/\/api.w.org\/{rel}","templated":true}]}}