{"id":49871,"date":"2017-11-26T08:53:12","date_gmt":"2017-11-26T07:53:12","guid":{"rendered":"http:\/\/likemetkovic.hr\/?p=49871"},"modified":"2017-11-26T08:53:12","modified_gmt":"2017-11-26T07:53:12","slug":"glas-naroda-75-anketiranih-zeli-bozicne-kucice-trgu-kralja-tomislava","status":"publish","type":"post","link":"https:\/\/likemetkovic.hr\/portal\/glas-naroda-75-anketiranih-zeli-bozicne-kucice-trgu-kralja-tomislava\/","title":{"rendered":"GLAS NARODA 75% anketiranih \u017eeli bo\u017ei\u0107ne ku\u0107ice na Trgu kralja Tomislava"},"content":{"rendered":"<p>Po\u010detkom prosinca, to\u010dnije 2. prosinca, zapo\u010det \u0107e manifestacija Bo\u017ei\u0107 u Neretvi. Pro\u0161le godine smo prvi put u dolini Neretve imali postavljene bo\u017ei\u0107ne, neki \u0107e re\u0107i adventske, ku\u0107ice kako je to obi\u010daj u mnogim hrvatskim gradovima u posljednje vrijeme. Bilo je lijepo vidjeti <em>\u0161u\u0161ur<\/em> ispred \u0160portske dvorane u ve\u010dernjim satima tijekom cijelog prosinca i po\u010detkom sije\u010dnja. Me\u0111utim, nisu se svi u gradu slagali s lokacijom odr\u017eavanja manifestacije. Vidimo da ni ove godine\u00a0<em>glas naroda<\/em> nije jednozna\u010dan.<\/p>\n<p>Stoga sino\u0107 od 21 do 24 sata na na\u0161oj FB stranici postavili <em>live\u00a0<\/em>anketu s pitanjem\u00a0<em>Gdje biste voljeli da ove godine budu ku\u0107ice? <\/em>Ponu\u0111ene su dvije lokacije: a) u \u0160portskoj ulici (Trg F. Tu\u0111mana), b) na Trgu kralja Tomislava. U anketi je sudjelovalo 488 ispitanika od kojih je <strong>367 ili 75% bilo za Trg kralja Tomislava<\/strong>, a 121 ili 25% za sada\u0161nju lokaciju ispred \u0160portske dvorane.<\/p>\n<p><img decoding=\"async\" class=\"wp-image-49872 aligncenter\" src=\"http:\/\/likemetkovic.hr\/wp-content\/uploads\/2017\/11\/anketa-bo\u017ei\u0107ne-ku\u0107ice.jpg\" alt=\"\" width=\"533\" height=\"299\" srcset=\"https:\/\/likemetkovic.hr\/portal\/wp-content\/uploads\/2017\/11\/anketa-bo\u017ei\u0107ne-ku\u0107ice.jpg 900w, https:\/\/likemetkovic.hr\/portal\/wp-content\/uploads\/2017\/11\/anketa-bo\u017ei\u0107ne-ku\u0107ice-800x450.jpg 800w, https:\/\/likemetkovic.hr\/portal\/wp-content\/uploads\/2017\/11\/anketa-bo\u017ei\u0107ne-ku\u0107ice-768x432.jpg 768w, https:\/\/likemetkovic.hr\/portal\/wp-content\/uploads\/2017\/11\/anketa-bo\u017ei\u0107ne-ku\u0107ice-696x391.jpg 696w, https:\/\/likemetkovic.hr\/portal\/wp-content\/uploads\/2017\/11\/anketa-bo\u017ei\u0107ne-ku\u0107ice-747x420.jpg 747w\" sizes=\"(max-width: 533px) 100vw, 533px\" \/><\/p>\n<p>Foto naslovnice: Ivica Puljan\/metkovic.hr<\/p>\n","protected":false},"excerpt":{"rendered":"<p>Po\u010detkom prosinca, to\u010dnije 2. prosinca, zapo\u010det \u0107e manifestacija Bo\u017ei\u0107 u Neretvi. Pro\u0161le godine smo prvi put u dolini Neretve imali postavljene bo\u017ei\u0107ne, neki \u0107e re\u0107i adventske, ku\u0107ice kako je to obi\u010daj u mnogim hrvatskim gradovima u posljednje vrijeme. Bilo je lijepo vidjeti \u0161u\u0161ur ispred \u0160portske dvorane u ve\u010dernjim satima tijekom cijelog prosinca i po\u010detkom sije\u010dnja. [&hellip;]<\/p>\n","protected":false},"author":7,"featured_media":49873,"comment_status":"open","ping_status":"open","sticky":false,"template":"","format":"standard","meta":{"footnotes":""},"categories":[283,11],"tags":[1092,1926,1930],"class_list":{"0":"post-49871","1":"post","2":"type-post","3":"status-publish","4":"format-standard","5":"has-post-thumbnail","7":"category-a","8":"category-metkovic-dolina","9":"tag-anketa","10":"tag-bozicne-kucice","11":"tag-lokacija"},"yoast_head":"<!-- This site is optimized with the Yoast SEO plugin v25.2 - https:\/\/yoast.com\/wordpress\/plugins\/seo\/ -->\n<title>GLAS NARODA 75% anketiranih \u017eeli bo\u017ei\u0107ne ku\u0107ice na Trgu kralja Tomislava - likemetkovic.hr<\/title>\n<meta name=\"description\" content=\"Stoga sino\u0107 od 21 do 24 sata na na\u0161oj FB stranici postavili live\u00a0anketu s pitanjem\u00a0Gdje biste voljeli da ove godine budu ku\u0107ice?\" \/>\n<meta name=\"robots\" content=\"index, follow, max-snippet:-1, max-image-preview:large, max-video-preview:-1\" \/>\n<link rel=\"canonical\" href=\"https:\/\/likemetkovic.hr\/glas-naroda-75-anketiranih-zeli-bozicne-kucice-trgu-kralja-tomislava\/\" \/>\n<meta property=\"og:locale\" content=\"hr_HR\" \/>\n<meta property=\"og:type\" content=\"article\" \/>\n<meta property=\"og:title\" content=\"GLAS NARODA 75% anketiranih \u017eeli bo\u017ei\u0107ne ku\u0107ice na Trgu kralja Tomislava - likemetkovic.hr\" \/>\n<meta property=\"og:description\" content=\"Stoga sino\u0107 od 21 do 24 sata na na\u0161oj FB stranici postavili live\u00a0anketu s pitanjem\u00a0Gdje biste voljeli da ove godine budu ku\u0107ice?\" \/>\n<meta property=\"og:url\" content=\"https:\/\/likemetkovic.hr\/glas-naroda-75-anketiranih-zeli-bozicne-kucice-trgu-kralja-tomislava\/\" \/>\n<meta property=\"og:site_name\" content=\"likemetkovic.hr\" \/>\n<meta property=\"article:publisher\" content=\"https:\/\/www.facebook.com\/likemetkovic.hr\/\" \/>\n<meta property=\"article:published_time\" content=\"2017-11-26T07:53:12+00:00\" \/>\n<meta property=\"og:image\" content=\"https:\/\/likemetkovic.hr\/wp-content\/uploads\/2017\/11\/trg.jpg\" \/>\n\t<meta property=\"og:image:width\" content=\"1200\" \/>\n\t<meta property=\"og:image:height\" content=\"600\" \/>\n\t<meta property=\"og:image:type\" content=\"image\/jpeg\" \/>\n<meta name=\"author\" content=\"LIKEmetkovic.hr\" \/>\n<meta name=\"twitter:card\" content=\"summary_large_image\" \/>\n<meta name=\"twitter:label1\" content=\"Napisao\/la\" \/>\n\t<meta name=\"twitter:data1\" content=\"LIKEmetkovic.hr\" \/>\n\t<meta name=\"twitter:label2\" content=\"Procijenjeno vrijeme \u010ditanja\" \/>\n\t<meta name=\"twitter:data2\" content=\"1 minuta\" \/>\n<script type=\"application\/ld+json\" class=\"yoast-schema-graph\">{\"@context\":\"https:\/\/schema.org\",\"@graph\":[{\"@type\":\"WebPage\",\"@id\":\"https:\/\/likemetkovic.hr\/glas-naroda-75-anketiranih-zeli-bozicne-kucice-trgu-kralja-tomislava\/\",\"url\":\"https:\/\/likemetkovic.hr\/glas-naroda-75-anketiranih-zeli-bozicne-kucice-trgu-kralja-tomislava\/\",\"name\":\"GLAS NARODA 75% anketiranih \u017eeli bo\u017ei\u0107ne ku\u0107ice na Trgu kralja Tomislava - likemetkovic.hr\",\"isPartOf\":{\"@id\":\"https:\/\/likemetkovic.hr\/#website\"},\"primaryImageOfPage\":{\"@id\":\"https:\/\/likemetkovic.hr\/glas-naroda-75-anketiranih-zeli-bozicne-kucice-trgu-kralja-tomislava\/#primaryimage\"},\"image\":{\"@id\":\"https:\/\/likemetkovic.hr\/glas-naroda-75-anketiranih-zeli-bozicne-kucice-trgu-kralja-tomislava\/#primaryimage\"},\"thumbnailUrl\":\"https:\/\/likemetkovic.hr\/portal\/wp-content\/uploads\/2017\/11\/trg.jpg\",\"datePublished\":\"2017-11-26T07:53:12+00:00\",\"author\":{\"@id\":\"https:\/\/likemetkovic.hr\/#\/schema\/person\/a42711f3385a0e2be6f7e0443bfb28f0\"},\"description\":\"Stoga sino\u0107 od 21 do 24 sata na na\u0161oj FB stranici postavili live\u00a0anketu s pitanjem\u00a0Gdje biste voljeli da ove godine budu ku\u0107ice?\",\"breadcrumb\":{\"@id\":\"https:\/\/likemetkovic.hr\/glas-naroda-75-anketiranih-zeli-bozicne-kucice-trgu-kralja-tomislava\/#breadcrumb\"},\"inLanguage\":\"hr\",\"potentialAction\":[{\"@type\":\"ReadAction\",\"target\":[\"https:\/\/likemetkovic.hr\/glas-naroda-75-anketiranih-zeli-bozicne-kucice-trgu-kralja-tomislava\/\"]}]},{\"@type\":\"ImageObject\",\"inLanguage\":\"hr\",\"@id\":\"https:\/\/likemetkovic.hr\/glas-naroda-75-anketiranih-zeli-bozicne-kucice-trgu-kralja-tomislava\/#primaryimage\",\"url\":\"https:\/\/likemetkovic.hr\/portal\/wp-content\/uploads\/2017\/11\/trg.jpg\",\"contentUrl\":\"https:\/\/likemetkovic.hr\/portal\/wp-content\/uploads\/2017\/11\/trg.jpg\",\"width\":1200,\"height\":600},{\"@type\":\"BreadcrumbList\",\"@id\":\"https:\/\/likemetkovic.hr\/glas-naroda-75-anketiranih-zeli-bozicne-kucice-trgu-kralja-tomislava\/#breadcrumb\",\"itemListElement\":[{\"@type\":\"ListItem\",\"position\":1,\"name\":\"Po\u010detna stranica\",\"item\":\"https:\/\/likemetkovic.hr\/portal\/\"},{\"@type\":\"ListItem\",\"position\":2,\"name\":\"GLAS NARODA 75% anketiranih \u017eeli bo\u017ei\u0107ne ku\u0107ice na Trgu kralja Tomislava\"}]},{\"@type\":\"WebSite\",\"@id\":\"https:\/\/likemetkovic.hr\/#website\",\"url\":\"https:\/\/likemetkovic.hr\/\",\"name\":\"likemetkovic.hr\",\"description\":\"Misli pozitivno... \u010ditaj LIKE\",\"potentialAction\":[{\"@type\":\"SearchAction\",\"target\":{\"@type\":\"EntryPoint\",\"urlTemplate\":\"https:\/\/likemetkovic.hr\/?s={search_term_string}\"},\"query-input\":{\"@type\":\"PropertyValueSpecification\",\"valueRequired\":true,\"valueName\":\"search_term_string\"}}],\"inLanguage\":\"hr\"},{\"@type\":\"Person\",\"@id\":\"https:\/\/likemetkovic.hr\/#\/schema\/person\/a42711f3385a0e2be6f7e0443bfb28f0\",\"name\":\"LIKEmetkovic.hr\",\"sameAs\":[\"http:\/\/likemetkovic.hr\"],\"url\":\"https:\/\/likemetkovic.hr\/portal\/author\/likemetkovic-hr\/\"}]}<\/script>\n<!-- \/ Yoast SEO plugin. -->","yoast_head_json":{"title":"GLAS NARODA 75% anketiranih \u017eeli bo\u017ei\u0107ne ku\u0107ice na Trgu kralja Tomislava - likemetkovic.hr","description":"Stoga sino\u0107 od 21 do 24 sata na na\u0161oj FB stranici postavili live\u00a0anketu s pitanjem\u00a0Gdje biste voljeli da ove godine budu ku\u0107ice?","robots":{"index":"index","follow":"follow","max-snippet":"max-snippet:-1","max-image-preview":"max-image-preview:large","max-video-preview":"max-video-preview:-1"},"canonical":"https:\/\/likemetkovic.hr\/glas-naroda-75-anketiranih-zeli-bozicne-kucice-trgu-kralja-tomislava\/","og_locale":"hr_HR","og_type":"article","og_title":"GLAS NARODA 75% anketiranih \u017eeli bo\u017ei\u0107ne ku\u0107ice na Trgu kralja Tomislava - likemetkovic.hr","og_description":"Stoga sino\u0107 od 21 do 24 sata na na\u0161oj FB stranici postavili live\u00a0anketu s pitanjem\u00a0Gdje biste voljeli da ove godine budu ku\u0107ice?","og_url":"https:\/\/likemetkovic.hr\/glas-naroda-75-anketiranih-zeli-bozicne-kucice-trgu-kralja-tomislava\/","og_site_name":"likemetkovic.hr","article_publisher":"https:\/\/www.facebook.com\/likemetkovic.hr\/","article_published_time":"2017-11-26T07:53:12+00:00","og_image":[{"width":1200,"height":600,"url":"https:\/\/likemetkovic.hr\/wp-content\/uploads\/2017\/11\/trg.jpg","type":"image\/jpeg"}],"author":"LIKEmetkovic.hr","twitter_card":"summary_large_image","twitter_misc":{"Napisao\/la":"LIKEmetkovic.hr","Procijenjeno vrijeme \u010ditanja":"1 minuta"},"schema":{"@context":"https:\/\/schema.org","@graph":[{"@type":"WebPage","@id":"https:\/\/likemetkovic.hr\/glas-naroda-75-anketiranih-zeli-bozicne-kucice-trgu-kralja-tomislava\/","url":"https:\/\/likemetkovic.hr\/glas-naroda-75-anketiranih-zeli-bozicne-kucice-trgu-kralja-tomislava\/","name":"GLAS NARODA 75% anketiranih \u017eeli bo\u017ei\u0107ne ku\u0107ice na Trgu kralja Tomislava - likemetkovic.hr","isPartOf":{"@id":"https:\/\/likemetkovic.hr\/#website"},"primaryImageOfPage":{"@id":"https:\/\/likemetkovic.hr\/glas-naroda-75-anketiranih-zeli-bozicne-kucice-trgu-kralja-tomislava\/#primaryimage"},"image":{"@id":"https:\/\/likemetkovic.hr\/glas-naroda-75-anketiranih-zeli-bozicne-kucice-trgu-kralja-tomislava\/#primaryimage"},"thumbnailUrl":"https:\/\/likemetkovic.hr\/portal\/wp-content\/uploads\/2017\/11\/trg.jpg","datePublished":"2017-11-26T07:53:12+00:00","author":{"@id":"https:\/\/likemetkovic.hr\/#\/schema\/person\/a42711f3385a0e2be6f7e0443bfb28f0"},"description":"Stoga sino\u0107 od 21 do 24 sata na na\u0161oj FB stranici postavili live\u00a0anketu s pitanjem\u00a0Gdje biste voljeli da ove godine budu ku\u0107ice?","breadcrumb":{"@id":"https:\/\/likemetkovic.hr\/glas-naroda-75-anketiranih-zeli-bozicne-kucice-trgu-kralja-tomislava\/#breadcrumb"},"inLanguage":"hr","potentialAction":[{"@type":"ReadAction","target":["https:\/\/likemetkovic.hr\/glas-naroda-75-anketiranih-zeli-bozicne-kucice-trgu-kralja-tomislava\/"]}]},{"@type":"ImageObject","inLanguage":"hr","@id":"https:\/\/likemetkovic.hr\/glas-naroda-75-anketiranih-zeli-bozicne-kucice-trgu-kralja-tomislava\/#primaryimage","url":"https:\/\/likemetkovic.hr\/portal\/wp-content\/uploads\/2017\/11\/trg.jpg","contentUrl":"https:\/\/likemetkovic.hr\/portal\/wp-content\/uploads\/2017\/11\/trg.jpg","width":1200,"height":600},{"@type":"BreadcrumbList","@id":"https:\/\/likemetkovic.hr\/glas-naroda-75-anketiranih-zeli-bozicne-kucice-trgu-kralja-tomislava\/#breadcrumb","itemListElement":[{"@type":"ListItem","position":1,"name":"Po\u010detna stranica","item":"https:\/\/likemetkovic.hr\/portal\/"},{"@type":"ListItem","position":2,"name":"GLAS NARODA 75% anketiranih \u017eeli bo\u017ei\u0107ne ku\u0107ice na Trgu kralja Tomislava"}]},{"@type":"WebSite","@id":"https:\/\/likemetkovic.hr\/#website","url":"https:\/\/likemetkovic.hr\/","name":"likemetkovic.hr","description":"Misli pozitivno... \u010ditaj LIKE","potentialAction":[{"@type":"SearchAction","target":{"@type":"EntryPoint","urlTemplate":"https:\/\/likemetkovic.hr\/?s={search_term_string}"},"query-input":{"@type":"PropertyValueSpecification","valueRequired":true,"valueName":"search_term_string"}}],"inLanguage":"hr"},{"@type":"Person","@id":"https:\/\/likemetkovic.hr\/#\/schema\/person\/a42711f3385a0e2be6f7e0443bfb28f0","name":"LIKEmetkovic.hr","sameAs":["http:\/\/likemetkovic.hr"],"url":"https:\/\/likemetkovic.hr\/portal\/author\/likemetkovic-hr\/"}]}},"_links":{"self":[{"href":"https:\/\/likemetkovic.hr\/portal\/wp-json\/wp\/v2\/posts\/49871","targetHints":{"allow":["GET"]}}],"collection":[{"href":"https:\/\/likemetkovic.hr\/portal\/wp-json\/wp\/v2\/posts"}],"about":[{"href":"https:\/\/likemetkovic.hr\/portal\/wp-json\/wp\/v2\/types\/post"}],"author":[{"embeddable":true,"href":"https:\/\/likemetkovic.hr\/portal\/wp-json\/wp\/v2\/users\/7"}],"replies":[{"embeddable":true,"href":"https:\/\/likemetkovic.hr\/portal\/wp-json\/wp\/v2\/comments?post=49871"}],"version-history":[{"count":0,"href":"https:\/\/likemetkovic.hr\/portal\/wp-json\/wp\/v2\/posts\/49871\/revisions"}],"wp:featuredmedia":[{"embeddable":true,"href":"https:\/\/likemetkovic.hr\/portal\/wp-json\/wp\/v2\/media\/49873"}],"wp:attachment":[{"href":"https:\/\/likemetkovic.hr\/portal\/wp-json\/wp\/v2\/media?parent=49871"}],"wp:term":[{"taxonomy":"category","embeddable":true,"href":"https:\/\/likemetkovic.hr\/portal\/wp-json\/wp\/v2\/categories?post=49871"},{"taxonomy":"post_tag","embeddable":true,"href":"https:\/\/likemetkovic.hr\/portal\/wp-json\/wp\/v2\/tags?post=49871"}],"curies":[{"name":"wp","href":"https:\/\/api.w.org\/{rel}","templated":true}]}}