{"id":50016,"date":"2017-11-29T16:18:25","date_gmt":"2017-11-29T15:18:25","guid":{"rendered":"http:\/\/likemetkovic.hr\/?p=50016"},"modified":"2017-11-29T16:23:49","modified_gmt":"2017-11-29T15:23:49","slug":"odvjetnica-pintar-nismo-imali-potporu-hrvatske-vlade-jedino-ministar-sprlje-pokazao-interes","status":"publish","type":"post","link":"https:\/\/likemetkovic.hr\/portal\/odvjetnica-pintar-nismo-imali-potporu-hrvatske-vlade-jedino-ministar-sprlje-pokazao-interes\/","title":{"rendered":"ODVJETNICA PINTAR Nismo imali potporu hrvatske vlade&#8230; jedino je ministar \u0160prlje pokazao interes"},"content":{"rendered":"<p>Danas je Ha\u0161ki sud, nakon trinaest i pol godina od dobrovoljne predaje, \u0161estorici bosanskohercegova\u010dkih Hrvata izrekao pravomo\u0107nu presudu u kojoj je uglavnom potvr\u0111ena prvostupanjska presuda. Jo\u0161 u svibnju 2013. Jadranko Prli\u0107, Bruno Stoji\u0107, Slobodan Praljak, Milivoj Petkovi\u0107, Valentin \u0106ori\u0107 i Berislav Pu\u0161i\u0107\u00a0prvostupanjskom su presudom progla\u0161eni krivima\u00a0za ratne zlo\u010dine u BiH i osu\u0111eni na 111 godina zatvora.<\/p>\n<p>Nakon \u0161to je \u017dalbeno vije\u0107e Ha\u0161kog suda potvrdilo prvostupanjsku kaznu generalu Slobodanu Praljku, on im je kazao: <strong>&#8220;General Praljak nije ratni zlo\u010dinac i s prijezirom odbacujem va\u0161u presudu&#8221;<\/strong> i popio sadr\u017eaj iz bo\u010dice u kojoj se nalazio otrov. Nakon toga je<strong> prevezen u bolnicu gdje je ubrzo preminuo.<\/strong><\/p>\n<p>\u017dalbeno vije\u0107e Me\u0111unarodnog kaznenog suda za biv\u0161u Jugoslaviju\u00a0je u sklopu \u017ealbene presude bosanskohercegova\u010dkoj \u0161estorici utvrdilo da\u00a0su postojali <strong>me\u0111unarodni oru\u017eani sukob u BiH i stanje okupacije<\/strong>,\u00a0a\u00a0potvrdilo je i postojanje\u00a0<strong>hrvatskog udru\u017eenog zlo\u010dina\u010dkog pothvata<\/strong>\u00a0s ciljem\u00a0etni\u010dkog \u010di\u0161\u0107enja\u00a0dijelova BiH.<\/p>\n<p>Ovakva <strong>presuda je Hrvate u\u010dinila agresorima<\/strong> premda je povijesna \u010dinjenica da su upravo Hrvati prvi stali u obranu Bosne i Hercegovine, prvi priznali dr\u017eavu BiH, sva vojna i druga pomo\u0107 u BiH je dolazila preko Hrvatske, Hrvatska je primila izbjeglice i prognanike premda je i sama bila u ratu.<\/p>\n<p>Ovakva presuda ima nesagledive posljedice za dr\u017eavu Hrvatsku, Hrvate u Bosni i Hercegovini i za njihovu te\u017enju za ravnopravno\u0161\u0107u i opstankom. Mnogi tvrde, poput <strong>Vi\u0161nje Stare\u0161ine<\/strong>, da su hrvatske vlasti tijekom cijelog postupka bile pasivne i da je to jedan od razloga ovakvoj presudi. To potvr\u0111uje i izjava odvjetnice\u00a0pok. generala Slobodana Praljka <strong>Nike Pintar<\/strong> koju je dala RTL-u prije tri dana:<\/p>\n<p>&#8211; <em>Moram re\u0107i da <strong>nismo imali potporu hrvatske vlade<\/strong> u prikupljanju dokumenata, u pronala\u017eenju vrsnih vje\u0161taka, i prezentaciji, jedino je <strong>ministar \u0160prlje<\/strong> pokazao interes za slu\u010daj, ali to je ve\u0107 bilo kasno.<\/em><\/p>\n<p>Vidimo da danas mnogi \u017eale, iznena\u0111eni su, neki prekidaju slu\u017ebena putovanja, neki bezobrazno ustraju u svojim stavovima o hrvatskoj agresiji na BiH, a u vrijeme sudskog procesa vr\u0161ili su najvi\u0161e politi\u010dke du\u017enosti u Hrvatskoj&#8230;<\/p>\n<p>Pita li se itko \u0161to \u0107e biti s Hrvatima u BiH koji su ovom presudom dovedeni u polo\u017eaj agresora u vlastitoj zemlji?<\/p>\n","protected":false},"excerpt":{"rendered":"<p>Danas je Ha\u0161ki sud, nakon trinaest i pol godina od dobrovoljne predaje, \u0161estorici bosanskohercegova\u010dkih Hrvata izrekao pravomo\u0107nu presudu u kojoj je uglavnom potvr\u0111ena prvostupanjska presuda. Jo\u0161 u svibnju 2013. Jadranko Prli\u0107, Bruno Stoji\u0107, Slobodan Praljak, Milivoj Petkovi\u0107, Valentin \u0106ori\u0107 i Berislav Pu\u0161i\u0107\u00a0prvostupanjskom su presudom progla\u0161eni krivima\u00a0za ratne zlo\u010dine u BiH i osu\u0111eni na 111 godina [&hellip;]<\/p>\n","protected":false},"author":7,"featured_media":50017,"comment_status":"open","ping_status":"open","sticky":false,"template":"","format":"standard","meta":{"footnotes":""},"categories":[283,290],"tags":[358,1948,1947],"class_list":{"0":"post-50016","1":"post","2":"type-post","3":"status-publish","4":"format-standard","5":"has-post-thumbnail","7":"category-a","8":"category-politika","9":"tag-ante-sprlje","10":"tag-nika-pintar","11":"tag-slodoban-praljak"},"yoast_head":"<!-- This site is optimized with the Yoast SEO plugin v25.2 - https:\/\/yoast.com\/wordpress\/plugins\/seo\/ -->\n<title>ODVJETNICA PINTAR Nismo imali potporu hrvatske vlade... jedino je ministar \u0160prlje pokazao interes - likemetkovic.hr<\/title>\n<meta name=\"robots\" content=\"index, follow, max-snippet:-1, max-image-preview:large, max-video-preview:-1\" \/>\n<link rel=\"canonical\" href=\"https:\/\/likemetkovic.hr\/odvjetnica-pintar-nismo-imali-potporu-hrvatske-vlade-jedino-ministar-sprlje-pokazao-interes\/\" \/>\n<meta property=\"og:locale\" content=\"hr_HR\" \/>\n<meta property=\"og:type\" content=\"article\" \/>\n<meta property=\"og:title\" content=\"ODVJETNICA PINTAR Nismo imali potporu hrvatske vlade... jedino je ministar \u0160prlje pokazao interes - likemetkovic.hr\" \/>\n<meta property=\"og:description\" content=\"Danas je Ha\u0161ki sud, nakon trinaest i pol godina od dobrovoljne predaje, \u0161estorici bosanskohercegova\u010dkih Hrvata izrekao pravomo\u0107nu presudu u kojoj je uglavnom potvr\u0111ena prvostupanjska presuda. Jo\u0161 u svibnju 2013. Jadranko Prli\u0107, Bruno Stoji\u0107, Slobodan Praljak, Milivoj Petkovi\u0107, Valentin \u0106ori\u0107 i Berislav Pu\u0161i\u0107\u00a0prvostupanjskom su presudom progla\u0161eni krivima\u00a0za ratne zlo\u010dine u BiH i osu\u0111eni na 111 godina [&hellip;]\" \/>\n<meta property=\"og:url\" content=\"https:\/\/likemetkovic.hr\/odvjetnica-pintar-nismo-imali-potporu-hrvatske-vlade-jedino-ministar-sprlje-pokazao-interes\/\" \/>\n<meta property=\"og:site_name\" content=\"likemetkovic.hr\" \/>\n<meta property=\"article:publisher\" content=\"https:\/\/www.facebook.com\/likemetkovic.hr\/\" \/>\n<meta property=\"article:published_time\" content=\"2017-11-29T15:18:25+00:00\" \/>\n<meta property=\"article:modified_time\" content=\"2017-11-29T15:23:49+00:00\" \/>\n<meta property=\"og:image\" content=\"https:\/\/likemetkovic.hr\/wp-content\/uploads\/2017\/11\/praljak-slobodan.jpg\" \/>\n\t<meta property=\"og:image:width\" content=\"688\" \/>\n\t<meta property=\"og:image:height\" content=\"388\" \/>\n\t<meta property=\"og:image:type\" content=\"image\/jpeg\" \/>\n<meta name=\"author\" content=\"LIKEmetkovic.hr\" \/>\n<meta name=\"twitter:card\" content=\"summary_large_image\" \/>\n<meta name=\"twitter:label1\" content=\"Napisao\/la\" \/>\n\t<meta name=\"twitter:data1\" content=\"LIKEmetkovic.hr\" \/>\n\t<meta name=\"twitter:label2\" content=\"Procijenjeno vrijeme \u010ditanja\" \/>\n\t<meta name=\"twitter:data2\" content=\"2 minute\" \/>\n<script type=\"application\/ld+json\" class=\"yoast-schema-graph\">{\"@context\":\"https:\/\/schema.org\",\"@graph\":[{\"@type\":\"WebPage\",\"@id\":\"https:\/\/likemetkovic.hr\/odvjetnica-pintar-nismo-imali-potporu-hrvatske-vlade-jedino-ministar-sprlje-pokazao-interes\/\",\"url\":\"https:\/\/likemetkovic.hr\/odvjetnica-pintar-nismo-imali-potporu-hrvatske-vlade-jedino-ministar-sprlje-pokazao-interes\/\",\"name\":\"ODVJETNICA PINTAR Nismo imali potporu hrvatske vlade... jedino je ministar \u0160prlje pokazao interes - likemetkovic.hr\",\"isPartOf\":{\"@id\":\"https:\/\/likemetkovic.hr\/#website\"},\"primaryImageOfPage\":{\"@id\":\"https:\/\/likemetkovic.hr\/odvjetnica-pintar-nismo-imali-potporu-hrvatske-vlade-jedino-ministar-sprlje-pokazao-interes\/#primaryimage\"},\"image\":{\"@id\":\"https:\/\/likemetkovic.hr\/odvjetnica-pintar-nismo-imali-potporu-hrvatske-vlade-jedino-ministar-sprlje-pokazao-interes\/#primaryimage\"},\"thumbnailUrl\":\"https:\/\/likemetkovic.hr\/portal\/wp-content\/uploads\/2017\/11\/praljak-slobodan.jpg\",\"datePublished\":\"2017-11-29T15:18:25+00:00\",\"dateModified\":\"2017-11-29T15:23:49+00:00\",\"author\":{\"@id\":\"https:\/\/likemetkovic.hr\/#\/schema\/person\/a42711f3385a0e2be6f7e0443bfb28f0\"},\"breadcrumb\":{\"@id\":\"https:\/\/likemetkovic.hr\/odvjetnica-pintar-nismo-imali-potporu-hrvatske-vlade-jedino-ministar-sprlje-pokazao-interes\/#breadcrumb\"},\"inLanguage\":\"hr\",\"potentialAction\":[{\"@type\":\"ReadAction\",\"target\":[\"https:\/\/likemetkovic.hr\/odvjetnica-pintar-nismo-imali-potporu-hrvatske-vlade-jedino-ministar-sprlje-pokazao-interes\/\"]}]},{\"@type\":\"ImageObject\",\"inLanguage\":\"hr\",\"@id\":\"https:\/\/likemetkovic.hr\/odvjetnica-pintar-nismo-imali-potporu-hrvatske-vlade-jedino-ministar-sprlje-pokazao-interes\/#primaryimage\",\"url\":\"https:\/\/likemetkovic.hr\/portal\/wp-content\/uploads\/2017\/11\/praljak-slobodan.jpg\",\"contentUrl\":\"https:\/\/likemetkovic.hr\/portal\/wp-content\/uploads\/2017\/11\/praljak-slobodan.jpg\",\"width\":688,\"height\":388},{\"@type\":\"BreadcrumbList\",\"@id\":\"https:\/\/likemetkovic.hr\/odvjetnica-pintar-nismo-imali-potporu-hrvatske-vlade-jedino-ministar-sprlje-pokazao-interes\/#breadcrumb\",\"itemListElement\":[{\"@type\":\"ListItem\",\"position\":1,\"name\":\"Po\u010detna stranica\",\"item\":\"https:\/\/likemetkovic.hr\/portal\/\"},{\"@type\":\"ListItem\",\"position\":2,\"name\":\"ODVJETNICA PINTAR Nismo imali potporu hrvatske vlade&#8230; jedino je ministar \u0160prlje pokazao interes\"}]},{\"@type\":\"WebSite\",\"@id\":\"https:\/\/likemetkovic.hr\/#website\",\"url\":\"https:\/\/likemetkovic.hr\/\",\"name\":\"likemetkovic.hr\",\"description\":\"Misli pozitivno... \u010ditaj LIKE\",\"potentialAction\":[{\"@type\":\"SearchAction\",\"target\":{\"@type\":\"EntryPoint\",\"urlTemplate\":\"https:\/\/likemetkovic.hr\/?s={search_term_string}\"},\"query-input\":{\"@type\":\"PropertyValueSpecification\",\"valueRequired\":true,\"valueName\":\"search_term_string\"}}],\"inLanguage\":\"hr\"},{\"@type\":\"Person\",\"@id\":\"https:\/\/likemetkovic.hr\/#\/schema\/person\/a42711f3385a0e2be6f7e0443bfb28f0\",\"name\":\"LIKEmetkovic.hr\",\"sameAs\":[\"http:\/\/likemetkovic.hr\"],\"url\":\"https:\/\/likemetkovic.hr\/portal\/author\/likemetkovic-hr\/\"}]}<\/script>\n<!-- \/ Yoast SEO plugin. -->","yoast_head_json":{"title":"ODVJETNICA PINTAR Nismo imali potporu hrvatske vlade... jedino je ministar \u0160prlje pokazao interes - likemetkovic.hr","robots":{"index":"index","follow":"follow","max-snippet":"max-snippet:-1","max-image-preview":"max-image-preview:large","max-video-preview":"max-video-preview:-1"},"canonical":"https:\/\/likemetkovic.hr\/odvjetnica-pintar-nismo-imali-potporu-hrvatske-vlade-jedino-ministar-sprlje-pokazao-interes\/","og_locale":"hr_HR","og_type":"article","og_title":"ODVJETNICA PINTAR Nismo imali potporu hrvatske vlade... jedino je ministar \u0160prlje pokazao interes - likemetkovic.hr","og_description":"Danas je Ha\u0161ki sud, nakon trinaest i pol godina od dobrovoljne predaje, \u0161estorici bosanskohercegova\u010dkih Hrvata izrekao pravomo\u0107nu presudu u kojoj je uglavnom potvr\u0111ena prvostupanjska presuda. Jo\u0161 u svibnju 2013. Jadranko Prli\u0107, Bruno Stoji\u0107, Slobodan Praljak, Milivoj Petkovi\u0107, Valentin \u0106ori\u0107 i Berislav Pu\u0161i\u0107\u00a0prvostupanjskom su presudom progla\u0161eni krivima\u00a0za ratne zlo\u010dine u BiH i osu\u0111eni na 111 godina [&hellip;]","og_url":"https:\/\/likemetkovic.hr\/odvjetnica-pintar-nismo-imali-potporu-hrvatske-vlade-jedino-ministar-sprlje-pokazao-interes\/","og_site_name":"likemetkovic.hr","article_publisher":"https:\/\/www.facebook.com\/likemetkovic.hr\/","article_published_time":"2017-11-29T15:18:25+00:00","article_modified_time":"2017-11-29T15:23:49+00:00","og_image":[{"width":688,"height":388,"url":"https:\/\/likemetkovic.hr\/wp-content\/uploads\/2017\/11\/praljak-slobodan.jpg","type":"image\/jpeg"}],"author":"LIKEmetkovic.hr","twitter_card":"summary_large_image","twitter_misc":{"Napisao\/la":"LIKEmetkovic.hr","Procijenjeno vrijeme \u010ditanja":"2 minute"},"schema":{"@context":"https:\/\/schema.org","@graph":[{"@type":"WebPage","@id":"https:\/\/likemetkovic.hr\/odvjetnica-pintar-nismo-imali-potporu-hrvatske-vlade-jedino-ministar-sprlje-pokazao-interes\/","url":"https:\/\/likemetkovic.hr\/odvjetnica-pintar-nismo-imali-potporu-hrvatske-vlade-jedino-ministar-sprlje-pokazao-interes\/","name":"ODVJETNICA PINTAR Nismo imali potporu hrvatske vlade... jedino je ministar \u0160prlje pokazao interes - likemetkovic.hr","isPartOf":{"@id":"https:\/\/likemetkovic.hr\/#website"},"primaryImageOfPage":{"@id":"https:\/\/likemetkovic.hr\/odvjetnica-pintar-nismo-imali-potporu-hrvatske-vlade-jedino-ministar-sprlje-pokazao-interes\/#primaryimage"},"image":{"@id":"https:\/\/likemetkovic.hr\/odvjetnica-pintar-nismo-imali-potporu-hrvatske-vlade-jedino-ministar-sprlje-pokazao-interes\/#primaryimage"},"thumbnailUrl":"https:\/\/likemetkovic.hr\/portal\/wp-content\/uploads\/2017\/11\/praljak-slobodan.jpg","datePublished":"2017-11-29T15:18:25+00:00","dateModified":"2017-11-29T15:23:49+00:00","author":{"@id":"https:\/\/likemetkovic.hr\/#\/schema\/person\/a42711f3385a0e2be6f7e0443bfb28f0"},"breadcrumb":{"@id":"https:\/\/likemetkovic.hr\/odvjetnica-pintar-nismo-imali-potporu-hrvatske-vlade-jedino-ministar-sprlje-pokazao-interes\/#breadcrumb"},"inLanguage":"hr","potentialAction":[{"@type":"ReadAction","target":["https:\/\/likemetkovic.hr\/odvjetnica-pintar-nismo-imali-potporu-hrvatske-vlade-jedino-ministar-sprlje-pokazao-interes\/"]}]},{"@type":"ImageObject","inLanguage":"hr","@id":"https:\/\/likemetkovic.hr\/odvjetnica-pintar-nismo-imali-potporu-hrvatske-vlade-jedino-ministar-sprlje-pokazao-interes\/#primaryimage","url":"https:\/\/likemetkovic.hr\/portal\/wp-content\/uploads\/2017\/11\/praljak-slobodan.jpg","contentUrl":"https:\/\/likemetkovic.hr\/portal\/wp-content\/uploads\/2017\/11\/praljak-slobodan.jpg","width":688,"height":388},{"@type":"BreadcrumbList","@id":"https:\/\/likemetkovic.hr\/odvjetnica-pintar-nismo-imali-potporu-hrvatske-vlade-jedino-ministar-sprlje-pokazao-interes\/#breadcrumb","itemListElement":[{"@type":"ListItem","position":1,"name":"Po\u010detna stranica","item":"https:\/\/likemetkovic.hr\/portal\/"},{"@type":"ListItem","position":2,"name":"ODVJETNICA PINTAR Nismo imali potporu hrvatske vlade&#8230; jedino je ministar \u0160prlje pokazao interes"}]},{"@type":"WebSite","@id":"https:\/\/likemetkovic.hr\/#website","url":"https:\/\/likemetkovic.hr\/","name":"likemetkovic.hr","description":"Misli pozitivno... \u010ditaj LIKE","potentialAction":[{"@type":"SearchAction","target":{"@type":"EntryPoint","urlTemplate":"https:\/\/likemetkovic.hr\/?s={search_term_string}"},"query-input":{"@type":"PropertyValueSpecification","valueRequired":true,"valueName":"search_term_string"}}],"inLanguage":"hr"},{"@type":"Person","@id":"https:\/\/likemetkovic.hr\/#\/schema\/person\/a42711f3385a0e2be6f7e0443bfb28f0","name":"LIKEmetkovic.hr","sameAs":["http:\/\/likemetkovic.hr"],"url":"https:\/\/likemetkovic.hr\/portal\/author\/likemetkovic-hr\/"}]}},"_links":{"self":[{"href":"https:\/\/likemetkovic.hr\/portal\/wp-json\/wp\/v2\/posts\/50016","targetHints":{"allow":["GET"]}}],"collection":[{"href":"https:\/\/likemetkovic.hr\/portal\/wp-json\/wp\/v2\/posts"}],"about":[{"href":"https:\/\/likemetkovic.hr\/portal\/wp-json\/wp\/v2\/types\/post"}],"author":[{"embeddable":true,"href":"https:\/\/likemetkovic.hr\/portal\/wp-json\/wp\/v2\/users\/7"}],"replies":[{"embeddable":true,"href":"https:\/\/likemetkovic.hr\/portal\/wp-json\/wp\/v2\/comments?post=50016"}],"version-history":[{"count":0,"href":"https:\/\/likemetkovic.hr\/portal\/wp-json\/wp\/v2\/posts\/50016\/revisions"}],"wp:featuredmedia":[{"embeddable":true,"href":"https:\/\/likemetkovic.hr\/portal\/wp-json\/wp\/v2\/media\/50017"}],"wp:attachment":[{"href":"https:\/\/likemetkovic.hr\/portal\/wp-json\/wp\/v2\/media?parent=50016"}],"wp:term":[{"taxonomy":"category","embeddable":true,"href":"https:\/\/likemetkovic.hr\/portal\/wp-json\/wp\/v2\/categories?post=50016"},{"taxonomy":"post_tag","embeddable":true,"href":"https:\/\/likemetkovic.hr\/portal\/wp-json\/wp\/v2\/tags?post=50016"}],"curies":[{"name":"wp","href":"https:\/\/api.w.org\/{rel}","templated":true}]}}