{"id":50099,"date":"2017-12-02T07:18:45","date_gmt":"2017-12-02T06:18:45","guid":{"rendered":"http:\/\/likemetkovic.hr\/?p=50099"},"modified":"2018-06-08T11:57:26","modified_gmt":"2018-06-08T09:57:26","slug":"metkovci-paljenjem-svijeca-odali-pocast-generalu-slobodanu-praljku","status":"publish","type":"post","link":"https:\/\/likemetkovic.hr\/portal\/metkovci-paljenjem-svijeca-odali-pocast-generalu-slobodanu-praljku\/","title":{"rendered":"FOTO Metkovci paljenjem svije\u0107a odali po\u010dast generalu Slobodanu Praljku"},"content":{"rendered":"<p>Sino\u0107 se oko 19 sati kod spomenika hrvatskim braniteljima na Velikoj rivi na poziv Udruge veterana 4. gbr. okupilo nekoliko stotina gra\u0111ana Metkovi\u0107a odati po\u010dast pokojnom generalu HV-a Slobodanu Praljku.<\/p>\n<p>Prisutnima se prvo obratio hrvatski branitelj i \u010dasnik HV-a Dane Renduli\u0107 pozvav\u0161i sve na zajedni\u0161tvo kada je u pitanju domovina. Nakon toga je kratku molitvu za pok. generala predvodio \u017eupni vikar u \u017dupi sv. Ilije fra Dujo Juki\u0107. Gradska glazba je odsvirala nekoliko prigodnih pjesama dok su gra\u0111ani u ti\u0161ini i dostojanstvu polo\u017eili upaljene svije\u0107e pored spomenika braniteljima.<\/p>\n\r\n                <style type=\"text\/css\">\r\n                    \r\n                    #tdi_1  .td-doubleSlider-2 .td-item1 {\r\n                        background: url(https:\/\/likemetkovic.hr\/portal\/wp-content\/uploads\/2017\/12\/svije\u0107e-za-praljak-2-80x60.jpg) 0 0 no-repeat;\r\n                    }\r\n                    #tdi_1  .td-doubleSlider-2 .td-item2 {\r\n                        background: url(https:\/\/likemetkovic.hr\/portal\/wp-content\/uploads\/2017\/12\/svije\u0107e-za-praljak-3-80x60.jpg) 0 0 no-repeat;\r\n                    }\r\n                    #tdi_1  .td-doubleSlider-2 .td-item3 {\r\n                        background: url(https:\/\/likemetkovic.hr\/portal\/wp-content\/uploads\/2017\/12\/svije\u0107e-za-praljak-14-80x60.jpg) 0 0 no-repeat;\r\n                    }\r\n                    #tdi_1  .td-doubleSlider-2 .td-item4 {\r\n                        background: url(https:\/\/likemetkovic.hr\/portal\/wp-content\/uploads\/2017\/12\/svije\u0107e-za-praljak-17-80x60.jpg) 0 0 no-repeat;\r\n                    }\r\n                    #tdi_1  .td-doubleSlider-2 .td-item5 {\r\n                        background: url(https:\/\/likemetkovic.hr\/portal\/wp-content\/uploads\/2017\/12\/svije\u0107e-za-praljak-21-80x60.jpg) 0 0 no-repeat;\r\n                    }\r\n                    #tdi_1  .td-doubleSlider-2 .td-item6 {\r\n                        background: url(https:\/\/likemetkovic.hr\/portal\/wp-content\/uploads\/2017\/12\/svije\u0107e-za-praljak-22-80x60.jpg) 0 0 no-repeat;\r\n                    }\r\n                    #tdi_1  .td-doubleSlider-2 .td-item7 {\r\n                        background: url(https:\/\/likemetkovic.hr\/portal\/wp-content\/uploads\/2017\/12\/svije\u0107e-za-praljak-23-80x60.jpg) 0 0 no-repeat;\r\n                    }\r\n                    #tdi_1  .td-doubleSlider-2 .td-item8 {\r\n                        background: url(https:\/\/likemetkovic.hr\/portal\/wp-content\/uploads\/2017\/12\/svije\u0107e-za-praljak-35-80x60.jpg) 0 0 no-repeat;\r\n                    }\r\n                    #tdi_1  .td-doubleSlider-2 .td-item9 {\r\n                        background: url(https:\/\/likemetkovic.hr\/portal\/wp-content\/uploads\/2017\/12\/svije\u0107e-za-praljak-37-80x60.jpg) 0 0 no-repeat;\r\n                    }\r\n                <\/style>\r\n\r\n                <div id=\"tdi_1\" class=\"td-gallery td-slide-on-2-columns\">\r\n                    <div class=\"post_td_gallery\">\r\n                        <div class=\"td-gallery-slide-top\">\r\n                           <div class=\"td-gallery-title\"><\/div>\r\n\r\n                            <div class=\"td-gallery-controls-wrapper\">\r\n                                <div class=\"td-gallery-slide-count\"><span class=\"td-gallery-slide-item-focus\">1<\/span> of 9<\/div>\r\n                                <div class=\"td-gallery-slide-prev-next-but\">\r\n                                    <i class = \"td-icon-left doubleSliderPrevButton\"><\/i>\r\n                                    <i class = \"td-icon-right doubleSliderNextButton\"><\/i>\r\n                                <\/div>\r\n                            <\/div>\r\n                        <\/div>\r\n\r\n                        <div class = \"td-doubleSlider-1 \">\r\n                            <div class = \"td-slider\">\r\n                                \r\n                    <div class = \"td-slide-item td-item1\">\r\n                        <figure class=\"td-slide-galery-figure td-slide-popup-gallery\">\r\n                            <a class=\"slide-gallery-image-link\" href=\"https:\/\/likemetkovic.hr\/portal\/wp-content\/uploads\/2017\/12\/svije\u0107e-za-praljak-2.jpg\" title=\"svije\u0107e za praljak (2)\"  data-caption=\"\"  data-description=\"\">\r\n                                <img decoding=\"async\" src=\"https:\/\/likemetkovic.hr\/portal\/wp-content\/uploads\/2017\/12\/svije\u0107e-za-praljak-2-630x420.jpg\" srcset=\"https:\/\/likemetkovic.hr\/portal\/wp-content\/uploads\/2017\/12\/svije\u0107e-za-praljak-2-630x420.jpg 630w, https:\/\/likemetkovic.hr\/portal\/wp-content\/uploads\/2017\/12\/svije\u0107e-za-praljak-2-800x533.jpg 800w, https:\/\/likemetkovic.hr\/portal\/wp-content\/uploads\/2017\/12\/svije\u0107e-za-praljak-2-768x512.jpg 768w, https:\/\/likemetkovic.hr\/portal\/wp-content\/uploads\/2017\/12\/svije\u0107e-za-praljak-2-696x464.jpg 696w, https:\/\/likemetkovic.hr\/portal\/wp-content\/uploads\/2017\/12\/svije\u0107e-za-praljak-2.jpg 900w\" sizes=\"(max-width: 630px) 100vw, 630px\" alt=\"\">\r\n                            <\/a>\r\n                            \r\n                        <\/figure>\r\n                    <\/div>\r\n                    <div class = \"td-slide-item td-item2\">\r\n                        <figure class=\"td-slide-galery-figure td-slide-popup-gallery\">\r\n                            <a class=\"slide-gallery-image-link\" href=\"https:\/\/likemetkovic.hr\/portal\/wp-content\/uploads\/2017\/12\/svije\u0107e-za-praljak-3.jpg\" title=\"svije\u0107e za praljak (3)\"  data-caption=\"\"  data-description=\"\">\r\n                                <img decoding=\"async\" src=\"https:\/\/likemetkovic.hr\/portal\/wp-content\/uploads\/2017\/12\/svije\u0107e-za-praljak-3-630x420.jpg\" srcset=\"https:\/\/likemetkovic.hr\/portal\/wp-content\/uploads\/2017\/12\/svije\u0107e-za-praljak-3-630x420.jpg 630w, https:\/\/likemetkovic.hr\/portal\/wp-content\/uploads\/2017\/12\/svije\u0107e-za-praljak-3-800x533.jpg 800w, https:\/\/likemetkovic.hr\/portal\/wp-content\/uploads\/2017\/12\/svije\u0107e-za-praljak-3-768x512.jpg 768w, https:\/\/likemetkovic.hr\/portal\/wp-content\/uploads\/2017\/12\/svije\u0107e-za-praljak-3-696x464.jpg 696w, https:\/\/likemetkovic.hr\/portal\/wp-content\/uploads\/2017\/12\/svije\u0107e-za-praljak-3.jpg 900w\" sizes=\"(max-width: 630px) 100vw, 630px\" alt=\"\">\r\n                            <\/a>\r\n                            \r\n                        <\/figure>\r\n                    <\/div>\r\n                    <div class = \"td-slide-item td-item3\">\r\n                        <figure class=\"td-slide-galery-figure td-slide-popup-gallery\">\r\n                            <a class=\"slide-gallery-image-link\" href=\"https:\/\/likemetkovic.hr\/portal\/wp-content\/uploads\/2017\/12\/svije\u0107e-za-praljak-14.jpg\" title=\"svije\u0107e za praljak (14)\"  data-caption=\"\"  data-description=\"\">\r\n                                <img decoding=\"async\" src=\"https:\/\/likemetkovic.hr\/portal\/wp-content\/uploads\/2017\/12\/svije\u0107e-za-praljak-14-630x420.jpg\" srcset=\"https:\/\/likemetkovic.hr\/portal\/wp-content\/uploads\/2017\/12\/svije\u0107e-za-praljak-14-630x420.jpg 630w, https:\/\/likemetkovic.hr\/portal\/wp-content\/uploads\/2017\/12\/svije\u0107e-za-praljak-14-800x533.jpg 800w, https:\/\/likemetkovic.hr\/portal\/wp-content\/uploads\/2017\/12\/svije\u0107e-za-praljak-14-768x512.jpg 768w, https:\/\/likemetkovic.hr\/portal\/wp-content\/uploads\/2017\/12\/svije\u0107e-za-praljak-14-696x464.jpg 696w, https:\/\/likemetkovic.hr\/portal\/wp-content\/uploads\/2017\/12\/svije\u0107e-za-praljak-14.jpg 900w\" sizes=\"(max-width: 630px) 100vw, 630px\" alt=\"\">\r\n                            <\/a>\r\n                            \r\n                        <\/figure>\r\n                    <\/div>\r\n                    <div class = \"td-slide-item td-item4\">\r\n                        <figure class=\"td-slide-galery-figure td-slide-popup-gallery\">\r\n                            <a class=\"slide-gallery-image-link\" href=\"https:\/\/likemetkovic.hr\/portal\/wp-content\/uploads\/2017\/12\/svije\u0107e-za-praljak-17.jpg\" title=\"svije\u0107e za praljak (17)\"  data-caption=\"\"  data-description=\"\">\r\n                                <img decoding=\"async\" src=\"https:\/\/likemetkovic.hr\/portal\/wp-content\/uploads\/2017\/12\/svije\u0107e-za-praljak-17-630x420.jpg\" srcset=\"https:\/\/likemetkovic.hr\/portal\/wp-content\/uploads\/2017\/12\/svije\u0107e-za-praljak-17-630x420.jpg 630w, https:\/\/likemetkovic.hr\/portal\/wp-content\/uploads\/2017\/12\/svije\u0107e-za-praljak-17-800x533.jpg 800w, https:\/\/likemetkovic.hr\/portal\/wp-content\/uploads\/2017\/12\/svije\u0107e-za-praljak-17-768x512.jpg 768w, https:\/\/likemetkovic.hr\/portal\/wp-content\/uploads\/2017\/12\/svije\u0107e-za-praljak-17-696x464.jpg 696w, https:\/\/likemetkovic.hr\/portal\/wp-content\/uploads\/2017\/12\/svije\u0107e-za-praljak-17.jpg 900w\" sizes=\"(max-width: 630px) 100vw, 630px\" alt=\"\">\r\n                            <\/a>\r\n                            \r\n                        <\/figure>\r\n                    <\/div>\r\n                    <div class = \"td-slide-item td-item5\">\r\n                        <figure class=\"td-slide-galery-figure td-slide-popup-gallery\">\r\n                            <a class=\"slide-gallery-image-link\" href=\"https:\/\/likemetkovic.hr\/portal\/wp-content\/uploads\/2017\/12\/svije\u0107e-za-praljak-21.jpg\" title=\"svije\u0107e za praljak (21)\"  data-caption=\"\"  data-description=\"\">\r\n                                <img decoding=\"async\" src=\"https:\/\/likemetkovic.hr\/portal\/wp-content\/uploads\/2017\/12\/svije\u0107e-za-praljak-21-630x420.jpg\" srcset=\"https:\/\/likemetkovic.hr\/portal\/wp-content\/uploads\/2017\/12\/svije\u0107e-za-praljak-21-630x420.jpg 630w, https:\/\/likemetkovic.hr\/portal\/wp-content\/uploads\/2017\/12\/svije\u0107e-za-praljak-21-800x533.jpg 800w, https:\/\/likemetkovic.hr\/portal\/wp-content\/uploads\/2017\/12\/svije\u0107e-za-praljak-21-768x512.jpg 768w, https:\/\/likemetkovic.hr\/portal\/wp-content\/uploads\/2017\/12\/svije\u0107e-za-praljak-21-696x464.jpg 696w, https:\/\/likemetkovic.hr\/portal\/wp-content\/uploads\/2017\/12\/svije\u0107e-za-praljak-21.jpg 900w\" sizes=\"(max-width: 630px) 100vw, 630px\" alt=\"\">\r\n                            <\/a>\r\n                            \r\n                        <\/figure>\r\n                    <\/div>\r\n                    <div class = \"td-slide-item td-item6\">\r\n                        <figure class=\"td-slide-galery-figure td-slide-popup-gallery\">\r\n                            <a class=\"slide-gallery-image-link\" href=\"https:\/\/likemetkovic.hr\/portal\/wp-content\/uploads\/2017\/12\/svije\u0107e-za-praljak-22.jpg\" title=\"svije\u0107e za praljak (22)\"  data-caption=\"\"  data-description=\"\">\r\n                                <img decoding=\"async\" src=\"https:\/\/likemetkovic.hr\/portal\/wp-content\/uploads\/2017\/12\/svije\u0107e-za-praljak-22-630x420.jpg\" srcset=\"https:\/\/likemetkovic.hr\/portal\/wp-content\/uploads\/2017\/12\/svije\u0107e-za-praljak-22-630x420.jpg 630w, https:\/\/likemetkovic.hr\/portal\/wp-content\/uploads\/2017\/12\/svije\u0107e-za-praljak-22-800x533.jpg 800w, https:\/\/likemetkovic.hr\/portal\/wp-content\/uploads\/2017\/12\/svije\u0107e-za-praljak-22-768x512.jpg 768w, https:\/\/likemetkovic.hr\/portal\/wp-content\/uploads\/2017\/12\/svije\u0107e-za-praljak-22-696x464.jpg 696w, https:\/\/likemetkovic.hr\/portal\/wp-content\/uploads\/2017\/12\/svije\u0107e-za-praljak-22.jpg 900w\" sizes=\"(max-width: 630px) 100vw, 630px\" alt=\"\">\r\n                            <\/a>\r\n                            \r\n                        <\/figure>\r\n                    <\/div>\r\n                    <div class = \"td-slide-item td-item7\">\r\n                        <figure class=\"td-slide-galery-figure td-slide-popup-gallery\">\r\n                            <a class=\"slide-gallery-image-link\" href=\"https:\/\/likemetkovic.hr\/portal\/wp-content\/uploads\/2017\/12\/svije\u0107e-za-praljak-23.jpg\" title=\"svije\u0107e za praljak (23)\"  data-caption=\"\"  data-description=\"\">\r\n                                <img decoding=\"async\" src=\"https:\/\/likemetkovic.hr\/portal\/wp-content\/uploads\/2017\/12\/svije\u0107e-za-praljak-23-630x420.jpg\" srcset=\"https:\/\/likemetkovic.hr\/portal\/wp-content\/uploads\/2017\/12\/svije\u0107e-za-praljak-23-630x420.jpg 630w, https:\/\/likemetkovic.hr\/portal\/wp-content\/uploads\/2017\/12\/svije\u0107e-za-praljak-23-800x533.jpg 800w, https:\/\/likemetkovic.hr\/portal\/wp-content\/uploads\/2017\/12\/svije\u0107e-za-praljak-23-768x512.jpg 768w, https:\/\/likemetkovic.hr\/portal\/wp-content\/uploads\/2017\/12\/svije\u0107e-za-praljak-23-696x464.jpg 696w, https:\/\/likemetkovic.hr\/portal\/wp-content\/uploads\/2017\/12\/svije\u0107e-za-praljak-23.jpg 900w\" sizes=\"(max-width: 630px) 100vw, 630px\" alt=\"\">\r\n                            <\/a>\r\n                            \r\n                        <\/figure>\r\n                    <\/div>\r\n                    <div class = \"td-slide-item td-item8\">\r\n                        <figure class=\"td-slide-galery-figure td-slide-popup-gallery\">\r\n                            <a class=\"slide-gallery-image-link\" href=\"https:\/\/likemetkovic.hr\/portal\/wp-content\/uploads\/2017\/12\/svije\u0107e-za-praljak-35.jpg\" title=\"svije\u0107e za praljak 35\"  data-caption=\"\"  data-description=\"\">\r\n                                <img decoding=\"async\" src=\"https:\/\/likemetkovic.hr\/portal\/wp-content\/uploads\/2017\/12\/svije\u0107e-za-praljak-35-840x420.jpg\" srcset=\"https:\/\/likemetkovic.hr\/portal\/wp-content\/uploads\/2017\/12\/svije\u0107e-za-praljak-35-840x420.jpg 840w, https:\/\/likemetkovic.hr\/portal\/wp-content\/uploads\/2017\/12\/svije\u0107e-za-praljak-35-800x400.jpg 800w, https:\/\/likemetkovic.hr\/portal\/wp-content\/uploads\/2017\/12\/svije\u0107e-za-praljak-35-768x384.jpg 768w, https:\/\/likemetkovic.hr\/portal\/wp-content\/uploads\/2017\/12\/svije\u0107e-za-praljak-35-696x348.jpg 696w, https:\/\/likemetkovic.hr\/portal\/wp-content\/uploads\/2017\/12\/svije\u0107e-za-praljak-35.jpg 900w\" sizes=\"(max-width: 840px) 100vw, 840px\" alt=\"\">\r\n                            <\/a>\r\n                            \r\n                        <\/figure>\r\n                    <\/div>\r\n                    <div class = \"td-slide-item td-item9\">\r\n                        <figure class=\"td-slide-galery-figure td-slide-popup-gallery\">\r\n                            <a class=\"slide-gallery-image-link\" href=\"https:\/\/likemetkovic.hr\/portal\/wp-content\/uploads\/2017\/12\/svije\u0107e-za-praljak-37.jpg\" title=\"svije\u0107e za praljak 37\"  data-caption=\"\"  data-description=\"\">\r\n                                <img decoding=\"async\" src=\"https:\/\/likemetkovic.hr\/portal\/wp-content\/uploads\/2017\/12\/svije\u0107e-za-praljak-37-818x420.jpg\" srcset=\"https:\/\/likemetkovic.hr\/portal\/wp-content\/uploads\/2017\/12\/svije\u0107e-za-praljak-37-818x420.jpg 818w, https:\/\/likemetkovic.hr\/portal\/wp-content\/uploads\/2017\/12\/svije\u0107e-za-praljak-37-800x411.jpg 800w, https:\/\/likemetkovic.hr\/portal\/wp-content\/uploads\/2017\/12\/svije\u0107e-za-praljak-37-768x394.jpg 768w, https:\/\/likemetkovic.hr\/portal\/wp-content\/uploads\/2017\/12\/svije\u0107e-za-praljak-37-696x357.jpg 696w, https:\/\/likemetkovic.hr\/portal\/wp-content\/uploads\/2017\/12\/svije\u0107e-za-praljak-37.jpg 900w\" sizes=\"(max-width: 818px) 100vw, 818px\" alt=\"\">\r\n                            <\/a>\r\n                            \r\n                        <\/figure>\r\n                    <\/div>\r\n                            <\/div>\r\n                        <\/div>\r\n\r\n                        <div class = \"td-doubleSlider-2\">\r\n                            <div class = \"td-slider\">\r\n                                \r\n                    <div class = \"td-button td-item1\">\r\n                        <div class = \"td-border\"><\/div>\r\n                    <\/div>\r\n                    <div class = \"td-button td-item2\">\r\n                        <div class = \"td-border\"><\/div>\r\n                    <\/div>\r\n                    <div class = \"td-button td-item3\">\r\n                        <div class = \"td-border\"><\/div>\r\n                    <\/div>\r\n                    <div class = \"td-button td-item4\">\r\n                        <div class = \"td-border\"><\/div>\r\n                    <\/div>\r\n                    <div class = \"td-button td-item5\">\r\n                        <div class = \"td-border\"><\/div>\r\n                    <\/div>\r\n                    <div class = \"td-button td-item6\">\r\n                        <div class = \"td-border\"><\/div>\r\n                    <\/div>\r\n                    <div class = \"td-button td-item7\">\r\n                        <div class = \"td-border\"><\/div>\r\n                    <\/div>\r\n                    <div class = \"td-button td-item8\">\r\n                        <div class = \"td-border\"><\/div>\r\n                    <\/div>\r\n                    <div class = \"td-button td-item9\">\r\n                        <div class = \"td-border\"><\/div>\r\n                    <\/div>\r\n                            <\/div>\r\n                        <\/div>\r\n\r\n                    <\/div>\r\n\r\n                <\/div>\r\n                \n","protected":false},"excerpt":{"rendered":"<p>Sino\u0107 se oko 19 sati kod spomenika hrvatskim braniteljima na Velikoj rivi na poziv Udruge veterana 4. gbr. okupilo nekoliko stotina gra\u0111ana Metkovi\u0107a odati po\u010dast pokojnom generalu HV-a Slobodanu Praljku. Prisutnima se prvo obratio hrvatski branitelj i \u010dasnik HV-a Dane Renduli\u0107 pozvav\u0161i sve na zajedni\u0161tvo kada je u pitanju domovina. Nakon toga je kratku molitvu [&hellip;]<\/p>\n","protected":false},"author":7,"featured_media":50115,"comment_status":"open","ping_status":"open","sticky":false,"template":"","format":"standard","meta":{"footnotes":""},"categories":[296,11],"tags":[1432,380,1968,1961],"class_list":{"0":"post-50099","1":"post","2":"type-post","3":"status-publish","4":"format-standard","5":"has-post-thumbnail","7":"category-ab","8":"category-metkovic-dolina","9":"tag-branitelji","10":"tag-metkovic","11":"tag-paljenje-svijeca","12":"tag-slobodan-praljak"},"yoast_head":"<!-- This site is optimized with the Yoast SEO plugin v25.2 - https:\/\/yoast.com\/wordpress\/plugins\/seo\/ -->\n<title>FOTO Metkovci paljenjem svije\u0107a odali po\u010dast generalu Slobodanu Praljku - likemetkovic.hr<\/title>\n<meta name=\"description\" content=\"Sino\u0107 se na Velikoj rivi okupilo nekoliko stotina gra\u0111ana Metkovi\u0107a upaliti svije\u0107e i odati po\u010dast pokojnom generalu HV-a Slobodanu Praljku.\u00a0\" \/>\n<meta name=\"robots\" content=\"index, follow, max-snippet:-1, max-image-preview:large, max-video-preview:-1\" \/>\n<link rel=\"canonical\" href=\"https:\/\/likemetkovic.hr\/metkovci-paljenjem-svijeca-odali-pocast-generalu-slobodanu-praljku\/\" \/>\n<meta property=\"og:locale\" content=\"hr_HR\" \/>\n<meta property=\"og:type\" content=\"article\" \/>\n<meta property=\"og:title\" content=\"FOTO Metkovci paljenjem svije\u0107a odali po\u010dast generalu Slobodanu Praljku - likemetkovic.hr\" \/>\n<meta property=\"og:description\" content=\"Sino\u0107 se na Velikoj rivi okupilo nekoliko stotina gra\u0111ana Metkovi\u0107a upaliti svije\u0107e i odati po\u010dast pokojnom generalu HV-a Slobodanu Praljku.\u00a0\" \/>\n<meta property=\"og:url\" content=\"https:\/\/likemetkovic.hr\/metkovci-paljenjem-svijeca-odali-pocast-generalu-slobodanu-praljku\/\" \/>\n<meta property=\"og:site_name\" content=\"likemetkovic.hr\" \/>\n<meta property=\"article:publisher\" content=\"https:\/\/www.facebook.com\/likemetkovic.hr\/\" \/>\n<meta property=\"article:published_time\" content=\"2017-12-02T06:18:45+00:00\" \/>\n<meta property=\"article:modified_time\" content=\"2018-06-08T09:57:26+00:00\" \/>\n<meta property=\"og:image\" content=\"https:\/\/likemetkovic.hr\/wp-content\/uploads\/2017\/12\/svije\u0107e-za-praljak-23.jpg\" \/>\n\t<meta property=\"og:image:width\" content=\"900\" \/>\n\t<meta property=\"og:image:height\" content=\"600\" \/>\n\t<meta property=\"og:image:type\" content=\"image\/jpeg\" \/>\n<meta name=\"author\" content=\"LIKEmetkovic.hr\" \/>\n<meta name=\"twitter:card\" content=\"summary_large_image\" \/>\n<meta name=\"twitter:label1\" content=\"Napisao\/la\" \/>\n\t<meta name=\"twitter:data1\" content=\"LIKEmetkovic.hr\" \/>\n\t<meta name=\"twitter:label2\" content=\"Procijenjeno vrijeme \u010ditanja\" \/>\n\t<meta name=\"twitter:data2\" content=\"1 minuta\" \/>\n<script type=\"application\/ld+json\" class=\"yoast-schema-graph\">{\"@context\":\"https:\/\/schema.org\",\"@graph\":[{\"@type\":\"WebPage\",\"@id\":\"https:\/\/likemetkovic.hr\/metkovci-paljenjem-svijeca-odali-pocast-generalu-slobodanu-praljku\/\",\"url\":\"https:\/\/likemetkovic.hr\/metkovci-paljenjem-svijeca-odali-pocast-generalu-slobodanu-praljku\/\",\"name\":\"FOTO Metkovci paljenjem svije\u0107a odali po\u010dast generalu Slobodanu Praljku - likemetkovic.hr\",\"isPartOf\":{\"@id\":\"https:\/\/likemetkovic.hr\/#website\"},\"primaryImageOfPage\":{\"@id\":\"https:\/\/likemetkovic.hr\/metkovci-paljenjem-svijeca-odali-pocast-generalu-slobodanu-praljku\/#primaryimage\"},\"image\":{\"@id\":\"https:\/\/likemetkovic.hr\/metkovci-paljenjem-svijeca-odali-pocast-generalu-slobodanu-praljku\/#primaryimage\"},\"thumbnailUrl\":\"https:\/\/likemetkovic.hr\/portal\/wp-content\/uploads\/2017\/12\/svije\u0107e-za-praljak-23.jpg\",\"datePublished\":\"2017-12-02T06:18:45+00:00\",\"dateModified\":\"2018-06-08T09:57:26+00:00\",\"author\":{\"@id\":\"https:\/\/likemetkovic.hr\/#\/schema\/person\/a42711f3385a0e2be6f7e0443bfb28f0\"},\"description\":\"Sino\u0107 se na Velikoj rivi okupilo nekoliko stotina gra\u0111ana Metkovi\u0107a upaliti svije\u0107e i odati po\u010dast pokojnom generalu HV-a Slobodanu Praljku.\u00a0\",\"breadcrumb\":{\"@id\":\"https:\/\/likemetkovic.hr\/metkovci-paljenjem-svijeca-odali-pocast-generalu-slobodanu-praljku\/#breadcrumb\"},\"inLanguage\":\"hr\",\"potentialAction\":[{\"@type\":\"ReadAction\",\"target\":[\"https:\/\/likemetkovic.hr\/metkovci-paljenjem-svijeca-odali-pocast-generalu-slobodanu-praljku\/\"]}]},{\"@type\":\"ImageObject\",\"inLanguage\":\"hr\",\"@id\":\"https:\/\/likemetkovic.hr\/metkovci-paljenjem-svijeca-odali-pocast-generalu-slobodanu-praljku\/#primaryimage\",\"url\":\"https:\/\/likemetkovic.hr\/portal\/wp-content\/uploads\/2017\/12\/svije\u0107e-za-praljak-23.jpg\",\"contentUrl\":\"https:\/\/likemetkovic.hr\/portal\/wp-content\/uploads\/2017\/12\/svije\u0107e-za-praljak-23.jpg\",\"width\":900,\"height\":600},{\"@type\":\"BreadcrumbList\",\"@id\":\"https:\/\/likemetkovic.hr\/metkovci-paljenjem-svijeca-odali-pocast-generalu-slobodanu-praljku\/#breadcrumb\",\"itemListElement\":[{\"@type\":\"ListItem\",\"position\":1,\"name\":\"Po\u010detna stranica\",\"item\":\"https:\/\/likemetkovic.hr\/portal\/\"},{\"@type\":\"ListItem\",\"position\":2,\"name\":\"FOTO Metkovci paljenjem svije\u0107a odali po\u010dast generalu Slobodanu Praljku\"}]},{\"@type\":\"WebSite\",\"@id\":\"https:\/\/likemetkovic.hr\/#website\",\"url\":\"https:\/\/likemetkovic.hr\/\",\"name\":\"likemetkovic.hr\",\"description\":\"Misli pozitivno... \u010ditaj LIKE\",\"potentialAction\":[{\"@type\":\"SearchAction\",\"target\":{\"@type\":\"EntryPoint\",\"urlTemplate\":\"https:\/\/likemetkovic.hr\/?s={search_term_string}\"},\"query-input\":{\"@type\":\"PropertyValueSpecification\",\"valueRequired\":true,\"valueName\":\"search_term_string\"}}],\"inLanguage\":\"hr\"},{\"@type\":\"Person\",\"@id\":\"https:\/\/likemetkovic.hr\/#\/schema\/person\/a42711f3385a0e2be6f7e0443bfb28f0\",\"name\":\"LIKEmetkovic.hr\",\"sameAs\":[\"http:\/\/likemetkovic.hr\"],\"url\":\"https:\/\/likemetkovic.hr\/portal\/author\/likemetkovic-hr\/\"}]}<\/script>\n<!-- \/ Yoast SEO plugin. -->","yoast_head_json":{"title":"FOTO Metkovci paljenjem svije\u0107a odali po\u010dast generalu Slobodanu Praljku - likemetkovic.hr","description":"Sino\u0107 se na Velikoj rivi okupilo nekoliko stotina gra\u0111ana Metkovi\u0107a upaliti svije\u0107e i odati po\u010dast pokojnom generalu HV-a Slobodanu Praljku.\u00a0","robots":{"index":"index","follow":"follow","max-snippet":"max-snippet:-1","max-image-preview":"max-image-preview:large","max-video-preview":"max-video-preview:-1"},"canonical":"https:\/\/likemetkovic.hr\/metkovci-paljenjem-svijeca-odali-pocast-generalu-slobodanu-praljku\/","og_locale":"hr_HR","og_type":"article","og_title":"FOTO Metkovci paljenjem svije\u0107a odali po\u010dast generalu Slobodanu Praljku - likemetkovic.hr","og_description":"Sino\u0107 se na Velikoj rivi okupilo nekoliko stotina gra\u0111ana Metkovi\u0107a upaliti svije\u0107e i odati po\u010dast pokojnom generalu HV-a Slobodanu Praljku.\u00a0","og_url":"https:\/\/likemetkovic.hr\/metkovci-paljenjem-svijeca-odali-pocast-generalu-slobodanu-praljku\/","og_site_name":"likemetkovic.hr","article_publisher":"https:\/\/www.facebook.com\/likemetkovic.hr\/","article_published_time":"2017-12-02T06:18:45+00:00","article_modified_time":"2018-06-08T09:57:26+00:00","og_image":[{"width":900,"height":600,"url":"https:\/\/likemetkovic.hr\/wp-content\/uploads\/2017\/12\/svije\u0107e-za-praljak-23.jpg","type":"image\/jpeg"}],"author":"LIKEmetkovic.hr","twitter_card":"summary_large_image","twitter_misc":{"Napisao\/la":"LIKEmetkovic.hr","Procijenjeno vrijeme \u010ditanja":"1 minuta"},"schema":{"@context":"https:\/\/schema.org","@graph":[{"@type":"WebPage","@id":"https:\/\/likemetkovic.hr\/metkovci-paljenjem-svijeca-odali-pocast-generalu-slobodanu-praljku\/","url":"https:\/\/likemetkovic.hr\/metkovci-paljenjem-svijeca-odali-pocast-generalu-slobodanu-praljku\/","name":"FOTO Metkovci paljenjem svije\u0107a odali po\u010dast generalu Slobodanu Praljku - likemetkovic.hr","isPartOf":{"@id":"https:\/\/likemetkovic.hr\/#website"},"primaryImageOfPage":{"@id":"https:\/\/likemetkovic.hr\/metkovci-paljenjem-svijeca-odali-pocast-generalu-slobodanu-praljku\/#primaryimage"},"image":{"@id":"https:\/\/likemetkovic.hr\/metkovci-paljenjem-svijeca-odali-pocast-generalu-slobodanu-praljku\/#primaryimage"},"thumbnailUrl":"https:\/\/likemetkovic.hr\/portal\/wp-content\/uploads\/2017\/12\/svije\u0107e-za-praljak-23.jpg","datePublished":"2017-12-02T06:18:45+00:00","dateModified":"2018-06-08T09:57:26+00:00","author":{"@id":"https:\/\/likemetkovic.hr\/#\/schema\/person\/a42711f3385a0e2be6f7e0443bfb28f0"},"description":"Sino\u0107 se na Velikoj rivi okupilo nekoliko stotina gra\u0111ana Metkovi\u0107a upaliti svije\u0107e i odati po\u010dast pokojnom generalu HV-a Slobodanu Praljku.\u00a0","breadcrumb":{"@id":"https:\/\/likemetkovic.hr\/metkovci-paljenjem-svijeca-odali-pocast-generalu-slobodanu-praljku\/#breadcrumb"},"inLanguage":"hr","potentialAction":[{"@type":"ReadAction","target":["https:\/\/likemetkovic.hr\/metkovci-paljenjem-svijeca-odali-pocast-generalu-slobodanu-praljku\/"]}]},{"@type":"ImageObject","inLanguage":"hr","@id":"https:\/\/likemetkovic.hr\/metkovci-paljenjem-svijeca-odali-pocast-generalu-slobodanu-praljku\/#primaryimage","url":"https:\/\/likemetkovic.hr\/portal\/wp-content\/uploads\/2017\/12\/svije\u0107e-za-praljak-23.jpg","contentUrl":"https:\/\/likemetkovic.hr\/portal\/wp-content\/uploads\/2017\/12\/svije\u0107e-za-praljak-23.jpg","width":900,"height":600},{"@type":"BreadcrumbList","@id":"https:\/\/likemetkovic.hr\/metkovci-paljenjem-svijeca-odali-pocast-generalu-slobodanu-praljku\/#breadcrumb","itemListElement":[{"@type":"ListItem","position":1,"name":"Po\u010detna stranica","item":"https:\/\/likemetkovic.hr\/portal\/"},{"@type":"ListItem","position":2,"name":"FOTO Metkovci paljenjem svije\u0107a odali po\u010dast generalu Slobodanu Praljku"}]},{"@type":"WebSite","@id":"https:\/\/likemetkovic.hr\/#website","url":"https:\/\/likemetkovic.hr\/","name":"likemetkovic.hr","description":"Misli pozitivno... \u010ditaj LIKE","potentialAction":[{"@type":"SearchAction","target":{"@type":"EntryPoint","urlTemplate":"https:\/\/likemetkovic.hr\/?s={search_term_string}"},"query-input":{"@type":"PropertyValueSpecification","valueRequired":true,"valueName":"search_term_string"}}],"inLanguage":"hr"},{"@type":"Person","@id":"https:\/\/likemetkovic.hr\/#\/schema\/person\/a42711f3385a0e2be6f7e0443bfb28f0","name":"LIKEmetkovic.hr","sameAs":["http:\/\/likemetkovic.hr"],"url":"https:\/\/likemetkovic.hr\/portal\/author\/likemetkovic-hr\/"}]}},"_links":{"self":[{"href":"https:\/\/likemetkovic.hr\/portal\/wp-json\/wp\/v2\/posts\/50099","targetHints":{"allow":["GET"]}}],"collection":[{"href":"https:\/\/likemetkovic.hr\/portal\/wp-json\/wp\/v2\/posts"}],"about":[{"href":"https:\/\/likemetkovic.hr\/portal\/wp-json\/wp\/v2\/types\/post"}],"author":[{"embeddable":true,"href":"https:\/\/likemetkovic.hr\/portal\/wp-json\/wp\/v2\/users\/7"}],"replies":[{"embeddable":true,"href":"https:\/\/likemetkovic.hr\/portal\/wp-json\/wp\/v2\/comments?post=50099"}],"version-history":[{"count":0,"href":"https:\/\/likemetkovic.hr\/portal\/wp-json\/wp\/v2\/posts\/50099\/revisions"}],"wp:featuredmedia":[{"embeddable":true,"href":"https:\/\/likemetkovic.hr\/portal\/wp-json\/wp\/v2\/media\/50115"}],"wp:attachment":[{"href":"https:\/\/likemetkovic.hr\/portal\/wp-json\/wp\/v2\/media?parent=50099"}],"wp:term":[{"taxonomy":"category","embeddable":true,"href":"https:\/\/likemetkovic.hr\/portal\/wp-json\/wp\/v2\/categories?post=50099"},{"taxonomy":"post_tag","embeddable":true,"href":"https:\/\/likemetkovic.hr\/portal\/wp-json\/wp\/v2\/tags?post=50099"}],"curies":[{"name":"wp","href":"https:\/\/api.w.org\/{rel}","templated":true}]}}