{"id":50176,"date":"2017-12-03T12:55:02","date_gmt":"2017-12-03T11:55:02","guid":{"rendered":"http:\/\/likemetkovic.hr\/?p=50176"},"modified":"2017-12-03T13:28:20","modified_gmt":"2017-12-03T12:28:20","slug":"ante-sprlje-prvi-ministar-posjetio-sestokru-hagu-susretu-s-gen-praljkom","status":"publish","type":"post","link":"https:\/\/likemetkovic.hr\/portal\/ante-sprlje-prvi-ministar-posjetio-sestokru-hagu-susretu-s-gen-praljkom\/","title":{"rendered":"Ante \u0160prlje o razgovoru s generalom Slobodanom Praljkom u haa\u0161kom pritvoru"},"content":{"rendered":"<p>Ante \u0160prlje je, prema rije\u010dima Nike Pinter odvjetnice pok. generala Slobodana Praljka, jedni od hrvatskih du\u017enosnika u 13 godina \u0161utnje pokazao interes za slu\u010daj &#8220;\u0161estorka&#8221;, tj. sudski proces koji se vodio pred Me\u0111unarodnim sudom u Haagu a u kojem se za ratni zlo\u010din teretio vrh Herceg-Bosne, HVO-a i posredno sama Hrvatska. Epilog te 14-godi\u0161nje sudske farse koja se na kraju pretvorila u tragediju dogodio se 29. studenog 2017. General Praljak, poput stoika, nije prihvatio biti osu\u0111en da do kraja \u017eivota sam sebi kopa grob ve\u0107 se odlu\u010dio za \u010dasnu smrt uz jasnu poruku: <em>Slobodan Praljak nije ratni zlo\u010dinac. S\u00a0prijezirom odbacujem va\u0161u presudu<\/em>.<\/p>\n<p><a href=\"https:\/\/www.vecernji.hr\/premium\/slobodan-praljak-haaski-sud-nino-raspudic-herceg-bosna-1211195\"><strong>Nino Raspudi\u0107<\/strong><\/a>, britak kakav zna biti, jasno u ovoj tragediji me\u0111unarodne pravde vidi tragediju vlasti koja vodi ovaj narod:\u00a0<em>Haa\u0161ki je sud Hrvatskoj posredno presudio i da je najidiotskija zemlja na svijetu. Dijeli\u0161 susjednu zemlju tako \u0161to je podijeli\u0161 na srpski i muslimanski dio, a svoj narod ostavi\u0161 bez entiteta, iako si ratni pobjednik.\u00a0<\/em><\/p>\n<p>A u ju\u010dera\u0161njm izdanju\u00a0<strong>Spektra<\/strong>\u00a0Slobodne Dalmacije svoja sje\u0107anja na susret sa &#8220;\u0161estorkom&#8221; i generalom Praljkom opisuje sam <strong>Ante \u0160prlje<\/strong>. Tekst zaslu\u017euje biti prenesen u cijelosti&#8230;<\/p>\n<p><em>Uz to, onako velik i robustan, i po vlastitom karakteru bio je sklon velikim, koji put i poniznim gestama. I onda kada je istr\u010dao iz rova i kod Grahovine svojim tijelom za\u0161titio majke i supruge vojnika JNA \u2013 istih onih vojnika koji su pucali po njegovim postrojbama nedaleko od Sunje \u2013 koje su sinovima do\u0161le u posjet. I onda kada je, na op\u0107i \u0161ok svojih podre\u0111enih, potpisao propusnicu stranim novinarima za ulazak u logore pod njegovom vla\u0161\u0107u. I kada se direktno obi\u010davao u kompletnoj uniformi i naoru\u017ean pojavljivao u Zagrebu na zagreba\u010dkim gluma\u010dkim okupljali\u0161tima. I kada je u Prozoru stao na tenk i snagom vlastitih rije\u010di vratio golobradu , rasutu vojsku na linije u Uskoplju koje su po\u010dele popu\u0161tati. I kada je, na svoju ruku, pustio Muslimane zarobljene kod Rame i Prozora, a u svojem stanu u Zagrebu i vikendici udomio Bo\u0161njake protiv kojih je na terenu ratovao.<\/em><\/p>\n<p><em>Znam da mene dr\u017ee kao nekog ljevi\u010dara, socijalista. No ja sam samo realan \u010dovjek i ne \u017eelim dopustiti da se vihor ludila prebija preko le\u0111a naroda \u2013 povjerio je Praljak tada\u0161njem ministru pravosu\u0111a Anti \u0160prlji kada ga je ovaj, u mandatu Ore\u0161kovi\u0107eve vlade, posjetio u Scheveningenu. \u0160prlje je prekinuo tako dugogodi\u0161nji post u skrbi hrvatskih Vlada za sudbinu \u201e\u0161estorke\u201c optu\u017eenih, potom osu\u0111enih bosanskohercegova\u010dkih Hrvata. Devedeset devet posto vremena tijekom njihova dva susreta u haa\u0161kom zatvoru pri\u010dao je Praljak. Citirao je \u0160prlji gr\u010dke filozofe i odavao dojam iznimno odlu\u010dne, inteligentne i na\u010ditane osobe. Metkovski mostovac danas se sje\u0107a kako Praljkovi stavovi nisu bili nacionalisti\u010dki, niti su odra\u017eavali mr\u017enju prema drugom narodu.<\/em><\/p>\n<p><em>Vjerojatno zbog toga i nije podnosio \u0161to njegovi argumenti u Haagu ne prolaze. Tada mi je otvoreno rekao da ne\u0107e prihvatiti apsolutno ni\u0161ta osim osloba\u0111aju\u0107e presude. Vidjelo se da ide na sve ili ni\u0161ta \u2013 otkriva za Spektar \u0160prlje.<\/em><\/p>\n","protected":false},"excerpt":{"rendered":"<p>Ante \u0160prlje je, prema rije\u010dima Nike Pinter odvjetnice pok. generala Slobodana Praljka, jedni od hrvatskih du\u017enosnika u 13 godina \u0161utnje pokazao interes za slu\u010daj &#8220;\u0161estorka&#8221;, tj. sudski proces koji se vodio pred Me\u0111unarodnim sudom u Haagu a u kojem se za ratni zlo\u010din teretio vrh Herceg-Bosne, HVO-a i posredno sama Hrvatska. Epilog te 14-godi\u0161nje sudske [&hellip;]<\/p>\n","protected":false},"author":7,"featured_media":20956,"comment_status":"open","ping_status":"open","sticky":false,"template":"","format":"standard","meta":{"footnotes":""},"categories":[296,290],"tags":[358,1961],"class_list":{"0":"post-50176","1":"post","2":"type-post","3":"status-publish","4":"format-standard","5":"has-post-thumbnail","7":"category-ab","8":"category-politika","9":"tag-ante-sprlje","10":"tag-slobodan-praljak"},"yoast_head":"<!-- This site is optimized with the Yoast SEO plugin v25.2 - https:\/\/yoast.com\/wordpress\/plugins\/seo\/ -->\n<title>Ante \u0160prlje o razgovoru s generalom Slobodanom Praljkom u haa\u0161kom pritvoru - likemetkovic.hr<\/title>\n<meta name=\"description\" content=\"U ju\u010dera\u0161njem izdanju Spektra Slobodne Dalmacije svoja sje\u0107anja na susret sa &quot;\u0161estorkom&quot; i generalom Praljkom opisuje biv\u0161i ministar pravosu\u0111a Ante \u0160prlje.\" \/>\n<meta name=\"robots\" content=\"index, follow, max-snippet:-1, max-image-preview:large, max-video-preview:-1\" \/>\n<link rel=\"canonical\" href=\"https:\/\/likemetkovic.hr\/ante-sprlje-prvi-ministar-posjetio-sestokru-hagu-susretu-s-gen-praljkom\/\" \/>\n<meta property=\"og:locale\" content=\"hr_HR\" \/>\n<meta property=\"og:type\" content=\"article\" \/>\n<meta property=\"og:title\" content=\"Ante \u0160prlje o razgovoru s generalom Slobodanom Praljkom u haa\u0161kom pritvoru - likemetkovic.hr\" \/>\n<meta property=\"og:description\" content=\"U ju\u010dera\u0161njem izdanju Spektra Slobodne Dalmacije svoja sje\u0107anja na susret sa &quot;\u0161estorkom&quot; i generalom Praljkom opisuje biv\u0161i ministar pravosu\u0111a Ante \u0160prlje.\" \/>\n<meta property=\"og:url\" content=\"https:\/\/likemetkovic.hr\/ante-sprlje-prvi-ministar-posjetio-sestokru-hagu-susretu-s-gen-praljkom\/\" \/>\n<meta property=\"og:site_name\" content=\"likemetkovic.hr\" \/>\n<meta property=\"article:publisher\" content=\"https:\/\/www.facebook.com\/likemetkovic.hr\/\" \/>\n<meta property=\"article:published_time\" content=\"2017-12-03T11:55:02+00:00\" \/>\n<meta property=\"article:modified_time\" content=\"2017-12-03T12:28:20+00:00\" \/>\n<meta property=\"og:image\" content=\"https:\/\/likemetkovic.hr\/wp-content\/uploads\/2016\/05\/\u0161prlje-haag.jpg\" \/>\n\t<meta property=\"og:image:width\" content=\"870\" \/>\n\t<meta property=\"og:image:height\" content=\"600\" \/>\n\t<meta property=\"og:image:type\" content=\"image\/jpeg\" \/>\n<meta name=\"author\" content=\"LIKEmetkovic.hr\" \/>\n<meta name=\"twitter:card\" content=\"summary_large_image\" \/>\n<meta name=\"twitter:label1\" content=\"Napisao\/la\" \/>\n\t<meta name=\"twitter:data1\" content=\"LIKEmetkovic.hr\" \/>\n\t<meta name=\"twitter:label2\" content=\"Procijenjeno vrijeme \u010ditanja\" \/>\n\t<meta name=\"twitter:data2\" content=\"3 minute\" \/>\n<script type=\"application\/ld+json\" class=\"yoast-schema-graph\">{\"@context\":\"https:\/\/schema.org\",\"@graph\":[{\"@type\":\"WebPage\",\"@id\":\"https:\/\/likemetkovic.hr\/ante-sprlje-prvi-ministar-posjetio-sestokru-hagu-susretu-s-gen-praljkom\/\",\"url\":\"https:\/\/likemetkovic.hr\/ante-sprlje-prvi-ministar-posjetio-sestokru-hagu-susretu-s-gen-praljkom\/\",\"name\":\"Ante \u0160prlje o razgovoru s generalom Slobodanom Praljkom u haa\u0161kom pritvoru - likemetkovic.hr\",\"isPartOf\":{\"@id\":\"https:\/\/likemetkovic.hr\/#website\"},\"primaryImageOfPage\":{\"@id\":\"https:\/\/likemetkovic.hr\/ante-sprlje-prvi-ministar-posjetio-sestokru-hagu-susretu-s-gen-praljkom\/#primaryimage\"},\"image\":{\"@id\":\"https:\/\/likemetkovic.hr\/ante-sprlje-prvi-ministar-posjetio-sestokru-hagu-susretu-s-gen-praljkom\/#primaryimage\"},\"thumbnailUrl\":\"https:\/\/likemetkovic.hr\/portal\/wp-content\/uploads\/2016\/05\/\u0161prlje-haag.jpg\",\"datePublished\":\"2017-12-03T11:55:02+00:00\",\"dateModified\":\"2017-12-03T12:28:20+00:00\",\"author\":{\"@id\":\"https:\/\/likemetkovic.hr\/#\/schema\/person\/a42711f3385a0e2be6f7e0443bfb28f0\"},\"description\":\"U ju\u010dera\u0161njem izdanju Spektra Slobodne Dalmacije svoja sje\u0107anja na susret sa \\\"\u0161estorkom\\\" i generalom Praljkom opisuje biv\u0161i ministar pravosu\u0111a Ante \u0160prlje.\",\"breadcrumb\":{\"@id\":\"https:\/\/likemetkovic.hr\/ante-sprlje-prvi-ministar-posjetio-sestokru-hagu-susretu-s-gen-praljkom\/#breadcrumb\"},\"inLanguage\":\"hr\",\"potentialAction\":[{\"@type\":\"ReadAction\",\"target\":[\"https:\/\/likemetkovic.hr\/ante-sprlje-prvi-ministar-posjetio-sestokru-hagu-susretu-s-gen-praljkom\/\"]}]},{\"@type\":\"ImageObject\",\"inLanguage\":\"hr\",\"@id\":\"https:\/\/likemetkovic.hr\/ante-sprlje-prvi-ministar-posjetio-sestokru-hagu-susretu-s-gen-praljkom\/#primaryimage\",\"url\":\"https:\/\/likemetkovic.hr\/portal\/wp-content\/uploads\/2016\/05\/\u0161prlje-haag.jpg\",\"contentUrl\":\"https:\/\/likemetkovic.hr\/portal\/wp-content\/uploads\/2016\/05\/\u0161prlje-haag.jpg\",\"width\":870,\"height\":600,\"caption\":\"Foto: hrt.hr\"},{\"@type\":\"BreadcrumbList\",\"@id\":\"https:\/\/likemetkovic.hr\/ante-sprlje-prvi-ministar-posjetio-sestokru-hagu-susretu-s-gen-praljkom\/#breadcrumb\",\"itemListElement\":[{\"@type\":\"ListItem\",\"position\":1,\"name\":\"Po\u010detna stranica\",\"item\":\"https:\/\/likemetkovic.hr\/portal\/\"},{\"@type\":\"ListItem\",\"position\":2,\"name\":\"Ante \u0160prlje o razgovoru s generalom Slobodanom Praljkom u haa\u0161kom pritvoru\"}]},{\"@type\":\"WebSite\",\"@id\":\"https:\/\/likemetkovic.hr\/#website\",\"url\":\"https:\/\/likemetkovic.hr\/\",\"name\":\"likemetkovic.hr\",\"description\":\"Misli pozitivno... \u010ditaj LIKE\",\"potentialAction\":[{\"@type\":\"SearchAction\",\"target\":{\"@type\":\"EntryPoint\",\"urlTemplate\":\"https:\/\/likemetkovic.hr\/?s={search_term_string}\"},\"query-input\":{\"@type\":\"PropertyValueSpecification\",\"valueRequired\":true,\"valueName\":\"search_term_string\"}}],\"inLanguage\":\"hr\"},{\"@type\":\"Person\",\"@id\":\"https:\/\/likemetkovic.hr\/#\/schema\/person\/a42711f3385a0e2be6f7e0443bfb28f0\",\"name\":\"LIKEmetkovic.hr\",\"sameAs\":[\"http:\/\/likemetkovic.hr\"],\"url\":\"https:\/\/likemetkovic.hr\/portal\/author\/likemetkovic-hr\/\"}]}<\/script>\n<!-- \/ Yoast SEO plugin. -->","yoast_head_json":{"title":"Ante \u0160prlje o razgovoru s generalom Slobodanom Praljkom u haa\u0161kom pritvoru - likemetkovic.hr","description":"U ju\u010dera\u0161njem izdanju Spektra Slobodne Dalmacije svoja sje\u0107anja na susret sa \"\u0161estorkom\" i generalom Praljkom opisuje biv\u0161i ministar pravosu\u0111a Ante \u0160prlje.","robots":{"index":"index","follow":"follow","max-snippet":"max-snippet:-1","max-image-preview":"max-image-preview:large","max-video-preview":"max-video-preview:-1"},"canonical":"https:\/\/likemetkovic.hr\/ante-sprlje-prvi-ministar-posjetio-sestokru-hagu-susretu-s-gen-praljkom\/","og_locale":"hr_HR","og_type":"article","og_title":"Ante \u0160prlje o razgovoru s generalom Slobodanom Praljkom u haa\u0161kom pritvoru - likemetkovic.hr","og_description":"U ju\u010dera\u0161njem izdanju Spektra Slobodne Dalmacije svoja sje\u0107anja na susret sa \"\u0161estorkom\" i generalom Praljkom opisuje biv\u0161i ministar pravosu\u0111a Ante \u0160prlje.","og_url":"https:\/\/likemetkovic.hr\/ante-sprlje-prvi-ministar-posjetio-sestokru-hagu-susretu-s-gen-praljkom\/","og_site_name":"likemetkovic.hr","article_publisher":"https:\/\/www.facebook.com\/likemetkovic.hr\/","article_published_time":"2017-12-03T11:55:02+00:00","article_modified_time":"2017-12-03T12:28:20+00:00","og_image":[{"width":870,"height":600,"url":"https:\/\/likemetkovic.hr\/wp-content\/uploads\/2016\/05\/\u0161prlje-haag.jpg","type":"image\/jpeg"}],"author":"LIKEmetkovic.hr","twitter_card":"summary_large_image","twitter_misc":{"Napisao\/la":"LIKEmetkovic.hr","Procijenjeno vrijeme \u010ditanja":"3 minute"},"schema":{"@context":"https:\/\/schema.org","@graph":[{"@type":"WebPage","@id":"https:\/\/likemetkovic.hr\/ante-sprlje-prvi-ministar-posjetio-sestokru-hagu-susretu-s-gen-praljkom\/","url":"https:\/\/likemetkovic.hr\/ante-sprlje-prvi-ministar-posjetio-sestokru-hagu-susretu-s-gen-praljkom\/","name":"Ante \u0160prlje o razgovoru s generalom Slobodanom Praljkom u haa\u0161kom pritvoru - likemetkovic.hr","isPartOf":{"@id":"https:\/\/likemetkovic.hr\/#website"},"primaryImageOfPage":{"@id":"https:\/\/likemetkovic.hr\/ante-sprlje-prvi-ministar-posjetio-sestokru-hagu-susretu-s-gen-praljkom\/#primaryimage"},"image":{"@id":"https:\/\/likemetkovic.hr\/ante-sprlje-prvi-ministar-posjetio-sestokru-hagu-susretu-s-gen-praljkom\/#primaryimage"},"thumbnailUrl":"https:\/\/likemetkovic.hr\/portal\/wp-content\/uploads\/2016\/05\/\u0161prlje-haag.jpg","datePublished":"2017-12-03T11:55:02+00:00","dateModified":"2017-12-03T12:28:20+00:00","author":{"@id":"https:\/\/likemetkovic.hr\/#\/schema\/person\/a42711f3385a0e2be6f7e0443bfb28f0"},"description":"U ju\u010dera\u0161njem izdanju Spektra Slobodne Dalmacije svoja sje\u0107anja na susret sa \"\u0161estorkom\" i generalom Praljkom opisuje biv\u0161i ministar pravosu\u0111a Ante \u0160prlje.","breadcrumb":{"@id":"https:\/\/likemetkovic.hr\/ante-sprlje-prvi-ministar-posjetio-sestokru-hagu-susretu-s-gen-praljkom\/#breadcrumb"},"inLanguage":"hr","potentialAction":[{"@type":"ReadAction","target":["https:\/\/likemetkovic.hr\/ante-sprlje-prvi-ministar-posjetio-sestokru-hagu-susretu-s-gen-praljkom\/"]}]},{"@type":"ImageObject","inLanguage":"hr","@id":"https:\/\/likemetkovic.hr\/ante-sprlje-prvi-ministar-posjetio-sestokru-hagu-susretu-s-gen-praljkom\/#primaryimage","url":"https:\/\/likemetkovic.hr\/portal\/wp-content\/uploads\/2016\/05\/\u0161prlje-haag.jpg","contentUrl":"https:\/\/likemetkovic.hr\/portal\/wp-content\/uploads\/2016\/05\/\u0161prlje-haag.jpg","width":870,"height":600,"caption":"Foto: hrt.hr"},{"@type":"BreadcrumbList","@id":"https:\/\/likemetkovic.hr\/ante-sprlje-prvi-ministar-posjetio-sestokru-hagu-susretu-s-gen-praljkom\/#breadcrumb","itemListElement":[{"@type":"ListItem","position":1,"name":"Po\u010detna stranica","item":"https:\/\/likemetkovic.hr\/portal\/"},{"@type":"ListItem","position":2,"name":"Ante \u0160prlje o razgovoru s generalom Slobodanom Praljkom u haa\u0161kom pritvoru"}]},{"@type":"WebSite","@id":"https:\/\/likemetkovic.hr\/#website","url":"https:\/\/likemetkovic.hr\/","name":"likemetkovic.hr","description":"Misli pozitivno... \u010ditaj LIKE","potentialAction":[{"@type":"SearchAction","target":{"@type":"EntryPoint","urlTemplate":"https:\/\/likemetkovic.hr\/?s={search_term_string}"},"query-input":{"@type":"PropertyValueSpecification","valueRequired":true,"valueName":"search_term_string"}}],"inLanguage":"hr"},{"@type":"Person","@id":"https:\/\/likemetkovic.hr\/#\/schema\/person\/a42711f3385a0e2be6f7e0443bfb28f0","name":"LIKEmetkovic.hr","sameAs":["http:\/\/likemetkovic.hr"],"url":"https:\/\/likemetkovic.hr\/portal\/author\/likemetkovic-hr\/"}]}},"_links":{"self":[{"href":"https:\/\/likemetkovic.hr\/portal\/wp-json\/wp\/v2\/posts\/50176","targetHints":{"allow":["GET"]}}],"collection":[{"href":"https:\/\/likemetkovic.hr\/portal\/wp-json\/wp\/v2\/posts"}],"about":[{"href":"https:\/\/likemetkovic.hr\/portal\/wp-json\/wp\/v2\/types\/post"}],"author":[{"embeddable":true,"href":"https:\/\/likemetkovic.hr\/portal\/wp-json\/wp\/v2\/users\/7"}],"replies":[{"embeddable":true,"href":"https:\/\/likemetkovic.hr\/portal\/wp-json\/wp\/v2\/comments?post=50176"}],"version-history":[{"count":0,"href":"https:\/\/likemetkovic.hr\/portal\/wp-json\/wp\/v2\/posts\/50176\/revisions"}],"wp:featuredmedia":[{"embeddable":true,"href":"https:\/\/likemetkovic.hr\/portal\/wp-json\/wp\/v2\/media\/20956"}],"wp:attachment":[{"href":"https:\/\/likemetkovic.hr\/portal\/wp-json\/wp\/v2\/media?parent=50176"}],"wp:term":[{"taxonomy":"category","embeddable":true,"href":"https:\/\/likemetkovic.hr\/portal\/wp-json\/wp\/v2\/categories?post=50176"},{"taxonomy":"post_tag","embeddable":true,"href":"https:\/\/likemetkovic.hr\/portal\/wp-json\/wp\/v2\/tags?post=50176"}],"curies":[{"name":"wp","href":"https:\/\/api.w.org\/{rel}","templated":true}]}}