{"id":50314,"date":"2017-12-06T14:06:09","date_gmt":"2017-12-06T13:06:09","guid":{"rendered":"http:\/\/likemetkovic.hr\/?p=50314"},"modified":"2017-12-06T14:33:08","modified_gmt":"2017-12-06T13:33:08","slug":"uruceni-ugovori-220-zaposlenih-programu-javnih-radova","status":"publish","type":"post","link":"https:\/\/likemetkovic.hr\/portal\/uruceni-ugovori-220-zaposlenih-programu-javnih-radova\/","title":{"rendered":"GRAD METKOVI\u0106 Uru\u010deni ugovori o radu zaposlenima u programu javnih radova"},"content":{"rendered":"<p>Danas,\u00a06. prosinca 2017., u 13, 30 sati u Galeriji Gradskog kulturnog sredi\u0161ta u Metkovi\u0107u\u00a0gradona\u010delnik Dalibor Milan je osobama zaposlenim u programu javnih radova <em>Aktivacija nezaposlenih osoba na poslovima preventivnih mjera za\u0161tite od po\u017eara i buji\u010dnih poplava <\/em>uru\u010dio\u00a0Ugovore o radu\u00a0na odre\u0111eno vrijeme u trajanju od \u0161est mjeseci.<\/p>\n<p>Gradona\u010delnik je objasnio da je prvotno od Hrvatskog zavoda za zapo\u0161ljavanje bilo odobreno 150 radnih mjesta u programu javnih radova na razini Grada Metkovi\u0107a, a prijavilo se preko 300 osoba. Me\u0111utim, neke su lokalne uprave odustale te je Gradu Metkovi\u0107u pripalo dodanih 70 radnih mjesta. Tako je ukupni broj zaposlenih na javnim radovima 220 koji \u0107e dobiti i bo\u017ei\u0107nicu te poklon za djecu. Gradona\u010delnik je naglasio da se u narednom polugodi\u0161njem razdoblju se o\u010dekuje ure\u0111eniji grad i \u010distije javne povr\u0161ine te se nada da \u0107e ovo privremeno zapo\u0161ljavanje prije\u0107i u trajno.<\/p>\n\r\n                <style type=\"text\/css\">\r\n                    \r\n                    #tdi_1  .td-doubleSlider-2 .td-item1 {\r\n                        background: url(https:\/\/likemetkovic.hr\/portal\/wp-content\/uploads\/2017\/12\/javni-radovi-1-80x60.jpg) 0 0 no-repeat;\r\n                    }\r\n                    #tdi_1  .td-doubleSlider-2 .td-item2 {\r\n                        background: url(https:\/\/likemetkovic.hr\/portal\/wp-content\/uploads\/2017\/12\/javni-radovi-2-80x60.jpg) 0 0 no-repeat;\r\n                    }\r\n                    #tdi_1  .td-doubleSlider-2 .td-item3 {\r\n                        background: url(https:\/\/likemetkovic.hr\/portal\/wp-content\/uploads\/2017\/12\/javni-radovi-4-80x60.jpg) 0 0 no-repeat;\r\n                    }\r\n                    #tdi_1  .td-doubleSlider-2 .td-item4 {\r\n                        background: url(https:\/\/likemetkovic.hr\/portal\/wp-content\/uploads\/2017\/12\/javni-radovi-6-80x60.jpg) 0 0 no-repeat;\r\n                    }\r\n                <\/style>\r\n\r\n                <div id=\"tdi_1\" class=\"td-gallery td-slide-on-2-columns\">\r\n                    <div class=\"post_td_gallery\">\r\n                        <div class=\"td-gallery-slide-top\">\r\n                           <div class=\"td-gallery-title\"><\/div>\r\n\r\n                            <div class=\"td-gallery-controls-wrapper\">\r\n                                <div class=\"td-gallery-slide-count\"><span class=\"td-gallery-slide-item-focus\">1<\/span> of 4<\/div>\r\n                                <div class=\"td-gallery-slide-prev-next-but\">\r\n                                    <i class = \"td-icon-left doubleSliderPrevButton\"><\/i>\r\n                                    <i class = \"td-icon-right doubleSliderNextButton\"><\/i>\r\n                                <\/div>\r\n                            <\/div>\r\n                        <\/div>\r\n\r\n                        <div class = \"td-doubleSlider-1 \">\r\n                            <div class = \"td-slider\">\r\n                                \r\n                    <div class = \"td-slide-item td-item1\">\r\n                        <figure class=\"td-slide-galery-figure td-slide-popup-gallery\">\r\n                            <a class=\"slide-gallery-image-link\" href=\"https:\/\/likemetkovic.hr\/portal\/wp-content\/uploads\/2017\/12\/javni-radovi-1.jpg\" title=\"javni radovi (1)\"  data-caption=\"\"  data-description=\"\">\r\n                                <img decoding=\"async\" src=\"https:\/\/likemetkovic.hr\/portal\/wp-content\/uploads\/2017\/12\/javni-radovi-1-630x420.jpg\" srcset=\"https:\/\/likemetkovic.hr\/portal\/wp-content\/uploads\/2017\/12\/javni-radovi-1-630x420.jpg 630w, https:\/\/likemetkovic.hr\/portal\/wp-content\/uploads\/2017\/12\/javni-radovi-1-800x533.jpg 800w, https:\/\/likemetkovic.hr\/portal\/wp-content\/uploads\/2017\/12\/javni-radovi-1-768x512.jpg 768w, https:\/\/likemetkovic.hr\/portal\/wp-content\/uploads\/2017\/12\/javni-radovi-1-696x464.jpg 696w, https:\/\/likemetkovic.hr\/portal\/wp-content\/uploads\/2017\/12\/javni-radovi-1.jpg 900w\" sizes=\"(max-width: 630px) 100vw, 630px\" alt=\"\">\r\n                            <\/a>\r\n                            \r\n                        <\/figure>\r\n                    <\/div>\r\n                    <div class = \"td-slide-item td-item2\">\r\n                        <figure class=\"td-slide-galery-figure td-slide-popup-gallery\">\r\n                            <a class=\"slide-gallery-image-link\" href=\"https:\/\/likemetkovic.hr\/portal\/wp-content\/uploads\/2017\/12\/javni-radovi-2.jpg\" title=\"javni radovi (2)\"  data-caption=\"\"  data-description=\"\">\r\n                                <img decoding=\"async\" src=\"https:\/\/likemetkovic.hr\/portal\/wp-content\/uploads\/2017\/12\/javni-radovi-2-630x420.jpg\" srcset=\"https:\/\/likemetkovic.hr\/portal\/wp-content\/uploads\/2017\/12\/javni-radovi-2-630x420.jpg 630w, https:\/\/likemetkovic.hr\/portal\/wp-content\/uploads\/2017\/12\/javni-radovi-2-800x533.jpg 800w, https:\/\/likemetkovic.hr\/portal\/wp-content\/uploads\/2017\/12\/javni-radovi-2-768x512.jpg 768w, https:\/\/likemetkovic.hr\/portal\/wp-content\/uploads\/2017\/12\/javni-radovi-2-696x464.jpg 696w, https:\/\/likemetkovic.hr\/portal\/wp-content\/uploads\/2017\/12\/javni-radovi-2.jpg 900w\" sizes=\"(max-width: 630px) 100vw, 630px\" alt=\"\">\r\n                            <\/a>\r\n                            \r\n                        <\/figure>\r\n                    <\/div>\r\n                    <div class = \"td-slide-item td-item3\">\r\n                        <figure class=\"td-slide-galery-figure td-slide-popup-gallery\">\r\n                            <a class=\"slide-gallery-image-link\" href=\"https:\/\/likemetkovic.hr\/portal\/wp-content\/uploads\/2017\/12\/javni-radovi-4.jpg\" title=\"javni radovi (4)\"  data-caption=\"\"  data-description=\"\">\r\n                                <img decoding=\"async\" src=\"https:\/\/likemetkovic.hr\/portal\/wp-content\/uploads\/2017\/12\/javni-radovi-4-630x420.jpg\" srcset=\"https:\/\/likemetkovic.hr\/portal\/wp-content\/uploads\/2017\/12\/javni-radovi-4-630x420.jpg 630w, https:\/\/likemetkovic.hr\/portal\/wp-content\/uploads\/2017\/12\/javni-radovi-4-800x533.jpg 800w, https:\/\/likemetkovic.hr\/portal\/wp-content\/uploads\/2017\/12\/javni-radovi-4-768x512.jpg 768w, https:\/\/likemetkovic.hr\/portal\/wp-content\/uploads\/2017\/12\/javni-radovi-4-696x464.jpg 696w, https:\/\/likemetkovic.hr\/portal\/wp-content\/uploads\/2017\/12\/javni-radovi-4.jpg 900w\" sizes=\"(max-width: 630px) 100vw, 630px\" alt=\"\">\r\n                            <\/a>\r\n                            \r\n                        <\/figure>\r\n                    <\/div>\r\n                    <div class = \"td-slide-item td-item4\">\r\n                        <figure class=\"td-slide-galery-figure td-slide-popup-gallery\">\r\n                            <a class=\"slide-gallery-image-link\" href=\"https:\/\/likemetkovic.hr\/portal\/wp-content\/uploads\/2017\/12\/javni-radovi-6.jpg\" title=\"javni radovi (6)\"  data-caption=\"\"  data-description=\"\">\r\n                                <img decoding=\"async\" src=\"https:\/\/likemetkovic.hr\/portal\/wp-content\/uploads\/2017\/12\/javni-radovi-6-630x420.jpg\" srcset=\"https:\/\/likemetkovic.hr\/portal\/wp-content\/uploads\/2017\/12\/javni-radovi-6-630x420.jpg 630w, https:\/\/likemetkovic.hr\/portal\/wp-content\/uploads\/2017\/12\/javni-radovi-6-800x533.jpg 800w, https:\/\/likemetkovic.hr\/portal\/wp-content\/uploads\/2017\/12\/javni-radovi-6-768x512.jpg 768w, https:\/\/likemetkovic.hr\/portal\/wp-content\/uploads\/2017\/12\/javni-radovi-6-696x464.jpg 696w, https:\/\/likemetkovic.hr\/portal\/wp-content\/uploads\/2017\/12\/javni-radovi-6.jpg 900w\" sizes=\"(max-width: 630px) 100vw, 630px\" alt=\"\">\r\n                            <\/a>\r\n                            \r\n                        <\/figure>\r\n                    <\/div>\r\n                            <\/div>\r\n                        <\/div>\r\n\r\n                        <div class = \"td-doubleSlider-2\">\r\n                            <div class = \"td-slider\">\r\n                                \r\n                    <div class = \"td-button td-item1\">\r\n                        <div class = \"td-border\"><\/div>\r\n                    <\/div>\r\n                    <div class = \"td-button td-item2\">\r\n                        <div class = \"td-border\"><\/div>\r\n                    <\/div>\r\n                    <div class = \"td-button td-item3\">\r\n                        <div class = \"td-border\"><\/div>\r\n                    <\/div>\r\n                    <div class = \"td-button td-item4\">\r\n                        <div class = \"td-border\"><\/div>\r\n                    <\/div>\r\n                            <\/div>\r\n                        <\/div>\r\n\r\n                    <\/div>\r\n\r\n                <\/div>\r\n                \n","protected":false},"excerpt":{"rendered":"<p>Danas,\u00a06. prosinca 2017., u 13, 30 sati u Galeriji Gradskog kulturnog sredi\u0161ta u Metkovi\u0107u\u00a0gradona\u010delnik Dalibor Milan je osobama zaposlenim u programu javnih radova Aktivacija nezaposlenih osoba na poslovima preventivnih mjera za\u0161tite od po\u017eara i buji\u010dnih poplava uru\u010dio\u00a0Ugovore o radu\u00a0na odre\u0111eno vrijeme u trajanju od \u0161est mjeseci. Gradona\u010delnik je objasnio da je prvotno od Hrvatskog zavoda [&hellip;]<\/p>\n","protected":false},"author":7,"featured_media":50317,"comment_status":"open","ping_status":"open","sticky":false,"template":"","format":"standard","meta":{"footnotes":""},"categories":[283,290],"tags":[414,340,1356],"class_list":{"0":"post-50314","1":"post","2":"type-post","3":"status-publish","4":"format-standard","5":"has-post-thumbnail","7":"category-a","8":"category-politika","9":"tag-dalibor-milan","10":"tag-grad-metkovic","11":"tag-javni-radovi"},"yoast_head":"<!-- This site is optimized with the Yoast SEO plugin v25.2 - https:\/\/yoast.com\/wordpress\/plugins\/seo\/ -->\n<title>GRAD METKOVI\u0106 Uru\u010deni ugovori o radu zaposlenima u programu javnih radova - likemetkovic.hr<\/title>\n<meta name=\"description\" content=\"Gradona\u010delnik Dalibor Milan je osobama zaposlenim u programu javnih radova uru\u010dio\u00a0Ugovore o radu\u00a0na odre\u0111eno vrijeme u trajanju od \u0161est mjeseci.\" \/>\n<meta name=\"robots\" content=\"index, follow, max-snippet:-1, max-image-preview:large, max-video-preview:-1\" \/>\n<link rel=\"canonical\" href=\"https:\/\/likemetkovic.hr\/uruceni-ugovori-220-zaposlenih-programu-javnih-radova\/\" \/>\n<meta property=\"og:locale\" content=\"hr_HR\" \/>\n<meta property=\"og:type\" content=\"article\" \/>\n<meta property=\"og:title\" content=\"GRAD METKOVI\u0106 Uru\u010deni ugovori o radu zaposlenima u programu javnih radova - likemetkovic.hr\" \/>\n<meta property=\"og:description\" content=\"Gradona\u010delnik Dalibor Milan je osobama zaposlenim u programu javnih radova uru\u010dio\u00a0Ugovore o radu\u00a0na odre\u0111eno vrijeme u trajanju od \u0161est mjeseci.\" \/>\n<meta property=\"og:url\" content=\"https:\/\/likemetkovic.hr\/uruceni-ugovori-220-zaposlenih-programu-javnih-radova\/\" \/>\n<meta property=\"og:site_name\" content=\"likemetkovic.hr\" \/>\n<meta property=\"article:publisher\" content=\"https:\/\/www.facebook.com\/likemetkovic.hr\/\" \/>\n<meta property=\"article:published_time\" content=\"2017-12-06T13:06:09+00:00\" \/>\n<meta property=\"article:modified_time\" content=\"2017-12-06T13:33:08+00:00\" \/>\n<meta property=\"og:image\" content=\"https:\/\/likemetkovic.hr\/wp-content\/uploads\/2017\/12\/javni-radovi-4.jpg\" \/>\n\t<meta property=\"og:image:width\" content=\"900\" \/>\n\t<meta property=\"og:image:height\" content=\"600\" \/>\n\t<meta property=\"og:image:type\" content=\"image\/jpeg\" \/>\n<meta name=\"author\" content=\"LIKEmetkovic.hr\" \/>\n<meta name=\"twitter:card\" content=\"summary_large_image\" \/>\n<meta name=\"twitter:label1\" content=\"Napisao\/la\" \/>\n\t<meta name=\"twitter:data1\" content=\"LIKEmetkovic.hr\" \/>\n\t<meta name=\"twitter:label2\" content=\"Procijenjeno vrijeme \u010ditanja\" \/>\n\t<meta name=\"twitter:data2\" content=\"1 minuta\" \/>\n<script type=\"application\/ld+json\" class=\"yoast-schema-graph\">{\"@context\":\"https:\/\/schema.org\",\"@graph\":[{\"@type\":\"WebPage\",\"@id\":\"https:\/\/likemetkovic.hr\/uruceni-ugovori-220-zaposlenih-programu-javnih-radova\/\",\"url\":\"https:\/\/likemetkovic.hr\/uruceni-ugovori-220-zaposlenih-programu-javnih-radova\/\",\"name\":\"GRAD METKOVI\u0106 Uru\u010deni ugovori o radu zaposlenima u programu javnih radova - likemetkovic.hr\",\"isPartOf\":{\"@id\":\"https:\/\/likemetkovic.hr\/#website\"},\"primaryImageOfPage\":{\"@id\":\"https:\/\/likemetkovic.hr\/uruceni-ugovori-220-zaposlenih-programu-javnih-radova\/#primaryimage\"},\"image\":{\"@id\":\"https:\/\/likemetkovic.hr\/uruceni-ugovori-220-zaposlenih-programu-javnih-radova\/#primaryimage\"},\"thumbnailUrl\":\"https:\/\/likemetkovic.hr\/portal\/wp-content\/uploads\/2017\/12\/javni-radovi-4.jpg\",\"datePublished\":\"2017-12-06T13:06:09+00:00\",\"dateModified\":\"2017-12-06T13:33:08+00:00\",\"author\":{\"@id\":\"https:\/\/likemetkovic.hr\/#\/schema\/person\/a42711f3385a0e2be6f7e0443bfb28f0\"},\"description\":\"Gradona\u010delnik Dalibor Milan je osobama zaposlenim u programu javnih radova uru\u010dio\u00a0Ugovore o radu\u00a0na odre\u0111eno vrijeme u trajanju od \u0161est mjeseci.\",\"breadcrumb\":{\"@id\":\"https:\/\/likemetkovic.hr\/uruceni-ugovori-220-zaposlenih-programu-javnih-radova\/#breadcrumb\"},\"inLanguage\":\"hr\",\"potentialAction\":[{\"@type\":\"ReadAction\",\"target\":[\"https:\/\/likemetkovic.hr\/uruceni-ugovori-220-zaposlenih-programu-javnih-radova\/\"]}]},{\"@type\":\"ImageObject\",\"inLanguage\":\"hr\",\"@id\":\"https:\/\/likemetkovic.hr\/uruceni-ugovori-220-zaposlenih-programu-javnih-radova\/#primaryimage\",\"url\":\"https:\/\/likemetkovic.hr\/portal\/wp-content\/uploads\/2017\/12\/javni-radovi-4.jpg\",\"contentUrl\":\"https:\/\/likemetkovic.hr\/portal\/wp-content\/uploads\/2017\/12\/javni-radovi-4.jpg\",\"width\":900,\"height\":600},{\"@type\":\"BreadcrumbList\",\"@id\":\"https:\/\/likemetkovic.hr\/uruceni-ugovori-220-zaposlenih-programu-javnih-radova\/#breadcrumb\",\"itemListElement\":[{\"@type\":\"ListItem\",\"position\":1,\"name\":\"Po\u010detna stranica\",\"item\":\"https:\/\/likemetkovic.hr\/portal\/\"},{\"@type\":\"ListItem\",\"position\":2,\"name\":\"GRAD METKOVI\u0106 Uru\u010deni ugovori o radu zaposlenima u programu javnih radova\"}]},{\"@type\":\"WebSite\",\"@id\":\"https:\/\/likemetkovic.hr\/#website\",\"url\":\"https:\/\/likemetkovic.hr\/\",\"name\":\"likemetkovic.hr\",\"description\":\"Misli pozitivno... \u010ditaj LIKE\",\"potentialAction\":[{\"@type\":\"SearchAction\",\"target\":{\"@type\":\"EntryPoint\",\"urlTemplate\":\"https:\/\/likemetkovic.hr\/?s={search_term_string}\"},\"query-input\":{\"@type\":\"PropertyValueSpecification\",\"valueRequired\":true,\"valueName\":\"search_term_string\"}}],\"inLanguage\":\"hr\"},{\"@type\":\"Person\",\"@id\":\"https:\/\/likemetkovic.hr\/#\/schema\/person\/a42711f3385a0e2be6f7e0443bfb28f0\",\"name\":\"LIKEmetkovic.hr\",\"sameAs\":[\"http:\/\/likemetkovic.hr\"],\"url\":\"https:\/\/likemetkovic.hr\/portal\/author\/likemetkovic-hr\/\"}]}<\/script>\n<!-- \/ Yoast SEO plugin. -->","yoast_head_json":{"title":"GRAD METKOVI\u0106 Uru\u010deni ugovori o radu zaposlenima u programu javnih radova - likemetkovic.hr","description":"Gradona\u010delnik Dalibor Milan je osobama zaposlenim u programu javnih radova uru\u010dio\u00a0Ugovore o radu\u00a0na odre\u0111eno vrijeme u trajanju od \u0161est mjeseci.","robots":{"index":"index","follow":"follow","max-snippet":"max-snippet:-1","max-image-preview":"max-image-preview:large","max-video-preview":"max-video-preview:-1"},"canonical":"https:\/\/likemetkovic.hr\/uruceni-ugovori-220-zaposlenih-programu-javnih-radova\/","og_locale":"hr_HR","og_type":"article","og_title":"GRAD METKOVI\u0106 Uru\u010deni ugovori o radu zaposlenima u programu javnih radova - likemetkovic.hr","og_description":"Gradona\u010delnik Dalibor Milan je osobama zaposlenim u programu javnih radova uru\u010dio\u00a0Ugovore o radu\u00a0na odre\u0111eno vrijeme u trajanju od \u0161est mjeseci.","og_url":"https:\/\/likemetkovic.hr\/uruceni-ugovori-220-zaposlenih-programu-javnih-radova\/","og_site_name":"likemetkovic.hr","article_publisher":"https:\/\/www.facebook.com\/likemetkovic.hr\/","article_published_time":"2017-12-06T13:06:09+00:00","article_modified_time":"2017-12-06T13:33:08+00:00","og_image":[{"width":900,"height":600,"url":"https:\/\/likemetkovic.hr\/wp-content\/uploads\/2017\/12\/javni-radovi-4.jpg","type":"image\/jpeg"}],"author":"LIKEmetkovic.hr","twitter_card":"summary_large_image","twitter_misc":{"Napisao\/la":"LIKEmetkovic.hr","Procijenjeno vrijeme \u010ditanja":"1 minuta"},"schema":{"@context":"https:\/\/schema.org","@graph":[{"@type":"WebPage","@id":"https:\/\/likemetkovic.hr\/uruceni-ugovori-220-zaposlenih-programu-javnih-radova\/","url":"https:\/\/likemetkovic.hr\/uruceni-ugovori-220-zaposlenih-programu-javnih-radova\/","name":"GRAD METKOVI\u0106 Uru\u010deni ugovori o radu zaposlenima u programu javnih radova - likemetkovic.hr","isPartOf":{"@id":"https:\/\/likemetkovic.hr\/#website"},"primaryImageOfPage":{"@id":"https:\/\/likemetkovic.hr\/uruceni-ugovori-220-zaposlenih-programu-javnih-radova\/#primaryimage"},"image":{"@id":"https:\/\/likemetkovic.hr\/uruceni-ugovori-220-zaposlenih-programu-javnih-radova\/#primaryimage"},"thumbnailUrl":"https:\/\/likemetkovic.hr\/portal\/wp-content\/uploads\/2017\/12\/javni-radovi-4.jpg","datePublished":"2017-12-06T13:06:09+00:00","dateModified":"2017-12-06T13:33:08+00:00","author":{"@id":"https:\/\/likemetkovic.hr\/#\/schema\/person\/a42711f3385a0e2be6f7e0443bfb28f0"},"description":"Gradona\u010delnik Dalibor Milan je osobama zaposlenim u programu javnih radova uru\u010dio\u00a0Ugovore o radu\u00a0na odre\u0111eno vrijeme u trajanju od \u0161est mjeseci.","breadcrumb":{"@id":"https:\/\/likemetkovic.hr\/uruceni-ugovori-220-zaposlenih-programu-javnih-radova\/#breadcrumb"},"inLanguage":"hr","potentialAction":[{"@type":"ReadAction","target":["https:\/\/likemetkovic.hr\/uruceni-ugovori-220-zaposlenih-programu-javnih-radova\/"]}]},{"@type":"ImageObject","inLanguage":"hr","@id":"https:\/\/likemetkovic.hr\/uruceni-ugovori-220-zaposlenih-programu-javnih-radova\/#primaryimage","url":"https:\/\/likemetkovic.hr\/portal\/wp-content\/uploads\/2017\/12\/javni-radovi-4.jpg","contentUrl":"https:\/\/likemetkovic.hr\/portal\/wp-content\/uploads\/2017\/12\/javni-radovi-4.jpg","width":900,"height":600},{"@type":"BreadcrumbList","@id":"https:\/\/likemetkovic.hr\/uruceni-ugovori-220-zaposlenih-programu-javnih-radova\/#breadcrumb","itemListElement":[{"@type":"ListItem","position":1,"name":"Po\u010detna stranica","item":"https:\/\/likemetkovic.hr\/portal\/"},{"@type":"ListItem","position":2,"name":"GRAD METKOVI\u0106 Uru\u010deni ugovori o radu zaposlenima u programu javnih radova"}]},{"@type":"WebSite","@id":"https:\/\/likemetkovic.hr\/#website","url":"https:\/\/likemetkovic.hr\/","name":"likemetkovic.hr","description":"Misli pozitivno... \u010ditaj LIKE","potentialAction":[{"@type":"SearchAction","target":{"@type":"EntryPoint","urlTemplate":"https:\/\/likemetkovic.hr\/?s={search_term_string}"},"query-input":{"@type":"PropertyValueSpecification","valueRequired":true,"valueName":"search_term_string"}}],"inLanguage":"hr"},{"@type":"Person","@id":"https:\/\/likemetkovic.hr\/#\/schema\/person\/a42711f3385a0e2be6f7e0443bfb28f0","name":"LIKEmetkovic.hr","sameAs":["http:\/\/likemetkovic.hr"],"url":"https:\/\/likemetkovic.hr\/portal\/author\/likemetkovic-hr\/"}]}},"_links":{"self":[{"href":"https:\/\/likemetkovic.hr\/portal\/wp-json\/wp\/v2\/posts\/50314","targetHints":{"allow":["GET"]}}],"collection":[{"href":"https:\/\/likemetkovic.hr\/portal\/wp-json\/wp\/v2\/posts"}],"about":[{"href":"https:\/\/likemetkovic.hr\/portal\/wp-json\/wp\/v2\/types\/post"}],"author":[{"embeddable":true,"href":"https:\/\/likemetkovic.hr\/portal\/wp-json\/wp\/v2\/users\/7"}],"replies":[{"embeddable":true,"href":"https:\/\/likemetkovic.hr\/portal\/wp-json\/wp\/v2\/comments?post=50314"}],"version-history":[{"count":0,"href":"https:\/\/likemetkovic.hr\/portal\/wp-json\/wp\/v2\/posts\/50314\/revisions"}],"wp:featuredmedia":[{"embeddable":true,"href":"https:\/\/likemetkovic.hr\/portal\/wp-json\/wp\/v2\/media\/50317"}],"wp:attachment":[{"href":"https:\/\/likemetkovic.hr\/portal\/wp-json\/wp\/v2\/media?parent=50314"}],"wp:term":[{"taxonomy":"category","embeddable":true,"href":"https:\/\/likemetkovic.hr\/portal\/wp-json\/wp\/v2\/categories?post=50314"},{"taxonomy":"post_tag","embeddable":true,"href":"https:\/\/likemetkovic.hr\/portal\/wp-json\/wp\/v2\/tags?post=50314"}],"curies":[{"name":"wp","href":"https:\/\/api.w.org\/{rel}","templated":true}]}}