{"id":50445,"date":"2017-12-08T21:39:35","date_gmt":"2017-12-08T20:39:35","guid":{"rendered":"http:\/\/likemetkovic.hr\/?p=50445"},"modified":"2018-06-08T12:01:55","modified_gmt":"2018-06-08T10:01:55","slug":"foto-otvorena-druga-sezona-manifestacije-bozic-u-neretvi","status":"publish","type":"post","link":"https:\/\/likemetkovic.hr\/portal\/foto-otvorena-druga-sezona-manifestacije-bozic-u-neretvi\/","title":{"rendered":"FOTO Otvorena druga sezona manifestacije &#8216;Bo\u017ei\u0107 u Neretvi&#8217;"},"content":{"rendered":"<p>Bez obzira na ki\u0161u koja ve\u010deras\u00a0<em>visi nad glavom<\/em> kratki program otvaranja druge sezone\u00a0<strong><em>Bo\u017ei\u0107a u Neretevi<\/em> <\/strong>odr\u017ean kako se i o\u010dekuje uz zvuke glazbe.\u00a0Nastupom Gradske glazbe Metkovi\u0107 i Klape sv. Nikola otpo\u010dela je manifestacije\u00a0koja \u0107e se sljede\u0107ih mjesec dana odr\u017eavati na Trgu Franje Tu\u0111mana u Metkovi\u0107u.<\/p>\n<p>Pet bo\u017ei\u0107nih ku\u0107ica otvorilo je svoja vrata i prozore&#8230; Ponuda je raznovrsna, od hrane do pi\u0107a primjerenog svakoj dobi. Ako ne volite hladno\u0107u, ne brinite, uz strate\u0161ki raspore\u0111ene grijalice i pokoju kapljicu vina ne\u0107ete ni osjetiti zimi primjerenu temperaturu.<\/p>\n<p>Turisti\u010dka zajednica Grada Metkovi\u0107a uprili\u010dila je prigodni glazbeni program. Tako \u0107e ve\u0107 sutra, ako nas poslu\u017ei vrijeme, nastupiti Flashback band. Program nastupa ostalih glazbenih sastava mo\u017eete <a href=\"http:\/\/likemetkovic.hr\/bozic-neretvi-veceras-pocinje\/\">OVDJE<\/a>.<\/p>\n\r\n                <style type=\"text\/css\">\r\n                    \r\n                    #tdi_1  .td-doubleSlider-2 .td-item1 {\r\n                        background: url(https:\/\/likemetkovic.hr\/portal\/wp-content\/uploads\/2017\/12\/bo\u017ei\u0107-u-neretvi-2-80x60.jpg) 0 0 no-repeat;\r\n                    }\r\n                    #tdi_1  .td-doubleSlider-2 .td-item2 {\r\n                        background: url(https:\/\/likemetkovic.hr\/portal\/wp-content\/uploads\/2017\/12\/bo\u017ei\u0107-u-neretvi-3-80x60.jpg) 0 0 no-repeat;\r\n                    }\r\n                    #tdi_1  .td-doubleSlider-2 .td-item3 {\r\n                        background: url(https:\/\/likemetkovic.hr\/portal\/wp-content\/uploads\/2017\/12\/bo\u017ei\u0107-u-neretvi-7-80x60.jpg) 0 0 no-repeat;\r\n                    }\r\n                    #tdi_1  .td-doubleSlider-2 .td-item4 {\r\n                        background: url(https:\/\/likemetkovic.hr\/portal\/wp-content\/uploads\/2017\/12\/bo\u017ei\u0107-u-neretvi-9-80x60.jpg) 0 0 no-repeat;\r\n                    }\r\n                    #tdi_1  .td-doubleSlider-2 .td-item5 {\r\n                        background: url(https:\/\/likemetkovic.hr\/portal\/wp-content\/uploads\/2017\/12\/bo\u017ei\u0107-u-neretvi-11-80x60.jpg) 0 0 no-repeat;\r\n                    }\r\n                    #tdi_1  .td-doubleSlider-2 .td-item6 {\r\n                        background: url(https:\/\/likemetkovic.hr\/portal\/wp-content\/uploads\/2017\/12\/bo\u017ei\u0107-u-neretvi-13-80x60.jpg) 0 0 no-repeat;\r\n                    }\r\n                    #tdi_1  .td-doubleSlider-2 .td-item7 {\r\n                        background: url(https:\/\/likemetkovic.hr\/portal\/wp-content\/uploads\/2017\/12\/bo\u017ei\u0107-u-neretvi-16-80x60.jpg) 0 0 no-repeat;\r\n                    }\r\n                    #tdi_1  .td-doubleSlider-2 .td-item8 {\r\n                        background: url(https:\/\/likemetkovic.hr\/portal\/wp-content\/uploads\/2017\/12\/bo\u017ei\u0107-u-neretvi-18-80x60.jpg) 0 0 no-repeat;\r\n                    }\r\n                <\/style>\r\n\r\n                <div id=\"tdi_1\" class=\"td-gallery td-slide-on-2-columns\">\r\n                    <div class=\"post_td_gallery\">\r\n                        <div class=\"td-gallery-slide-top\">\r\n                           <div class=\"td-gallery-title\"><\/div>\r\n\r\n                            <div class=\"td-gallery-controls-wrapper\">\r\n                                <div class=\"td-gallery-slide-count\"><span class=\"td-gallery-slide-item-focus\">1<\/span> of 8<\/div>\r\n                                <div class=\"td-gallery-slide-prev-next-but\">\r\n                                    <i class = \"td-icon-left doubleSliderPrevButton\"><\/i>\r\n                                    <i class = \"td-icon-right doubleSliderNextButton\"><\/i>\r\n                                <\/div>\r\n                            <\/div>\r\n                        <\/div>\r\n\r\n                        <div class = \"td-doubleSlider-1 \">\r\n                            <div class = \"td-slider\">\r\n                                \r\n                    <div class = \"td-slide-item td-item1\">\r\n                        <figure class=\"td-slide-galery-figure td-slide-popup-gallery\">\r\n                            <a class=\"slide-gallery-image-link\" href=\"https:\/\/likemetkovic.hr\/portal\/wp-content\/uploads\/2017\/12\/bo\u017ei\u0107-u-neretvi-2.jpg\" title=\"bo\u017ei\u0107 u neretvi (2)\"  data-caption=\"\"  data-description=\"\">\r\n                                <img decoding=\"async\" src=\"https:\/\/likemetkovic.hr\/portal\/wp-content\/uploads\/2017\/12\/bo\u017ei\u0107-u-neretvi-2-630x420.jpg\" srcset=\"https:\/\/likemetkovic.hr\/portal\/wp-content\/uploads\/2017\/12\/bo\u017ei\u0107-u-neretvi-2-630x420.jpg 630w, https:\/\/likemetkovic.hr\/portal\/wp-content\/uploads\/2017\/12\/bo\u017ei\u0107-u-neretvi-2-800x533.jpg 800w, https:\/\/likemetkovic.hr\/portal\/wp-content\/uploads\/2017\/12\/bo\u017ei\u0107-u-neretvi-2-768x512.jpg 768w, https:\/\/likemetkovic.hr\/portal\/wp-content\/uploads\/2017\/12\/bo\u017ei\u0107-u-neretvi-2-696x464.jpg 696w, https:\/\/likemetkovic.hr\/portal\/wp-content\/uploads\/2017\/12\/bo\u017ei\u0107-u-neretvi-2.jpg 900w\" sizes=\"(max-width: 630px) 100vw, 630px\" alt=\"\">\r\n                            <\/a>\r\n                            \r\n                        <\/figure>\r\n                    <\/div>\r\n                    <div class = \"td-slide-item td-item2\">\r\n                        <figure class=\"td-slide-galery-figure td-slide-popup-gallery\">\r\n                            <a class=\"slide-gallery-image-link\" href=\"https:\/\/likemetkovic.hr\/portal\/wp-content\/uploads\/2017\/12\/bo\u017ei\u0107-u-neretvi-3.jpg\" title=\"bo\u017ei\u0107 u neretvi (3)\"  data-caption=\"\"  data-description=\"\">\r\n                                <img decoding=\"async\" src=\"https:\/\/likemetkovic.hr\/portal\/wp-content\/uploads\/2017\/12\/bo\u017ei\u0107-u-neretvi-3-630x420.jpg\" srcset=\"https:\/\/likemetkovic.hr\/portal\/wp-content\/uploads\/2017\/12\/bo\u017ei\u0107-u-neretvi-3-630x420.jpg 630w, https:\/\/likemetkovic.hr\/portal\/wp-content\/uploads\/2017\/12\/bo\u017ei\u0107-u-neretvi-3-800x533.jpg 800w, https:\/\/likemetkovic.hr\/portal\/wp-content\/uploads\/2017\/12\/bo\u017ei\u0107-u-neretvi-3-768x512.jpg 768w, https:\/\/likemetkovic.hr\/portal\/wp-content\/uploads\/2017\/12\/bo\u017ei\u0107-u-neretvi-3-696x464.jpg 696w, https:\/\/likemetkovic.hr\/portal\/wp-content\/uploads\/2017\/12\/bo\u017ei\u0107-u-neretvi-3.jpg 900w\" sizes=\"(max-width: 630px) 100vw, 630px\" alt=\"\">\r\n                            <\/a>\r\n                            \r\n                        <\/figure>\r\n                    <\/div>\r\n                    <div class = \"td-slide-item td-item3\">\r\n                        <figure class=\"td-slide-galery-figure td-slide-popup-gallery\">\r\n                            <a class=\"slide-gallery-image-link\" href=\"https:\/\/likemetkovic.hr\/portal\/wp-content\/uploads\/2017\/12\/bo\u017ei\u0107-u-neretvi-7.jpg\" title=\"bo\u017ei\u0107 u neretvi (7)\"  data-caption=\"\"  data-description=\"\">\r\n                                <img decoding=\"async\" src=\"https:\/\/likemetkovic.hr\/portal\/wp-content\/uploads\/2017\/12\/bo\u017ei\u0107-u-neretvi-7-630x420.jpg\" srcset=\"https:\/\/likemetkovic.hr\/portal\/wp-content\/uploads\/2017\/12\/bo\u017ei\u0107-u-neretvi-7-630x420.jpg 630w, https:\/\/likemetkovic.hr\/portal\/wp-content\/uploads\/2017\/12\/bo\u017ei\u0107-u-neretvi-7-800x533.jpg 800w, https:\/\/likemetkovic.hr\/portal\/wp-content\/uploads\/2017\/12\/bo\u017ei\u0107-u-neretvi-7-768x512.jpg 768w, https:\/\/likemetkovic.hr\/portal\/wp-content\/uploads\/2017\/12\/bo\u017ei\u0107-u-neretvi-7-696x464.jpg 696w, https:\/\/likemetkovic.hr\/portal\/wp-content\/uploads\/2017\/12\/bo\u017ei\u0107-u-neretvi-7.jpg 900w\" sizes=\"(max-width: 630px) 100vw, 630px\" alt=\"\">\r\n                            <\/a>\r\n                            \r\n                        <\/figure>\r\n                    <\/div>\r\n                    <div class = \"td-slide-item td-item4\">\r\n                        <figure class=\"td-slide-galery-figure td-slide-popup-gallery\">\r\n                            <a class=\"slide-gallery-image-link\" href=\"https:\/\/likemetkovic.hr\/portal\/wp-content\/uploads\/2017\/12\/bo\u017ei\u0107-u-neretvi-9.jpg\" title=\"bo\u017ei\u0107 u neretvi (9)\"  data-caption=\"\"  data-description=\"\">\r\n                                <img decoding=\"async\" src=\"https:\/\/likemetkovic.hr\/portal\/wp-content\/uploads\/2017\/12\/bo\u017ei\u0107-u-neretvi-9-630x420.jpg\" srcset=\"https:\/\/likemetkovic.hr\/portal\/wp-content\/uploads\/2017\/12\/bo\u017ei\u0107-u-neretvi-9-630x420.jpg 630w, https:\/\/likemetkovic.hr\/portal\/wp-content\/uploads\/2017\/12\/bo\u017ei\u0107-u-neretvi-9-800x533.jpg 800w, https:\/\/likemetkovic.hr\/portal\/wp-content\/uploads\/2017\/12\/bo\u017ei\u0107-u-neretvi-9-768x512.jpg 768w, https:\/\/likemetkovic.hr\/portal\/wp-content\/uploads\/2017\/12\/bo\u017ei\u0107-u-neretvi-9-696x464.jpg 696w, https:\/\/likemetkovic.hr\/portal\/wp-content\/uploads\/2017\/12\/bo\u017ei\u0107-u-neretvi-9.jpg 900w\" sizes=\"(max-width: 630px) 100vw, 630px\" alt=\"\">\r\n                            <\/a>\r\n                            \r\n                        <\/figure>\r\n                    <\/div>\r\n                    <div class = \"td-slide-item td-item5\">\r\n                        <figure class=\"td-slide-galery-figure td-slide-popup-gallery\">\r\n                            <a class=\"slide-gallery-image-link\" href=\"https:\/\/likemetkovic.hr\/portal\/wp-content\/uploads\/2017\/12\/bo\u017ei\u0107-u-neretvi-11.jpg\" title=\"bo\u017ei\u0107 u neretvi (11)\"  data-caption=\"\"  data-description=\"\">\r\n                                <img decoding=\"async\" src=\"https:\/\/likemetkovic.hr\/portal\/wp-content\/uploads\/2017\/12\/bo\u017ei\u0107-u-neretvi-11-630x420.jpg\" srcset=\"https:\/\/likemetkovic.hr\/portal\/wp-content\/uploads\/2017\/12\/bo\u017ei\u0107-u-neretvi-11-630x420.jpg 630w, https:\/\/likemetkovic.hr\/portal\/wp-content\/uploads\/2017\/12\/bo\u017ei\u0107-u-neretvi-11-800x533.jpg 800w, https:\/\/likemetkovic.hr\/portal\/wp-content\/uploads\/2017\/12\/bo\u017ei\u0107-u-neretvi-11-768x512.jpg 768w, https:\/\/likemetkovic.hr\/portal\/wp-content\/uploads\/2017\/12\/bo\u017ei\u0107-u-neretvi-11-696x464.jpg 696w, https:\/\/likemetkovic.hr\/portal\/wp-content\/uploads\/2017\/12\/bo\u017ei\u0107-u-neretvi-11.jpg 900w\" sizes=\"(max-width: 630px) 100vw, 630px\" alt=\"\">\r\n                            <\/a>\r\n                            \r\n                        <\/figure>\r\n                    <\/div>\r\n                    <div class = \"td-slide-item td-item6\">\r\n                        <figure class=\"td-slide-galery-figure td-slide-popup-gallery\">\r\n                            <a class=\"slide-gallery-image-link\" href=\"https:\/\/likemetkovic.hr\/portal\/wp-content\/uploads\/2017\/12\/bo\u017ei\u0107-u-neretvi-13.jpg\" title=\"bo\u017ei\u0107 u neretvi (13)\"  data-caption=\"\"  data-description=\"\">\r\n                                <img decoding=\"async\" src=\"https:\/\/likemetkovic.hr\/portal\/wp-content\/uploads\/2017\/12\/bo\u017ei\u0107-u-neretvi-13-630x420.jpg\" srcset=\"https:\/\/likemetkovic.hr\/portal\/wp-content\/uploads\/2017\/12\/bo\u017ei\u0107-u-neretvi-13-630x420.jpg 630w, https:\/\/likemetkovic.hr\/portal\/wp-content\/uploads\/2017\/12\/bo\u017ei\u0107-u-neretvi-13-800x533.jpg 800w, https:\/\/likemetkovic.hr\/portal\/wp-content\/uploads\/2017\/12\/bo\u017ei\u0107-u-neretvi-13-768x512.jpg 768w, https:\/\/likemetkovic.hr\/portal\/wp-content\/uploads\/2017\/12\/bo\u017ei\u0107-u-neretvi-13-696x464.jpg 696w, https:\/\/likemetkovic.hr\/portal\/wp-content\/uploads\/2017\/12\/bo\u017ei\u0107-u-neretvi-13.jpg 900w\" sizes=\"(max-width: 630px) 100vw, 630px\" alt=\"\">\r\n                            <\/a>\r\n                            \r\n                        <\/figure>\r\n                    <\/div>\r\n                    <div class = \"td-slide-item td-item7\">\r\n                        <figure class=\"td-slide-galery-figure td-slide-popup-gallery\">\r\n                            <a class=\"slide-gallery-image-link\" href=\"https:\/\/likemetkovic.hr\/portal\/wp-content\/uploads\/2017\/12\/bo\u017ei\u0107-u-neretvi-16.jpg\" title=\"bo\u017ei\u0107 u neretvi (16)\"  data-caption=\"\"  data-description=\"\">\r\n                                <img decoding=\"async\" src=\"https:\/\/likemetkovic.hr\/portal\/wp-content\/uploads\/2017\/12\/bo\u017ei\u0107-u-neretvi-16-630x420.jpg\" srcset=\"https:\/\/likemetkovic.hr\/portal\/wp-content\/uploads\/2017\/12\/bo\u017ei\u0107-u-neretvi-16-630x420.jpg 630w, https:\/\/likemetkovic.hr\/portal\/wp-content\/uploads\/2017\/12\/bo\u017ei\u0107-u-neretvi-16-800x533.jpg 800w, https:\/\/likemetkovic.hr\/portal\/wp-content\/uploads\/2017\/12\/bo\u017ei\u0107-u-neretvi-16-768x512.jpg 768w, https:\/\/likemetkovic.hr\/portal\/wp-content\/uploads\/2017\/12\/bo\u017ei\u0107-u-neretvi-16-696x464.jpg 696w, https:\/\/likemetkovic.hr\/portal\/wp-content\/uploads\/2017\/12\/bo\u017ei\u0107-u-neretvi-16.jpg 900w\" sizes=\"(max-width: 630px) 100vw, 630px\" alt=\"\">\r\n                            <\/a>\r\n                            \r\n                        <\/figure>\r\n                    <\/div>\r\n                    <div class = \"td-slide-item td-item8\">\r\n                        <figure class=\"td-slide-galery-figure td-slide-popup-gallery\">\r\n                            <a class=\"slide-gallery-image-link\" href=\"https:\/\/likemetkovic.hr\/portal\/wp-content\/uploads\/2017\/12\/bo\u017ei\u0107-u-neretvi-18.jpg\" title=\"bo\u017ei\u0107 u neretvi (18)\"  data-caption=\"\"  data-description=\"\">\r\n                                <img decoding=\"async\" src=\"https:\/\/likemetkovic.hr\/portal\/wp-content\/uploads\/2017\/12\/bo\u017ei\u0107-u-neretvi-18-730x420.jpg\" srcset=\"https:\/\/likemetkovic.hr\/portal\/wp-content\/uploads\/2017\/12\/bo\u017ei\u0107-u-neretvi-18-730x420.jpg 730w, https:\/\/likemetkovic.hr\/portal\/wp-content\/uploads\/2017\/12\/bo\u017ei\u0107-u-neretvi-18-800x460.jpg 800w, https:\/\/likemetkovic.hr\/portal\/wp-content\/uploads\/2017\/12\/bo\u017ei\u0107-u-neretvi-18-768x442.jpg 768w, https:\/\/likemetkovic.hr\/portal\/wp-content\/uploads\/2017\/12\/bo\u017ei\u0107-u-neretvi-18-696x401.jpg 696w, https:\/\/likemetkovic.hr\/portal\/wp-content\/uploads\/2017\/12\/bo\u017ei\u0107-u-neretvi-18.jpg 900w\" sizes=\"(max-width: 730px) 100vw, 730px\" alt=\"\">\r\n                            <\/a>\r\n                            \r\n                        <\/figure>\r\n                    <\/div>\r\n                            <\/div>\r\n                        <\/div>\r\n\r\n                        <div class = \"td-doubleSlider-2\">\r\n                            <div class = \"td-slider\">\r\n                                \r\n                    <div class = \"td-button td-item1\">\r\n                        <div class = \"td-border\"><\/div>\r\n                    <\/div>\r\n                    <div class = \"td-button td-item2\">\r\n                        <div class = \"td-border\"><\/div>\r\n                    <\/div>\r\n                    <div class = \"td-button td-item3\">\r\n                        <div class = \"td-border\"><\/div>\r\n                    <\/div>\r\n                    <div class = \"td-button td-item4\">\r\n                        <div class = \"td-border\"><\/div>\r\n                    <\/div>\r\n                    <div class = \"td-button td-item5\">\r\n                        <div class = \"td-border\"><\/div>\r\n                    <\/div>\r\n                    <div class = \"td-button td-item6\">\r\n                        <div class = \"td-border\"><\/div>\r\n                    <\/div>\r\n                    <div class = \"td-button td-item7\">\r\n                        <div class = \"td-border\"><\/div>\r\n                    <\/div>\r\n                    <div class = \"td-button td-item8\">\r\n                        <div class = \"td-border\"><\/div>\r\n                    <\/div>\r\n                            <\/div>\r\n                        <\/div>\r\n\r\n                    <\/div>\r\n\r\n                <\/div>\r\n                \n","protected":false},"excerpt":{"rendered":"<p>Bez obzira na ki\u0161u koja ve\u010deras\u00a0visi nad glavom kratki program otvaranja druge sezone\u00a0Bo\u017ei\u0107a u Neretevi odr\u017ean kako se i o\u010dekuje uz zvuke glazbe.\u00a0Nastupom Gradske glazbe Metkovi\u0107 i Klape sv. Nikola otpo\u010dela je manifestacije\u00a0koja \u0107e se sljede\u0107ih mjesec dana odr\u017eavati na Trgu Franje Tu\u0111mana u Metkovi\u0107u. Pet bo\u017ei\u0107nih ku\u0107ica otvorilo je svoja vrata i prozore&#8230; Ponuda [&hellip;]<\/p>\n","protected":false},"author":7,"featured_media":0,"comment_status":"open","ping_status":"open","sticky":false,"template":"","format":"standard","meta":{"footnotes":""},"categories":[283,11],"tags":[1868],"class_list":{"0":"post-50445","1":"post","2":"type-post","3":"status-publish","4":"format-standard","6":"category-a","7":"category-metkovic-dolina","8":"tag-bozic-u-neretvi"},"yoast_head":"<!-- This site is optimized with the Yoast SEO plugin v25.2 - https:\/\/yoast.com\/wordpress\/plugins\/seo\/ -->\n<title>FOTO Otvorena druga sezona manifestacije &#039;Bo\u017ei\u0107 u Neretvi&#039; - likemetkovic.hr<\/title>\n<meta name=\"robots\" content=\"index, follow, max-snippet:-1, max-image-preview:large, max-video-preview:-1\" \/>\n<link rel=\"canonical\" href=\"https:\/\/likemetkovic.hr\/foto-otvorena-druga-sezona-manifestacije-bozic-u-neretvi\/\" \/>\n<meta property=\"og:locale\" content=\"hr_HR\" \/>\n<meta property=\"og:type\" content=\"article\" \/>\n<meta property=\"og:title\" content=\"FOTO Otvorena druga sezona manifestacije &#039;Bo\u017ei\u0107 u Neretvi&#039; - likemetkovic.hr\" \/>\n<meta property=\"og:description\" content=\"Bez obzira na ki\u0161u koja ve\u010deras\u00a0visi nad glavom kratki program otvaranja druge sezone\u00a0Bo\u017ei\u0107a u Neretevi odr\u017ean kako se i o\u010dekuje uz zvuke glazbe.\u00a0Nastupom Gradske glazbe Metkovi\u0107 i Klape sv. Nikola otpo\u010dela je manifestacije\u00a0koja \u0107e se sljede\u0107ih mjesec dana odr\u017eavati na Trgu Franje Tu\u0111mana u Metkovi\u0107u. Pet bo\u017ei\u0107nih ku\u0107ica otvorilo je svoja vrata i prozore&#8230; Ponuda [&hellip;]\" \/>\n<meta property=\"og:url\" content=\"https:\/\/likemetkovic.hr\/foto-otvorena-druga-sezona-manifestacije-bozic-u-neretvi\/\" \/>\n<meta property=\"og:site_name\" content=\"likemetkovic.hr\" \/>\n<meta property=\"article:publisher\" content=\"https:\/\/www.facebook.com\/likemetkovic.hr\/\" \/>\n<meta property=\"article:published_time\" content=\"2017-12-08T20:39:35+00:00\" \/>\n<meta property=\"article:modified_time\" content=\"2018-06-08T10:01:55+00:00\" \/>\n<meta property=\"og:image\" content=\"https:\/\/likemetkovic.hr\/wp-content\/uploads\/2017\/12\/bo\u017ei\u0107-u-neretvi-2-630x420.jpg\" \/>\n<meta name=\"author\" content=\"LIKEmetkovic.hr\" \/>\n<meta name=\"twitter:card\" content=\"summary_large_image\" \/>\n<meta name=\"twitter:label1\" content=\"Napisao\/la\" \/>\n\t<meta name=\"twitter:data1\" content=\"LIKEmetkovic.hr\" \/>\n\t<meta name=\"twitter:label2\" content=\"Procijenjeno vrijeme \u010ditanja\" \/>\n\t<meta name=\"twitter:data2\" content=\"1 minuta\" \/>\n<script type=\"application\/ld+json\" class=\"yoast-schema-graph\">{\"@context\":\"https:\/\/schema.org\",\"@graph\":[{\"@type\":\"WebPage\",\"@id\":\"https:\/\/likemetkovic.hr\/foto-otvorena-druga-sezona-manifestacije-bozic-u-neretvi\/\",\"url\":\"https:\/\/likemetkovic.hr\/foto-otvorena-druga-sezona-manifestacije-bozic-u-neretvi\/\",\"name\":\"FOTO Otvorena druga sezona manifestacije 'Bo\u017ei\u0107 u Neretvi' - likemetkovic.hr\",\"isPartOf\":{\"@id\":\"https:\/\/likemetkovic.hr\/#website\"},\"datePublished\":\"2017-12-08T20:39:35+00:00\",\"dateModified\":\"2018-06-08T10:01:55+00:00\",\"author\":{\"@id\":\"https:\/\/likemetkovic.hr\/#\/schema\/person\/a42711f3385a0e2be6f7e0443bfb28f0\"},\"breadcrumb\":{\"@id\":\"https:\/\/likemetkovic.hr\/foto-otvorena-druga-sezona-manifestacije-bozic-u-neretvi\/#breadcrumb\"},\"inLanguage\":\"hr\",\"potentialAction\":[{\"@type\":\"ReadAction\",\"target\":[\"https:\/\/likemetkovic.hr\/foto-otvorena-druga-sezona-manifestacije-bozic-u-neretvi\/\"]}]},{\"@type\":\"BreadcrumbList\",\"@id\":\"https:\/\/likemetkovic.hr\/foto-otvorena-druga-sezona-manifestacije-bozic-u-neretvi\/#breadcrumb\",\"itemListElement\":[{\"@type\":\"ListItem\",\"position\":1,\"name\":\"Po\u010detna stranica\",\"item\":\"https:\/\/likemetkovic.hr\/portal\/\"},{\"@type\":\"ListItem\",\"position\":2,\"name\":\"FOTO Otvorena druga sezona manifestacije &#8216;Bo\u017ei\u0107 u Neretvi&#8217;\"}]},{\"@type\":\"WebSite\",\"@id\":\"https:\/\/likemetkovic.hr\/#website\",\"url\":\"https:\/\/likemetkovic.hr\/\",\"name\":\"likemetkovic.hr\",\"description\":\"Misli pozitivno... \u010ditaj LIKE\",\"potentialAction\":[{\"@type\":\"SearchAction\",\"target\":{\"@type\":\"EntryPoint\",\"urlTemplate\":\"https:\/\/likemetkovic.hr\/?s={search_term_string}\"},\"query-input\":{\"@type\":\"PropertyValueSpecification\",\"valueRequired\":true,\"valueName\":\"search_term_string\"}}],\"inLanguage\":\"hr\"},{\"@type\":\"Person\",\"@id\":\"https:\/\/likemetkovic.hr\/#\/schema\/person\/a42711f3385a0e2be6f7e0443bfb28f0\",\"name\":\"LIKEmetkovic.hr\",\"sameAs\":[\"http:\/\/likemetkovic.hr\"],\"url\":\"https:\/\/likemetkovic.hr\/portal\/author\/likemetkovic-hr\/\"}]}<\/script>\n<!-- \/ Yoast SEO plugin. -->","yoast_head_json":{"title":"FOTO Otvorena druga sezona manifestacije 'Bo\u017ei\u0107 u Neretvi' - likemetkovic.hr","robots":{"index":"index","follow":"follow","max-snippet":"max-snippet:-1","max-image-preview":"max-image-preview:large","max-video-preview":"max-video-preview:-1"},"canonical":"https:\/\/likemetkovic.hr\/foto-otvorena-druga-sezona-manifestacije-bozic-u-neretvi\/","og_locale":"hr_HR","og_type":"article","og_title":"FOTO Otvorena druga sezona manifestacije 'Bo\u017ei\u0107 u Neretvi' - likemetkovic.hr","og_description":"Bez obzira na ki\u0161u koja ve\u010deras\u00a0visi nad glavom kratki program otvaranja druge sezone\u00a0Bo\u017ei\u0107a u Neretevi odr\u017ean kako se i o\u010dekuje uz zvuke glazbe.\u00a0Nastupom Gradske glazbe Metkovi\u0107 i Klape sv. Nikola otpo\u010dela je manifestacije\u00a0koja \u0107e se sljede\u0107ih mjesec dana odr\u017eavati na Trgu Franje Tu\u0111mana u Metkovi\u0107u. Pet bo\u017ei\u0107nih ku\u0107ica otvorilo je svoja vrata i prozore&#8230; Ponuda [&hellip;]","og_url":"https:\/\/likemetkovic.hr\/foto-otvorena-druga-sezona-manifestacije-bozic-u-neretvi\/","og_site_name":"likemetkovic.hr","article_publisher":"https:\/\/www.facebook.com\/likemetkovic.hr\/","article_published_time":"2017-12-08T20:39:35+00:00","article_modified_time":"2018-06-08T10:01:55+00:00","og_image":[{"url":"https:\/\/likemetkovic.hr\/wp-content\/uploads\/2017\/12\/bo\u017ei\u0107-u-neretvi-2-630x420.jpg","type":"","width":"","height":""}],"author":"LIKEmetkovic.hr","twitter_card":"summary_large_image","twitter_misc":{"Napisao\/la":"LIKEmetkovic.hr","Procijenjeno vrijeme \u010ditanja":"1 minuta"},"schema":{"@context":"https:\/\/schema.org","@graph":[{"@type":"WebPage","@id":"https:\/\/likemetkovic.hr\/foto-otvorena-druga-sezona-manifestacije-bozic-u-neretvi\/","url":"https:\/\/likemetkovic.hr\/foto-otvorena-druga-sezona-manifestacije-bozic-u-neretvi\/","name":"FOTO Otvorena druga sezona manifestacije 'Bo\u017ei\u0107 u Neretvi' - likemetkovic.hr","isPartOf":{"@id":"https:\/\/likemetkovic.hr\/#website"},"datePublished":"2017-12-08T20:39:35+00:00","dateModified":"2018-06-08T10:01:55+00:00","author":{"@id":"https:\/\/likemetkovic.hr\/#\/schema\/person\/a42711f3385a0e2be6f7e0443bfb28f0"},"breadcrumb":{"@id":"https:\/\/likemetkovic.hr\/foto-otvorena-druga-sezona-manifestacije-bozic-u-neretvi\/#breadcrumb"},"inLanguage":"hr","potentialAction":[{"@type":"ReadAction","target":["https:\/\/likemetkovic.hr\/foto-otvorena-druga-sezona-manifestacije-bozic-u-neretvi\/"]}]},{"@type":"BreadcrumbList","@id":"https:\/\/likemetkovic.hr\/foto-otvorena-druga-sezona-manifestacije-bozic-u-neretvi\/#breadcrumb","itemListElement":[{"@type":"ListItem","position":1,"name":"Po\u010detna stranica","item":"https:\/\/likemetkovic.hr\/portal\/"},{"@type":"ListItem","position":2,"name":"FOTO Otvorena druga sezona manifestacije &#8216;Bo\u017ei\u0107 u Neretvi&#8217;"}]},{"@type":"WebSite","@id":"https:\/\/likemetkovic.hr\/#website","url":"https:\/\/likemetkovic.hr\/","name":"likemetkovic.hr","description":"Misli pozitivno... \u010ditaj LIKE","potentialAction":[{"@type":"SearchAction","target":{"@type":"EntryPoint","urlTemplate":"https:\/\/likemetkovic.hr\/?s={search_term_string}"},"query-input":{"@type":"PropertyValueSpecification","valueRequired":true,"valueName":"search_term_string"}}],"inLanguage":"hr"},{"@type":"Person","@id":"https:\/\/likemetkovic.hr\/#\/schema\/person\/a42711f3385a0e2be6f7e0443bfb28f0","name":"LIKEmetkovic.hr","sameAs":["http:\/\/likemetkovic.hr"],"url":"https:\/\/likemetkovic.hr\/portal\/author\/likemetkovic-hr\/"}]}},"_links":{"self":[{"href":"https:\/\/likemetkovic.hr\/portal\/wp-json\/wp\/v2\/posts\/50445","targetHints":{"allow":["GET"]}}],"collection":[{"href":"https:\/\/likemetkovic.hr\/portal\/wp-json\/wp\/v2\/posts"}],"about":[{"href":"https:\/\/likemetkovic.hr\/portal\/wp-json\/wp\/v2\/types\/post"}],"author":[{"embeddable":true,"href":"https:\/\/likemetkovic.hr\/portal\/wp-json\/wp\/v2\/users\/7"}],"replies":[{"embeddable":true,"href":"https:\/\/likemetkovic.hr\/portal\/wp-json\/wp\/v2\/comments?post=50445"}],"version-history":[{"count":0,"href":"https:\/\/likemetkovic.hr\/portal\/wp-json\/wp\/v2\/posts\/50445\/revisions"}],"wp:attachment":[{"href":"https:\/\/likemetkovic.hr\/portal\/wp-json\/wp\/v2\/media?parent=50445"}],"wp:term":[{"taxonomy":"category","embeddable":true,"href":"https:\/\/likemetkovic.hr\/portal\/wp-json\/wp\/v2\/categories?post=50445"},{"taxonomy":"post_tag","embeddable":true,"href":"https:\/\/likemetkovic.hr\/portal\/wp-json\/wp\/v2\/tags?post=50445"}],"curies":[{"name":"wp","href":"https:\/\/api.w.org\/{rel}","templated":true}]}}