{"id":55059,"date":"2018-03-06T15:29:02","date_gmt":"2018-03-06T14:29:02","guid":{"rendered":"http:\/\/likemetkovic.hr\/?p=55059"},"modified":"2018-03-06T15:29:02","modified_gmt":"2018-03-06T14:29:02","slug":"sudjelujte-u-foto-natjecaju-volim-svoju-zupaniju","status":"publish","type":"post","link":"https:\/\/likemetkovic.hr\/portal\/sudjelujte-u-foto-natjecaju-volim-svoju-zupaniju\/","title":{"rendered":"Sudjelujte u foto-natje\u010daju &#8220;Volim svoju \u017eupaniju!"},"content":{"rendered":"<p>U organizaciji Hrvatske zajednice \u017eupanija u tijeku je tre\u0107e izdanje foto natje\u010daja \u201eVolim svoju \u017eupaniju\u201c. Ba\u0161 kao i u prethodnima, cilj je ovog natje\u010daja fotografijom prikazati regionalni identitet i osigurati prepoznatljivost svake hrvatske \u017eupanije.<\/p>\n<p>Natje\u010daj je otvoren do 20. travnja 2018. godine. Za sudjelovanje je potrebno objektivima zabilje\u017eiti zanimljive detalje, prirodne ljepote ili kulturnu i prirodnu ba\u0161tinu te fotografije dostaviti putem aplikacije na slu\u017ebenoj Facebook stranici Hrvatske zajednice \u017eupanija.<\/p>\n<p>Najbolje fotografije biti \u0107e progla\u0161ene u dvije kategorije; najbolja fotografija prema broju glasova i prema izboru stru\u010dnog \u017eirija, a za najuspje\u0161nije fotografe pripremili smo GoPro Hero 5 kamere.<\/p>\n<p>Iskustvo profesionalne fotografkinje, Mare Milin, vodit \u0107e stru\u010dni \u017eiri. Uz nju pristigle \u0107e radove vrednovati Mateja Go\u0161\u0107ej, voditeljica Odsjeka za odnose s javno\u0161\u0107u Ureda \u017eupana Me\u0111imurske \u017eupanije, Bernardo Pahor, voditelj Odsjeka za protokol i odnose s javno\u0161\u0107u Karlova\u010dke \u017eupanije te Kristijan Toplak iz Ureda \u017eupana Viroviti\u010dko-podravske \u017eupanije. Osim spomenutih \u010dlanova, ove \u0107e godine \u017eiri biti bogatiji i za po\u010dasnog \u010dlana, Alena \u0160piljaka, pobjednika pro\u0161logodi\u0161njeg izdanja.<\/p>\n<p>Sve ostale detalje o natje\u010daju mo\u017eete prona\u0107i na web i Facebook stranicama Hrvatske zajednice \u017eupanija.<br \/>\nTako\u0111er, ne zaboravite zapratiti i na\u0161 Instagram profil \u201eVolim svoju zupaniju\u201c za dodatne detalje i zanimljive popratne sadr\u017eaje.<\/p>\n","protected":false},"excerpt":{"rendered":"<p>U organizaciji Hrvatske zajednice \u017eupanija u tijeku je tre\u0107e izdanje foto natje\u010daja \u201eVolim svoju \u017eupaniju\u201c. Ba\u0161 kao i u prethodnima, cilj je ovog natje\u010daja fotografijom prikazati regionalni identitet i osigurati prepoznatljivost svake hrvatske \u017eupanije. Natje\u010daj je otvoren do 20. travnja 2018. godine. Za sudjelovanje je potrebno objektivima zabilje\u017eiti zanimljive detalje, prirodne ljepote ili kulturnu i [&hellip;]<\/p>\n","protected":false},"author":7,"featured_media":55061,"comment_status":"open","ping_status":"open","sticky":false,"template":"","format":"standard","meta":{"footnotes":""},"categories":[296,300],"tags":[2636,2635],"class_list":{"0":"post-55059","1":"post","2":"type-post","3":"status-publish","4":"format-standard","5":"has-post-thumbnail","7":"category-ab","8":"category-zupanija","9":"tag-fotonatjecaj","10":"tag-volim-svoju-zupaniju"},"yoast_head":"<!-- This site is optimized with the Yoast SEO plugin v25.2 - https:\/\/yoast.com\/wordpress\/plugins\/seo\/ -->\n<title>Sudjelujte u foto-natje\u010daju &quot;Volim svoju \u017eupaniju! - likemetkovic.hr<\/title>\n<meta name=\"robots\" content=\"index, follow, max-snippet:-1, max-image-preview:large, max-video-preview:-1\" \/>\n<link rel=\"canonical\" href=\"https:\/\/likemetkovic.hr\/sudjelujte-u-foto-natjecaju-volim-svoju-zupaniju\/\" \/>\n<meta property=\"og:locale\" content=\"hr_HR\" \/>\n<meta property=\"og:type\" content=\"article\" \/>\n<meta property=\"og:title\" content=\"Sudjelujte u foto-natje\u010daju &quot;Volim svoju \u017eupaniju! - likemetkovic.hr\" \/>\n<meta property=\"og:description\" content=\"U organizaciji Hrvatske zajednice \u017eupanija u tijeku je tre\u0107e izdanje foto natje\u010daja \u201eVolim svoju \u017eupaniju\u201c. Ba\u0161 kao i u prethodnima, cilj je ovog natje\u010daja fotografijom prikazati regionalni identitet i osigurati prepoznatljivost svake hrvatske \u017eupanije. Natje\u010daj je otvoren do 20. travnja 2018. godine. Za sudjelovanje je potrebno objektivima zabilje\u017eiti zanimljive detalje, prirodne ljepote ili kulturnu i [&hellip;]\" \/>\n<meta property=\"og:url\" content=\"https:\/\/likemetkovic.hr\/sudjelujte-u-foto-natjecaju-volim-svoju-zupaniju\/\" \/>\n<meta property=\"og:site_name\" content=\"likemetkovic.hr\" \/>\n<meta property=\"article:publisher\" content=\"https:\/\/www.facebook.com\/likemetkovic.hr\/\" \/>\n<meta property=\"article:published_time\" content=\"2018-03-06T14:29:02+00:00\" \/>\n<meta property=\"og:image\" content=\"https:\/\/likemetkovic.hr\/wp-content\/uploads\/2018\/03\/volim-svoju-zupaniju.jpg\" \/>\n\t<meta property=\"og:image:width\" content=\"1200\" \/>\n\t<meta property=\"og:image:height\" content=\"800\" \/>\n\t<meta property=\"og:image:type\" content=\"image\/jpeg\" \/>\n<meta name=\"author\" content=\"LIKEmetkovic.hr\" \/>\n<meta name=\"twitter:card\" content=\"summary_large_image\" \/>\n<meta name=\"twitter:label1\" content=\"Napisao\/la\" \/>\n\t<meta name=\"twitter:data1\" content=\"LIKEmetkovic.hr\" \/>\n\t<meta name=\"twitter:label2\" content=\"Procijenjeno vrijeme \u010ditanja\" \/>\n\t<meta name=\"twitter:data2\" content=\"1 minuta\" \/>\n<script type=\"application\/ld+json\" class=\"yoast-schema-graph\">{\"@context\":\"https:\/\/schema.org\",\"@graph\":[{\"@type\":\"WebPage\",\"@id\":\"https:\/\/likemetkovic.hr\/sudjelujte-u-foto-natjecaju-volim-svoju-zupaniju\/\",\"url\":\"https:\/\/likemetkovic.hr\/sudjelujte-u-foto-natjecaju-volim-svoju-zupaniju\/\",\"name\":\"Sudjelujte u foto-natje\u010daju \\\"Volim svoju \u017eupaniju! - likemetkovic.hr\",\"isPartOf\":{\"@id\":\"https:\/\/likemetkovic.hr\/#website\"},\"primaryImageOfPage\":{\"@id\":\"https:\/\/likemetkovic.hr\/sudjelujte-u-foto-natjecaju-volim-svoju-zupaniju\/#primaryimage\"},\"image\":{\"@id\":\"https:\/\/likemetkovic.hr\/sudjelujte-u-foto-natjecaju-volim-svoju-zupaniju\/#primaryimage\"},\"thumbnailUrl\":\"https:\/\/likemetkovic.hr\/portal\/wp-content\/uploads\/2018\/03\/volim-svoju-zupaniju.jpg\",\"datePublished\":\"2018-03-06T14:29:02+00:00\",\"author\":{\"@id\":\"https:\/\/likemetkovic.hr\/#\/schema\/person\/a42711f3385a0e2be6f7e0443bfb28f0\"},\"breadcrumb\":{\"@id\":\"https:\/\/likemetkovic.hr\/sudjelujte-u-foto-natjecaju-volim-svoju-zupaniju\/#breadcrumb\"},\"inLanguage\":\"hr\",\"potentialAction\":[{\"@type\":\"ReadAction\",\"target\":[\"https:\/\/likemetkovic.hr\/sudjelujte-u-foto-natjecaju-volim-svoju-zupaniju\/\"]}]},{\"@type\":\"ImageObject\",\"inLanguage\":\"hr\",\"@id\":\"https:\/\/likemetkovic.hr\/sudjelujte-u-foto-natjecaju-volim-svoju-zupaniju\/#primaryimage\",\"url\":\"https:\/\/likemetkovic.hr\/portal\/wp-content\/uploads\/2018\/03\/volim-svoju-zupaniju.jpg\",\"contentUrl\":\"https:\/\/likemetkovic.hr\/portal\/wp-content\/uploads\/2018\/03\/volim-svoju-zupaniju.jpg\",\"width\":1200,\"height\":800},{\"@type\":\"BreadcrumbList\",\"@id\":\"https:\/\/likemetkovic.hr\/sudjelujte-u-foto-natjecaju-volim-svoju-zupaniju\/#breadcrumb\",\"itemListElement\":[{\"@type\":\"ListItem\",\"position\":1,\"name\":\"Po\u010detna stranica\",\"item\":\"https:\/\/likemetkovic.hr\/portal\/\"},{\"@type\":\"ListItem\",\"position\":2,\"name\":\"Sudjelujte u foto-natje\u010daju &#8220;Volim svoju \u017eupaniju!\"}]},{\"@type\":\"WebSite\",\"@id\":\"https:\/\/likemetkovic.hr\/#website\",\"url\":\"https:\/\/likemetkovic.hr\/\",\"name\":\"likemetkovic.hr\",\"description\":\"Misli pozitivno... \u010ditaj LIKE\",\"potentialAction\":[{\"@type\":\"SearchAction\",\"target\":{\"@type\":\"EntryPoint\",\"urlTemplate\":\"https:\/\/likemetkovic.hr\/?s={search_term_string}\"},\"query-input\":{\"@type\":\"PropertyValueSpecification\",\"valueRequired\":true,\"valueName\":\"search_term_string\"}}],\"inLanguage\":\"hr\"},{\"@type\":\"Person\",\"@id\":\"https:\/\/likemetkovic.hr\/#\/schema\/person\/a42711f3385a0e2be6f7e0443bfb28f0\",\"name\":\"LIKEmetkovic.hr\",\"sameAs\":[\"http:\/\/likemetkovic.hr\"],\"url\":\"https:\/\/likemetkovic.hr\/portal\/author\/likemetkovic-hr\/\"}]}<\/script>\n<!-- \/ Yoast SEO plugin. -->","yoast_head_json":{"title":"Sudjelujte u foto-natje\u010daju \"Volim svoju \u017eupaniju! - likemetkovic.hr","robots":{"index":"index","follow":"follow","max-snippet":"max-snippet:-1","max-image-preview":"max-image-preview:large","max-video-preview":"max-video-preview:-1"},"canonical":"https:\/\/likemetkovic.hr\/sudjelujte-u-foto-natjecaju-volim-svoju-zupaniju\/","og_locale":"hr_HR","og_type":"article","og_title":"Sudjelujte u foto-natje\u010daju \"Volim svoju \u017eupaniju! - likemetkovic.hr","og_description":"U organizaciji Hrvatske zajednice \u017eupanija u tijeku je tre\u0107e izdanje foto natje\u010daja \u201eVolim svoju \u017eupaniju\u201c. Ba\u0161 kao i u prethodnima, cilj je ovog natje\u010daja fotografijom prikazati regionalni identitet i osigurati prepoznatljivost svake hrvatske \u017eupanije. Natje\u010daj je otvoren do 20. travnja 2018. godine. Za sudjelovanje je potrebno objektivima zabilje\u017eiti zanimljive detalje, prirodne ljepote ili kulturnu i [&hellip;]","og_url":"https:\/\/likemetkovic.hr\/sudjelujte-u-foto-natjecaju-volim-svoju-zupaniju\/","og_site_name":"likemetkovic.hr","article_publisher":"https:\/\/www.facebook.com\/likemetkovic.hr\/","article_published_time":"2018-03-06T14:29:02+00:00","og_image":[{"width":1200,"height":800,"url":"https:\/\/likemetkovic.hr\/wp-content\/uploads\/2018\/03\/volim-svoju-zupaniju.jpg","type":"image\/jpeg"}],"author":"LIKEmetkovic.hr","twitter_card":"summary_large_image","twitter_misc":{"Napisao\/la":"LIKEmetkovic.hr","Procijenjeno vrijeme \u010ditanja":"1 minuta"},"schema":{"@context":"https:\/\/schema.org","@graph":[{"@type":"WebPage","@id":"https:\/\/likemetkovic.hr\/sudjelujte-u-foto-natjecaju-volim-svoju-zupaniju\/","url":"https:\/\/likemetkovic.hr\/sudjelujte-u-foto-natjecaju-volim-svoju-zupaniju\/","name":"Sudjelujte u foto-natje\u010daju \"Volim svoju \u017eupaniju! - likemetkovic.hr","isPartOf":{"@id":"https:\/\/likemetkovic.hr\/#website"},"primaryImageOfPage":{"@id":"https:\/\/likemetkovic.hr\/sudjelujte-u-foto-natjecaju-volim-svoju-zupaniju\/#primaryimage"},"image":{"@id":"https:\/\/likemetkovic.hr\/sudjelujte-u-foto-natjecaju-volim-svoju-zupaniju\/#primaryimage"},"thumbnailUrl":"https:\/\/likemetkovic.hr\/portal\/wp-content\/uploads\/2018\/03\/volim-svoju-zupaniju.jpg","datePublished":"2018-03-06T14:29:02+00:00","author":{"@id":"https:\/\/likemetkovic.hr\/#\/schema\/person\/a42711f3385a0e2be6f7e0443bfb28f0"},"breadcrumb":{"@id":"https:\/\/likemetkovic.hr\/sudjelujte-u-foto-natjecaju-volim-svoju-zupaniju\/#breadcrumb"},"inLanguage":"hr","potentialAction":[{"@type":"ReadAction","target":["https:\/\/likemetkovic.hr\/sudjelujte-u-foto-natjecaju-volim-svoju-zupaniju\/"]}]},{"@type":"ImageObject","inLanguage":"hr","@id":"https:\/\/likemetkovic.hr\/sudjelujte-u-foto-natjecaju-volim-svoju-zupaniju\/#primaryimage","url":"https:\/\/likemetkovic.hr\/portal\/wp-content\/uploads\/2018\/03\/volim-svoju-zupaniju.jpg","contentUrl":"https:\/\/likemetkovic.hr\/portal\/wp-content\/uploads\/2018\/03\/volim-svoju-zupaniju.jpg","width":1200,"height":800},{"@type":"BreadcrumbList","@id":"https:\/\/likemetkovic.hr\/sudjelujte-u-foto-natjecaju-volim-svoju-zupaniju\/#breadcrumb","itemListElement":[{"@type":"ListItem","position":1,"name":"Po\u010detna stranica","item":"https:\/\/likemetkovic.hr\/portal\/"},{"@type":"ListItem","position":2,"name":"Sudjelujte u foto-natje\u010daju &#8220;Volim svoju \u017eupaniju!"}]},{"@type":"WebSite","@id":"https:\/\/likemetkovic.hr\/#website","url":"https:\/\/likemetkovic.hr\/","name":"likemetkovic.hr","description":"Misli pozitivno... \u010ditaj LIKE","potentialAction":[{"@type":"SearchAction","target":{"@type":"EntryPoint","urlTemplate":"https:\/\/likemetkovic.hr\/?s={search_term_string}"},"query-input":{"@type":"PropertyValueSpecification","valueRequired":true,"valueName":"search_term_string"}}],"inLanguage":"hr"},{"@type":"Person","@id":"https:\/\/likemetkovic.hr\/#\/schema\/person\/a42711f3385a0e2be6f7e0443bfb28f0","name":"LIKEmetkovic.hr","sameAs":["http:\/\/likemetkovic.hr"],"url":"https:\/\/likemetkovic.hr\/portal\/author\/likemetkovic-hr\/"}]}},"_links":{"self":[{"href":"https:\/\/likemetkovic.hr\/portal\/wp-json\/wp\/v2\/posts\/55059","targetHints":{"allow":["GET"]}}],"collection":[{"href":"https:\/\/likemetkovic.hr\/portal\/wp-json\/wp\/v2\/posts"}],"about":[{"href":"https:\/\/likemetkovic.hr\/portal\/wp-json\/wp\/v2\/types\/post"}],"author":[{"embeddable":true,"href":"https:\/\/likemetkovic.hr\/portal\/wp-json\/wp\/v2\/users\/7"}],"replies":[{"embeddable":true,"href":"https:\/\/likemetkovic.hr\/portal\/wp-json\/wp\/v2\/comments?post=55059"}],"version-history":[{"count":0,"href":"https:\/\/likemetkovic.hr\/portal\/wp-json\/wp\/v2\/posts\/55059\/revisions"}],"wp:featuredmedia":[{"embeddable":true,"href":"https:\/\/likemetkovic.hr\/portal\/wp-json\/wp\/v2\/media\/55061"}],"wp:attachment":[{"href":"https:\/\/likemetkovic.hr\/portal\/wp-json\/wp\/v2\/media?parent=55059"}],"wp:term":[{"taxonomy":"category","embeddable":true,"href":"https:\/\/likemetkovic.hr\/portal\/wp-json\/wp\/v2\/categories?post=55059"},{"taxonomy":"post_tag","embeddable":true,"href":"https:\/\/likemetkovic.hr\/portal\/wp-json\/wp\/v2\/tags?post=55059"}],"curies":[{"name":"wp","href":"https:\/\/api.w.org\/{rel}","templated":true}]}}