{"id":5521,"date":"2015-05-20T09:00:32","date_gmt":"2015-05-20T07:00:32","guid":{"rendered":"http:\/\/likemetkovic.hr\/?p=5521"},"modified":"2015-05-19T22:06:21","modified_gmt":"2015-05-19T20:06:21","slug":"intervju-sa-nasim-josipom-ilicem-rukometasom-handball-esch","status":"publish","type":"post","link":"https:\/\/likemetkovic.hr\/portal\/intervju-sa-nasim-josipom-ilicem-rukometasom-handball-esch\/","title":{"rendered":"Intervju sa na\u0161im Josipom Ili\u0107em &#8211; rukometa\u0161om Handball Esch-a"},"content":{"rendered":"<p>Razgovarali smo sa <strong>Josipom Ili\u0107em<\/strong>, izdankom metkovske rukometne \u0161kole, koji trenutno igra u Luksemburgu. Josip je ro\u0111en 27. sije\u010dnja 1989. godine u Metkovi\u0107u kao drugo dijete, pored brata Tonija, u obitelji Ivice i Katarine Ili\u0107. Rukomet igra od 10. godine, a nakon 19 godine, te odlaska iz Metkovi\u0107a igrao je u nekoliko zemalja, dok nije do\u0161ao u klub Handball Esch u kojem sada igra. Evo \u0161to nam je rekao u kratkom razgovoru..<\/p>\n<p><strong>\u00a0Pozdrav Josipe, mo\u017eete li nam ispri\u010dati kako je tekao va\u0161 igra\u010dki put?<\/strong><br \/>\nSa 10 godina sam poceo trenirati u rukometnom klubu RK Metkovic kod trenera Slavke Ujdura. U 16-toj godini sam po\u010deo trenirati s prvom ekipom gdje su me trenirali Mojmir Maji\u0107, Mi\u0161o Veraja i Mate Nikoli\u0107 Pinc. Sa 19 godina sam presao u RK Izvi\u0111ac iz Ljubu\u0161kog gdje sam ostao \u010detiri sezone&#8230; Poslije \u010detvrte sezone u Ljubu\u0161kom otisao sam u Francusku u klub Nancy, gdje sam bio skoro dvije sezone, a od ove sezone sam u Luksemburgu. Tako\u0111er, igrao sam za sve mla\u0111e selekcije Hrvatske pod vodstvom Irfana Smajlagi\u0107a i poslije Slavka Golu\u017ee, gdje smo osvajali zlatne i srebrene medalje na europskom i svjetskom prvenstvu.<br \/>\n<strong>Mo\u017eete li nam ne\u0161to re\u0107i o klubu u kojem sada igrate?<\/strong><br \/>\nKlub u kojem sada igram (Handball Esch) je najuspje\u0161niji klub u Luksemburgu. Prije dvije sezone su igrali finale Challenge cupa, \u0161to je za ovako malu dr\u017eavu bio ogroman uspjeh. Ove sezone smo tako\u0111er u borbi za prvaka , koja ce trajati izgleda sve do zadnjeg kola.<br \/>\n<strong>Kakav je \u017eivot tu u Luksemburgu?<\/strong><br \/>\nSa \u017eivotom ovdje sam stvarno zadovoljan. Ovdje ima puno ljudi sa na\u0161ih prostora tako da se uglavnom s njima dru\u017eim. Tu je i Damir Rezi\u0107, tako\u0111er nas Metkovac, koji je tu ve\u0107 10 godina u jednom drugom klubu.<br \/>\n<strong>Pratite li rukomet u Metkovi\u0107u?<\/strong><br \/>\nNaravno da pratim rukomet u Metkovi\u0107u, vidim da su u\u0161li u zavr\u0161nicu kupa i ovim putem im \u010destitam. \u0160teta \u0161to ove godine nisu u\u0161li u 1.ligu, ali nadam se da \u0107e to u\u010diniti ve\u0107 sljede\u0107e godine.<br \/>\n<strong>Fali li vam Metkovi\u0107 i kako se nosite s time?<\/strong><br \/>\nNormalno da mi fali; zadnji dani pred odlazak ku\u0107i nikad pro\u0107i(haha). Ina\u010de, dolazim u Metkovi\u0107 za Bo\u017ei\u0107 i na ljeto. Volio bih da mogu i \u010de\u0161\u0107e, ali na\u017ealost obaveze u klubu mi to ne dozvoljavaju.<\/p>\n<p>Uz srda\u010dne pozdrave vidimo se na ljeto u Metkovi\u0107u!<\/p>\n<p>naslovna foto: tageblatt.lu<\/p>\n<p>&nbsp;<\/p>\n","protected":false},"excerpt":{"rendered":"<p>Razgovarali smo sa Josipom Ili\u0107em, izdankom metkovske rukometne \u0161kole, koji trenutno igra u Luksemburgu. Josip je ro\u0111en 27. sije\u010dnja 1989. godine u Metkovi\u0107u kao drugo dijete, pored brata Tonija, u obitelji Ivice i Katarine Ili\u0107. Rukomet igra od 10. godine, a nakon 19 godine, te odlaska iz Metkovi\u0107a igrao je u nekoliko zemalja, dok nije [&hellip;]<\/p>\n","protected":false},"author":7,"featured_media":5530,"comment_status":"closed","ping_status":"closed","sticky":false,"template":"","format":"standard","meta":{"footnotes":""},"categories":[31,10],"tags":[],"class_list":{"0":"post-5521","1":"post","2":"type-post","3":"status-publish","4":"format-standard","5":"has-post-thumbnail","7":"category-rukomet","8":"category-sport"},"yoast_head":"<!-- This site is optimized with the Yoast SEO plugin v25.2 - https:\/\/yoast.com\/wordpress\/plugins\/seo\/ -->\n<title>Intervju sa na\u0161im Josipom Ili\u0107em - rukometa\u0161om Handball Esch-a<\/title>\n<meta name=\"robots\" content=\"index, follow, max-snippet:-1, max-image-preview:large, max-video-preview:-1\" \/>\n<link rel=\"canonical\" href=\"https:\/\/likemetkovic.hr\/intervju-sa-nasim-josipom-ilicem-rukometasom-handball-esch\/\" \/>\n<meta property=\"og:locale\" content=\"hr_HR\" \/>\n<meta property=\"og:type\" content=\"article\" \/>\n<meta property=\"og:title\" content=\"Intervju sa na\u0161im Josipom Ili\u0107em - rukometa\u0161om Handball Esch-a\" \/>\n<meta property=\"og:description\" content=\"Razgovarali smo sa Josipom Ili\u0107em, izdankom metkovske rukometne \u0161kole, koji trenutno igra u Luksemburgu. Josip je ro\u0111en 27. sije\u010dnja 1989. godine u Metkovi\u0107u kao drugo dijete, pored brata Tonija, u obitelji Ivice i Katarine Ili\u0107. Rukomet igra od 10. godine, a nakon 19 godine, te odlaska iz Metkovi\u0107a igrao je u nekoliko zemalja, dok nije [&hellip;]\" \/>\n<meta property=\"og:url\" content=\"https:\/\/likemetkovic.hr\/intervju-sa-nasim-josipom-ilicem-rukometasom-handball-esch\/\" \/>\n<meta property=\"og:site_name\" content=\"likemetkovic.hr\" \/>\n<meta property=\"article:publisher\" content=\"https:\/\/www.facebook.com\/likemetkovic.hr\/\" \/>\n<meta property=\"article:published_time\" content=\"2015-05-20T07:00:32+00:00\" \/>\n<meta property=\"og:image\" content=\"https:\/\/likemetkovic.hr\/wp-content\/uploads\/2015\/05\/reeeee.jpg\" \/>\n\t<meta property=\"og:image:width\" content=\"800\" \/>\n\t<meta property=\"og:image:height\" content=\"533\" \/>\n\t<meta property=\"og:image:type\" content=\"image\/jpeg\" \/>\n<meta name=\"author\" content=\"LIKEmetkovic.hr\" \/>\n<meta name=\"twitter:card\" content=\"summary_large_image\" \/>\n<meta name=\"twitter:label1\" content=\"Napisao\/la\" \/>\n\t<meta name=\"twitter:data1\" content=\"LIKEmetkovic.hr\" \/>\n\t<meta name=\"twitter:label2\" content=\"Procijenjeno vrijeme \u010ditanja\" \/>\n\t<meta name=\"twitter:data2\" content=\"2 minute\" \/>\n<script type=\"application\/ld+json\" class=\"yoast-schema-graph\">{\"@context\":\"https:\/\/schema.org\",\"@graph\":[{\"@type\":\"WebPage\",\"@id\":\"https:\/\/likemetkovic.hr\/intervju-sa-nasim-josipom-ilicem-rukometasom-handball-esch\/\",\"url\":\"https:\/\/likemetkovic.hr\/intervju-sa-nasim-josipom-ilicem-rukometasom-handball-esch\/\",\"name\":\"Intervju sa na\u0161im Josipom Ili\u0107em - rukometa\u0161om Handball Esch-a\",\"isPartOf\":{\"@id\":\"https:\/\/likemetkovic.hr\/#website\"},\"primaryImageOfPage\":{\"@id\":\"https:\/\/likemetkovic.hr\/intervju-sa-nasim-josipom-ilicem-rukometasom-handball-esch\/#primaryimage\"},\"image\":{\"@id\":\"https:\/\/likemetkovic.hr\/intervju-sa-nasim-josipom-ilicem-rukometasom-handball-esch\/#primaryimage\"},\"thumbnailUrl\":\"https:\/\/likemetkovic.hr\/portal\/wp-content\/uploads\/2015\/05\/reeeee.jpg\",\"datePublished\":\"2015-05-20T07:00:32+00:00\",\"author\":{\"@id\":\"https:\/\/likemetkovic.hr\/#\/schema\/person\/a42711f3385a0e2be6f7e0443bfb28f0\"},\"breadcrumb\":{\"@id\":\"https:\/\/likemetkovic.hr\/intervju-sa-nasim-josipom-ilicem-rukometasom-handball-esch\/#breadcrumb\"},\"inLanguage\":\"hr\",\"potentialAction\":[{\"@type\":\"ReadAction\",\"target\":[\"https:\/\/likemetkovic.hr\/intervju-sa-nasim-josipom-ilicem-rukometasom-handball-esch\/\"]}]},{\"@type\":\"ImageObject\",\"inLanguage\":\"hr\",\"@id\":\"https:\/\/likemetkovic.hr\/intervju-sa-nasim-josipom-ilicem-rukometasom-handball-esch\/#primaryimage\",\"url\":\"https:\/\/likemetkovic.hr\/portal\/wp-content\/uploads\/2015\/05\/reeeee.jpg\",\"contentUrl\":\"https:\/\/likemetkovic.hr\/portal\/wp-content\/uploads\/2015\/05\/reeeee.jpg\",\"width\":800,\"height\":533},{\"@type\":\"BreadcrumbList\",\"@id\":\"https:\/\/likemetkovic.hr\/intervju-sa-nasim-josipom-ilicem-rukometasom-handball-esch\/#breadcrumb\",\"itemListElement\":[{\"@type\":\"ListItem\",\"position\":1,\"name\":\"Po\u010detna stranica\",\"item\":\"https:\/\/likemetkovic.hr\/portal\/\"},{\"@type\":\"ListItem\",\"position\":2,\"name\":\"Intervju sa na\u0161im Josipom Ili\u0107em &#8211; rukometa\u0161om Handball Esch-a\"}]},{\"@type\":\"WebSite\",\"@id\":\"https:\/\/likemetkovic.hr\/#website\",\"url\":\"https:\/\/likemetkovic.hr\/\",\"name\":\"likemetkovic.hr\",\"description\":\"Misli pozitivno... \u010ditaj LIKE\",\"potentialAction\":[{\"@type\":\"SearchAction\",\"target\":{\"@type\":\"EntryPoint\",\"urlTemplate\":\"https:\/\/likemetkovic.hr\/?s={search_term_string}\"},\"query-input\":{\"@type\":\"PropertyValueSpecification\",\"valueRequired\":true,\"valueName\":\"search_term_string\"}}],\"inLanguage\":\"hr\"},{\"@type\":\"Person\",\"@id\":\"https:\/\/likemetkovic.hr\/#\/schema\/person\/a42711f3385a0e2be6f7e0443bfb28f0\",\"name\":\"LIKEmetkovic.hr\",\"sameAs\":[\"http:\/\/likemetkovic.hr\"],\"url\":\"https:\/\/likemetkovic.hr\/portal\/author\/likemetkovic-hr\/\"}]}<\/script>\n<!-- \/ Yoast SEO plugin. -->","yoast_head_json":{"title":"Intervju sa na\u0161im Josipom Ili\u0107em - rukometa\u0161om Handball Esch-a","robots":{"index":"index","follow":"follow","max-snippet":"max-snippet:-1","max-image-preview":"max-image-preview:large","max-video-preview":"max-video-preview:-1"},"canonical":"https:\/\/likemetkovic.hr\/intervju-sa-nasim-josipom-ilicem-rukometasom-handball-esch\/","og_locale":"hr_HR","og_type":"article","og_title":"Intervju sa na\u0161im Josipom Ili\u0107em - rukometa\u0161om Handball Esch-a","og_description":"Razgovarali smo sa Josipom Ili\u0107em, izdankom metkovske rukometne \u0161kole, koji trenutno igra u Luksemburgu. Josip je ro\u0111en 27. sije\u010dnja 1989. godine u Metkovi\u0107u kao drugo dijete, pored brata Tonija, u obitelji Ivice i Katarine Ili\u0107. Rukomet igra od 10. godine, a nakon 19 godine, te odlaska iz Metkovi\u0107a igrao je u nekoliko zemalja, dok nije [&hellip;]","og_url":"https:\/\/likemetkovic.hr\/intervju-sa-nasim-josipom-ilicem-rukometasom-handball-esch\/","og_site_name":"likemetkovic.hr","article_publisher":"https:\/\/www.facebook.com\/likemetkovic.hr\/","article_published_time":"2015-05-20T07:00:32+00:00","og_image":[{"width":800,"height":533,"url":"https:\/\/likemetkovic.hr\/wp-content\/uploads\/2015\/05\/reeeee.jpg","type":"image\/jpeg"}],"author":"LIKEmetkovic.hr","twitter_card":"summary_large_image","twitter_misc":{"Napisao\/la":"LIKEmetkovic.hr","Procijenjeno vrijeme \u010ditanja":"2 minute"},"schema":{"@context":"https:\/\/schema.org","@graph":[{"@type":"WebPage","@id":"https:\/\/likemetkovic.hr\/intervju-sa-nasim-josipom-ilicem-rukometasom-handball-esch\/","url":"https:\/\/likemetkovic.hr\/intervju-sa-nasim-josipom-ilicem-rukometasom-handball-esch\/","name":"Intervju sa na\u0161im Josipom Ili\u0107em - rukometa\u0161om Handball Esch-a","isPartOf":{"@id":"https:\/\/likemetkovic.hr\/#website"},"primaryImageOfPage":{"@id":"https:\/\/likemetkovic.hr\/intervju-sa-nasim-josipom-ilicem-rukometasom-handball-esch\/#primaryimage"},"image":{"@id":"https:\/\/likemetkovic.hr\/intervju-sa-nasim-josipom-ilicem-rukometasom-handball-esch\/#primaryimage"},"thumbnailUrl":"https:\/\/likemetkovic.hr\/portal\/wp-content\/uploads\/2015\/05\/reeeee.jpg","datePublished":"2015-05-20T07:00:32+00:00","author":{"@id":"https:\/\/likemetkovic.hr\/#\/schema\/person\/a42711f3385a0e2be6f7e0443bfb28f0"},"breadcrumb":{"@id":"https:\/\/likemetkovic.hr\/intervju-sa-nasim-josipom-ilicem-rukometasom-handball-esch\/#breadcrumb"},"inLanguage":"hr","potentialAction":[{"@type":"ReadAction","target":["https:\/\/likemetkovic.hr\/intervju-sa-nasim-josipom-ilicem-rukometasom-handball-esch\/"]}]},{"@type":"ImageObject","inLanguage":"hr","@id":"https:\/\/likemetkovic.hr\/intervju-sa-nasim-josipom-ilicem-rukometasom-handball-esch\/#primaryimage","url":"https:\/\/likemetkovic.hr\/portal\/wp-content\/uploads\/2015\/05\/reeeee.jpg","contentUrl":"https:\/\/likemetkovic.hr\/portal\/wp-content\/uploads\/2015\/05\/reeeee.jpg","width":800,"height":533},{"@type":"BreadcrumbList","@id":"https:\/\/likemetkovic.hr\/intervju-sa-nasim-josipom-ilicem-rukometasom-handball-esch\/#breadcrumb","itemListElement":[{"@type":"ListItem","position":1,"name":"Po\u010detna stranica","item":"https:\/\/likemetkovic.hr\/portal\/"},{"@type":"ListItem","position":2,"name":"Intervju sa na\u0161im Josipom Ili\u0107em &#8211; rukometa\u0161om Handball Esch-a"}]},{"@type":"WebSite","@id":"https:\/\/likemetkovic.hr\/#website","url":"https:\/\/likemetkovic.hr\/","name":"likemetkovic.hr","description":"Misli pozitivno... \u010ditaj LIKE","potentialAction":[{"@type":"SearchAction","target":{"@type":"EntryPoint","urlTemplate":"https:\/\/likemetkovic.hr\/?s={search_term_string}"},"query-input":{"@type":"PropertyValueSpecification","valueRequired":true,"valueName":"search_term_string"}}],"inLanguage":"hr"},{"@type":"Person","@id":"https:\/\/likemetkovic.hr\/#\/schema\/person\/a42711f3385a0e2be6f7e0443bfb28f0","name":"LIKEmetkovic.hr","sameAs":["http:\/\/likemetkovic.hr"],"url":"https:\/\/likemetkovic.hr\/portal\/author\/likemetkovic-hr\/"}]}},"_links":{"self":[{"href":"https:\/\/likemetkovic.hr\/portal\/wp-json\/wp\/v2\/posts\/5521","targetHints":{"allow":["GET"]}}],"collection":[{"href":"https:\/\/likemetkovic.hr\/portal\/wp-json\/wp\/v2\/posts"}],"about":[{"href":"https:\/\/likemetkovic.hr\/portal\/wp-json\/wp\/v2\/types\/post"}],"author":[{"embeddable":true,"href":"https:\/\/likemetkovic.hr\/portal\/wp-json\/wp\/v2\/users\/7"}],"replies":[{"embeddable":true,"href":"https:\/\/likemetkovic.hr\/portal\/wp-json\/wp\/v2\/comments?post=5521"}],"version-history":[{"count":0,"href":"https:\/\/likemetkovic.hr\/portal\/wp-json\/wp\/v2\/posts\/5521\/revisions"}],"wp:featuredmedia":[{"embeddable":true,"href":"https:\/\/likemetkovic.hr\/portal\/wp-json\/wp\/v2\/media\/5530"}],"wp:attachment":[{"href":"https:\/\/likemetkovic.hr\/portal\/wp-json\/wp\/v2\/media?parent=5521"}],"wp:term":[{"taxonomy":"category","embeddable":true,"href":"https:\/\/likemetkovic.hr\/portal\/wp-json\/wp\/v2\/categories?post=5521"},{"taxonomy":"post_tag","embeddable":true,"href":"https:\/\/likemetkovic.hr\/portal\/wp-json\/wp\/v2\/tags?post=5521"}],"curies":[{"name":"wp","href":"https:\/\/api.w.org\/{rel}","templated":true}]}}