{"id":56655,"date":"2018-04-11T08:22:06","date_gmt":"2018-04-11T06:22:06","guid":{"rendered":"http:\/\/likemetkovic.hr\/?p=56655"},"modified":"2018-04-10T23:59:57","modified_gmt":"2018-04-10T21:59:57","slug":"najava-koncert-povodom-10-godina-zbora-i-benda-mladih-u-zupi-sv-ilije","status":"publish","type":"post","link":"https:\/\/likemetkovic.hr\/portal\/najava-koncert-povodom-10-godina-zbora-i-benda-mladih-u-zupi-sv-ilije\/","title":{"rendered":"NAJAVA Koncert povodom deset godina Zbora i benda mladih u \u017dupi sv. Ilije"},"content":{"rendered":"<p>U nedjelju, 15. travnja, u crkvi sv. Ilije s po\u010detkom u 20 sati bit \u0107e koncert\u00a0Zbora i benda mladih u \u017dupi sv. Ilije, i to povodom desete obljetnice djelovanja.<\/p>\n<p class=\"m_-6024282151675152955gmail-MsoNormalCxSpMiddle\">Prije to\u010dno deset godina na inicijativu <strong>fra Filipa Mimice<\/strong> i uz podr\u0161ku tada\u0161njeg \u017eupnika fra Du\u0161ana D\u017eimbega, pokrenut je Zbor i bend mladih kojemu je prvotni cilj bio predvoditi pjevanje na nedjeljnoj misi za mlade. Uz fra Filipa zbor u kontinuitetu do danas vodi <strong>Milan Kapovi\u0107.<\/strong><\/p>\n<p>U ovih deset godina kroz zbor je pro\u0161lo 70-tak mladih od kojih se neki danas profesionalno bave glazbom. Osim u crkvi sv. Ilije, na\u0161i mladi zbora\u0161i su gostovali i u drugim \u017eupama, a 2011. su bili u HKM u Munchenu.<\/p>\n<div class=\"youtube-embed\" data-video_id=\"s6AT-CyMXfo\"><iframe title=\"Zbor mladih \u017eupe sv. Ilije Metkovi\u0107 - &quot;Zvjezdice i bend&quot;\" width=\"696\" height=\"392\" src=\"https:\/\/www.youtube.com\/embed\/s6AT-CyMXfo?feature=oembed&#038;enablejsapi=1\" frameborder=\"0\" allow=\"accelerometer; autoplay; encrypted-media; gyroscope; picture-in-picture\" allowfullscreen><\/iframe><\/div>\n<p>Nakon odlaska fra Filipa Mimice iz Metkovi\u0107a Milanu su u vo\u0111enju zbora pomagali\u00a0<strong>fra Lukica Vojkovi\u0107 i prof. Zrinka Boras<\/strong>. Od prvog dana Zboru i bendu mladih je nesebi\u010dnu tehni\u010dku podr\u0161ku pru\u017eao <strong>Mario Erceg<\/strong>.<\/p>\n<p class=\"m_-6024282151675152955gmail-MsoNormalCxSpMiddle\">Ansambl danas broji 20 \u010dlanova, a u adventskom i bo\u017ei\u0107nom vremenu nerijetko im se pridru\u017ee stari \u010dlanovi benda.<\/p>\n<p>Evo kako je to sve po\u010delo na Mali Uskrs 2008.!<\/p>\n<div class=\"youtube-embed\" data-video_id=\"KEPLDy7J3KI\"><iframe title=\"Zvjezdice - Prva misa 2009.\" width=\"696\" height=\"392\" src=\"https:\/\/www.youtube.com\/embed\/KEPLDy7J3KI?feature=oembed&#038;enablejsapi=1\" frameborder=\"0\" allow=\"accelerometer; autoplay; encrypted-media; gyroscope; picture-in-picture\" allowfullscreen><\/iframe><\/div>\n<p>&nbsp;<\/p>\n<p>&nbsp;<\/p>\n<p>&nbsp;<\/p>\n","protected":false},"excerpt":{"rendered":"<p>U nedjelju, 15. travnja, u crkvi sv. Ilije s po\u010detkom u 20 sati bit \u0107e koncert\u00a0Zbora i benda mladih u \u017dupi sv. Ilije, i to povodom desete obljetnice djelovanja. Prije to\u010dno deset godina na inicijativu fra Filipa Mimice i uz podr\u0161ku tada\u0161njeg \u017eupnika fra Du\u0161ana D\u017eimbega, pokrenut je Zbor i bend mladih kojemu je prvotni [&hellip;]<\/p>\n","protected":false},"author":7,"featured_media":55880,"comment_status":"open","ping_status":"open","sticky":false,"template":"","format":"video","meta":{"footnotes":""},"categories":[296,27],"tags":[2928,2850],"class_list":{"0":"post-56655","1":"post","2":"type-post","3":"status-publish","4":"format-video","5":"has-post-thumbnail","7":"category-ab","8":"category-vjera-i-zivot","9":"tag-zbor-i-bend-mladih","10":"tag-zupa-sv-ilije-metkovic","11":"post_format-post-format-video"},"yoast_head":"<!-- This site is optimized with the Yoast SEO plugin v25.2 - https:\/\/yoast.com\/wordpress\/plugins\/seo\/ -->\n<title>NAJAVA Koncert povodom deset godina Zbora i benda mladih u \u017dupi sv. Ilije - likemetkovic.hr<\/title>\n<meta name=\"description\" content=\"U nedjelju, 15. travnja, u crkvi sv. Ilije s po\u010detkom u 20 sati bit \u0107e koncert\u00a0Zbora i benda mladih u \u017dupi sv. Ilije, i to povodom desete obljetnice djelovanja.\" \/>\n<meta name=\"robots\" content=\"index, follow, max-snippet:-1, max-image-preview:large, max-video-preview:-1\" \/>\n<link rel=\"canonical\" href=\"https:\/\/likemetkovic.hr\/najava-koncert-povodom-10-godina-zbora-i-benda-mladih-u-zupi-sv-ilije\/\" \/>\n<meta property=\"og:locale\" content=\"hr_HR\" \/>\n<meta property=\"og:type\" content=\"article\" \/>\n<meta property=\"og:title\" content=\"NAJAVA Koncert povodom deset godina Zbora i benda mladih u \u017dupi sv. Ilije - likemetkovic.hr\" \/>\n<meta property=\"og:description\" content=\"U nedjelju, 15. travnja, u crkvi sv. Ilije s po\u010detkom u 20 sati bit \u0107e koncert\u00a0Zbora i benda mladih u \u017dupi sv. Ilije, i to povodom desete obljetnice djelovanja.\" \/>\n<meta property=\"og:url\" content=\"https:\/\/likemetkovic.hr\/najava-koncert-povodom-10-godina-zbora-i-benda-mladih-u-zupi-sv-ilije\/\" \/>\n<meta property=\"og:site_name\" content=\"likemetkovic.hr\" \/>\n<meta property=\"article:publisher\" content=\"https:\/\/www.facebook.com\/likemetkovic.hr\/\" \/>\n<meta property=\"article:published_time\" content=\"2018-04-11T06:22:06+00:00\" \/>\n<meta property=\"og:image\" content=\"https:\/\/likemetkovic.hr\/wp-content\/uploads\/2018\/03\/spomen-na-mati\u0161u-raj\u010di\u0107a-13.jpg\" \/>\n\t<meta property=\"og:image:width\" content=\"800\" \/>\n\t<meta property=\"og:image:height\" content=\"534\" \/>\n\t<meta property=\"og:image:type\" content=\"image\/jpeg\" \/>\n<meta name=\"author\" content=\"LIKEmetkovic.hr\" \/>\n<meta name=\"twitter:card\" content=\"summary_large_image\" \/>\n<meta name=\"twitter:label1\" content=\"Napisao\/la\" \/>\n\t<meta name=\"twitter:data1\" content=\"LIKEmetkovic.hr\" \/>\n\t<meta name=\"twitter:label2\" content=\"Procijenjeno vrijeme \u010ditanja\" \/>\n\t<meta name=\"twitter:data2\" content=\"1 minuta\" \/>\n<script type=\"application\/ld+json\" class=\"yoast-schema-graph\">{\"@context\":\"https:\/\/schema.org\",\"@graph\":[{\"@type\":\"WebPage\",\"@id\":\"https:\/\/likemetkovic.hr\/najava-koncert-povodom-10-godina-zbora-i-benda-mladih-u-zupi-sv-ilije\/\",\"url\":\"https:\/\/likemetkovic.hr\/najava-koncert-povodom-10-godina-zbora-i-benda-mladih-u-zupi-sv-ilije\/\",\"name\":\"NAJAVA Koncert povodom deset godina Zbora i benda mladih u \u017dupi sv. Ilije - likemetkovic.hr\",\"isPartOf\":{\"@id\":\"https:\/\/likemetkovic.hr\/#website\"},\"primaryImageOfPage\":{\"@id\":\"https:\/\/likemetkovic.hr\/najava-koncert-povodom-10-godina-zbora-i-benda-mladih-u-zupi-sv-ilije\/#primaryimage\"},\"image\":{\"@id\":\"https:\/\/likemetkovic.hr\/najava-koncert-povodom-10-godina-zbora-i-benda-mladih-u-zupi-sv-ilije\/#primaryimage\"},\"thumbnailUrl\":\"https:\/\/likemetkovic.hr\/portal\/wp-content\/uploads\/2018\/03\/spomen-na-mati\u0161u-raj\u010di\u0107a-13.jpg\",\"datePublished\":\"2018-04-11T06:22:06+00:00\",\"author\":{\"@id\":\"https:\/\/likemetkovic.hr\/#\/schema\/person\/a42711f3385a0e2be6f7e0443bfb28f0\"},\"description\":\"U nedjelju, 15. travnja, u crkvi sv. Ilije s po\u010detkom u 20 sati bit \u0107e koncert\u00a0Zbora i benda mladih u \u017dupi sv. Ilije, i to povodom desete obljetnice djelovanja.\",\"breadcrumb\":{\"@id\":\"https:\/\/likemetkovic.hr\/najava-koncert-povodom-10-godina-zbora-i-benda-mladih-u-zupi-sv-ilije\/#breadcrumb\"},\"inLanguage\":\"hr\",\"potentialAction\":[{\"@type\":\"ReadAction\",\"target\":[\"https:\/\/likemetkovic.hr\/najava-koncert-povodom-10-godina-zbora-i-benda-mladih-u-zupi-sv-ilije\/\"]}]},{\"@type\":\"ImageObject\",\"inLanguage\":\"hr\",\"@id\":\"https:\/\/likemetkovic.hr\/najava-koncert-povodom-10-godina-zbora-i-benda-mladih-u-zupi-sv-ilije\/#primaryimage\",\"url\":\"https:\/\/likemetkovic.hr\/portal\/wp-content\/uploads\/2018\/03\/spomen-na-mati\u0161u-raj\u010di\u0107a-13.jpg\",\"contentUrl\":\"https:\/\/likemetkovic.hr\/portal\/wp-content\/uploads\/2018\/03\/spomen-na-mati\u0161u-raj\u010di\u0107a-13.jpg\",\"width\":800,\"height\":534},{\"@type\":\"BreadcrumbList\",\"@id\":\"https:\/\/likemetkovic.hr\/najava-koncert-povodom-10-godina-zbora-i-benda-mladih-u-zupi-sv-ilije\/#breadcrumb\",\"itemListElement\":[{\"@type\":\"ListItem\",\"position\":1,\"name\":\"Po\u010detna stranica\",\"item\":\"https:\/\/likemetkovic.hr\/portal\/\"},{\"@type\":\"ListItem\",\"position\":2,\"name\":\"NAJAVA Koncert povodom deset godina Zbora i benda mladih u \u017dupi sv. Ilije\"}]},{\"@type\":\"WebSite\",\"@id\":\"https:\/\/likemetkovic.hr\/#website\",\"url\":\"https:\/\/likemetkovic.hr\/\",\"name\":\"likemetkovic.hr\",\"description\":\"Misli pozitivno... \u010ditaj LIKE\",\"potentialAction\":[{\"@type\":\"SearchAction\",\"target\":{\"@type\":\"EntryPoint\",\"urlTemplate\":\"https:\/\/likemetkovic.hr\/?s={search_term_string}\"},\"query-input\":{\"@type\":\"PropertyValueSpecification\",\"valueRequired\":true,\"valueName\":\"search_term_string\"}}],\"inLanguage\":\"hr\"},{\"@type\":\"Person\",\"@id\":\"https:\/\/likemetkovic.hr\/#\/schema\/person\/a42711f3385a0e2be6f7e0443bfb28f0\",\"name\":\"LIKEmetkovic.hr\",\"sameAs\":[\"http:\/\/likemetkovic.hr\"],\"url\":\"https:\/\/likemetkovic.hr\/portal\/author\/likemetkovic-hr\/\"}]}<\/script>\n<!-- \/ Yoast SEO plugin. -->","yoast_head_json":{"title":"NAJAVA Koncert povodom deset godina Zbora i benda mladih u \u017dupi sv. Ilije - likemetkovic.hr","description":"U nedjelju, 15. travnja, u crkvi sv. Ilije s po\u010detkom u 20 sati bit \u0107e koncert\u00a0Zbora i benda mladih u \u017dupi sv. Ilije, i to povodom desete obljetnice djelovanja.","robots":{"index":"index","follow":"follow","max-snippet":"max-snippet:-1","max-image-preview":"max-image-preview:large","max-video-preview":"max-video-preview:-1"},"canonical":"https:\/\/likemetkovic.hr\/najava-koncert-povodom-10-godina-zbora-i-benda-mladih-u-zupi-sv-ilije\/","og_locale":"hr_HR","og_type":"article","og_title":"NAJAVA Koncert povodom deset godina Zbora i benda mladih u \u017dupi sv. Ilije - likemetkovic.hr","og_description":"U nedjelju, 15. travnja, u crkvi sv. Ilije s po\u010detkom u 20 sati bit \u0107e koncert\u00a0Zbora i benda mladih u \u017dupi sv. Ilije, i to povodom desete obljetnice djelovanja.","og_url":"https:\/\/likemetkovic.hr\/najava-koncert-povodom-10-godina-zbora-i-benda-mladih-u-zupi-sv-ilije\/","og_site_name":"likemetkovic.hr","article_publisher":"https:\/\/www.facebook.com\/likemetkovic.hr\/","article_published_time":"2018-04-11T06:22:06+00:00","og_image":[{"width":800,"height":534,"url":"https:\/\/likemetkovic.hr\/wp-content\/uploads\/2018\/03\/spomen-na-mati\u0161u-raj\u010di\u0107a-13.jpg","type":"image\/jpeg"}],"author":"LIKEmetkovic.hr","twitter_card":"summary_large_image","twitter_misc":{"Napisao\/la":"LIKEmetkovic.hr","Procijenjeno vrijeme \u010ditanja":"1 minuta"},"schema":{"@context":"https:\/\/schema.org","@graph":[{"@type":"WebPage","@id":"https:\/\/likemetkovic.hr\/najava-koncert-povodom-10-godina-zbora-i-benda-mladih-u-zupi-sv-ilije\/","url":"https:\/\/likemetkovic.hr\/najava-koncert-povodom-10-godina-zbora-i-benda-mladih-u-zupi-sv-ilije\/","name":"NAJAVA Koncert povodom deset godina Zbora i benda mladih u \u017dupi sv. Ilije - likemetkovic.hr","isPartOf":{"@id":"https:\/\/likemetkovic.hr\/#website"},"primaryImageOfPage":{"@id":"https:\/\/likemetkovic.hr\/najava-koncert-povodom-10-godina-zbora-i-benda-mladih-u-zupi-sv-ilije\/#primaryimage"},"image":{"@id":"https:\/\/likemetkovic.hr\/najava-koncert-povodom-10-godina-zbora-i-benda-mladih-u-zupi-sv-ilije\/#primaryimage"},"thumbnailUrl":"https:\/\/likemetkovic.hr\/portal\/wp-content\/uploads\/2018\/03\/spomen-na-mati\u0161u-raj\u010di\u0107a-13.jpg","datePublished":"2018-04-11T06:22:06+00:00","author":{"@id":"https:\/\/likemetkovic.hr\/#\/schema\/person\/a42711f3385a0e2be6f7e0443bfb28f0"},"description":"U nedjelju, 15. travnja, u crkvi sv. Ilije s po\u010detkom u 20 sati bit \u0107e koncert\u00a0Zbora i benda mladih u \u017dupi sv. Ilije, i to povodom desete obljetnice djelovanja.","breadcrumb":{"@id":"https:\/\/likemetkovic.hr\/najava-koncert-povodom-10-godina-zbora-i-benda-mladih-u-zupi-sv-ilije\/#breadcrumb"},"inLanguage":"hr","potentialAction":[{"@type":"ReadAction","target":["https:\/\/likemetkovic.hr\/najava-koncert-povodom-10-godina-zbora-i-benda-mladih-u-zupi-sv-ilije\/"]}]},{"@type":"ImageObject","inLanguage":"hr","@id":"https:\/\/likemetkovic.hr\/najava-koncert-povodom-10-godina-zbora-i-benda-mladih-u-zupi-sv-ilije\/#primaryimage","url":"https:\/\/likemetkovic.hr\/portal\/wp-content\/uploads\/2018\/03\/spomen-na-mati\u0161u-raj\u010di\u0107a-13.jpg","contentUrl":"https:\/\/likemetkovic.hr\/portal\/wp-content\/uploads\/2018\/03\/spomen-na-mati\u0161u-raj\u010di\u0107a-13.jpg","width":800,"height":534},{"@type":"BreadcrumbList","@id":"https:\/\/likemetkovic.hr\/najava-koncert-povodom-10-godina-zbora-i-benda-mladih-u-zupi-sv-ilije\/#breadcrumb","itemListElement":[{"@type":"ListItem","position":1,"name":"Po\u010detna stranica","item":"https:\/\/likemetkovic.hr\/portal\/"},{"@type":"ListItem","position":2,"name":"NAJAVA Koncert povodom deset godina Zbora i benda mladih u \u017dupi sv. Ilije"}]},{"@type":"WebSite","@id":"https:\/\/likemetkovic.hr\/#website","url":"https:\/\/likemetkovic.hr\/","name":"likemetkovic.hr","description":"Misli pozitivno... \u010ditaj LIKE","potentialAction":[{"@type":"SearchAction","target":{"@type":"EntryPoint","urlTemplate":"https:\/\/likemetkovic.hr\/?s={search_term_string}"},"query-input":{"@type":"PropertyValueSpecification","valueRequired":true,"valueName":"search_term_string"}}],"inLanguage":"hr"},{"@type":"Person","@id":"https:\/\/likemetkovic.hr\/#\/schema\/person\/a42711f3385a0e2be6f7e0443bfb28f0","name":"LIKEmetkovic.hr","sameAs":["http:\/\/likemetkovic.hr"],"url":"https:\/\/likemetkovic.hr\/portal\/author\/likemetkovic-hr\/"}]}},"_links":{"self":[{"href":"https:\/\/likemetkovic.hr\/portal\/wp-json\/wp\/v2\/posts\/56655","targetHints":{"allow":["GET"]}}],"collection":[{"href":"https:\/\/likemetkovic.hr\/portal\/wp-json\/wp\/v2\/posts"}],"about":[{"href":"https:\/\/likemetkovic.hr\/portal\/wp-json\/wp\/v2\/types\/post"}],"author":[{"embeddable":true,"href":"https:\/\/likemetkovic.hr\/portal\/wp-json\/wp\/v2\/users\/7"}],"replies":[{"embeddable":true,"href":"https:\/\/likemetkovic.hr\/portal\/wp-json\/wp\/v2\/comments?post=56655"}],"version-history":[{"count":0,"href":"https:\/\/likemetkovic.hr\/portal\/wp-json\/wp\/v2\/posts\/56655\/revisions"}],"wp:featuredmedia":[{"embeddable":true,"href":"https:\/\/likemetkovic.hr\/portal\/wp-json\/wp\/v2\/media\/55880"}],"wp:attachment":[{"href":"https:\/\/likemetkovic.hr\/portal\/wp-json\/wp\/v2\/media?parent=56655"}],"wp:term":[{"taxonomy":"category","embeddable":true,"href":"https:\/\/likemetkovic.hr\/portal\/wp-json\/wp\/v2\/categories?post=56655"},{"taxonomy":"post_tag","embeddable":true,"href":"https:\/\/likemetkovic.hr\/portal\/wp-json\/wp\/v2\/tags?post=56655"}],"curies":[{"name":"wp","href":"https:\/\/api.w.org\/{rel}","templated":true}]}}