{"id":56683,"date":"2018-04-12T08:17:31","date_gmt":"2018-04-12T06:17:31","guid":{"rendered":"http:\/\/likemetkovic.hr\/?p=56683"},"modified":"2018-04-12T08:20:35","modified_gmt":"2018-04-12T06:20:35","slug":"od-sutra-u-os-stjepana-radica-pocinje-testiranje-predskolaca-za-upis-u-prvi-razred","status":"publish","type":"post","link":"https:\/\/likemetkovic.hr\/portal\/od-sutra-u-os-stjepana-radica-pocinje-testiranje-predskolaca-za-upis-u-prvi-razred\/","title":{"rendered":"Od sutra u O\u0160 Stjepana Radi\u0107a  po\u010dinje testiranje pred\u0161kolaca za upis u prvi razred"},"content":{"rendered":"<p>Od 13. do 26. travnja 2018. provodit \u0107e se testiranje tj. postupak utvr\u0111ivanja psihofizi\u010dkog stanja djece radi upisa u prvi razred osnovne \u0161kole kojoj dijete pripada prema upisnom podru\u010dju O\u0160 Stjepana Radi\u0107a, stoji na <a href=\"http:\/\/os-sradica-metkovic.skole.hr\/\">mre\u017enoj stranici \u0161kole<\/a>.<\/p>\n<p>Procijeni \u0107e pristupiti 110 djevoj\u010dica i dje\u010daka pred\u0161koslog uzrasta.<\/p>\n<p>Uz \u0161kolsku lije\u010dnicu Asju Palini\u0107 Cvitanovi\u0107, dr. med., stru\u010dni tim \u0161kole koje \u010dine pedagoginja Nikolin Vugdelija, psihologinja Silvija Vidojevi\u0107, logopedinja Aninka Mateljak i defektologinja Snje\u017eana Nikoli\u0107 utvrdit \u0107e spremnost djece za \u0161kolu.<\/p>\n","protected":false},"excerpt":{"rendered":"<p>Od 13. do 26. travnja 2018. provodit \u0107e se testiranje tj. postupak utvr\u0111ivanja psihofizi\u010dkog stanja djece radi upisa u prvi razred osnovne \u0161kole kojoj dijete pripada prema upisnom podru\u010dju O\u0160 Stjepana Radi\u0107a, stoji na mre\u017enoj stranici \u0161kole. Procijeni \u0107e pristupiti 110 djevoj\u010dica i dje\u010daka pred\u0161koslog uzrasta. Uz \u0161kolsku lije\u010dnicu Asju Palini\u0107 Cvitanovi\u0107, dr. med., stru\u010dni [&hellip;]<\/p>\n","protected":false},"author":7,"featured_media":26533,"comment_status":"open","ping_status":"open","sticky":false,"template":"","format":"standard","meta":{"footnotes":""},"categories":[296,166],"tags":[2659,2936],"class_list":{"0":"post-56683","1":"post","2":"type-post","3":"status-publish","4":"format-standard","5":"has-post-thumbnail","7":"category-ab","8":"category-skolstvo","9":"tag-os-stjepana-radica-metkovic","10":"tag-testiranje-predskolaca"},"yoast_head":"<!-- This site is optimized with the Yoast SEO plugin v25.2 - https:\/\/yoast.com\/wordpress\/plugins\/seo\/ -->\n<title>Od sutra u O\u0160 Stjepana Radi\u0107a po\u010dinje testiranje pred\u0161kolaca za upis u prvi razred - likemetkovic.hr<\/title>\n<meta name=\"description\" content=\"Od 13. do 26. travnja 2018. provodit \u0107e se testiranje tj. postupak utvr\u0111ivanja psihofizi\u010dkog stanja djece radi upisa u prvi razred osnovne \u0161kole kojoj dijete pripada prema upisnom podru\u010dju O\u0160 Stjepana Radi\u0107a. \u00a0\" \/>\n<meta name=\"robots\" content=\"index, follow, max-snippet:-1, max-image-preview:large, max-video-preview:-1\" \/>\n<link rel=\"canonical\" href=\"https:\/\/likemetkovic.hr\/od-sutra-u-os-stjepana-radica-pocinje-testiranje-predskolaca-za-upis-u-prvi-razred\/\" \/>\n<meta property=\"og:locale\" content=\"hr_HR\" \/>\n<meta property=\"og:type\" content=\"article\" \/>\n<meta property=\"og:title\" content=\"Od sutra u O\u0160 Stjepana Radi\u0107a po\u010dinje testiranje pred\u0161kolaca za upis u prvi razred - likemetkovic.hr\" \/>\n<meta property=\"og:description\" content=\"Od 13. do 26. travnja 2018. provodit \u0107e se testiranje tj. postupak utvr\u0111ivanja psihofizi\u010dkog stanja djece radi upisa u prvi razred osnovne \u0161kole kojoj dijete pripada prema upisnom podru\u010dju O\u0160 Stjepana Radi\u0107a. \u00a0\" \/>\n<meta property=\"og:url\" content=\"https:\/\/likemetkovic.hr\/od-sutra-u-os-stjepana-radica-pocinje-testiranje-predskolaca-za-upis-u-prvi-razred\/\" \/>\n<meta property=\"og:site_name\" content=\"likemetkovic.hr\" \/>\n<meta property=\"article:publisher\" content=\"https:\/\/www.facebook.com\/likemetkovic.hr\/\" \/>\n<meta property=\"article:published_time\" content=\"2018-04-12T06:17:31+00:00\" \/>\n<meta property=\"article:modified_time\" content=\"2018-04-12T06:20:35+00:00\" \/>\n<meta property=\"og:image\" content=\"https:\/\/likemetkovic.hr\/wp-content\/uploads\/2016\/09\/prvasici050916-6.jpg\" \/>\n\t<meta property=\"og:image:width\" content=\"1000\" \/>\n\t<meta property=\"og:image:height\" content=\"667\" \/>\n\t<meta property=\"og:image:type\" content=\"image\/jpeg\" \/>\n<meta name=\"author\" content=\"LIKEmetkovic.hr\" \/>\n<meta name=\"twitter:card\" content=\"summary_large_image\" \/>\n<meta name=\"twitter:label1\" content=\"Napisao\/la\" \/>\n\t<meta name=\"twitter:data1\" content=\"LIKEmetkovic.hr\" \/>\n<script type=\"application\/ld+json\" class=\"yoast-schema-graph\">{\"@context\":\"https:\/\/schema.org\",\"@graph\":[{\"@type\":\"WebPage\",\"@id\":\"https:\/\/likemetkovic.hr\/od-sutra-u-os-stjepana-radica-pocinje-testiranje-predskolaca-za-upis-u-prvi-razred\/\",\"url\":\"https:\/\/likemetkovic.hr\/od-sutra-u-os-stjepana-radica-pocinje-testiranje-predskolaca-za-upis-u-prvi-razred\/\",\"name\":\"Od sutra u O\u0160 Stjepana Radi\u0107a po\u010dinje testiranje pred\u0161kolaca za upis u prvi razred - likemetkovic.hr\",\"isPartOf\":{\"@id\":\"https:\/\/likemetkovic.hr\/#website\"},\"primaryImageOfPage\":{\"@id\":\"https:\/\/likemetkovic.hr\/od-sutra-u-os-stjepana-radica-pocinje-testiranje-predskolaca-za-upis-u-prvi-razred\/#primaryimage\"},\"image\":{\"@id\":\"https:\/\/likemetkovic.hr\/od-sutra-u-os-stjepana-radica-pocinje-testiranje-predskolaca-za-upis-u-prvi-razred\/#primaryimage\"},\"thumbnailUrl\":\"https:\/\/likemetkovic.hr\/portal\/wp-content\/uploads\/2016\/09\/prvasici050916-6.jpg\",\"datePublished\":\"2018-04-12T06:17:31+00:00\",\"dateModified\":\"2018-04-12T06:20:35+00:00\",\"author\":{\"@id\":\"https:\/\/likemetkovic.hr\/#\/schema\/person\/a42711f3385a0e2be6f7e0443bfb28f0\"},\"description\":\"Od 13. do 26. travnja 2018. provodit \u0107e se testiranje tj. postupak utvr\u0111ivanja psihofizi\u010dkog stanja djece radi upisa u prvi razred osnovne \u0161kole kojoj dijete pripada prema upisnom podru\u010dju O\u0160 Stjepana Radi\u0107a. \u00a0\",\"breadcrumb\":{\"@id\":\"https:\/\/likemetkovic.hr\/od-sutra-u-os-stjepana-radica-pocinje-testiranje-predskolaca-za-upis-u-prvi-razred\/#breadcrumb\"},\"inLanguage\":\"hr\",\"potentialAction\":[{\"@type\":\"ReadAction\",\"target\":[\"https:\/\/likemetkovic.hr\/od-sutra-u-os-stjepana-radica-pocinje-testiranje-predskolaca-za-upis-u-prvi-razred\/\"]}]},{\"@type\":\"ImageObject\",\"inLanguage\":\"hr\",\"@id\":\"https:\/\/likemetkovic.hr\/od-sutra-u-os-stjepana-radica-pocinje-testiranje-predskolaca-za-upis-u-prvi-razred\/#primaryimage\",\"url\":\"https:\/\/likemetkovic.hr\/portal\/wp-content\/uploads\/2016\/09\/prvasici050916-6.jpg\",\"contentUrl\":\"https:\/\/likemetkovic.hr\/portal\/wp-content\/uploads\/2016\/09\/prvasici050916-6.jpg\",\"width\":1000,\"height\":667},{\"@type\":\"BreadcrumbList\",\"@id\":\"https:\/\/likemetkovic.hr\/od-sutra-u-os-stjepana-radica-pocinje-testiranje-predskolaca-za-upis-u-prvi-razred\/#breadcrumb\",\"itemListElement\":[{\"@type\":\"ListItem\",\"position\":1,\"name\":\"Po\u010detna stranica\",\"item\":\"https:\/\/likemetkovic.hr\/portal\/\"},{\"@type\":\"ListItem\",\"position\":2,\"name\":\"Od sutra u O\u0160 Stjepana Radi\u0107a po\u010dinje testiranje pred\u0161kolaca za upis u prvi razred\"}]},{\"@type\":\"WebSite\",\"@id\":\"https:\/\/likemetkovic.hr\/#website\",\"url\":\"https:\/\/likemetkovic.hr\/\",\"name\":\"likemetkovic.hr\",\"description\":\"Misli pozitivno... \u010ditaj LIKE\",\"potentialAction\":[{\"@type\":\"SearchAction\",\"target\":{\"@type\":\"EntryPoint\",\"urlTemplate\":\"https:\/\/likemetkovic.hr\/?s={search_term_string}\"},\"query-input\":{\"@type\":\"PropertyValueSpecification\",\"valueRequired\":true,\"valueName\":\"search_term_string\"}}],\"inLanguage\":\"hr\"},{\"@type\":\"Person\",\"@id\":\"https:\/\/likemetkovic.hr\/#\/schema\/person\/a42711f3385a0e2be6f7e0443bfb28f0\",\"name\":\"LIKEmetkovic.hr\",\"sameAs\":[\"http:\/\/likemetkovic.hr\"],\"url\":\"https:\/\/likemetkovic.hr\/portal\/author\/likemetkovic-hr\/\"}]}<\/script>\n<!-- \/ Yoast SEO plugin. -->","yoast_head_json":{"title":"Od sutra u O\u0160 Stjepana Radi\u0107a po\u010dinje testiranje pred\u0161kolaca za upis u prvi razred - likemetkovic.hr","description":"Od 13. do 26. travnja 2018. provodit \u0107e se testiranje tj. postupak utvr\u0111ivanja psihofizi\u010dkog stanja djece radi upisa u prvi razred osnovne \u0161kole kojoj dijete pripada prema upisnom podru\u010dju O\u0160 Stjepana Radi\u0107a. \u00a0","robots":{"index":"index","follow":"follow","max-snippet":"max-snippet:-1","max-image-preview":"max-image-preview:large","max-video-preview":"max-video-preview:-1"},"canonical":"https:\/\/likemetkovic.hr\/od-sutra-u-os-stjepana-radica-pocinje-testiranje-predskolaca-za-upis-u-prvi-razred\/","og_locale":"hr_HR","og_type":"article","og_title":"Od sutra u O\u0160 Stjepana Radi\u0107a po\u010dinje testiranje pred\u0161kolaca za upis u prvi razred - likemetkovic.hr","og_description":"Od 13. do 26. travnja 2018. provodit \u0107e se testiranje tj. postupak utvr\u0111ivanja psihofizi\u010dkog stanja djece radi upisa u prvi razred osnovne \u0161kole kojoj dijete pripada prema upisnom podru\u010dju O\u0160 Stjepana Radi\u0107a. \u00a0","og_url":"https:\/\/likemetkovic.hr\/od-sutra-u-os-stjepana-radica-pocinje-testiranje-predskolaca-za-upis-u-prvi-razred\/","og_site_name":"likemetkovic.hr","article_publisher":"https:\/\/www.facebook.com\/likemetkovic.hr\/","article_published_time":"2018-04-12T06:17:31+00:00","article_modified_time":"2018-04-12T06:20:35+00:00","og_image":[{"width":1000,"height":667,"url":"https:\/\/likemetkovic.hr\/wp-content\/uploads\/2016\/09\/prvasici050916-6.jpg","type":"image\/jpeg"}],"author":"LIKEmetkovic.hr","twitter_card":"summary_large_image","twitter_misc":{"Napisao\/la":"LIKEmetkovic.hr"},"schema":{"@context":"https:\/\/schema.org","@graph":[{"@type":"WebPage","@id":"https:\/\/likemetkovic.hr\/od-sutra-u-os-stjepana-radica-pocinje-testiranje-predskolaca-za-upis-u-prvi-razred\/","url":"https:\/\/likemetkovic.hr\/od-sutra-u-os-stjepana-radica-pocinje-testiranje-predskolaca-za-upis-u-prvi-razred\/","name":"Od sutra u O\u0160 Stjepana Radi\u0107a po\u010dinje testiranje pred\u0161kolaca za upis u prvi razred - likemetkovic.hr","isPartOf":{"@id":"https:\/\/likemetkovic.hr\/#website"},"primaryImageOfPage":{"@id":"https:\/\/likemetkovic.hr\/od-sutra-u-os-stjepana-radica-pocinje-testiranje-predskolaca-za-upis-u-prvi-razred\/#primaryimage"},"image":{"@id":"https:\/\/likemetkovic.hr\/od-sutra-u-os-stjepana-radica-pocinje-testiranje-predskolaca-za-upis-u-prvi-razred\/#primaryimage"},"thumbnailUrl":"https:\/\/likemetkovic.hr\/portal\/wp-content\/uploads\/2016\/09\/prvasici050916-6.jpg","datePublished":"2018-04-12T06:17:31+00:00","dateModified":"2018-04-12T06:20:35+00:00","author":{"@id":"https:\/\/likemetkovic.hr\/#\/schema\/person\/a42711f3385a0e2be6f7e0443bfb28f0"},"description":"Od 13. do 26. travnja 2018. provodit \u0107e se testiranje tj. postupak utvr\u0111ivanja psihofizi\u010dkog stanja djece radi upisa u prvi razred osnovne \u0161kole kojoj dijete pripada prema upisnom podru\u010dju O\u0160 Stjepana Radi\u0107a. \u00a0","breadcrumb":{"@id":"https:\/\/likemetkovic.hr\/od-sutra-u-os-stjepana-radica-pocinje-testiranje-predskolaca-za-upis-u-prvi-razred\/#breadcrumb"},"inLanguage":"hr","potentialAction":[{"@type":"ReadAction","target":["https:\/\/likemetkovic.hr\/od-sutra-u-os-stjepana-radica-pocinje-testiranje-predskolaca-za-upis-u-prvi-razred\/"]}]},{"@type":"ImageObject","inLanguage":"hr","@id":"https:\/\/likemetkovic.hr\/od-sutra-u-os-stjepana-radica-pocinje-testiranje-predskolaca-za-upis-u-prvi-razred\/#primaryimage","url":"https:\/\/likemetkovic.hr\/portal\/wp-content\/uploads\/2016\/09\/prvasici050916-6.jpg","contentUrl":"https:\/\/likemetkovic.hr\/portal\/wp-content\/uploads\/2016\/09\/prvasici050916-6.jpg","width":1000,"height":667},{"@type":"BreadcrumbList","@id":"https:\/\/likemetkovic.hr\/od-sutra-u-os-stjepana-radica-pocinje-testiranje-predskolaca-za-upis-u-prvi-razred\/#breadcrumb","itemListElement":[{"@type":"ListItem","position":1,"name":"Po\u010detna stranica","item":"https:\/\/likemetkovic.hr\/portal\/"},{"@type":"ListItem","position":2,"name":"Od sutra u O\u0160 Stjepana Radi\u0107a po\u010dinje testiranje pred\u0161kolaca za upis u prvi razred"}]},{"@type":"WebSite","@id":"https:\/\/likemetkovic.hr\/#website","url":"https:\/\/likemetkovic.hr\/","name":"likemetkovic.hr","description":"Misli pozitivno... \u010ditaj LIKE","potentialAction":[{"@type":"SearchAction","target":{"@type":"EntryPoint","urlTemplate":"https:\/\/likemetkovic.hr\/?s={search_term_string}"},"query-input":{"@type":"PropertyValueSpecification","valueRequired":true,"valueName":"search_term_string"}}],"inLanguage":"hr"},{"@type":"Person","@id":"https:\/\/likemetkovic.hr\/#\/schema\/person\/a42711f3385a0e2be6f7e0443bfb28f0","name":"LIKEmetkovic.hr","sameAs":["http:\/\/likemetkovic.hr"],"url":"https:\/\/likemetkovic.hr\/portal\/author\/likemetkovic-hr\/"}]}},"_links":{"self":[{"href":"https:\/\/likemetkovic.hr\/portal\/wp-json\/wp\/v2\/posts\/56683","targetHints":{"allow":["GET"]}}],"collection":[{"href":"https:\/\/likemetkovic.hr\/portal\/wp-json\/wp\/v2\/posts"}],"about":[{"href":"https:\/\/likemetkovic.hr\/portal\/wp-json\/wp\/v2\/types\/post"}],"author":[{"embeddable":true,"href":"https:\/\/likemetkovic.hr\/portal\/wp-json\/wp\/v2\/users\/7"}],"replies":[{"embeddable":true,"href":"https:\/\/likemetkovic.hr\/portal\/wp-json\/wp\/v2\/comments?post=56683"}],"version-history":[{"count":0,"href":"https:\/\/likemetkovic.hr\/portal\/wp-json\/wp\/v2\/posts\/56683\/revisions"}],"wp:featuredmedia":[{"embeddable":true,"href":"https:\/\/likemetkovic.hr\/portal\/wp-json\/wp\/v2\/media\/26533"}],"wp:attachment":[{"href":"https:\/\/likemetkovic.hr\/portal\/wp-json\/wp\/v2\/media?parent=56683"}],"wp:term":[{"taxonomy":"category","embeddable":true,"href":"https:\/\/likemetkovic.hr\/portal\/wp-json\/wp\/v2\/categories?post=56683"},{"taxonomy":"post_tag","embeddable":true,"href":"https:\/\/likemetkovic.hr\/portal\/wp-json\/wp\/v2\/tags?post=56683"}],"curies":[{"name":"wp","href":"https:\/\/api.w.org\/{rel}","templated":true}]}}