{"id":56710,"date":"2018-04-12T15:50:53","date_gmt":"2018-04-12T13:50:53","guid":{"rendered":"http:\/\/likemetkovic.hr\/?p=56710"},"modified":"2018-04-12T15:50:53","modified_gmt":"2018-04-12T13:50:53","slug":"u-helikopteru-hrz-a-tijekom-leta-rodila","status":"publish","type":"post","link":"https:\/\/likemetkovic.hr\/portal\/u-helikopteru-hrz-a-tijekom-leta-rodila\/","title":{"rendered":"U helikopteru HRZ-a tijekom leta rodila se djevoj\u010dica"},"content":{"rendered":"<p><strong>U helikopteru Hrvatskoga ratnog zrakoplovstva danas rano ujutro rodila se djevoj\u010dica tijekom hitnoga medicinskog leta s otoka Bra\u010da, priop\u0107eno je iz Ministarstva obrane (MORH).<br \/>\n<\/strong><br \/>\nMajka i djevoj\u010dica, koja se rodila u 4.45 sati, netom prije slijetanja helikoptera na helidrom\u00a0<strong>KBC-a<\/strong>\u00a0<strong>Split\u00a0<\/strong>na\u00a0<strong>Firulama<\/strong>, su dobro, a sretnom trenutku poro\u0111aja svjedo\u010dila je posada Eskadrile transportnih helikoptera 93. zrakoplovne baze u sastavu: kapetan natporu\u010dnik\u00a0<strong>Sebastijan Trep\u0161i\u0107<\/strong>, kopilot natporu\u010dnik\u00a0<strong>Tomislav Barbir<\/strong>\u00a0te tehni\u010dar leta\u010d nadnarednik<strong>Zdenko Ka\u010dari\u0107<\/strong>.<\/p>\n<p>Kapetan posade natporu\u010dnik Trep\u0161i\u0107 kazao je kako se sve odvijalo vrlo brzo, budu\u0107i da sam let s otoka Bra\u010da traje\u00a010-ak minuta.<\/p>\n<p>&#8220;Sve je proteklo bez komplikacija, majka i djevoj\u010dica su dobro i to je za leta\u010dku posadu bio najljep\u0161i zavr\u0161etak de\u017eurstva. Prekrasan je to osje\u0107aj koji pamtite cijeli \u017eivot. To je ono \u0161to \u010dini ljepotu letenja i ovog poziva, jer osim humanih misija spa\u0161avanja ljudskih \u017eivota u prilici smo svjedo\u010diti i ra\u0111anju jednog novog \u017eivota&#8221;, rekao je Trep\u0161i\u0107.<\/p>\n","protected":false},"excerpt":{"rendered":"<p>U helikopteru Hrvatskoga ratnog zrakoplovstva danas rano ujutro rodila se djevoj\u010dica tijekom hitnoga medicinskog leta s otoka Bra\u010da, priop\u0107eno je iz Ministarstva obrane (MORH). Majka i djevoj\u010dica, koja se rodila u 4.45 sati, netom prije slijetanja helikoptera na helidrom\u00a0KBC-a\u00a0Split\u00a0na\u00a0Firulama, su dobro, a sretnom trenutku poro\u0111aja svjedo\u010dila je posada Eskadrile transportnih helikoptera 93. zrakoplovne baze u [&hellip;]<\/p>\n","protected":false},"author":7,"featured_media":56711,"comment_status":"open","ping_status":"open","sticky":false,"template":"","format":"standard","meta":{"footnotes":""},"categories":[1],"tags":[2941,2942,2943],"class_list":{"0":"post-56710","1":"post","2":"type-post","3":"status-publish","4":"format-standard","5":"has-post-thumbnail","7":"category-nekategorizirano","8":"tag-helikopter","9":"tag-hrz","10":"tag-rodenje-djevojcice"},"yoast_head":"<!-- This site is optimized with the Yoast SEO plugin v25.2 - https:\/\/yoast.com\/wordpress\/plugins\/seo\/ -->\n<title>U helikopteru HRZ-a tijekom leta rodila se djevoj\u010dica - likemetkovic.hr<\/title>\n<meta name=\"robots\" content=\"index, follow, max-snippet:-1, max-image-preview:large, max-video-preview:-1\" \/>\n<link rel=\"canonical\" href=\"https:\/\/likemetkovic.hr\/u-helikopteru-hrz-a-tijekom-leta-rodila\/\" \/>\n<meta property=\"og:locale\" content=\"hr_HR\" \/>\n<meta property=\"og:type\" content=\"article\" \/>\n<meta property=\"og:title\" content=\"U helikopteru HRZ-a tijekom leta rodila se djevoj\u010dica - likemetkovic.hr\" \/>\n<meta property=\"og:description\" content=\"U helikopteru Hrvatskoga ratnog zrakoplovstva danas rano ujutro rodila se djevoj\u010dica tijekom hitnoga medicinskog leta s otoka Bra\u010da, priop\u0107eno je iz Ministarstva obrane (MORH). Majka i djevoj\u010dica, koja se rodila u 4.45 sati, netom prije slijetanja helikoptera na helidrom\u00a0KBC-a\u00a0Split\u00a0na\u00a0Firulama, su dobro, a sretnom trenutku poro\u0111aja svjedo\u010dila je posada Eskadrile transportnih helikoptera 93. zrakoplovne baze u [&hellip;]\" \/>\n<meta property=\"og:url\" content=\"https:\/\/likemetkovic.hr\/u-helikopteru-hrz-a-tijekom-leta-rodila\/\" \/>\n<meta property=\"og:site_name\" content=\"likemetkovic.hr\" \/>\n<meta property=\"article:publisher\" content=\"https:\/\/www.facebook.com\/likemetkovic.hr\/\" \/>\n<meta property=\"article:published_time\" content=\"2018-04-12T13:50:53+00:00\" \/>\n<meta property=\"og:image\" content=\"https:\/\/likemetkovic.hr\/wp-content\/uploads\/2018\/04\/IMG_20180412_155020.jpg\" \/>\n\t<meta property=\"og:image:width\" content=\"800\" \/>\n\t<meta property=\"og:image:height\" content=\"467\" \/>\n\t<meta property=\"og:image:type\" content=\"image\/jpeg\" \/>\n<meta name=\"author\" content=\"LIKEmetkovic.hr\" \/>\n<meta name=\"twitter:card\" content=\"summary_large_image\" \/>\n<meta name=\"twitter:label1\" content=\"Napisao\/la\" \/>\n\t<meta name=\"twitter:data1\" content=\"LIKEmetkovic.hr\" \/>\n\t<meta name=\"twitter:label2\" content=\"Procijenjeno vrijeme \u010ditanja\" \/>\n\t<meta name=\"twitter:data2\" content=\"1 minuta\" \/>\n<script type=\"application\/ld+json\" class=\"yoast-schema-graph\">{\"@context\":\"https:\/\/schema.org\",\"@graph\":[{\"@type\":\"WebPage\",\"@id\":\"https:\/\/likemetkovic.hr\/u-helikopteru-hrz-a-tijekom-leta-rodila\/\",\"url\":\"https:\/\/likemetkovic.hr\/u-helikopteru-hrz-a-tijekom-leta-rodila\/\",\"name\":\"U helikopteru HRZ-a tijekom leta rodila se djevoj\u010dica - likemetkovic.hr\",\"isPartOf\":{\"@id\":\"https:\/\/likemetkovic.hr\/#website\"},\"primaryImageOfPage\":{\"@id\":\"https:\/\/likemetkovic.hr\/u-helikopteru-hrz-a-tijekom-leta-rodila\/#primaryimage\"},\"image\":{\"@id\":\"https:\/\/likemetkovic.hr\/u-helikopteru-hrz-a-tijekom-leta-rodila\/#primaryimage\"},\"thumbnailUrl\":\"https:\/\/likemetkovic.hr\/portal\/wp-content\/uploads\/2018\/04\/IMG_20180412_155020.jpg\",\"datePublished\":\"2018-04-12T13:50:53+00:00\",\"author\":{\"@id\":\"https:\/\/likemetkovic.hr\/#\/schema\/person\/a42711f3385a0e2be6f7e0443bfb28f0\"},\"breadcrumb\":{\"@id\":\"https:\/\/likemetkovic.hr\/u-helikopteru-hrz-a-tijekom-leta-rodila\/#breadcrumb\"},\"inLanguage\":\"hr\",\"potentialAction\":[{\"@type\":\"ReadAction\",\"target\":[\"https:\/\/likemetkovic.hr\/u-helikopteru-hrz-a-tijekom-leta-rodila\/\"]}]},{\"@type\":\"ImageObject\",\"inLanguage\":\"hr\",\"@id\":\"https:\/\/likemetkovic.hr\/u-helikopteru-hrz-a-tijekom-leta-rodila\/#primaryimage\",\"url\":\"https:\/\/likemetkovic.hr\/portal\/wp-content\/uploads\/2018\/04\/IMG_20180412_155020.jpg\",\"contentUrl\":\"https:\/\/likemetkovic.hr\/portal\/wp-content\/uploads\/2018\/04\/IMG_20180412_155020.jpg\",\"width\":800,\"height\":467},{\"@type\":\"BreadcrumbList\",\"@id\":\"https:\/\/likemetkovic.hr\/u-helikopteru-hrz-a-tijekom-leta-rodila\/#breadcrumb\",\"itemListElement\":[{\"@type\":\"ListItem\",\"position\":1,\"name\":\"Po\u010detna stranica\",\"item\":\"https:\/\/likemetkovic.hr\/portal\/\"},{\"@type\":\"ListItem\",\"position\":2,\"name\":\"U helikopteru HRZ-a tijekom leta rodila se djevoj\u010dica\"}]},{\"@type\":\"WebSite\",\"@id\":\"https:\/\/likemetkovic.hr\/#website\",\"url\":\"https:\/\/likemetkovic.hr\/\",\"name\":\"likemetkovic.hr\",\"description\":\"Misli pozitivno... \u010ditaj LIKE\",\"potentialAction\":[{\"@type\":\"SearchAction\",\"target\":{\"@type\":\"EntryPoint\",\"urlTemplate\":\"https:\/\/likemetkovic.hr\/?s={search_term_string}\"},\"query-input\":{\"@type\":\"PropertyValueSpecification\",\"valueRequired\":true,\"valueName\":\"search_term_string\"}}],\"inLanguage\":\"hr\"},{\"@type\":\"Person\",\"@id\":\"https:\/\/likemetkovic.hr\/#\/schema\/person\/a42711f3385a0e2be6f7e0443bfb28f0\",\"name\":\"LIKEmetkovic.hr\",\"sameAs\":[\"http:\/\/likemetkovic.hr\"],\"url\":\"https:\/\/likemetkovic.hr\/portal\/author\/likemetkovic-hr\/\"}]}<\/script>\n<!-- \/ Yoast SEO plugin. -->","yoast_head_json":{"title":"U helikopteru HRZ-a tijekom leta rodila se djevoj\u010dica - likemetkovic.hr","robots":{"index":"index","follow":"follow","max-snippet":"max-snippet:-1","max-image-preview":"max-image-preview:large","max-video-preview":"max-video-preview:-1"},"canonical":"https:\/\/likemetkovic.hr\/u-helikopteru-hrz-a-tijekom-leta-rodila\/","og_locale":"hr_HR","og_type":"article","og_title":"U helikopteru HRZ-a tijekom leta rodila se djevoj\u010dica - likemetkovic.hr","og_description":"U helikopteru Hrvatskoga ratnog zrakoplovstva danas rano ujutro rodila se djevoj\u010dica tijekom hitnoga medicinskog leta s otoka Bra\u010da, priop\u0107eno je iz Ministarstva obrane (MORH). Majka i djevoj\u010dica, koja se rodila u 4.45 sati, netom prije slijetanja helikoptera na helidrom\u00a0KBC-a\u00a0Split\u00a0na\u00a0Firulama, su dobro, a sretnom trenutku poro\u0111aja svjedo\u010dila je posada Eskadrile transportnih helikoptera 93. zrakoplovne baze u [&hellip;]","og_url":"https:\/\/likemetkovic.hr\/u-helikopteru-hrz-a-tijekom-leta-rodila\/","og_site_name":"likemetkovic.hr","article_publisher":"https:\/\/www.facebook.com\/likemetkovic.hr\/","article_published_time":"2018-04-12T13:50:53+00:00","og_image":[{"width":800,"height":467,"url":"https:\/\/likemetkovic.hr\/wp-content\/uploads\/2018\/04\/IMG_20180412_155020.jpg","type":"image\/jpeg"}],"author":"LIKEmetkovic.hr","twitter_card":"summary_large_image","twitter_misc":{"Napisao\/la":"LIKEmetkovic.hr","Procijenjeno vrijeme \u010ditanja":"1 minuta"},"schema":{"@context":"https:\/\/schema.org","@graph":[{"@type":"WebPage","@id":"https:\/\/likemetkovic.hr\/u-helikopteru-hrz-a-tijekom-leta-rodila\/","url":"https:\/\/likemetkovic.hr\/u-helikopteru-hrz-a-tijekom-leta-rodila\/","name":"U helikopteru HRZ-a tijekom leta rodila se djevoj\u010dica - likemetkovic.hr","isPartOf":{"@id":"https:\/\/likemetkovic.hr\/#website"},"primaryImageOfPage":{"@id":"https:\/\/likemetkovic.hr\/u-helikopteru-hrz-a-tijekom-leta-rodila\/#primaryimage"},"image":{"@id":"https:\/\/likemetkovic.hr\/u-helikopteru-hrz-a-tijekom-leta-rodila\/#primaryimage"},"thumbnailUrl":"https:\/\/likemetkovic.hr\/portal\/wp-content\/uploads\/2018\/04\/IMG_20180412_155020.jpg","datePublished":"2018-04-12T13:50:53+00:00","author":{"@id":"https:\/\/likemetkovic.hr\/#\/schema\/person\/a42711f3385a0e2be6f7e0443bfb28f0"},"breadcrumb":{"@id":"https:\/\/likemetkovic.hr\/u-helikopteru-hrz-a-tijekom-leta-rodila\/#breadcrumb"},"inLanguage":"hr","potentialAction":[{"@type":"ReadAction","target":["https:\/\/likemetkovic.hr\/u-helikopteru-hrz-a-tijekom-leta-rodila\/"]}]},{"@type":"ImageObject","inLanguage":"hr","@id":"https:\/\/likemetkovic.hr\/u-helikopteru-hrz-a-tijekom-leta-rodila\/#primaryimage","url":"https:\/\/likemetkovic.hr\/portal\/wp-content\/uploads\/2018\/04\/IMG_20180412_155020.jpg","contentUrl":"https:\/\/likemetkovic.hr\/portal\/wp-content\/uploads\/2018\/04\/IMG_20180412_155020.jpg","width":800,"height":467},{"@type":"BreadcrumbList","@id":"https:\/\/likemetkovic.hr\/u-helikopteru-hrz-a-tijekom-leta-rodila\/#breadcrumb","itemListElement":[{"@type":"ListItem","position":1,"name":"Po\u010detna stranica","item":"https:\/\/likemetkovic.hr\/portal\/"},{"@type":"ListItem","position":2,"name":"U helikopteru HRZ-a tijekom leta rodila se djevoj\u010dica"}]},{"@type":"WebSite","@id":"https:\/\/likemetkovic.hr\/#website","url":"https:\/\/likemetkovic.hr\/","name":"likemetkovic.hr","description":"Misli pozitivno... \u010ditaj LIKE","potentialAction":[{"@type":"SearchAction","target":{"@type":"EntryPoint","urlTemplate":"https:\/\/likemetkovic.hr\/?s={search_term_string}"},"query-input":{"@type":"PropertyValueSpecification","valueRequired":true,"valueName":"search_term_string"}}],"inLanguage":"hr"},{"@type":"Person","@id":"https:\/\/likemetkovic.hr\/#\/schema\/person\/a42711f3385a0e2be6f7e0443bfb28f0","name":"LIKEmetkovic.hr","sameAs":["http:\/\/likemetkovic.hr"],"url":"https:\/\/likemetkovic.hr\/portal\/author\/likemetkovic-hr\/"}]}},"_links":{"self":[{"href":"https:\/\/likemetkovic.hr\/portal\/wp-json\/wp\/v2\/posts\/56710","targetHints":{"allow":["GET"]}}],"collection":[{"href":"https:\/\/likemetkovic.hr\/portal\/wp-json\/wp\/v2\/posts"}],"about":[{"href":"https:\/\/likemetkovic.hr\/portal\/wp-json\/wp\/v2\/types\/post"}],"author":[{"embeddable":true,"href":"https:\/\/likemetkovic.hr\/portal\/wp-json\/wp\/v2\/users\/7"}],"replies":[{"embeddable":true,"href":"https:\/\/likemetkovic.hr\/portal\/wp-json\/wp\/v2\/comments?post=56710"}],"version-history":[{"count":0,"href":"https:\/\/likemetkovic.hr\/portal\/wp-json\/wp\/v2\/posts\/56710\/revisions"}],"wp:featuredmedia":[{"embeddable":true,"href":"https:\/\/likemetkovic.hr\/portal\/wp-json\/wp\/v2\/media\/56711"}],"wp:attachment":[{"href":"https:\/\/likemetkovic.hr\/portal\/wp-json\/wp\/v2\/media?parent=56710"}],"wp:term":[{"taxonomy":"category","embeddable":true,"href":"https:\/\/likemetkovic.hr\/portal\/wp-json\/wp\/v2\/categories?post=56710"},{"taxonomy":"post_tag","embeddable":true,"href":"https:\/\/likemetkovic.hr\/portal\/wp-json\/wp\/v2\/tags?post=56710"}],"curies":[{"name":"wp","href":"https:\/\/api.w.org\/{rel}","templated":true}]}}