{"id":56953,"date":"2018-04-17T15:08:07","date_gmt":"2018-04-17T13:08:07","guid":{"rendered":"http:\/\/likemetkovic.hr\/?p=56953"},"modified":"2018-04-17T15:08:07","modified_gmt":"2018-04-17T13:08:07","slug":"ucenici-gimnazije-metkovic-i-os-stjepana-radica-na-xv-theaterspiele-u-varazdinu","status":"publish","type":"post","link":"https:\/\/likemetkovic.hr\/portal\/ucenici-gimnazije-metkovic-i-os-stjepana-radica-na-xv-theaterspiele-u-varazdinu\/","title":{"rendered":"U\u010denici Gimnazije Metkovi\u0107 nastupili na XV. Theaterspiele u Vara\u017edinu"},"content":{"rendered":"<div>\n<p>Pro\u0161li tjedan je u Gimnaziji Metkovi\u0107 u organizaciji Goethe Instituta odr\u017eana kazali\u0161na radionica na njema\u010dkom jeziku. Radionicu je vodila kazali\u0161na pedagoginja iz Berlina Nadine Boos.<\/p>\n<p>U radionicu su bili uklju\u010deni u\u010denice i u\u010denici drugih razreda Gimnazije Metkovi\u0107 i po jedna u\u010denica iz O\u0160 don Mihovil Pavlinovi\u0107 i O\u0160 Stjepan Radi\u0107.<\/p>\n<\/div>\n<div>\n<p><img decoding=\"async\" class=\"wp-image-56962 alignleft\" src=\"http:\/\/likemetkovic.hr\/wp-content\/uploads\/2018\/04\/gimanzija-vara\u017edin.jpg\" alt=\"\" width=\"382\" height=\"254\" srcset=\"https:\/\/likemetkovic.hr\/portal\/wp-content\/uploads\/2018\/04\/gimanzija-vara\u017edin.jpg 900w, https:\/\/likemetkovic.hr\/portal\/wp-content\/uploads\/2018\/04\/gimanzija-vara\u017edin-800x533.jpg 800w, https:\/\/likemetkovic.hr\/portal\/wp-content\/uploads\/2018\/04\/gimanzija-vara\u017edin-768x512.jpg 768w, https:\/\/likemetkovic.hr\/portal\/wp-content\/uploads\/2018\/04\/gimanzija-vara\u017edin-696x464.jpg 696w, https:\/\/likemetkovic.hr\/portal\/wp-content\/uploads\/2018\/04\/gimanzija-vara\u017edin-630x420.jpg 630w\" sizes=\"(max-width: 382px) 100vw, 382px\" \/>Tri dana su osmi\u0161ljavali svoju predstavu u cjelodnevnim radionicama kroz razne kazali\u0161no- pedago\u0161ke igre i trikove koje su ujedno imale za cilj opustiti ih i nau\u010diti kako se pona\u0161ati na pozornici.<\/p>\n<p>Nakon odra\u0111enog posla u Metkovi\u0107u krenuli su u Vara\u017edin s profesoricama njema\u010dkoga jezika Anom Bebi\u0107 i Svjetlanom Bebi\u0107 na Me\u0111unarodni kazali\u0161ni festival (15. Theaterspiele) na njema\u010dkom jeziku.<\/p>\n<p>Naime, u organizaciji udruge<strong>\u00a0Europski kulturni krug<\/strong>, svake se godine u vara\u017edinskom Hrvatskom narodnom kazali\u0161tu odr\u017eavaju<strong>\u00a0dramske igre na njema\u010dkom jeziku Theaterspiele<\/strong>, pa su tako u \u010detvrtak otvorene jubilarne, petnaeste po redu, u kojima sudjeluje vi\u0161e od 900 djece iz Njema\u010dke, Austrije, Srbije, Slovenije, Bosne i Hercegovine, Rumunjske, Ma\u0111arske i Hrvatske.<\/p>\n<p>U\u010denici i u\u010denice Bla\u017e \u0160imovi\u0107, Jure Kraljevi\u0107, Ante Bukovac, Antonia Vladimir, Ana Ud\u017eenija, Marta Gabri\u0107, Ana Sr\u0161en, Tamara Matu\u0161ko, Anamarija Begi\u0107, Tina Gnje\u010d, Marija Romi\u0107, Helena \u0160imi\u0107, Antea Mostarac, Matea Bebi\u0107 i Antea Filipa Stoji\u0107 na Me\u0111unarodnom kazali\u0161nom festivalu na njema\u010dkom jeziku u Vara\u017edinu svojim nastupom osvojili publiku, u \u0161to se mo\u017eete i sami uvjeriti.<\/p>\n<div class=\"youtube-embed\" data-video_id=\"TFJZ2XBv-ww\"><iframe title=\"JUM - Gymnasium Metkovi\u0107- Das mit den M\u00e4nnern und Frauen\" width=\"696\" height=\"392\" src=\"https:\/\/www.youtube.com\/embed\/TFJZ2XBv-ww?feature=oembed&#038;enablejsapi=1\" frameborder=\"0\" allow=\"accelerometer; autoplay; encrypted-media; gyroscope; picture-in-picture\" allowfullscreen><\/iframe><\/div>\n<p>Pi\u0161e: prof. Svjetlana Bebi\u0107\/Gimnazija Metkovi\u0107<\/p>\n<p>&nbsp;<\/p>\n<\/div>\n","protected":false},"excerpt":{"rendered":"<p>Pro\u0161li tjedan je u Gimnaziji Metkovi\u0107 u organizaciji Goethe Instituta odr\u017eana kazali\u0161na radionica na njema\u010dkom jeziku. Radionicu je vodila kazali\u0161na pedagoginja iz Berlina Nadine Boos. U radionicu su bili uklju\u010deni u\u010denice i u\u010denici drugih razreda Gimnazije Metkovi\u0107 i po jedna u\u010denica iz O\u0160 don Mihovil Pavlinovi\u0107 i O\u0160 Stjepan Radi\u0107. Tri dana su osmi\u0161ljavali svoju [&hellip;]<\/p>\n","protected":false},"author":7,"featured_media":56962,"comment_status":"open","ping_status":"open","sticky":false,"template":"","format":"video","meta":{"footnotes":""},"categories":[296],"tags":[332,2981,2980],"class_list":{"0":"post-56953","1":"post","2":"type-post","3":"status-publish","4":"format-video","5":"has-post-thumbnail","7":"category-ab","8":"tag-gimnazija-metkovic","9":"tag-varazdinu","10":"tag-xv-theaterspiele","11":"post_format-post-format-video"},"yoast_head":"<!-- This site is optimized with the Yoast SEO plugin v25.2 - https:\/\/yoast.com\/wordpress\/plugins\/seo\/ -->\n<title>U\u010denici Gimnazije Metkovi\u0107 nastupili na XV. Theaterspiele u Vara\u017edinu - likemetkovic.hr<\/title>\n<meta name=\"robots\" content=\"index, follow, max-snippet:-1, max-image-preview:large, max-video-preview:-1\" \/>\n<link rel=\"canonical\" href=\"https:\/\/likemetkovic.hr\/ucenici-gimnazije-metkovic-i-os-stjepana-radica-na-xv-theaterspiele-u-varazdinu\/\" \/>\n<meta property=\"og:locale\" content=\"hr_HR\" \/>\n<meta property=\"og:type\" content=\"article\" \/>\n<meta property=\"og:title\" content=\"U\u010denici Gimnazije Metkovi\u0107 nastupili na XV. Theaterspiele u Vara\u017edinu - likemetkovic.hr\" \/>\n<meta property=\"og:description\" content=\"Pro\u0161li tjedan je u Gimnaziji Metkovi\u0107 u organizaciji Goethe Instituta odr\u017eana kazali\u0161na radionica na njema\u010dkom jeziku. Radionicu je vodila kazali\u0161na pedagoginja iz Berlina Nadine Boos. U radionicu su bili uklju\u010deni u\u010denice i u\u010denici drugih razreda Gimnazije Metkovi\u0107 i po jedna u\u010denica iz O\u0160 don Mihovil Pavlinovi\u0107 i O\u0160 Stjepan Radi\u0107. Tri dana su osmi\u0161ljavali svoju [&hellip;]\" \/>\n<meta property=\"og:url\" content=\"https:\/\/likemetkovic.hr\/ucenici-gimnazije-metkovic-i-os-stjepana-radica-na-xv-theaterspiele-u-varazdinu\/\" \/>\n<meta property=\"og:site_name\" content=\"likemetkovic.hr\" \/>\n<meta property=\"article:publisher\" content=\"https:\/\/www.facebook.com\/likemetkovic.hr\/\" \/>\n<meta property=\"article:published_time\" content=\"2018-04-17T13:08:07+00:00\" \/>\n<meta property=\"og:image\" content=\"https:\/\/likemetkovic.hr\/wp-content\/uploads\/2018\/04\/gimanzija-vara\u017edin.jpg\" \/>\n\t<meta property=\"og:image:width\" content=\"900\" \/>\n\t<meta property=\"og:image:height\" content=\"600\" \/>\n\t<meta property=\"og:image:type\" content=\"image\/jpeg\" \/>\n<meta name=\"author\" content=\"LIKEmetkovic.hr\" \/>\n<meta name=\"twitter:card\" content=\"summary_large_image\" \/>\n<meta name=\"twitter:label1\" content=\"Napisao\/la\" \/>\n\t<meta name=\"twitter:data1\" content=\"LIKEmetkovic.hr\" \/>\n\t<meta name=\"twitter:label2\" content=\"Procijenjeno vrijeme \u010ditanja\" \/>\n\t<meta name=\"twitter:data2\" content=\"1 minuta\" \/>\n<script type=\"application\/ld+json\" class=\"yoast-schema-graph\">{\"@context\":\"https:\/\/schema.org\",\"@graph\":[{\"@type\":\"WebPage\",\"@id\":\"https:\/\/likemetkovic.hr\/ucenici-gimnazije-metkovic-i-os-stjepana-radica-na-xv-theaterspiele-u-varazdinu\/\",\"url\":\"https:\/\/likemetkovic.hr\/ucenici-gimnazije-metkovic-i-os-stjepana-radica-na-xv-theaterspiele-u-varazdinu\/\",\"name\":\"U\u010denici Gimnazije Metkovi\u0107 nastupili na XV. Theaterspiele u Vara\u017edinu - likemetkovic.hr\",\"isPartOf\":{\"@id\":\"https:\/\/likemetkovic.hr\/#website\"},\"primaryImageOfPage\":{\"@id\":\"https:\/\/likemetkovic.hr\/ucenici-gimnazije-metkovic-i-os-stjepana-radica-na-xv-theaterspiele-u-varazdinu\/#primaryimage\"},\"image\":{\"@id\":\"https:\/\/likemetkovic.hr\/ucenici-gimnazije-metkovic-i-os-stjepana-radica-na-xv-theaterspiele-u-varazdinu\/#primaryimage\"},\"thumbnailUrl\":\"https:\/\/likemetkovic.hr\/portal\/wp-content\/uploads\/2018\/04\/gimanzija-vara\u017edin.jpg\",\"datePublished\":\"2018-04-17T13:08:07+00:00\",\"author\":{\"@id\":\"https:\/\/likemetkovic.hr\/#\/schema\/person\/a42711f3385a0e2be6f7e0443bfb28f0\"},\"breadcrumb\":{\"@id\":\"https:\/\/likemetkovic.hr\/ucenici-gimnazije-metkovic-i-os-stjepana-radica-na-xv-theaterspiele-u-varazdinu\/#breadcrumb\"},\"inLanguage\":\"hr\",\"potentialAction\":[{\"@type\":\"ReadAction\",\"target\":[\"https:\/\/likemetkovic.hr\/ucenici-gimnazije-metkovic-i-os-stjepana-radica-na-xv-theaterspiele-u-varazdinu\/\"]}]},{\"@type\":\"ImageObject\",\"inLanguage\":\"hr\",\"@id\":\"https:\/\/likemetkovic.hr\/ucenici-gimnazije-metkovic-i-os-stjepana-radica-na-xv-theaterspiele-u-varazdinu\/#primaryimage\",\"url\":\"https:\/\/likemetkovic.hr\/portal\/wp-content\/uploads\/2018\/04\/gimanzija-vara\u017edin.jpg\",\"contentUrl\":\"https:\/\/likemetkovic.hr\/portal\/wp-content\/uploads\/2018\/04\/gimanzija-vara\u017edin.jpg\",\"width\":900,\"height\":600},{\"@type\":\"BreadcrumbList\",\"@id\":\"https:\/\/likemetkovic.hr\/ucenici-gimnazije-metkovic-i-os-stjepana-radica-na-xv-theaterspiele-u-varazdinu\/#breadcrumb\",\"itemListElement\":[{\"@type\":\"ListItem\",\"position\":1,\"name\":\"Po\u010detna stranica\",\"item\":\"https:\/\/likemetkovic.hr\/portal\/\"},{\"@type\":\"ListItem\",\"position\":2,\"name\":\"U\u010denici Gimnazije Metkovi\u0107 nastupili na XV. Theaterspiele u Vara\u017edinu\"}]},{\"@type\":\"WebSite\",\"@id\":\"https:\/\/likemetkovic.hr\/#website\",\"url\":\"https:\/\/likemetkovic.hr\/\",\"name\":\"likemetkovic.hr\",\"description\":\"Misli pozitivno... \u010ditaj LIKE\",\"potentialAction\":[{\"@type\":\"SearchAction\",\"target\":{\"@type\":\"EntryPoint\",\"urlTemplate\":\"https:\/\/likemetkovic.hr\/?s={search_term_string}\"},\"query-input\":{\"@type\":\"PropertyValueSpecification\",\"valueRequired\":true,\"valueName\":\"search_term_string\"}}],\"inLanguage\":\"hr\"},{\"@type\":\"Person\",\"@id\":\"https:\/\/likemetkovic.hr\/#\/schema\/person\/a42711f3385a0e2be6f7e0443bfb28f0\",\"name\":\"LIKEmetkovic.hr\",\"sameAs\":[\"http:\/\/likemetkovic.hr\"],\"url\":\"https:\/\/likemetkovic.hr\/portal\/author\/likemetkovic-hr\/\"}]}<\/script>\n<!-- \/ Yoast SEO plugin. -->","yoast_head_json":{"title":"U\u010denici Gimnazije Metkovi\u0107 nastupili na XV. Theaterspiele u Vara\u017edinu - likemetkovic.hr","robots":{"index":"index","follow":"follow","max-snippet":"max-snippet:-1","max-image-preview":"max-image-preview:large","max-video-preview":"max-video-preview:-1"},"canonical":"https:\/\/likemetkovic.hr\/ucenici-gimnazije-metkovic-i-os-stjepana-radica-na-xv-theaterspiele-u-varazdinu\/","og_locale":"hr_HR","og_type":"article","og_title":"U\u010denici Gimnazije Metkovi\u0107 nastupili na XV. Theaterspiele u Vara\u017edinu - likemetkovic.hr","og_description":"Pro\u0161li tjedan je u Gimnaziji Metkovi\u0107 u organizaciji Goethe Instituta odr\u017eana kazali\u0161na radionica na njema\u010dkom jeziku. Radionicu je vodila kazali\u0161na pedagoginja iz Berlina Nadine Boos. U radionicu su bili uklju\u010deni u\u010denice i u\u010denici drugih razreda Gimnazije Metkovi\u0107 i po jedna u\u010denica iz O\u0160 don Mihovil Pavlinovi\u0107 i O\u0160 Stjepan Radi\u0107. Tri dana su osmi\u0161ljavali svoju [&hellip;]","og_url":"https:\/\/likemetkovic.hr\/ucenici-gimnazije-metkovic-i-os-stjepana-radica-na-xv-theaterspiele-u-varazdinu\/","og_site_name":"likemetkovic.hr","article_publisher":"https:\/\/www.facebook.com\/likemetkovic.hr\/","article_published_time":"2018-04-17T13:08:07+00:00","og_image":[{"width":900,"height":600,"url":"https:\/\/likemetkovic.hr\/wp-content\/uploads\/2018\/04\/gimanzija-vara\u017edin.jpg","type":"image\/jpeg"}],"author":"LIKEmetkovic.hr","twitter_card":"summary_large_image","twitter_misc":{"Napisao\/la":"LIKEmetkovic.hr","Procijenjeno vrijeme \u010ditanja":"1 minuta"},"schema":{"@context":"https:\/\/schema.org","@graph":[{"@type":"WebPage","@id":"https:\/\/likemetkovic.hr\/ucenici-gimnazije-metkovic-i-os-stjepana-radica-na-xv-theaterspiele-u-varazdinu\/","url":"https:\/\/likemetkovic.hr\/ucenici-gimnazije-metkovic-i-os-stjepana-radica-na-xv-theaterspiele-u-varazdinu\/","name":"U\u010denici Gimnazije Metkovi\u0107 nastupili na XV. Theaterspiele u Vara\u017edinu - likemetkovic.hr","isPartOf":{"@id":"https:\/\/likemetkovic.hr\/#website"},"primaryImageOfPage":{"@id":"https:\/\/likemetkovic.hr\/ucenici-gimnazije-metkovic-i-os-stjepana-radica-na-xv-theaterspiele-u-varazdinu\/#primaryimage"},"image":{"@id":"https:\/\/likemetkovic.hr\/ucenici-gimnazije-metkovic-i-os-stjepana-radica-na-xv-theaterspiele-u-varazdinu\/#primaryimage"},"thumbnailUrl":"https:\/\/likemetkovic.hr\/portal\/wp-content\/uploads\/2018\/04\/gimanzija-vara\u017edin.jpg","datePublished":"2018-04-17T13:08:07+00:00","author":{"@id":"https:\/\/likemetkovic.hr\/#\/schema\/person\/a42711f3385a0e2be6f7e0443bfb28f0"},"breadcrumb":{"@id":"https:\/\/likemetkovic.hr\/ucenici-gimnazije-metkovic-i-os-stjepana-radica-na-xv-theaterspiele-u-varazdinu\/#breadcrumb"},"inLanguage":"hr","potentialAction":[{"@type":"ReadAction","target":["https:\/\/likemetkovic.hr\/ucenici-gimnazije-metkovic-i-os-stjepana-radica-na-xv-theaterspiele-u-varazdinu\/"]}]},{"@type":"ImageObject","inLanguage":"hr","@id":"https:\/\/likemetkovic.hr\/ucenici-gimnazije-metkovic-i-os-stjepana-radica-na-xv-theaterspiele-u-varazdinu\/#primaryimage","url":"https:\/\/likemetkovic.hr\/portal\/wp-content\/uploads\/2018\/04\/gimanzija-vara\u017edin.jpg","contentUrl":"https:\/\/likemetkovic.hr\/portal\/wp-content\/uploads\/2018\/04\/gimanzija-vara\u017edin.jpg","width":900,"height":600},{"@type":"BreadcrumbList","@id":"https:\/\/likemetkovic.hr\/ucenici-gimnazije-metkovic-i-os-stjepana-radica-na-xv-theaterspiele-u-varazdinu\/#breadcrumb","itemListElement":[{"@type":"ListItem","position":1,"name":"Po\u010detna stranica","item":"https:\/\/likemetkovic.hr\/portal\/"},{"@type":"ListItem","position":2,"name":"U\u010denici Gimnazije Metkovi\u0107 nastupili na XV. Theaterspiele u Vara\u017edinu"}]},{"@type":"WebSite","@id":"https:\/\/likemetkovic.hr\/#website","url":"https:\/\/likemetkovic.hr\/","name":"likemetkovic.hr","description":"Misli pozitivno... \u010ditaj LIKE","potentialAction":[{"@type":"SearchAction","target":{"@type":"EntryPoint","urlTemplate":"https:\/\/likemetkovic.hr\/?s={search_term_string}"},"query-input":{"@type":"PropertyValueSpecification","valueRequired":true,"valueName":"search_term_string"}}],"inLanguage":"hr"},{"@type":"Person","@id":"https:\/\/likemetkovic.hr\/#\/schema\/person\/a42711f3385a0e2be6f7e0443bfb28f0","name":"LIKEmetkovic.hr","sameAs":["http:\/\/likemetkovic.hr"],"url":"https:\/\/likemetkovic.hr\/portal\/author\/likemetkovic-hr\/"}]}},"_links":{"self":[{"href":"https:\/\/likemetkovic.hr\/portal\/wp-json\/wp\/v2\/posts\/56953","targetHints":{"allow":["GET"]}}],"collection":[{"href":"https:\/\/likemetkovic.hr\/portal\/wp-json\/wp\/v2\/posts"}],"about":[{"href":"https:\/\/likemetkovic.hr\/portal\/wp-json\/wp\/v2\/types\/post"}],"author":[{"embeddable":true,"href":"https:\/\/likemetkovic.hr\/portal\/wp-json\/wp\/v2\/users\/7"}],"replies":[{"embeddable":true,"href":"https:\/\/likemetkovic.hr\/portal\/wp-json\/wp\/v2\/comments?post=56953"}],"version-history":[{"count":0,"href":"https:\/\/likemetkovic.hr\/portal\/wp-json\/wp\/v2\/posts\/56953\/revisions"}],"wp:featuredmedia":[{"embeddable":true,"href":"https:\/\/likemetkovic.hr\/portal\/wp-json\/wp\/v2\/media\/56962"}],"wp:attachment":[{"href":"https:\/\/likemetkovic.hr\/portal\/wp-json\/wp\/v2\/media?parent=56953"}],"wp:term":[{"taxonomy":"category","embeddable":true,"href":"https:\/\/likemetkovic.hr\/portal\/wp-json\/wp\/v2\/categories?post=56953"},{"taxonomy":"post_tag","embeddable":true,"href":"https:\/\/likemetkovic.hr\/portal\/wp-json\/wp\/v2\/tags?post=56953"}],"curies":[{"name":"wp","href":"https:\/\/api.w.org\/{rel}","templated":true}]}}