{"id":57076,"date":"2018-04-20T21:02:01","date_gmt":"2018-04-20T19:02:01","guid":{"rendered":"http:\/\/likemetkovic.hr\/?p=57076"},"modified":"2018-04-20T21:02:57","modified_gmt":"2018-04-20T19:02:57","slug":"zupa-sv-ilije-zapoceo-jubilarni-10-nacionalni-susret-franjevacke-mladezi","status":"publish","type":"post","link":"https:\/\/likemetkovic.hr\/portal\/zupa-sv-ilije-zapoceo-jubilarni-10-nacionalni-susret-franjevacke-mladezi\/","title":{"rendered":"\u017dUPA SV. ILIJE Zapo\u010deo jubilarni 10. nacionalni susret Franjeva\u010dke mlade\u017ei"},"content":{"rendered":"<p>Danas je u \u017dupi sv. Ilije \u2013 Metkovi\u0107 u organizaciji\u00a0<em>Hrvatskog nacionalnog bratstva\u00a0<\/em>zapo\u010deo\u00a0<strong>10. nacionalni susret Franjeva\u010dke mlade\u017ei\u00a0<\/strong>povodom proslave\u00a025 godina Frame\u00a0u Hrvatskoj.<\/p>\n<p><span id=\"more-1325\"><\/span>Pod geslom<em>\u00a0Slu\u017eite Gospodinu u veselju!<\/em>\u00a0(Ps 100,2) okupilo se <strong>vi\u0161e stotina\u00a0mladih<em>\u00a0Frama\u0161a<\/em>\u00a0iz cijele Hrvatske.\u00a0<\/strong><\/p>\n<p>Danas u je molitvom i pozdravnim govorima zapo\u010deo program, a u 18 sati uprili\u010deno je sveto misno slavlje u \u017eupnoj crkvi koje je predvodio kapelan fra Dujo Juki\u0107 u koncelebraciji s vi\u0161e sve\u0107enika.<\/p>\n<p>Ve\u010deras \u0107e u gimnazijskoj dvorani biti molitveno bdjenje pred Presvetim oltarskim sakramentom.<\/p>\n<p>Za sutra su predvi\u0111ene radionice po skupinama, predavanja, molitva krunice te Euharistijsko slavlje. Nekoliko fotografija s ve\u010dera\u0161nje svete mise mo\u017eete pogledati u nastavku.<\/p>\n\r\n                <style type=\"text\/css\">\r\n                    \r\n                    #tdi_1  .td-doubleSlider-2 .td-item1 {\r\n                        background: url(https:\/\/likemetkovic.hr\/portal\/wp-content\/uploads\/2018\/04\/frama2018susret-dan1-001-80x60.jpg) 0 0 no-repeat;\r\n                    }\r\n                    #tdi_1  .td-doubleSlider-2 .td-item2 {\r\n                        background: url(https:\/\/likemetkovic.hr\/portal\/wp-content\/uploads\/2018\/04\/frama2018susret-dan1-006-80x60.jpg) 0 0 no-repeat;\r\n                    }\r\n                    #tdi_1  .td-doubleSlider-2 .td-item3 {\r\n                        background: url(https:\/\/likemetkovic.hr\/portal\/wp-content\/uploads\/2018\/04\/frama2018susret-dan1-007-80x60.jpg) 0 0 no-repeat;\r\n                    }\r\n                    #tdi_1  .td-doubleSlider-2 .td-item4 {\r\n                        background: url(https:\/\/likemetkovic.hr\/portal\/wp-content\/uploads\/2018\/04\/frama2018susret-dan1-008-80x60.jpg) 0 0 no-repeat;\r\n                    }\r\n                    #tdi_1  .td-doubleSlider-2 .td-item5 {\r\n                        background: url(https:\/\/likemetkovic.hr\/portal\/wp-content\/uploads\/2018\/04\/frama2018susret-dan1-011-80x60.jpg) 0 0 no-repeat;\r\n                    }\r\n                    #tdi_1  .td-doubleSlider-2 .td-item6 {\r\n                        background: url(https:\/\/likemetkovic.hr\/portal\/wp-content\/uploads\/2018\/04\/frama2018susret-dan1-012-80x60.jpg) 0 0 no-repeat;\r\n                    }\r\n                <\/style>\r\n\r\n                <div id=\"tdi_1\" class=\"td-gallery td-slide-on-2-columns\">\r\n                    <div class=\"post_td_gallery\">\r\n                        <div class=\"td-gallery-slide-top\">\r\n                           <div class=\"td-gallery-title\"><\/div>\r\n\r\n                            <div class=\"td-gallery-controls-wrapper\">\r\n                                <div class=\"td-gallery-slide-count\"><span class=\"td-gallery-slide-item-focus\">1<\/span> of 6<\/div>\r\n                                <div class=\"td-gallery-slide-prev-next-but\">\r\n                                    <i class = \"td-icon-left doubleSliderPrevButton\"><\/i>\r\n                                    <i class = \"td-icon-right doubleSliderNextButton\"><\/i>\r\n                                <\/div>\r\n                            <\/div>\r\n                        <\/div>\r\n\r\n                        <div class = \"td-doubleSlider-1 \">\r\n                            <div class = \"td-slider\">\r\n                                \r\n                    <div class = \"td-slide-item td-item1\">\r\n                        <figure class=\"td-slide-galery-figure td-slide-popup-gallery\">\r\n                            <a class=\"slide-gallery-image-link\" href=\"https:\/\/likemetkovic.hr\/portal\/wp-content\/uploads\/2018\/04\/frama2018susret-dan1-001.jpg\" title=\"frama2018susret-dan1-001\"  data-caption=\"\"  data-description=\"\">\r\n                                <img decoding=\"async\" src=\"https:\/\/likemetkovic.hr\/portal\/wp-content\/uploads\/2018\/04\/frama2018susret-dan1-001-629x420.jpg\" srcset=\"https:\/\/likemetkovic.hr\/portal\/wp-content\/uploads\/2018\/04\/frama2018susret-dan1-001-629x420.jpg 629w, https:\/\/likemetkovic.hr\/portal\/wp-content\/uploads\/2018\/04\/frama2018susret-dan1-001-800x534.jpg 800w, https:\/\/likemetkovic.hr\/portal\/wp-content\/uploads\/2018\/04\/frama2018susret-dan1-001-768x513.jpg 768w, https:\/\/likemetkovic.hr\/portal\/wp-content\/uploads\/2018\/04\/frama2018susret-dan1-001-696x465.jpg 696w, https:\/\/likemetkovic.hr\/portal\/wp-content\/uploads\/2018\/04\/frama2018susret-dan1-001.jpg 900w\" sizes=\"(max-width: 629px) 100vw, 629px\" alt=\"\">\r\n                            <\/a>\r\n                            \r\n                        <\/figure>\r\n                    <\/div>\r\n                    <div class = \"td-slide-item td-item2\">\r\n                        <figure class=\"td-slide-galery-figure td-slide-popup-gallery\">\r\n                            <a class=\"slide-gallery-image-link\" href=\"https:\/\/likemetkovic.hr\/portal\/wp-content\/uploads\/2018\/04\/frama2018susret-dan1-006.jpg\" title=\"frama2018susret-dan1-006\"  data-caption=\"\"  data-description=\"\">\r\n                                <img decoding=\"async\" src=\"https:\/\/likemetkovic.hr\/portal\/wp-content\/uploads\/2018\/04\/frama2018susret-dan1-006-629x420.jpg\" srcset=\"https:\/\/likemetkovic.hr\/portal\/wp-content\/uploads\/2018\/04\/frama2018susret-dan1-006-629x420.jpg 629w, https:\/\/likemetkovic.hr\/portal\/wp-content\/uploads\/2018\/04\/frama2018susret-dan1-006-800x534.jpg 800w, https:\/\/likemetkovic.hr\/portal\/wp-content\/uploads\/2018\/04\/frama2018susret-dan1-006-768x513.jpg 768w, https:\/\/likemetkovic.hr\/portal\/wp-content\/uploads\/2018\/04\/frama2018susret-dan1-006-696x465.jpg 696w, https:\/\/likemetkovic.hr\/portal\/wp-content\/uploads\/2018\/04\/frama2018susret-dan1-006.jpg 900w\" sizes=\"(max-width: 629px) 100vw, 629px\" alt=\"\">\r\n                            <\/a>\r\n                            \r\n                        <\/figure>\r\n                    <\/div>\r\n                    <div class = \"td-slide-item td-item3\">\r\n                        <figure class=\"td-slide-galery-figure td-slide-popup-gallery\">\r\n                            <a class=\"slide-gallery-image-link\" href=\"https:\/\/likemetkovic.hr\/portal\/wp-content\/uploads\/2018\/04\/frama2018susret-dan1-007.jpg\" title=\"frama2018susret-dan1-007\"  data-caption=\"\"  data-description=\"\">\r\n                                <img decoding=\"async\" src=\"https:\/\/likemetkovic.hr\/portal\/wp-content\/uploads\/2018\/04\/frama2018susret-dan1-007-631x420.jpg\" srcset=\"https:\/\/likemetkovic.hr\/portal\/wp-content\/uploads\/2018\/04\/frama2018susret-dan1-007-631x420.jpg 631w, https:\/\/likemetkovic.hr\/portal\/wp-content\/uploads\/2018\/04\/frama2018susret-dan1-007-800x532.jpg 800w, https:\/\/likemetkovic.hr\/portal\/wp-content\/uploads\/2018\/04\/frama2018susret-dan1-007-768x511.jpg 768w, https:\/\/likemetkovic.hr\/portal\/wp-content\/uploads\/2018\/04\/frama2018susret-dan1-007-696x463.jpg 696w, https:\/\/likemetkovic.hr\/portal\/wp-content\/uploads\/2018\/04\/frama2018susret-dan1-007.jpg 900w\" sizes=\"(max-width: 631px) 100vw, 631px\" alt=\"\">\r\n                            <\/a>\r\n                            \r\n                        <\/figure>\r\n                    <\/div>\r\n                    <div class = \"td-slide-item td-item4\">\r\n                        <figure class=\"td-slide-galery-figure td-slide-popup-gallery\">\r\n                            <a class=\"slide-gallery-image-link\" href=\"https:\/\/likemetkovic.hr\/portal\/wp-content\/uploads\/2018\/04\/frama2018susret-dan1-008.jpg\" title=\"frama2018susret-dan1-008\"  data-caption=\"\"  data-description=\"\">\r\n                                <img decoding=\"async\" src=\"https:\/\/likemetkovic.hr\/portal\/wp-content\/uploads\/2018\/04\/frama2018susret-dan1-008-631x420.jpg\" srcset=\"https:\/\/likemetkovic.hr\/portal\/wp-content\/uploads\/2018\/04\/frama2018susret-dan1-008-631x420.jpg 631w, https:\/\/likemetkovic.hr\/portal\/wp-content\/uploads\/2018\/04\/frama2018susret-dan1-008-800x532.jpg 800w, https:\/\/likemetkovic.hr\/portal\/wp-content\/uploads\/2018\/04\/frama2018susret-dan1-008-768x511.jpg 768w, https:\/\/likemetkovic.hr\/portal\/wp-content\/uploads\/2018\/04\/frama2018susret-dan1-008-696x463.jpg 696w, https:\/\/likemetkovic.hr\/portal\/wp-content\/uploads\/2018\/04\/frama2018susret-dan1-008.jpg 900w\" sizes=\"(max-width: 631px) 100vw, 631px\" alt=\"\">\r\n                            <\/a>\r\n                            \r\n                        <\/figure>\r\n                    <\/div>\r\n                    <div class = \"td-slide-item td-item5\">\r\n                        <figure class=\"td-slide-galery-figure td-slide-popup-gallery\">\r\n                            <a class=\"slide-gallery-image-link\" href=\"https:\/\/likemetkovic.hr\/portal\/wp-content\/uploads\/2018\/04\/frama2018susret-dan1-011.jpg\" title=\"frama2018susret-dan1-011\"  data-caption=\"\"  data-description=\"\">\r\n                                <img decoding=\"async\" src=\"https:\/\/likemetkovic.hr\/portal\/wp-content\/uploads\/2018\/04\/frama2018susret-dan1-011-631x420.jpg\" srcset=\"https:\/\/likemetkovic.hr\/portal\/wp-content\/uploads\/2018\/04\/frama2018susret-dan1-011-631x420.jpg 631w, https:\/\/likemetkovic.hr\/portal\/wp-content\/uploads\/2018\/04\/frama2018susret-dan1-011-800x532.jpg 800w, https:\/\/likemetkovic.hr\/portal\/wp-content\/uploads\/2018\/04\/frama2018susret-dan1-011-768x511.jpg 768w, https:\/\/likemetkovic.hr\/portal\/wp-content\/uploads\/2018\/04\/frama2018susret-dan1-011-696x463.jpg 696w, https:\/\/likemetkovic.hr\/portal\/wp-content\/uploads\/2018\/04\/frama2018susret-dan1-011.jpg 900w\" sizes=\"(max-width: 631px) 100vw, 631px\" alt=\"\">\r\n                            <\/a>\r\n                            \r\n                        <\/figure>\r\n                    <\/div>\r\n                    <div class = \"td-slide-item td-item6\">\r\n                        <figure class=\"td-slide-galery-figure td-slide-popup-gallery\">\r\n                            <a class=\"slide-gallery-image-link\" href=\"https:\/\/likemetkovic.hr\/portal\/wp-content\/uploads\/2018\/04\/frama2018susret-dan1-012.jpg\" title=\"frama2018susret-dan1-012\"  data-caption=\"\"  data-description=\"\">\r\n                                <img decoding=\"async\" src=\"https:\/\/likemetkovic.hr\/portal\/wp-content\/uploads\/2018\/04\/frama2018susret-dan1-012-631x420.jpg\" srcset=\"https:\/\/likemetkovic.hr\/portal\/wp-content\/uploads\/2018\/04\/frama2018susret-dan1-012-631x420.jpg 631w, https:\/\/likemetkovic.hr\/portal\/wp-content\/uploads\/2018\/04\/frama2018susret-dan1-012-800x532.jpg 800w, https:\/\/likemetkovic.hr\/portal\/wp-content\/uploads\/2018\/04\/frama2018susret-dan1-012-768x511.jpg 768w, https:\/\/likemetkovic.hr\/portal\/wp-content\/uploads\/2018\/04\/frama2018susret-dan1-012-696x463.jpg 696w, https:\/\/likemetkovic.hr\/portal\/wp-content\/uploads\/2018\/04\/frama2018susret-dan1-012.jpg 900w\" sizes=\"(max-width: 631px) 100vw, 631px\" alt=\"\">\r\n                            <\/a>\r\n                            \r\n                        <\/figure>\r\n                    <\/div>\r\n                            <\/div>\r\n                        <\/div>\r\n\r\n                        <div class = \"td-doubleSlider-2\">\r\n                            <div class = \"td-slider\">\r\n                                \r\n                    <div class = \"td-button td-item1\">\r\n                        <div class = \"td-border\"><\/div>\r\n                    <\/div>\r\n                    <div class = \"td-button td-item2\">\r\n                        <div class = \"td-border\"><\/div>\r\n                    <\/div>\r\n                    <div class = \"td-button td-item3\">\r\n                        <div class = \"td-border\"><\/div>\r\n                    <\/div>\r\n                    <div class = \"td-button td-item4\">\r\n                        <div class = \"td-border\"><\/div>\r\n                    <\/div>\r\n                    <div class = \"td-button td-item5\">\r\n                        <div class = \"td-border\"><\/div>\r\n                    <\/div>\r\n                    <div class = \"td-button td-item6\">\r\n                        <div class = \"td-border\"><\/div>\r\n                    <\/div>\r\n                            <\/div>\r\n                        <\/div>\r\n\r\n                    <\/div>\r\n\r\n                <\/div>\r\n                \n<p>Foto: \u017dupa sv. Ilije Metkovi\u0107<\/p>\n","protected":false},"excerpt":{"rendered":"<p>Danas je u \u017dupi sv. Ilije \u2013 Metkovi\u0107 u organizaciji\u00a0Hrvatskog nacionalnog bratstva\u00a0zapo\u010deo\u00a010. nacionalni susret Franjeva\u010dke mlade\u017ei\u00a0povodom proslave\u00a025 godina Frame\u00a0u Hrvatskoj. Pod geslom\u00a0Slu\u017eite Gospodinu u veselju!\u00a0(Ps 100,2) okupilo se vi\u0161e stotina\u00a0mladih\u00a0Frama\u0161a\u00a0iz cijele Hrvatske.\u00a0 Danas u je molitvom i pozdravnim govorima zapo\u010deo program, a u 18 sati uprili\u010deno je sveto misno slavlje u \u017eupnoj crkvi koje je [&hellip;]<\/p>\n","protected":false},"author":7,"featured_media":57080,"comment_status":"open","ping_status":"open","sticky":false,"template":"","format":"standard","meta":{"footnotes":""},"categories":[296,27],"tags":[2149,380,2998,2999],"class_list":{"0":"post-57076","1":"post","2":"type-post","3":"status-publish","4":"format-standard","5":"has-post-thumbnail","7":"category-ab","8":"category-vjera-i-zivot","9":"tag-franjevacka-mladez","10":"tag-metkovic","11":"tag-nacionalni-susret","12":"tag-zupa-sv-ilije-proroka"},"yoast_head":"<!-- This site is optimized with the Yoast SEO plugin v25.2 - https:\/\/yoast.com\/wordpress\/plugins\/seo\/ -->\n<title>\u017dUPA SV. ILIJE Zapo\u010deo jubilarni 10. nacionalni susret Franjeva\u010dke mlade\u017ei - likemetkovic.hr<\/title>\n<meta name=\"description\" content=\"Danas je u \u017dupi sv. Ilije \u2013 Metkovi\u0107 u organizaciji\u00a0Hrvatskog nacionalnog bratstva\u00a0zapo\u010deo\u00a010. nacionalni susret Franjeva\u010dke mlade\u017ei\u00a0povodom proslave\u00a025 godina Frame\u00a0u Hrvatskoj.\" \/>\n<meta name=\"robots\" content=\"index, follow, max-snippet:-1, max-image-preview:large, max-video-preview:-1\" \/>\n<link rel=\"canonical\" href=\"https:\/\/likemetkovic.hr\/zupa-sv-ilije-zapoceo-jubilarni-10-nacionalni-susret-franjevacke-mladezi\/\" \/>\n<meta property=\"og:locale\" content=\"hr_HR\" \/>\n<meta property=\"og:type\" content=\"article\" \/>\n<meta property=\"og:title\" content=\"\u017dUPA SV. ILIJE Zapo\u010deo jubilarni 10. nacionalni susret Franjeva\u010dke mlade\u017ei - likemetkovic.hr\" \/>\n<meta property=\"og:description\" content=\"Danas je u \u017dupi sv. Ilije \u2013 Metkovi\u0107 u organizaciji\u00a0Hrvatskog nacionalnog bratstva\u00a0zapo\u010deo\u00a010. nacionalni susret Franjeva\u010dke mlade\u017ei\u00a0povodom proslave\u00a025 godina Frame\u00a0u Hrvatskoj.\" \/>\n<meta property=\"og:url\" content=\"https:\/\/likemetkovic.hr\/zupa-sv-ilije-zapoceo-jubilarni-10-nacionalni-susret-franjevacke-mladezi\/\" \/>\n<meta property=\"og:site_name\" content=\"likemetkovic.hr\" \/>\n<meta property=\"article:publisher\" content=\"https:\/\/www.facebook.com\/likemetkovic.hr\/\" \/>\n<meta property=\"article:published_time\" content=\"2018-04-20T19:02:01+00:00\" \/>\n<meta property=\"article:modified_time\" content=\"2018-04-20T19:02:57+00:00\" \/>\n<meta property=\"og:image\" content=\"https:\/\/likemetkovic.hr\/wp-content\/uploads\/2018\/04\/frama2018susret-dan1-008.jpg\" \/>\n\t<meta property=\"og:image:width\" content=\"900\" \/>\n\t<meta property=\"og:image:height\" content=\"599\" \/>\n\t<meta property=\"og:image:type\" content=\"image\/jpeg\" \/>\n<meta name=\"author\" content=\"LIKEmetkovic.hr\" \/>\n<meta name=\"twitter:card\" content=\"summary_large_image\" \/>\n<meta name=\"twitter:label1\" content=\"Napisao\/la\" \/>\n\t<meta name=\"twitter:data1\" content=\"LIKEmetkovic.hr\" \/>\n\t<meta name=\"twitter:label2\" content=\"Procijenjeno vrijeme \u010ditanja\" \/>\n\t<meta name=\"twitter:data2\" content=\"1 minuta\" \/>\n<script type=\"application\/ld+json\" class=\"yoast-schema-graph\">{\"@context\":\"https:\/\/schema.org\",\"@graph\":[{\"@type\":\"WebPage\",\"@id\":\"https:\/\/likemetkovic.hr\/zupa-sv-ilije-zapoceo-jubilarni-10-nacionalni-susret-franjevacke-mladezi\/\",\"url\":\"https:\/\/likemetkovic.hr\/zupa-sv-ilije-zapoceo-jubilarni-10-nacionalni-susret-franjevacke-mladezi\/\",\"name\":\"\u017dUPA SV. ILIJE Zapo\u010deo jubilarni 10. nacionalni susret Franjeva\u010dke mlade\u017ei - likemetkovic.hr\",\"isPartOf\":{\"@id\":\"https:\/\/likemetkovic.hr\/#website\"},\"primaryImageOfPage\":{\"@id\":\"https:\/\/likemetkovic.hr\/zupa-sv-ilije-zapoceo-jubilarni-10-nacionalni-susret-franjevacke-mladezi\/#primaryimage\"},\"image\":{\"@id\":\"https:\/\/likemetkovic.hr\/zupa-sv-ilije-zapoceo-jubilarni-10-nacionalni-susret-franjevacke-mladezi\/#primaryimage\"},\"thumbnailUrl\":\"https:\/\/likemetkovic.hr\/portal\/wp-content\/uploads\/2018\/04\/frama2018susret-dan1-008.jpg\",\"datePublished\":\"2018-04-20T19:02:01+00:00\",\"dateModified\":\"2018-04-20T19:02:57+00:00\",\"author\":{\"@id\":\"https:\/\/likemetkovic.hr\/#\/schema\/person\/a42711f3385a0e2be6f7e0443bfb28f0\"},\"description\":\"Danas je u \u017dupi sv. Ilije \u2013 Metkovi\u0107 u organizaciji\u00a0Hrvatskog nacionalnog bratstva\u00a0zapo\u010deo\u00a010. nacionalni susret Franjeva\u010dke mlade\u017ei\u00a0povodom proslave\u00a025 godina Frame\u00a0u Hrvatskoj.\",\"breadcrumb\":{\"@id\":\"https:\/\/likemetkovic.hr\/zupa-sv-ilije-zapoceo-jubilarni-10-nacionalni-susret-franjevacke-mladezi\/#breadcrumb\"},\"inLanguage\":\"hr\",\"potentialAction\":[{\"@type\":\"ReadAction\",\"target\":[\"https:\/\/likemetkovic.hr\/zupa-sv-ilije-zapoceo-jubilarni-10-nacionalni-susret-franjevacke-mladezi\/\"]}]},{\"@type\":\"ImageObject\",\"inLanguage\":\"hr\",\"@id\":\"https:\/\/likemetkovic.hr\/zupa-sv-ilije-zapoceo-jubilarni-10-nacionalni-susret-franjevacke-mladezi\/#primaryimage\",\"url\":\"https:\/\/likemetkovic.hr\/portal\/wp-content\/uploads\/2018\/04\/frama2018susret-dan1-008.jpg\",\"contentUrl\":\"https:\/\/likemetkovic.hr\/portal\/wp-content\/uploads\/2018\/04\/frama2018susret-dan1-008.jpg\",\"width\":900,\"height\":599},{\"@type\":\"BreadcrumbList\",\"@id\":\"https:\/\/likemetkovic.hr\/zupa-sv-ilije-zapoceo-jubilarni-10-nacionalni-susret-franjevacke-mladezi\/#breadcrumb\",\"itemListElement\":[{\"@type\":\"ListItem\",\"position\":1,\"name\":\"Po\u010detna stranica\",\"item\":\"https:\/\/likemetkovic.hr\/portal\/\"},{\"@type\":\"ListItem\",\"position\":2,\"name\":\"\u017dUPA SV. ILIJE Zapo\u010deo jubilarni 10. nacionalni susret Franjeva\u010dke mlade\u017ei\"}]},{\"@type\":\"WebSite\",\"@id\":\"https:\/\/likemetkovic.hr\/#website\",\"url\":\"https:\/\/likemetkovic.hr\/\",\"name\":\"likemetkovic.hr\",\"description\":\"Misli pozitivno... \u010ditaj LIKE\",\"potentialAction\":[{\"@type\":\"SearchAction\",\"target\":{\"@type\":\"EntryPoint\",\"urlTemplate\":\"https:\/\/likemetkovic.hr\/?s={search_term_string}\"},\"query-input\":{\"@type\":\"PropertyValueSpecification\",\"valueRequired\":true,\"valueName\":\"search_term_string\"}}],\"inLanguage\":\"hr\"},{\"@type\":\"Person\",\"@id\":\"https:\/\/likemetkovic.hr\/#\/schema\/person\/a42711f3385a0e2be6f7e0443bfb28f0\",\"name\":\"LIKEmetkovic.hr\",\"sameAs\":[\"http:\/\/likemetkovic.hr\"],\"url\":\"https:\/\/likemetkovic.hr\/portal\/author\/likemetkovic-hr\/\"}]}<\/script>\n<!-- \/ Yoast SEO plugin. -->","yoast_head_json":{"title":"\u017dUPA SV. ILIJE Zapo\u010deo jubilarni 10. nacionalni susret Franjeva\u010dke mlade\u017ei - likemetkovic.hr","description":"Danas je u \u017dupi sv. Ilije \u2013 Metkovi\u0107 u organizaciji\u00a0Hrvatskog nacionalnog bratstva\u00a0zapo\u010deo\u00a010. nacionalni susret Franjeva\u010dke mlade\u017ei\u00a0povodom proslave\u00a025 godina Frame\u00a0u Hrvatskoj.","robots":{"index":"index","follow":"follow","max-snippet":"max-snippet:-1","max-image-preview":"max-image-preview:large","max-video-preview":"max-video-preview:-1"},"canonical":"https:\/\/likemetkovic.hr\/zupa-sv-ilije-zapoceo-jubilarni-10-nacionalni-susret-franjevacke-mladezi\/","og_locale":"hr_HR","og_type":"article","og_title":"\u017dUPA SV. ILIJE Zapo\u010deo jubilarni 10. nacionalni susret Franjeva\u010dke mlade\u017ei - likemetkovic.hr","og_description":"Danas je u \u017dupi sv. Ilije \u2013 Metkovi\u0107 u organizaciji\u00a0Hrvatskog nacionalnog bratstva\u00a0zapo\u010deo\u00a010. nacionalni susret Franjeva\u010dke mlade\u017ei\u00a0povodom proslave\u00a025 godina Frame\u00a0u Hrvatskoj.","og_url":"https:\/\/likemetkovic.hr\/zupa-sv-ilije-zapoceo-jubilarni-10-nacionalni-susret-franjevacke-mladezi\/","og_site_name":"likemetkovic.hr","article_publisher":"https:\/\/www.facebook.com\/likemetkovic.hr\/","article_published_time":"2018-04-20T19:02:01+00:00","article_modified_time":"2018-04-20T19:02:57+00:00","og_image":[{"width":900,"height":599,"url":"https:\/\/likemetkovic.hr\/wp-content\/uploads\/2018\/04\/frama2018susret-dan1-008.jpg","type":"image\/jpeg"}],"author":"LIKEmetkovic.hr","twitter_card":"summary_large_image","twitter_misc":{"Napisao\/la":"LIKEmetkovic.hr","Procijenjeno vrijeme \u010ditanja":"1 minuta"},"schema":{"@context":"https:\/\/schema.org","@graph":[{"@type":"WebPage","@id":"https:\/\/likemetkovic.hr\/zupa-sv-ilije-zapoceo-jubilarni-10-nacionalni-susret-franjevacke-mladezi\/","url":"https:\/\/likemetkovic.hr\/zupa-sv-ilije-zapoceo-jubilarni-10-nacionalni-susret-franjevacke-mladezi\/","name":"\u017dUPA SV. ILIJE Zapo\u010deo jubilarni 10. nacionalni susret Franjeva\u010dke mlade\u017ei - likemetkovic.hr","isPartOf":{"@id":"https:\/\/likemetkovic.hr\/#website"},"primaryImageOfPage":{"@id":"https:\/\/likemetkovic.hr\/zupa-sv-ilije-zapoceo-jubilarni-10-nacionalni-susret-franjevacke-mladezi\/#primaryimage"},"image":{"@id":"https:\/\/likemetkovic.hr\/zupa-sv-ilije-zapoceo-jubilarni-10-nacionalni-susret-franjevacke-mladezi\/#primaryimage"},"thumbnailUrl":"https:\/\/likemetkovic.hr\/portal\/wp-content\/uploads\/2018\/04\/frama2018susret-dan1-008.jpg","datePublished":"2018-04-20T19:02:01+00:00","dateModified":"2018-04-20T19:02:57+00:00","author":{"@id":"https:\/\/likemetkovic.hr\/#\/schema\/person\/a42711f3385a0e2be6f7e0443bfb28f0"},"description":"Danas je u \u017dupi sv. Ilije \u2013 Metkovi\u0107 u organizaciji\u00a0Hrvatskog nacionalnog bratstva\u00a0zapo\u010deo\u00a010. nacionalni susret Franjeva\u010dke mlade\u017ei\u00a0povodom proslave\u00a025 godina Frame\u00a0u Hrvatskoj.","breadcrumb":{"@id":"https:\/\/likemetkovic.hr\/zupa-sv-ilije-zapoceo-jubilarni-10-nacionalni-susret-franjevacke-mladezi\/#breadcrumb"},"inLanguage":"hr","potentialAction":[{"@type":"ReadAction","target":["https:\/\/likemetkovic.hr\/zupa-sv-ilije-zapoceo-jubilarni-10-nacionalni-susret-franjevacke-mladezi\/"]}]},{"@type":"ImageObject","inLanguage":"hr","@id":"https:\/\/likemetkovic.hr\/zupa-sv-ilije-zapoceo-jubilarni-10-nacionalni-susret-franjevacke-mladezi\/#primaryimage","url":"https:\/\/likemetkovic.hr\/portal\/wp-content\/uploads\/2018\/04\/frama2018susret-dan1-008.jpg","contentUrl":"https:\/\/likemetkovic.hr\/portal\/wp-content\/uploads\/2018\/04\/frama2018susret-dan1-008.jpg","width":900,"height":599},{"@type":"BreadcrumbList","@id":"https:\/\/likemetkovic.hr\/zupa-sv-ilije-zapoceo-jubilarni-10-nacionalni-susret-franjevacke-mladezi\/#breadcrumb","itemListElement":[{"@type":"ListItem","position":1,"name":"Po\u010detna stranica","item":"https:\/\/likemetkovic.hr\/portal\/"},{"@type":"ListItem","position":2,"name":"\u017dUPA SV. ILIJE Zapo\u010deo jubilarni 10. nacionalni susret Franjeva\u010dke mlade\u017ei"}]},{"@type":"WebSite","@id":"https:\/\/likemetkovic.hr\/#website","url":"https:\/\/likemetkovic.hr\/","name":"likemetkovic.hr","description":"Misli pozitivno... \u010ditaj LIKE","potentialAction":[{"@type":"SearchAction","target":{"@type":"EntryPoint","urlTemplate":"https:\/\/likemetkovic.hr\/?s={search_term_string}"},"query-input":{"@type":"PropertyValueSpecification","valueRequired":true,"valueName":"search_term_string"}}],"inLanguage":"hr"},{"@type":"Person","@id":"https:\/\/likemetkovic.hr\/#\/schema\/person\/a42711f3385a0e2be6f7e0443bfb28f0","name":"LIKEmetkovic.hr","sameAs":["http:\/\/likemetkovic.hr"],"url":"https:\/\/likemetkovic.hr\/portal\/author\/likemetkovic-hr\/"}]}},"_links":{"self":[{"href":"https:\/\/likemetkovic.hr\/portal\/wp-json\/wp\/v2\/posts\/57076","targetHints":{"allow":["GET"]}}],"collection":[{"href":"https:\/\/likemetkovic.hr\/portal\/wp-json\/wp\/v2\/posts"}],"about":[{"href":"https:\/\/likemetkovic.hr\/portal\/wp-json\/wp\/v2\/types\/post"}],"author":[{"embeddable":true,"href":"https:\/\/likemetkovic.hr\/portal\/wp-json\/wp\/v2\/users\/7"}],"replies":[{"embeddable":true,"href":"https:\/\/likemetkovic.hr\/portal\/wp-json\/wp\/v2\/comments?post=57076"}],"version-history":[{"count":0,"href":"https:\/\/likemetkovic.hr\/portal\/wp-json\/wp\/v2\/posts\/57076\/revisions"}],"wp:featuredmedia":[{"embeddable":true,"href":"https:\/\/likemetkovic.hr\/portal\/wp-json\/wp\/v2\/media\/57080"}],"wp:attachment":[{"href":"https:\/\/likemetkovic.hr\/portal\/wp-json\/wp\/v2\/media?parent=57076"}],"wp:term":[{"taxonomy":"category","embeddable":true,"href":"https:\/\/likemetkovic.hr\/portal\/wp-json\/wp\/v2\/categories?post=57076"},{"taxonomy":"post_tag","embeddable":true,"href":"https:\/\/likemetkovic.hr\/portal\/wp-json\/wp\/v2\/tags?post=57076"}],"curies":[{"name":"wp","href":"https:\/\/api.w.org\/{rel}","templated":true}]}}