{"id":57251,"date":"2018-04-22T22:09:49","date_gmt":"2018-04-22T20:09:49","guid":{"rendered":"http:\/\/likemetkovic.hr\/?p=57251"},"modified":"2018-04-22T22:10:17","modified_gmt":"2018-04-22T20:10:17","slug":"noc-knjige-u-gardskoj-knjiznici-metkovic","status":"publish","type":"post","link":"https:\/\/likemetkovic.hr\/portal\/noc-knjige-u-gardskoj-knjiznici-metkovic\/","title":{"rendered":"PROGRAM &#8220;No\u0107 knjige 2018.&#8221; u Gradskoj knji\u017enici Metkovi\u0107"},"content":{"rendered":"<p><strong>No\u0107 knjige 2018.<\/strong> se odr\u017eava u rekordna 284 grada i mjesta diljem Hrvatske, a sudjelovat \u0107e vi\u0161e od 625 knji\u017enica i knji\u017eara, nakladnika, odgojno-obrazovnih ustanova, kulturno-informativnih centara, muzeja i udruga pisaca.<\/p>\n<p>Ovoj se manifestaciji pridru\u017euje i <strong>Gradska knji\u017enica Metkovi\u0107<\/strong> \u010diji program prenosimo:<\/p>\n<ul>\n<li>23. travnja (ponedjeljak) u 17.30 sati na dje\u010djem odjelu pri\u010daonica <em>\u010citaj<\/em><br \/>\n<em>mi!<\/em>: <strong>\u010ditanje i pri\u010danje pri\u010da uz likovnu radionic<\/strong>u koja je namijenjena djeci od<br \/>\n5 do 7 godina<\/li>\n<li>24. travnja (utorak)\u00a0 u 20 sati <strong>predstavljanje knjige<\/strong> <em>Dan kad je umro<\/em><br \/>\n<em>prijatelj<\/em> Iva Ore\u0161kovi\u0107a Nuha uz zakusku i ku\u0161anje Malvasije<\/li>\n<li>25. travnja (srijeda) u 19 sati na dje\u010djem odjelu odr\u017eat \u0107e se <strong>zabava u<\/strong><br \/>\n<strong>pid\u017eamama<\/strong>: zabava je osmi\u0161ljena kao \u010ditanje neobi\u010dnih pri\u010da u druga\u010dijem<br \/>\nscenskom okru\u017eenju i namijenjena je djeci od 9 do 12 godina. <strong>Pid\u017eama<\/strong><br \/>\n<strong> obavezna!<\/strong><\/li>\n<\/ul>\n","protected":false},"excerpt":{"rendered":"<p>No\u0107 knjige 2018. se odr\u017eava u rekordna 284 grada i mjesta diljem Hrvatske, a sudjelovat \u0107e vi\u0161e od 625 knji\u017enica i knji\u017eara, nakladnika, odgojno-obrazovnih ustanova, kulturno-informativnih centara, muzeja i udruga pisaca. Ovoj se manifestaciji pridru\u017euje i Gradska knji\u017enica Metkovi\u0107 \u010diji program prenosimo: 23. travnja (ponedjeljak) u 17.30 sati na dje\u010djem odjelu pri\u010daonica \u010citaj mi!: \u010ditanje [&hellip;]<\/p>\n","protected":false},"author":7,"featured_media":57252,"comment_status":"open","ping_status":"open","sticky":false,"template":"","format":"standard","meta":{"footnotes":""},"categories":[296,1028],"tags":[421,3015],"class_list":{"0":"post-57251","1":"post","2":"type-post","3":"status-publish","4":"format-standard","5":"has-post-thumbnail","7":"category-ab","8":"category-kultura-2","9":"tag-gradska-knjiznica-metkovic","10":"tag-noc-knjige"},"yoast_head":"<!-- This site is optimized with the Yoast SEO plugin v25.2 - https:\/\/yoast.com\/wordpress\/plugins\/seo\/ -->\n<title>PROGRAM &quot;No\u0107 knjige 2018.&quot; u Gradskoj knji\u017enici Metkovi\u0107 - likemetkovic.hr<\/title>\n<meta name=\"description\" content=\"No\u0107 knjige 2018. se odr\u017eava u rekordna 284 grada i mjesta diljem Hrvatske, a sudjelovat \u0107e vi\u0161e od 625 knji\u017enica i knji\u017eara, nakladnika... tako sa zanimljivim programom i Gradska knji\u017enica Metkovi\u0107\" \/>\n<meta name=\"robots\" content=\"index, follow, max-snippet:-1, max-image-preview:large, max-video-preview:-1\" \/>\n<link rel=\"canonical\" href=\"https:\/\/likemetkovic.hr\/noc-knjige-u-gardskoj-knjiznici-metkovic\/\" \/>\n<meta property=\"og:locale\" content=\"hr_HR\" \/>\n<meta property=\"og:type\" content=\"article\" \/>\n<meta property=\"og:title\" content=\"PROGRAM &quot;No\u0107 knjige 2018.&quot; u Gradskoj knji\u017enici Metkovi\u0107 - likemetkovic.hr\" \/>\n<meta property=\"og:description\" content=\"No\u0107 knjige 2018. se odr\u017eava u rekordna 284 grada i mjesta diljem Hrvatske, a sudjelovat \u0107e vi\u0161e od 625 knji\u017enica i knji\u017eara, nakladnika... tako sa zanimljivim programom i Gradska knji\u017enica Metkovi\u0107\" \/>\n<meta property=\"og:url\" content=\"https:\/\/likemetkovic.hr\/noc-knjige-u-gardskoj-knjiznici-metkovic\/\" \/>\n<meta property=\"og:site_name\" content=\"likemetkovic.hr\" \/>\n<meta property=\"article:publisher\" content=\"https:\/\/www.facebook.com\/likemetkovic.hr\/\" \/>\n<meta property=\"article:published_time\" content=\"2018-04-22T20:09:49+00:00\" \/>\n<meta property=\"article:modified_time\" content=\"2018-04-22T20:10:17+00:00\" \/>\n<meta property=\"og:image\" content=\"https:\/\/likemetkovic.hr\/wp-content\/uploads\/2018\/04\/noc-knjige1.jpg\" \/>\n\t<meta property=\"og:image:width\" content=\"799\" \/>\n\t<meta property=\"og:image:height\" content=\"586\" \/>\n\t<meta property=\"og:image:type\" content=\"image\/jpeg\" \/>\n<meta name=\"author\" content=\"LIKEmetkovic.hr\" \/>\n<meta name=\"twitter:card\" content=\"summary_large_image\" \/>\n<meta name=\"twitter:label1\" content=\"Napisao\/la\" \/>\n\t<meta name=\"twitter:data1\" content=\"LIKEmetkovic.hr\" \/>\n\t<meta name=\"twitter:label2\" content=\"Procijenjeno vrijeme \u010ditanja\" \/>\n\t<meta name=\"twitter:data2\" content=\"1 minuta\" \/>\n<script type=\"application\/ld+json\" class=\"yoast-schema-graph\">{\"@context\":\"https:\/\/schema.org\",\"@graph\":[{\"@type\":\"WebPage\",\"@id\":\"https:\/\/likemetkovic.hr\/noc-knjige-u-gardskoj-knjiznici-metkovic\/\",\"url\":\"https:\/\/likemetkovic.hr\/noc-knjige-u-gardskoj-knjiznici-metkovic\/\",\"name\":\"PROGRAM \\\"No\u0107 knjige 2018.\\\" u Gradskoj knji\u017enici Metkovi\u0107 - likemetkovic.hr\",\"isPartOf\":{\"@id\":\"https:\/\/likemetkovic.hr\/#website\"},\"primaryImageOfPage\":{\"@id\":\"https:\/\/likemetkovic.hr\/noc-knjige-u-gardskoj-knjiznici-metkovic\/#primaryimage\"},\"image\":{\"@id\":\"https:\/\/likemetkovic.hr\/noc-knjige-u-gardskoj-knjiznici-metkovic\/#primaryimage\"},\"thumbnailUrl\":\"https:\/\/likemetkovic.hr\/portal\/wp-content\/uploads\/2018\/04\/noc-knjige1.jpg\",\"datePublished\":\"2018-04-22T20:09:49+00:00\",\"dateModified\":\"2018-04-22T20:10:17+00:00\",\"author\":{\"@id\":\"https:\/\/likemetkovic.hr\/#\/schema\/person\/a42711f3385a0e2be6f7e0443bfb28f0\"},\"description\":\"No\u0107 knjige 2018. se odr\u017eava u rekordna 284 grada i mjesta diljem Hrvatske, a sudjelovat \u0107e vi\u0161e od 625 knji\u017enica i knji\u017eara, nakladnika... tako sa zanimljivim programom i Gradska knji\u017enica Metkovi\u0107\",\"breadcrumb\":{\"@id\":\"https:\/\/likemetkovic.hr\/noc-knjige-u-gardskoj-knjiznici-metkovic\/#breadcrumb\"},\"inLanguage\":\"hr\",\"potentialAction\":[{\"@type\":\"ReadAction\",\"target\":[\"https:\/\/likemetkovic.hr\/noc-knjige-u-gardskoj-knjiznici-metkovic\/\"]}]},{\"@type\":\"ImageObject\",\"inLanguage\":\"hr\",\"@id\":\"https:\/\/likemetkovic.hr\/noc-knjige-u-gardskoj-knjiznici-metkovic\/#primaryimage\",\"url\":\"https:\/\/likemetkovic.hr\/portal\/wp-content\/uploads\/2018\/04\/noc-knjige1.jpg\",\"contentUrl\":\"https:\/\/likemetkovic.hr\/portal\/wp-content\/uploads\/2018\/04\/noc-knjige1.jpg\",\"width\":799,\"height\":586},{\"@type\":\"BreadcrumbList\",\"@id\":\"https:\/\/likemetkovic.hr\/noc-knjige-u-gardskoj-knjiznici-metkovic\/#breadcrumb\",\"itemListElement\":[{\"@type\":\"ListItem\",\"position\":1,\"name\":\"Po\u010detna stranica\",\"item\":\"https:\/\/likemetkovic.hr\/portal\/\"},{\"@type\":\"ListItem\",\"position\":2,\"name\":\"PROGRAM &#8220;No\u0107 knjige 2018.&#8221; u Gradskoj knji\u017enici Metkovi\u0107\"}]},{\"@type\":\"WebSite\",\"@id\":\"https:\/\/likemetkovic.hr\/#website\",\"url\":\"https:\/\/likemetkovic.hr\/\",\"name\":\"likemetkovic.hr\",\"description\":\"Misli pozitivno... \u010ditaj LIKE\",\"potentialAction\":[{\"@type\":\"SearchAction\",\"target\":{\"@type\":\"EntryPoint\",\"urlTemplate\":\"https:\/\/likemetkovic.hr\/?s={search_term_string}\"},\"query-input\":{\"@type\":\"PropertyValueSpecification\",\"valueRequired\":true,\"valueName\":\"search_term_string\"}}],\"inLanguage\":\"hr\"},{\"@type\":\"Person\",\"@id\":\"https:\/\/likemetkovic.hr\/#\/schema\/person\/a42711f3385a0e2be6f7e0443bfb28f0\",\"name\":\"LIKEmetkovic.hr\",\"sameAs\":[\"http:\/\/likemetkovic.hr\"],\"url\":\"https:\/\/likemetkovic.hr\/portal\/author\/likemetkovic-hr\/\"}]}<\/script>\n<!-- \/ Yoast SEO plugin. -->","yoast_head_json":{"title":"PROGRAM \"No\u0107 knjige 2018.\" u Gradskoj knji\u017enici Metkovi\u0107 - likemetkovic.hr","description":"No\u0107 knjige 2018. se odr\u017eava u rekordna 284 grada i mjesta diljem Hrvatske, a sudjelovat \u0107e vi\u0161e od 625 knji\u017enica i knji\u017eara, nakladnika... tako sa zanimljivim programom i Gradska knji\u017enica Metkovi\u0107","robots":{"index":"index","follow":"follow","max-snippet":"max-snippet:-1","max-image-preview":"max-image-preview:large","max-video-preview":"max-video-preview:-1"},"canonical":"https:\/\/likemetkovic.hr\/noc-knjige-u-gardskoj-knjiznici-metkovic\/","og_locale":"hr_HR","og_type":"article","og_title":"PROGRAM \"No\u0107 knjige 2018.\" u Gradskoj knji\u017enici Metkovi\u0107 - likemetkovic.hr","og_description":"No\u0107 knjige 2018. se odr\u017eava u rekordna 284 grada i mjesta diljem Hrvatske, a sudjelovat \u0107e vi\u0161e od 625 knji\u017enica i knji\u017eara, nakladnika... tako sa zanimljivim programom i Gradska knji\u017enica Metkovi\u0107","og_url":"https:\/\/likemetkovic.hr\/noc-knjige-u-gardskoj-knjiznici-metkovic\/","og_site_name":"likemetkovic.hr","article_publisher":"https:\/\/www.facebook.com\/likemetkovic.hr\/","article_published_time":"2018-04-22T20:09:49+00:00","article_modified_time":"2018-04-22T20:10:17+00:00","og_image":[{"width":799,"height":586,"url":"https:\/\/likemetkovic.hr\/wp-content\/uploads\/2018\/04\/noc-knjige1.jpg","type":"image\/jpeg"}],"author":"LIKEmetkovic.hr","twitter_card":"summary_large_image","twitter_misc":{"Napisao\/la":"LIKEmetkovic.hr","Procijenjeno vrijeme \u010ditanja":"1 minuta"},"schema":{"@context":"https:\/\/schema.org","@graph":[{"@type":"WebPage","@id":"https:\/\/likemetkovic.hr\/noc-knjige-u-gardskoj-knjiznici-metkovic\/","url":"https:\/\/likemetkovic.hr\/noc-knjige-u-gardskoj-knjiznici-metkovic\/","name":"PROGRAM \"No\u0107 knjige 2018.\" u Gradskoj knji\u017enici Metkovi\u0107 - likemetkovic.hr","isPartOf":{"@id":"https:\/\/likemetkovic.hr\/#website"},"primaryImageOfPage":{"@id":"https:\/\/likemetkovic.hr\/noc-knjige-u-gardskoj-knjiznici-metkovic\/#primaryimage"},"image":{"@id":"https:\/\/likemetkovic.hr\/noc-knjige-u-gardskoj-knjiznici-metkovic\/#primaryimage"},"thumbnailUrl":"https:\/\/likemetkovic.hr\/portal\/wp-content\/uploads\/2018\/04\/noc-knjige1.jpg","datePublished":"2018-04-22T20:09:49+00:00","dateModified":"2018-04-22T20:10:17+00:00","author":{"@id":"https:\/\/likemetkovic.hr\/#\/schema\/person\/a42711f3385a0e2be6f7e0443bfb28f0"},"description":"No\u0107 knjige 2018. se odr\u017eava u rekordna 284 grada i mjesta diljem Hrvatske, a sudjelovat \u0107e vi\u0161e od 625 knji\u017enica i knji\u017eara, nakladnika... tako sa zanimljivim programom i Gradska knji\u017enica Metkovi\u0107","breadcrumb":{"@id":"https:\/\/likemetkovic.hr\/noc-knjige-u-gardskoj-knjiznici-metkovic\/#breadcrumb"},"inLanguage":"hr","potentialAction":[{"@type":"ReadAction","target":["https:\/\/likemetkovic.hr\/noc-knjige-u-gardskoj-knjiznici-metkovic\/"]}]},{"@type":"ImageObject","inLanguage":"hr","@id":"https:\/\/likemetkovic.hr\/noc-knjige-u-gardskoj-knjiznici-metkovic\/#primaryimage","url":"https:\/\/likemetkovic.hr\/portal\/wp-content\/uploads\/2018\/04\/noc-knjige1.jpg","contentUrl":"https:\/\/likemetkovic.hr\/portal\/wp-content\/uploads\/2018\/04\/noc-knjige1.jpg","width":799,"height":586},{"@type":"BreadcrumbList","@id":"https:\/\/likemetkovic.hr\/noc-knjige-u-gardskoj-knjiznici-metkovic\/#breadcrumb","itemListElement":[{"@type":"ListItem","position":1,"name":"Po\u010detna stranica","item":"https:\/\/likemetkovic.hr\/portal\/"},{"@type":"ListItem","position":2,"name":"PROGRAM &#8220;No\u0107 knjige 2018.&#8221; u Gradskoj knji\u017enici Metkovi\u0107"}]},{"@type":"WebSite","@id":"https:\/\/likemetkovic.hr\/#website","url":"https:\/\/likemetkovic.hr\/","name":"likemetkovic.hr","description":"Misli pozitivno... \u010ditaj LIKE","potentialAction":[{"@type":"SearchAction","target":{"@type":"EntryPoint","urlTemplate":"https:\/\/likemetkovic.hr\/?s={search_term_string}"},"query-input":{"@type":"PropertyValueSpecification","valueRequired":true,"valueName":"search_term_string"}}],"inLanguage":"hr"},{"@type":"Person","@id":"https:\/\/likemetkovic.hr\/#\/schema\/person\/a42711f3385a0e2be6f7e0443bfb28f0","name":"LIKEmetkovic.hr","sameAs":["http:\/\/likemetkovic.hr"],"url":"https:\/\/likemetkovic.hr\/portal\/author\/likemetkovic-hr\/"}]}},"_links":{"self":[{"href":"https:\/\/likemetkovic.hr\/portal\/wp-json\/wp\/v2\/posts\/57251","targetHints":{"allow":["GET"]}}],"collection":[{"href":"https:\/\/likemetkovic.hr\/portal\/wp-json\/wp\/v2\/posts"}],"about":[{"href":"https:\/\/likemetkovic.hr\/portal\/wp-json\/wp\/v2\/types\/post"}],"author":[{"embeddable":true,"href":"https:\/\/likemetkovic.hr\/portal\/wp-json\/wp\/v2\/users\/7"}],"replies":[{"embeddable":true,"href":"https:\/\/likemetkovic.hr\/portal\/wp-json\/wp\/v2\/comments?post=57251"}],"version-history":[{"count":0,"href":"https:\/\/likemetkovic.hr\/portal\/wp-json\/wp\/v2\/posts\/57251\/revisions"}],"wp:featuredmedia":[{"embeddable":true,"href":"https:\/\/likemetkovic.hr\/portal\/wp-json\/wp\/v2\/media\/57252"}],"wp:attachment":[{"href":"https:\/\/likemetkovic.hr\/portal\/wp-json\/wp\/v2\/media?parent=57251"}],"wp:term":[{"taxonomy":"category","embeddable":true,"href":"https:\/\/likemetkovic.hr\/portal\/wp-json\/wp\/v2\/categories?post=57251"},{"taxonomy":"post_tag","embeddable":true,"href":"https:\/\/likemetkovic.hr\/portal\/wp-json\/wp\/v2\/tags?post=57251"}],"curies":[{"name":"wp","href":"https:\/\/api.w.org\/{rel}","templated":true}]}}