{"id":57327,"date":"2018-04-25T08:00:08","date_gmt":"2018-04-25T06:00:08","guid":{"rendered":"http:\/\/likemetkovic.hr\/?p=57327"},"modified":"2018-04-25T11:17:27","modified_gmt":"2018-04-25T09:17:27","slug":"predstavljena-knjiga-dan-kad-je-umro-prijatelj-iva-oreskovica-nuha","status":"publish","type":"post","link":"https:\/\/likemetkovic.hr\/portal\/predstavljena-knjiga-dan-kad-je-umro-prijatelj-iva-oreskovica-nuha\/","title":{"rendered":"Predstavljena knjiga &#8220;Dan kad je umro prijatelj&#8221; Iva Ore\u0161kovi\u0107a Nuha"},"content":{"rendered":"<p>Sino\u0107 je, 24. travnja, u sklopu\u00a0<em>maifestacije\u00a0<\/em><em>No\u0107 knjige 2018.<\/em> u Gradskoj knji\u017enici metkovskoj publici predstavljena najnovija knjiga dubrova\u010dkog pisca Iva Ore\u0161kovi\u0107a Nuha\u00a0<em><strong>Dan kad je umro prijatelj<\/strong>.<\/em><\/p>\n<p><em><img decoding=\"async\" class=\"wp-image-57328 alignleft\" src=\"http:\/\/likemetkovic.hr\/wp-content\/uploads\/2018\/04\/DSC_0047.jpg\" alt=\"\" width=\"345\" height=\"230\" srcset=\"https:\/\/likemetkovic.hr\/portal\/wp-content\/uploads\/2018\/04\/DSC_0047.jpg 800w, https:\/\/likemetkovic.hr\/portal\/wp-content\/uploads\/2018\/04\/DSC_0047-768x513.jpg 768w, https:\/\/likemetkovic.hr\/portal\/wp-content\/uploads\/2018\/04\/DSC_0047-696x465.jpg 696w, https:\/\/likemetkovic.hr\/portal\/wp-content\/uploads\/2018\/04\/DSC_0047-629x420.jpg 629w\" sizes=\"(max-width: 345px) 100vw, 345px\" \/>&#8211; Jo\u0161 za \u017eivota suo\u010dite se s onim \u0161to vas \u010deka u trenutku smrti, jedino tako mo\u017eete spoznati istinsku vrijednost stvari. Umrite prije svoje smrti!<\/em>, stoji u najavi ju\u010dera\u0161njeg doga\u0111aja.\u00a0Odmah po\u00a0objavljivanju, knjiga je dobila status beskompromisne ispovijesti o<br \/>\nprijateljstvu i druga\u010dijim me\u0111uljudskim odnosima.<\/p>\n<p>Na samom po\u010detku pisca i predstavlja\u010de s publikom je upoznala ravnateljica Gradske knji\u017enice <strong>Vesna Vidovi\u0107<\/strong>.<\/p>\n<p><em><img decoding=\"async\" class=\"wp-image-57329 alignleft\" src=\"http:\/\/likemetkovic.hr\/wp-content\/uploads\/2018\/04\/DSC_0049.jpg\" alt=\"\" width=\"343\" height=\"229\" srcset=\"https:\/\/likemetkovic.hr\/portal\/wp-content\/uploads\/2018\/04\/DSC_0049.jpg 800w, https:\/\/likemetkovic.hr\/portal\/wp-content\/uploads\/2018\/04\/DSC_0049-768x513.jpg 768w, https:\/\/likemetkovic.hr\/portal\/wp-content\/uploads\/2018\/04\/DSC_0049-696x465.jpg 696w, https:\/\/likemetkovic.hr\/portal\/wp-content\/uploads\/2018\/04\/DSC_0049-629x420.jpg 629w\" sizes=\"(max-width: 343px) 100vw, 343px\" \/><\/em>Potom je o autoru i njegovu djelu govorila nekada\u0161nja profesorica u metkovskoj Gimnaziji, a sada ravnateljica Dubrova\u010dkih knji\u017enica, <strong>Jelena Bogdanovi\u0107<\/strong> koja za Ore\u0161kovi\u0107evo djelo re\u010de da je knjiga vrlo zanimljivo literarno djelo ispunjeno duboko pro\u017eivljenim iskustvom, u kojoj nema kompromisa i u kojoj je<em> du\u0161a ogoljena do kosti.<\/em><\/p>\n<p>U ime izdava\u010da Dru\u0161tva dubrova\u010dkih pisaca o knjizi ali i \u0161irem kontekstu pi\u0161\u010deva djelovanja govorio je predsjednik Dru\u0161tva <strong>Boris Njavro<\/strong>.<\/p>\n<p>Nakon predstavljanja uslijedi ku\u0161anje vina dubrova\u010dke Malvasije i prigodna zakuska.<\/p>\n<p><strong><img decoding=\"async\" class=\"wp-image-57330 alignleft\" src=\"http:\/\/likemetkovic.hr\/wp-content\/uploads\/2018\/04\/oreskovic-knjiga-2017-9_orig.jpg\" alt=\"\" width=\"341\" height=\"227\" srcset=\"https:\/\/likemetkovic.hr\/portal\/wp-content\/uploads\/2018\/04\/oreskovic-knjiga-2017-9_orig.jpg 800w, https:\/\/likemetkovic.hr\/portal\/wp-content\/uploads\/2018\/04\/oreskovic-knjiga-2017-9_orig-768x512.jpg 768w, https:\/\/likemetkovic.hr\/portal\/wp-content\/uploads\/2018\/04\/oreskovic-knjiga-2017-9_orig-696x464.jpg 696w, https:\/\/likemetkovic.hr\/portal\/wp-content\/uploads\/2018\/04\/oreskovic-knjiga-2017-9_orig-630x420.jpg 630w\" sizes=\"(max-width: 341px) 100vw, 341px\" \/>Ivo Ore\u0161kovi\u0107 Nuh<\/strong> ro\u0111en je 1968. godine u Zagrebu. Srednju \u0161kolu zavr\u0161io je u Dubrovniku, diplomirao je na studiju povijesti i arheologije u Zadru, a doktorirao na Odsjeku za povijest Filozofskog fakulteta Sveu\u010dili\u0161ta u Zagrebu. Autor je knjiga <em>Malvasija \u2013 glasovito vino jo\u0161 iz doba Dubrova\u010dke Republike<\/em> i dijaloga izme\u0111u slu\u0161kinje Pavle i gospara \u0110iva u slikovnici Dubrova\u010dkih muzeja: <em>Pavle i \u0110ivo u vremeplovu Republike<\/em> i <em>Pavle i \u0110ivo u Rupama<\/em>. Radi u Dr\u017eavnom arhivu u Dubrovniku kao arhivist specijalist na obradi i sre\u0111ivanju arhivskih fondova sudova i javnih bilje\u017enika iz vremena austrijske uprave i izme\u0111u dva svjetska rata. Bavi se znanstvenim istra\u017eivanjem iseljavanja stanovni\u0161tva s\u00a0 dubrova\u010dkog podru\u010dja u 19. i 20. stolje\u0107u.<\/p>\n","protected":false},"excerpt":{"rendered":"<p>Sino\u0107 je, 24. travnja, u sklopu\u00a0maifestacije\u00a0No\u0107 knjige 2018. u Gradskoj knji\u017enici metkovskoj publici predstavljena najnovija knjiga dubrova\u010dkog pisca Iva Ore\u0161kovi\u0107a Nuha\u00a0Dan kad je umro prijatelj. &#8211; Jo\u0161 za \u017eivota suo\u010dite se s onim \u0161to vas \u010deka u trenutku smrti, jedino tako mo\u017eete spoznati istinsku vrijednost stvari. Umrite prije svoje smrti!, stoji u najavi ju\u010dera\u0161njeg doga\u0111aja.\u00a0Odmah [&hellip;]<\/p>\n","protected":false},"author":7,"featured_media":57329,"comment_status":"open","ping_status":"open","sticky":false,"template":"","format":"standard","meta":{"footnotes":""},"categories":[283,1028],"tags":[3033,3032,380,3034],"class_list":{"0":"post-57327","1":"post","2":"type-post","3":"status-publish","4":"format-standard","5":"has-post-thumbnail","7":"category-a","8":"category-kultura-2","9":"tag-dan-kad-je-umro-prijatelj","10":"tag-ivan-oreskovic-nuh","11":"tag-metkovic","12":"tag-predstavljanje"},"yoast_head":"<!-- This site is optimized with the Yoast SEO plugin v25.2 - https:\/\/yoast.com\/wordpress\/plugins\/seo\/ -->\n<title>Predstavljena knjiga &quot;Dan kad je umro prijatelj&quot; Iva Ore\u0161kovi\u0107a Nuha - likemetkovic.hr<\/title>\n<meta name=\"description\" content=\"Sino\u0107 je, 24. travnja, u Gradskoj knji\u017enici metkovskoj publici predstavljena najnovija knjiga dubrova\u010dkog pisca Iva Ore\u0161kovi\u0107a Nuha\u00a0&quot;Dan kad je umro prijatelj&quot;.\" \/>\n<meta name=\"robots\" content=\"index, follow, max-snippet:-1, max-image-preview:large, max-video-preview:-1\" \/>\n<link rel=\"canonical\" href=\"https:\/\/likemetkovic.hr\/predstavljena-knjiga-dan-kad-je-umro-prijatelj-iva-oreskovica-nuha\/\" \/>\n<meta property=\"og:locale\" content=\"hr_HR\" \/>\n<meta property=\"og:type\" content=\"article\" \/>\n<meta property=\"og:title\" content=\"Predstavljena knjiga &quot;Dan kad je umro prijatelj&quot; Iva Ore\u0161kovi\u0107a Nuha - likemetkovic.hr\" \/>\n<meta property=\"og:description\" content=\"Sino\u0107 je, 24. travnja, u Gradskoj knji\u017enici metkovskoj publici predstavljena najnovija knjiga dubrova\u010dkog pisca Iva Ore\u0161kovi\u0107a Nuha\u00a0&quot;Dan kad je umro prijatelj&quot;.\" \/>\n<meta property=\"og:url\" content=\"https:\/\/likemetkovic.hr\/predstavljena-knjiga-dan-kad-je-umro-prijatelj-iva-oreskovica-nuha\/\" \/>\n<meta property=\"og:site_name\" content=\"likemetkovic.hr\" \/>\n<meta property=\"article:publisher\" content=\"https:\/\/www.facebook.com\/likemetkovic.hr\/\" \/>\n<meta property=\"article:published_time\" content=\"2018-04-25T06:00:08+00:00\" \/>\n<meta property=\"article:modified_time\" content=\"2018-04-25T09:17:27+00:00\" \/>\n<meta property=\"og:image\" content=\"https:\/\/likemetkovic.hr\/wp-content\/uploads\/2018\/04\/DSC_0049.jpg\" \/>\n\t<meta property=\"og:image:width\" content=\"800\" \/>\n\t<meta property=\"og:image:height\" content=\"534\" \/>\n\t<meta property=\"og:image:type\" content=\"image\/jpeg\" \/>\n<meta name=\"author\" content=\"LIKEmetkovic.hr\" \/>\n<meta name=\"twitter:card\" content=\"summary_large_image\" \/>\n<meta name=\"twitter:label1\" content=\"Napisao\/la\" \/>\n\t<meta name=\"twitter:data1\" content=\"LIKEmetkovic.hr\" \/>\n\t<meta name=\"twitter:label2\" content=\"Procijenjeno vrijeme \u010ditanja\" \/>\n\t<meta name=\"twitter:data2\" content=\"2 minute\" \/>\n<script type=\"application\/ld+json\" class=\"yoast-schema-graph\">{\"@context\":\"https:\/\/schema.org\",\"@graph\":[{\"@type\":\"WebPage\",\"@id\":\"https:\/\/likemetkovic.hr\/predstavljena-knjiga-dan-kad-je-umro-prijatelj-iva-oreskovica-nuha\/\",\"url\":\"https:\/\/likemetkovic.hr\/predstavljena-knjiga-dan-kad-je-umro-prijatelj-iva-oreskovica-nuha\/\",\"name\":\"Predstavljena knjiga \\\"Dan kad je umro prijatelj\\\" Iva Ore\u0161kovi\u0107a Nuha - likemetkovic.hr\",\"isPartOf\":{\"@id\":\"https:\/\/likemetkovic.hr\/#website\"},\"primaryImageOfPage\":{\"@id\":\"https:\/\/likemetkovic.hr\/predstavljena-knjiga-dan-kad-je-umro-prijatelj-iva-oreskovica-nuha\/#primaryimage\"},\"image\":{\"@id\":\"https:\/\/likemetkovic.hr\/predstavljena-knjiga-dan-kad-je-umro-prijatelj-iva-oreskovica-nuha\/#primaryimage\"},\"thumbnailUrl\":\"https:\/\/likemetkovic.hr\/portal\/wp-content\/uploads\/2018\/04\/DSC_0049.jpg\",\"datePublished\":\"2018-04-25T06:00:08+00:00\",\"dateModified\":\"2018-04-25T09:17:27+00:00\",\"author\":{\"@id\":\"https:\/\/likemetkovic.hr\/#\/schema\/person\/a42711f3385a0e2be6f7e0443bfb28f0\"},\"description\":\"Sino\u0107 je, 24. travnja, u Gradskoj knji\u017enici metkovskoj publici predstavljena najnovija knjiga dubrova\u010dkog pisca Iva Ore\u0161kovi\u0107a Nuha\u00a0\\\"Dan kad je umro prijatelj\\\".\",\"breadcrumb\":{\"@id\":\"https:\/\/likemetkovic.hr\/predstavljena-knjiga-dan-kad-je-umro-prijatelj-iva-oreskovica-nuha\/#breadcrumb\"},\"inLanguage\":\"hr\",\"potentialAction\":[{\"@type\":\"ReadAction\",\"target\":[\"https:\/\/likemetkovic.hr\/predstavljena-knjiga-dan-kad-je-umro-prijatelj-iva-oreskovica-nuha\/\"]}]},{\"@type\":\"ImageObject\",\"inLanguage\":\"hr\",\"@id\":\"https:\/\/likemetkovic.hr\/predstavljena-knjiga-dan-kad-je-umro-prijatelj-iva-oreskovica-nuha\/#primaryimage\",\"url\":\"https:\/\/likemetkovic.hr\/portal\/wp-content\/uploads\/2018\/04\/DSC_0049.jpg\",\"contentUrl\":\"https:\/\/likemetkovic.hr\/portal\/wp-content\/uploads\/2018\/04\/DSC_0049.jpg\",\"width\":800,\"height\":534},{\"@type\":\"BreadcrumbList\",\"@id\":\"https:\/\/likemetkovic.hr\/predstavljena-knjiga-dan-kad-je-umro-prijatelj-iva-oreskovica-nuha\/#breadcrumb\",\"itemListElement\":[{\"@type\":\"ListItem\",\"position\":1,\"name\":\"Po\u010detna stranica\",\"item\":\"https:\/\/likemetkovic.hr\/portal\/\"},{\"@type\":\"ListItem\",\"position\":2,\"name\":\"Predstavljena knjiga &#8220;Dan kad je umro prijatelj&#8221; Iva Ore\u0161kovi\u0107a Nuha\"}]},{\"@type\":\"WebSite\",\"@id\":\"https:\/\/likemetkovic.hr\/#website\",\"url\":\"https:\/\/likemetkovic.hr\/\",\"name\":\"likemetkovic.hr\",\"description\":\"Misli pozitivno... \u010ditaj LIKE\",\"potentialAction\":[{\"@type\":\"SearchAction\",\"target\":{\"@type\":\"EntryPoint\",\"urlTemplate\":\"https:\/\/likemetkovic.hr\/?s={search_term_string}\"},\"query-input\":{\"@type\":\"PropertyValueSpecification\",\"valueRequired\":true,\"valueName\":\"search_term_string\"}}],\"inLanguage\":\"hr\"},{\"@type\":\"Person\",\"@id\":\"https:\/\/likemetkovic.hr\/#\/schema\/person\/a42711f3385a0e2be6f7e0443bfb28f0\",\"name\":\"LIKEmetkovic.hr\",\"sameAs\":[\"http:\/\/likemetkovic.hr\"],\"url\":\"https:\/\/likemetkovic.hr\/portal\/author\/likemetkovic-hr\/\"}]}<\/script>\n<!-- \/ Yoast SEO plugin. -->","yoast_head_json":{"title":"Predstavljena knjiga \"Dan kad je umro prijatelj\" Iva Ore\u0161kovi\u0107a Nuha - likemetkovic.hr","description":"Sino\u0107 je, 24. travnja, u Gradskoj knji\u017enici metkovskoj publici predstavljena najnovija knjiga dubrova\u010dkog pisca Iva Ore\u0161kovi\u0107a Nuha\u00a0\"Dan kad je umro prijatelj\".","robots":{"index":"index","follow":"follow","max-snippet":"max-snippet:-1","max-image-preview":"max-image-preview:large","max-video-preview":"max-video-preview:-1"},"canonical":"https:\/\/likemetkovic.hr\/predstavljena-knjiga-dan-kad-je-umro-prijatelj-iva-oreskovica-nuha\/","og_locale":"hr_HR","og_type":"article","og_title":"Predstavljena knjiga \"Dan kad je umro prijatelj\" Iva Ore\u0161kovi\u0107a Nuha - likemetkovic.hr","og_description":"Sino\u0107 je, 24. travnja, u Gradskoj knji\u017enici metkovskoj publici predstavljena najnovija knjiga dubrova\u010dkog pisca Iva Ore\u0161kovi\u0107a Nuha\u00a0\"Dan kad je umro prijatelj\".","og_url":"https:\/\/likemetkovic.hr\/predstavljena-knjiga-dan-kad-je-umro-prijatelj-iva-oreskovica-nuha\/","og_site_name":"likemetkovic.hr","article_publisher":"https:\/\/www.facebook.com\/likemetkovic.hr\/","article_published_time":"2018-04-25T06:00:08+00:00","article_modified_time":"2018-04-25T09:17:27+00:00","og_image":[{"width":800,"height":534,"url":"https:\/\/likemetkovic.hr\/wp-content\/uploads\/2018\/04\/DSC_0049.jpg","type":"image\/jpeg"}],"author":"LIKEmetkovic.hr","twitter_card":"summary_large_image","twitter_misc":{"Napisao\/la":"LIKEmetkovic.hr","Procijenjeno vrijeme \u010ditanja":"2 minute"},"schema":{"@context":"https:\/\/schema.org","@graph":[{"@type":"WebPage","@id":"https:\/\/likemetkovic.hr\/predstavljena-knjiga-dan-kad-je-umro-prijatelj-iva-oreskovica-nuha\/","url":"https:\/\/likemetkovic.hr\/predstavljena-knjiga-dan-kad-je-umro-prijatelj-iva-oreskovica-nuha\/","name":"Predstavljena knjiga \"Dan kad je umro prijatelj\" Iva Ore\u0161kovi\u0107a Nuha - likemetkovic.hr","isPartOf":{"@id":"https:\/\/likemetkovic.hr\/#website"},"primaryImageOfPage":{"@id":"https:\/\/likemetkovic.hr\/predstavljena-knjiga-dan-kad-je-umro-prijatelj-iva-oreskovica-nuha\/#primaryimage"},"image":{"@id":"https:\/\/likemetkovic.hr\/predstavljena-knjiga-dan-kad-je-umro-prijatelj-iva-oreskovica-nuha\/#primaryimage"},"thumbnailUrl":"https:\/\/likemetkovic.hr\/portal\/wp-content\/uploads\/2018\/04\/DSC_0049.jpg","datePublished":"2018-04-25T06:00:08+00:00","dateModified":"2018-04-25T09:17:27+00:00","author":{"@id":"https:\/\/likemetkovic.hr\/#\/schema\/person\/a42711f3385a0e2be6f7e0443bfb28f0"},"description":"Sino\u0107 je, 24. travnja, u Gradskoj knji\u017enici metkovskoj publici predstavljena najnovija knjiga dubrova\u010dkog pisca Iva Ore\u0161kovi\u0107a Nuha\u00a0\"Dan kad je umro prijatelj\".","breadcrumb":{"@id":"https:\/\/likemetkovic.hr\/predstavljena-knjiga-dan-kad-je-umro-prijatelj-iva-oreskovica-nuha\/#breadcrumb"},"inLanguage":"hr","potentialAction":[{"@type":"ReadAction","target":["https:\/\/likemetkovic.hr\/predstavljena-knjiga-dan-kad-je-umro-prijatelj-iva-oreskovica-nuha\/"]}]},{"@type":"ImageObject","inLanguage":"hr","@id":"https:\/\/likemetkovic.hr\/predstavljena-knjiga-dan-kad-je-umro-prijatelj-iva-oreskovica-nuha\/#primaryimage","url":"https:\/\/likemetkovic.hr\/portal\/wp-content\/uploads\/2018\/04\/DSC_0049.jpg","contentUrl":"https:\/\/likemetkovic.hr\/portal\/wp-content\/uploads\/2018\/04\/DSC_0049.jpg","width":800,"height":534},{"@type":"BreadcrumbList","@id":"https:\/\/likemetkovic.hr\/predstavljena-knjiga-dan-kad-je-umro-prijatelj-iva-oreskovica-nuha\/#breadcrumb","itemListElement":[{"@type":"ListItem","position":1,"name":"Po\u010detna stranica","item":"https:\/\/likemetkovic.hr\/portal\/"},{"@type":"ListItem","position":2,"name":"Predstavljena knjiga &#8220;Dan kad je umro prijatelj&#8221; Iva Ore\u0161kovi\u0107a Nuha"}]},{"@type":"WebSite","@id":"https:\/\/likemetkovic.hr\/#website","url":"https:\/\/likemetkovic.hr\/","name":"likemetkovic.hr","description":"Misli pozitivno... \u010ditaj LIKE","potentialAction":[{"@type":"SearchAction","target":{"@type":"EntryPoint","urlTemplate":"https:\/\/likemetkovic.hr\/?s={search_term_string}"},"query-input":{"@type":"PropertyValueSpecification","valueRequired":true,"valueName":"search_term_string"}}],"inLanguage":"hr"},{"@type":"Person","@id":"https:\/\/likemetkovic.hr\/#\/schema\/person\/a42711f3385a0e2be6f7e0443bfb28f0","name":"LIKEmetkovic.hr","sameAs":["http:\/\/likemetkovic.hr"],"url":"https:\/\/likemetkovic.hr\/portal\/author\/likemetkovic-hr\/"}]}},"_links":{"self":[{"href":"https:\/\/likemetkovic.hr\/portal\/wp-json\/wp\/v2\/posts\/57327","targetHints":{"allow":["GET"]}}],"collection":[{"href":"https:\/\/likemetkovic.hr\/portal\/wp-json\/wp\/v2\/posts"}],"about":[{"href":"https:\/\/likemetkovic.hr\/portal\/wp-json\/wp\/v2\/types\/post"}],"author":[{"embeddable":true,"href":"https:\/\/likemetkovic.hr\/portal\/wp-json\/wp\/v2\/users\/7"}],"replies":[{"embeddable":true,"href":"https:\/\/likemetkovic.hr\/portal\/wp-json\/wp\/v2\/comments?post=57327"}],"version-history":[{"count":0,"href":"https:\/\/likemetkovic.hr\/portal\/wp-json\/wp\/v2\/posts\/57327\/revisions"}],"wp:featuredmedia":[{"embeddable":true,"href":"https:\/\/likemetkovic.hr\/portal\/wp-json\/wp\/v2\/media\/57329"}],"wp:attachment":[{"href":"https:\/\/likemetkovic.hr\/portal\/wp-json\/wp\/v2\/media?parent=57327"}],"wp:term":[{"taxonomy":"category","embeddable":true,"href":"https:\/\/likemetkovic.hr\/portal\/wp-json\/wp\/v2\/categories?post=57327"},{"taxonomy":"post_tag","embeddable":true,"href":"https:\/\/likemetkovic.hr\/portal\/wp-json\/wp\/v2\/tags?post=57327"}],"curies":[{"name":"wp","href":"https:\/\/api.w.org\/{rel}","templated":true}]}}