{"id":57334,"date":"2018-04-25T09:57:05","date_gmt":"2018-04-25T07:57:05","guid":{"rendered":"http:\/\/likemetkovic.hr\/?p=57334"},"modified":"2018-04-25T09:57:05","modified_gmt":"2018-04-25T07:57:05","slug":"danas-se-spominjemo-sv-marka-pisca-najstarijeg-evandelja","status":"publish","type":"post","link":"https:\/\/likemetkovic.hr\/portal\/danas-se-spominjemo-sv-marka-pisca-najstarijeg-evandelja\/","title":{"rendered":"Danas slavimo dan sv. Marka, pisca najstarijeg Evan\u0111elja"},"content":{"rendered":"<p>Prema najranijoj predaji na dana\u0161nji je dan, 24. travnja 68. godine, u Aleksandriji mu\u010deni\u010dkom smr\u0107u umro sv. Marko, pisac najstarijeg Evan\u0111elja i stoga danas obilje\u017eavamo njegov spomendan.<\/p>\n<p>O samom sv. Marku puno saznajemo iz Evan\u0111elja koje je napisao, a veoma pouzdanih podataka ima i u drugim izvorima.<\/p>\n<p>&nbsp;<\/p>\n<p><img decoding=\"async\" class=\"wp-image-4236 alignleft\" src=\"http:\/\/likemetkovic.hr\/wp-content\/uploads\/2015\/04\/sveti_marko4re.jpg\" alt=\"\" width=\"272\" height=\"336\" srcset=\"https:\/\/likemetkovic.hr\/portal\/wp-content\/uploads\/2015\/04\/sveti_marko4re.jpg 485w, https:\/\/likemetkovic.hr\/portal\/wp-content\/uploads\/2015\/04\/sveti_marko4re-242x300.jpg 242w, https:\/\/likemetkovic.hr\/portal\/wp-content\/uploads\/2015\/04\/sveti_marko4re-517x640.jpg 517w\" sizes=\"(max-width: 272px) 100vw, 272px\" \/>U Djelima apostolskim se vi\u0161e puta spominje Marko, ili Ivan zvani Marko. Njegova je majka okupljala kr\u0161\u0107ane u svojoj ku\u0107i u Jeruzalemu i pru\u017eala im skloni\u0161te, napose u vrijeme Petrova tamnovanja i u vrijeme njegova izlaska iz zatvora. Prema Prvoj Petrovoj poslanici Marko se nalazi u Babilonu, a to zna\u010di u Rimu. Ove su dvije naznake posebno povijesno svjedo\u010danstvo za evan\u0111elista sv. Marka.<\/p>\n<p>Djela apostolska jo\u0161 spominju da je bio pratilac velikih misionara onoga vremena sv. Barnabe i sv. Pavla na njihovom prvom misijskom putovanju. Zna\u010di da je sv. Marko je bio u dru\u0161tvu apostolskih prvaka sv. Petar i Pavla.<\/p>\n<div class=\"insert-post-ads\"><strong>U spisima biskupa Papije<\/strong> iz Hierapolisa (Mala Azija) nalazimo va\u017ene podatke o sv. Marku. On pi\u0161e da je sv. Marko bio <em>Petrov tuma\u010d<\/em> i da je <em>zapisao to\u010dno, ali bez reda, sve \u010dega se sje\u0107ao; sve rije\u010di i djela koja je u\u010dinio Krist.<\/em>\u00a0 Sve je zna\u010di \u010duo iz prve ruke, budu\u0107i da je sv. Petar bio me\u0111u prvim u\u010denicima koje je Isus pozvao. Marko s Petrom bio u Rimu i istodobno kada je u Rimu u ku\u0107nom pritvoru boravio i sv. Pavao.<strong> To potvr\u0111uje i sv. Irenej<\/strong>, biskup u Lyonu gdje je podnio i mu\u010deni\u0161tvo oko 202. ili 203. godine. On tako\u0111er pi\u0161e da je sv. Marko svoje Evan\u0111elje napisao u Rimu. Pisao ga je prema onome \u0161to mu je sv. Petar kazivao i svjedo\u010dio. Sv. Irenej tako\u0111er pobli\u017ee odre\u0111uje kad je sv. Marko to zapisao. Ka\u017ee da je to u\u010dinio nakon smrti sv. Petra.<\/div>\n<h5>Lav &#8211; simbol Evan\u0111elja sv. Marka<\/h5>\n<p>Kr\u0161\u0107anska tradicija dodijelila je svakom evan\u0111elistu njegov simbol. Stoga se, gotovo redovito uza sv. Marka prikazuje krilati lav. Razna su tuma\u010denja zbog kojih je on dobio taj simbol. Prema nekima, to je zato \u0161to njegovo Evan\u0111elje isti\u010de kraljevsko dostojanstvo Isusa Krista, <em>Lava iz koljena Judina<\/em>.<\/p>\n<p>Drugi opet ka\u017eu da je lav simbol Markova Evan\u0111elja jer\u00a0to Evan\u0111elje potanko opisuje Kristovo uskrsnu\u0107e i s velikim zanosom progla\u0161ava Kristovo kraljevsko dostojanstvo.<\/p>\n<p>Prema nekima opet simboli evan\u0111elista nastali su na temelju vi\u0111enja proroka Ezekijela, proroka Izaije i Apokalipse. Prema tome tuma\u010denju sv. Marko ima simbol krilatog lava, jer svoje Evan\u0111elje po\u010dinje s Ivanom Krstiteljem, koji je <em>glas \u0161to vi\u010de u pustinji.<\/em><\/p>\n<p>Predaja ka\u017ee da je Marko, kad je u vrijeme Neronova progona napustio Rim i oti\u0161ao u Aleksandriju, tamo osnovao kr\u0161\u0107ansku zajednicu, a u njoj je \u010dini se podnio i mu\u010deni\u0161tvo. Za\u0161titnik je <em>zidara, stakloslikara, notara i pisara, gradova Venecije (Mleta\u010dke republike) i Makarske&#8230;<\/em><\/p>\n","protected":false},"excerpt":{"rendered":"<p>Prema najranijoj predaji na dana\u0161nji je dan, 24. travnja 68. godine, u Aleksandriji mu\u010deni\u010dkom smr\u0107u umro sv. Marko, pisac najstarijeg Evan\u0111elja i stoga danas obilje\u017eavamo njegov spomendan. O samom sv. Marku puno saznajemo iz Evan\u0111elja koje je napisao, a veoma pouzdanih podataka ima i u drugim izvorima. &nbsp; U Djelima apostolskim se vi\u0161e puta spominje [&hellip;]<\/p>\n","protected":false},"author":7,"featured_media":57335,"comment_status":"open","ping_status":"open","sticky":false,"template":"","format":"standard","meta":{"footnotes":""},"categories":[296],"tags":[3035],"class_list":{"0":"post-57334","1":"post","2":"type-post","3":"status-publish","4":"format-standard","5":"has-post-thumbnail","7":"category-ab","8":"tag-sv-marko"},"yoast_head":"<!-- This site is optimized with the Yoast SEO plugin v25.2 - https:\/\/yoast.com\/wordpress\/plugins\/seo\/ -->\n<title>Danas slavimo dan sv. Marka, pisca najstarijeg Evan\u0111elja - likemetkovic.hr<\/title>\n<meta name=\"description\" content=\"Prema najranijoj predaji na dana\u0161nji je dan, 24. travnja 68. godine, u Aleksandriji mu\u010deni\u010dkom smr\u0107u umro sv. Marko, pisac najstarijeg Evan\u0111elja i stoga danas obilje\u017eavamo njegov spomendan.\" \/>\n<meta name=\"robots\" content=\"index, follow, max-snippet:-1, max-image-preview:large, max-video-preview:-1\" \/>\n<link rel=\"canonical\" href=\"https:\/\/likemetkovic.hr\/danas-se-spominjemo-sv-marka-pisca-najstarijeg-evandelja\/\" \/>\n<meta property=\"og:locale\" content=\"hr_HR\" \/>\n<meta property=\"og:type\" content=\"article\" \/>\n<meta property=\"og:title\" content=\"Danas slavimo dan sv. Marka, pisca najstarijeg Evan\u0111elja - likemetkovic.hr\" \/>\n<meta property=\"og:description\" content=\"Prema najranijoj predaji na dana\u0161nji je dan, 24. travnja 68. godine, u Aleksandriji mu\u010deni\u010dkom smr\u0107u umro sv. Marko, pisac najstarijeg Evan\u0111elja i stoga danas obilje\u017eavamo njegov spomendan.\" \/>\n<meta property=\"og:url\" content=\"https:\/\/likemetkovic.hr\/danas-se-spominjemo-sv-marka-pisca-najstarijeg-evandelja\/\" \/>\n<meta property=\"og:site_name\" content=\"likemetkovic.hr\" \/>\n<meta property=\"article:publisher\" content=\"https:\/\/www.facebook.com\/likemetkovic.hr\/\" \/>\n<meta property=\"article:published_time\" content=\"2018-04-25T07:57:05+00:00\" \/>\n<meta property=\"og:image\" content=\"https:\/\/likemetkovic.hr\/wp-content\/uploads\/2018\/04\/Sveti-Marko-1.jpg\" \/>\n\t<meta property=\"og:image:width\" content=\"640\" \/>\n\t<meta property=\"og:image:height\" content=\"389\" \/>\n\t<meta property=\"og:image:type\" content=\"image\/jpeg\" \/>\n<meta name=\"author\" content=\"LIKEmetkovic.hr\" \/>\n<meta name=\"twitter:card\" content=\"summary_large_image\" \/>\n<meta name=\"twitter:label1\" content=\"Napisao\/la\" \/>\n\t<meta name=\"twitter:data1\" content=\"LIKEmetkovic.hr\" \/>\n\t<meta name=\"twitter:label2\" content=\"Procijenjeno vrijeme \u010ditanja\" \/>\n\t<meta name=\"twitter:data2\" content=\"3 minute\" \/>\n<script type=\"application\/ld+json\" class=\"yoast-schema-graph\">{\"@context\":\"https:\/\/schema.org\",\"@graph\":[{\"@type\":\"WebPage\",\"@id\":\"https:\/\/likemetkovic.hr\/danas-se-spominjemo-sv-marka-pisca-najstarijeg-evandelja\/\",\"url\":\"https:\/\/likemetkovic.hr\/danas-se-spominjemo-sv-marka-pisca-najstarijeg-evandelja\/\",\"name\":\"Danas slavimo dan sv. Marka, pisca najstarijeg Evan\u0111elja - likemetkovic.hr\",\"isPartOf\":{\"@id\":\"https:\/\/likemetkovic.hr\/#website\"},\"primaryImageOfPage\":{\"@id\":\"https:\/\/likemetkovic.hr\/danas-se-spominjemo-sv-marka-pisca-najstarijeg-evandelja\/#primaryimage\"},\"image\":{\"@id\":\"https:\/\/likemetkovic.hr\/danas-se-spominjemo-sv-marka-pisca-najstarijeg-evandelja\/#primaryimage\"},\"thumbnailUrl\":\"https:\/\/likemetkovic.hr\/portal\/wp-content\/uploads\/2018\/04\/Sveti-Marko-1.jpg\",\"datePublished\":\"2018-04-25T07:57:05+00:00\",\"author\":{\"@id\":\"https:\/\/likemetkovic.hr\/#\/schema\/person\/a42711f3385a0e2be6f7e0443bfb28f0\"},\"description\":\"Prema najranijoj predaji na dana\u0161nji je dan, 24. travnja 68. godine, u Aleksandriji mu\u010deni\u010dkom smr\u0107u umro sv. Marko, pisac najstarijeg Evan\u0111elja i stoga danas obilje\u017eavamo njegov spomendan.\",\"breadcrumb\":{\"@id\":\"https:\/\/likemetkovic.hr\/danas-se-spominjemo-sv-marka-pisca-najstarijeg-evandelja\/#breadcrumb\"},\"inLanguage\":\"hr\",\"potentialAction\":[{\"@type\":\"ReadAction\",\"target\":[\"https:\/\/likemetkovic.hr\/danas-se-spominjemo-sv-marka-pisca-najstarijeg-evandelja\/\"]}]},{\"@type\":\"ImageObject\",\"inLanguage\":\"hr\",\"@id\":\"https:\/\/likemetkovic.hr\/danas-se-spominjemo-sv-marka-pisca-najstarijeg-evandelja\/#primaryimage\",\"url\":\"https:\/\/likemetkovic.hr\/portal\/wp-content\/uploads\/2018\/04\/Sveti-Marko-1.jpg\",\"contentUrl\":\"https:\/\/likemetkovic.hr\/portal\/wp-content\/uploads\/2018\/04\/Sveti-Marko-1.jpg\",\"width\":640,\"height\":389},{\"@type\":\"BreadcrumbList\",\"@id\":\"https:\/\/likemetkovic.hr\/danas-se-spominjemo-sv-marka-pisca-najstarijeg-evandelja\/#breadcrumb\",\"itemListElement\":[{\"@type\":\"ListItem\",\"position\":1,\"name\":\"Po\u010detna stranica\",\"item\":\"https:\/\/likemetkovic.hr\/portal\/\"},{\"@type\":\"ListItem\",\"position\":2,\"name\":\"Danas slavimo dan sv. Marka, pisca najstarijeg Evan\u0111elja\"}]},{\"@type\":\"WebSite\",\"@id\":\"https:\/\/likemetkovic.hr\/#website\",\"url\":\"https:\/\/likemetkovic.hr\/\",\"name\":\"likemetkovic.hr\",\"description\":\"Misli pozitivno... \u010ditaj LIKE\",\"potentialAction\":[{\"@type\":\"SearchAction\",\"target\":{\"@type\":\"EntryPoint\",\"urlTemplate\":\"https:\/\/likemetkovic.hr\/?s={search_term_string}\"},\"query-input\":{\"@type\":\"PropertyValueSpecification\",\"valueRequired\":true,\"valueName\":\"search_term_string\"}}],\"inLanguage\":\"hr\"},{\"@type\":\"Person\",\"@id\":\"https:\/\/likemetkovic.hr\/#\/schema\/person\/a42711f3385a0e2be6f7e0443bfb28f0\",\"name\":\"LIKEmetkovic.hr\",\"sameAs\":[\"http:\/\/likemetkovic.hr\"],\"url\":\"https:\/\/likemetkovic.hr\/portal\/author\/likemetkovic-hr\/\"}]}<\/script>\n<!-- \/ Yoast SEO plugin. -->","yoast_head_json":{"title":"Danas slavimo dan sv. Marka, pisca najstarijeg Evan\u0111elja - likemetkovic.hr","description":"Prema najranijoj predaji na dana\u0161nji je dan, 24. travnja 68. godine, u Aleksandriji mu\u010deni\u010dkom smr\u0107u umro sv. Marko, pisac najstarijeg Evan\u0111elja i stoga danas obilje\u017eavamo njegov spomendan.","robots":{"index":"index","follow":"follow","max-snippet":"max-snippet:-1","max-image-preview":"max-image-preview:large","max-video-preview":"max-video-preview:-1"},"canonical":"https:\/\/likemetkovic.hr\/danas-se-spominjemo-sv-marka-pisca-najstarijeg-evandelja\/","og_locale":"hr_HR","og_type":"article","og_title":"Danas slavimo dan sv. Marka, pisca najstarijeg Evan\u0111elja - likemetkovic.hr","og_description":"Prema najranijoj predaji na dana\u0161nji je dan, 24. travnja 68. godine, u Aleksandriji mu\u010deni\u010dkom smr\u0107u umro sv. Marko, pisac najstarijeg Evan\u0111elja i stoga danas obilje\u017eavamo njegov spomendan.","og_url":"https:\/\/likemetkovic.hr\/danas-se-spominjemo-sv-marka-pisca-najstarijeg-evandelja\/","og_site_name":"likemetkovic.hr","article_publisher":"https:\/\/www.facebook.com\/likemetkovic.hr\/","article_published_time":"2018-04-25T07:57:05+00:00","og_image":[{"width":640,"height":389,"url":"https:\/\/likemetkovic.hr\/wp-content\/uploads\/2018\/04\/Sveti-Marko-1.jpg","type":"image\/jpeg"}],"author":"LIKEmetkovic.hr","twitter_card":"summary_large_image","twitter_misc":{"Napisao\/la":"LIKEmetkovic.hr","Procijenjeno vrijeme \u010ditanja":"3 minute"},"schema":{"@context":"https:\/\/schema.org","@graph":[{"@type":"WebPage","@id":"https:\/\/likemetkovic.hr\/danas-se-spominjemo-sv-marka-pisca-najstarijeg-evandelja\/","url":"https:\/\/likemetkovic.hr\/danas-se-spominjemo-sv-marka-pisca-najstarijeg-evandelja\/","name":"Danas slavimo dan sv. Marka, pisca najstarijeg Evan\u0111elja - likemetkovic.hr","isPartOf":{"@id":"https:\/\/likemetkovic.hr\/#website"},"primaryImageOfPage":{"@id":"https:\/\/likemetkovic.hr\/danas-se-spominjemo-sv-marka-pisca-najstarijeg-evandelja\/#primaryimage"},"image":{"@id":"https:\/\/likemetkovic.hr\/danas-se-spominjemo-sv-marka-pisca-najstarijeg-evandelja\/#primaryimage"},"thumbnailUrl":"https:\/\/likemetkovic.hr\/portal\/wp-content\/uploads\/2018\/04\/Sveti-Marko-1.jpg","datePublished":"2018-04-25T07:57:05+00:00","author":{"@id":"https:\/\/likemetkovic.hr\/#\/schema\/person\/a42711f3385a0e2be6f7e0443bfb28f0"},"description":"Prema najranijoj predaji na dana\u0161nji je dan, 24. travnja 68. godine, u Aleksandriji mu\u010deni\u010dkom smr\u0107u umro sv. Marko, pisac najstarijeg Evan\u0111elja i stoga danas obilje\u017eavamo njegov spomendan.","breadcrumb":{"@id":"https:\/\/likemetkovic.hr\/danas-se-spominjemo-sv-marka-pisca-najstarijeg-evandelja\/#breadcrumb"},"inLanguage":"hr","potentialAction":[{"@type":"ReadAction","target":["https:\/\/likemetkovic.hr\/danas-se-spominjemo-sv-marka-pisca-najstarijeg-evandelja\/"]}]},{"@type":"ImageObject","inLanguage":"hr","@id":"https:\/\/likemetkovic.hr\/danas-se-spominjemo-sv-marka-pisca-najstarijeg-evandelja\/#primaryimage","url":"https:\/\/likemetkovic.hr\/portal\/wp-content\/uploads\/2018\/04\/Sveti-Marko-1.jpg","contentUrl":"https:\/\/likemetkovic.hr\/portal\/wp-content\/uploads\/2018\/04\/Sveti-Marko-1.jpg","width":640,"height":389},{"@type":"BreadcrumbList","@id":"https:\/\/likemetkovic.hr\/danas-se-spominjemo-sv-marka-pisca-najstarijeg-evandelja\/#breadcrumb","itemListElement":[{"@type":"ListItem","position":1,"name":"Po\u010detna stranica","item":"https:\/\/likemetkovic.hr\/portal\/"},{"@type":"ListItem","position":2,"name":"Danas slavimo dan sv. Marka, pisca najstarijeg Evan\u0111elja"}]},{"@type":"WebSite","@id":"https:\/\/likemetkovic.hr\/#website","url":"https:\/\/likemetkovic.hr\/","name":"likemetkovic.hr","description":"Misli pozitivno... \u010ditaj LIKE","potentialAction":[{"@type":"SearchAction","target":{"@type":"EntryPoint","urlTemplate":"https:\/\/likemetkovic.hr\/?s={search_term_string}"},"query-input":{"@type":"PropertyValueSpecification","valueRequired":true,"valueName":"search_term_string"}}],"inLanguage":"hr"},{"@type":"Person","@id":"https:\/\/likemetkovic.hr\/#\/schema\/person\/a42711f3385a0e2be6f7e0443bfb28f0","name":"LIKEmetkovic.hr","sameAs":["http:\/\/likemetkovic.hr"],"url":"https:\/\/likemetkovic.hr\/portal\/author\/likemetkovic-hr\/"}]}},"_links":{"self":[{"href":"https:\/\/likemetkovic.hr\/portal\/wp-json\/wp\/v2\/posts\/57334","targetHints":{"allow":["GET"]}}],"collection":[{"href":"https:\/\/likemetkovic.hr\/portal\/wp-json\/wp\/v2\/posts"}],"about":[{"href":"https:\/\/likemetkovic.hr\/portal\/wp-json\/wp\/v2\/types\/post"}],"author":[{"embeddable":true,"href":"https:\/\/likemetkovic.hr\/portal\/wp-json\/wp\/v2\/users\/7"}],"replies":[{"embeddable":true,"href":"https:\/\/likemetkovic.hr\/portal\/wp-json\/wp\/v2\/comments?post=57334"}],"version-history":[{"count":0,"href":"https:\/\/likemetkovic.hr\/portal\/wp-json\/wp\/v2\/posts\/57334\/revisions"}],"wp:featuredmedia":[{"embeddable":true,"href":"https:\/\/likemetkovic.hr\/portal\/wp-json\/wp\/v2\/media\/57335"}],"wp:attachment":[{"href":"https:\/\/likemetkovic.hr\/portal\/wp-json\/wp\/v2\/media?parent=57334"}],"wp:term":[{"taxonomy":"category","embeddable":true,"href":"https:\/\/likemetkovic.hr\/portal\/wp-json\/wp\/v2\/categories?post=57334"},{"taxonomy":"post_tag","embeddable":true,"href":"https:\/\/likemetkovic.hr\/portal\/wp-json\/wp\/v2\/tags?post=57334"}],"curies":[{"name":"wp","href":"https:\/\/api.w.org\/{rel}","templated":true}]}}