{"id":57468,"date":"2018-04-27T19:34:27","date_gmt":"2018-04-27T17:34:27","guid":{"rendered":"http:\/\/likemetkovic.hr\/?p=57468"},"modified":"2018-04-27T19:34:27","modified_gmt":"2018-04-27T17:34:27","slug":"u-pastoralnom-centru-o-ante-gabrica-odrzana-tribina-ranjeno-majcinstvo","status":"publish","type":"post","link":"https:\/\/likemetkovic.hr\/portal\/u-pastoralnom-centru-o-ante-gabrica-odrzana-tribina-ranjeno-majcinstvo\/","title":{"rendered":"U Pastoralnom centru o. Ante Gabri\u0107a odr\u017eana tribina &#8220;Ranjeno maj\u010dinstvo&#8221;"},"content":{"rendered":"<p>U utorak 24. travnja u dvorani Pastoralnog centra o. Ante Gabri\u0107a u Metkovi\u0107u odr\u017eana je \u010detvrta tribina u Godini maj\u010dinstva za \u017eupe Neretvanskoga dekanata pod naslovom \u201eRanjeno maj\u010dinstvo&#8221;.<\/p>\n<p>Gost predava\u010d bila je dr. Anita Struji\u0107 -Vladanovi\u0107, voditeljica bra\u010dnog i obiteljskog savjetovali\u0161ta Splitsko-makarske nadbiskupije. Dr. Anita je na po\u010detku iznijela nekoliko problema s kojim se susre\u0107u mladi bra\u010dni parovi, a jedan od najve\u0107ih prolema dana\u0161njeg vremena je nemogu\u0107nost imati djecu. Osobito je naglasila kako se maj\u010dinstvo mo\u017ee ostvariti i u obitelji bez djece. Da je to doista mogu\u0107e iznijela je primjer dr. Alice von Hildebrand koja ka\u017ee \u201cAko nemate djecu, nipo\u0161to nemojte povjerovati da se morate odrec\u0301i majc\u030cinstva, jer ono nije samo biolo\u0161ko vec\u0301 i duhovno. Postoje brojni ljudi diljem svijeta koji oc\u030cajnic\u030cki tra\u017ee majku. Mnogi su do\u0161li k meni \u017eelec\u0301i mi rec\u0301i o svojim problemima. Slu\u0161am ih. I volim ih. Ka\u017eem im vrlo malo, ali oni znaju da se brinem za njih. U tomu smislu, postala sam njihova majka.\u201d Na kraju tribine bra\u010dni par Anita i Josip iznijeli su vlastita svjedo\u010danstva, pote\u0161ko\u0107e i radosti zajedni\u010dkog \u017eivota i poru\u010dili okupljenim sudionicima tribine da su radost bra\u010dnog darivanja i molitva najva\u017enije vrednote za uspje\u0161ni brak.<\/p>\n<p><span style=\"color: #999999;\">Autor: Silvana Burilovi\u0107 Crnov<\/span><\/p>\n\r\n                <style type=\"text\/css\">\r\n                    \r\n                    #tdi_1  .td-doubleSlider-2 .td-item1 {\r\n                        background: url(https:\/\/likemetkovic.hr\/portal\/wp-content\/uploads\/2018\/04\/IMG_0566-80x60.jpg) 0 0 no-repeat;\r\n                    }\r\n                    #tdi_1  .td-doubleSlider-2 .td-item2 {\r\n                        background: url(https:\/\/likemetkovic.hr\/portal\/wp-content\/uploads\/2018\/04\/IMG_0568-80x60.jpg) 0 0 no-repeat;\r\n                    }\r\n                    #tdi_1  .td-doubleSlider-2 .td-item3 {\r\n                        background: url(https:\/\/likemetkovic.hr\/portal\/wp-content\/uploads\/2018\/04\/IMG_0578-80x60.jpg) 0 0 no-repeat;\r\n                    }\r\n                <\/style>\r\n\r\n                <div id=\"tdi_1\" class=\"td-gallery td-slide-on-2-columns\">\r\n                    <div class=\"post_td_gallery\">\r\n                        <div class=\"td-gallery-slide-top\">\r\n                           <div class=\"td-gallery-title\"><\/div>\r\n\r\n                            <div class=\"td-gallery-controls-wrapper\">\r\n                                <div class=\"td-gallery-slide-count\"><span class=\"td-gallery-slide-item-focus\">1<\/span> of 3<\/div>\r\n                                <div class=\"td-gallery-slide-prev-next-but\">\r\n                                    <i class = \"td-icon-left doubleSliderPrevButton\"><\/i>\r\n                                    <i class = \"td-icon-right doubleSliderNextButton\"><\/i>\r\n                                <\/div>\r\n                            <\/div>\r\n                        <\/div>\r\n\r\n                        <div class = \"td-doubleSlider-1 \">\r\n                            <div class = \"td-slider\">\r\n                                \r\n                    <div class = \"td-slide-item td-item1\">\r\n                        <figure class=\"td-slide-galery-figure td-slide-popup-gallery\">\r\n                            <a class=\"slide-gallery-image-link\" href=\"https:\/\/likemetkovic.hr\/portal\/wp-content\/uploads\/2018\/04\/IMG_0566.jpg\" title=\"IMG_0566\"  data-caption=\"\"  data-description=\"\">\r\n                                <img decoding=\"async\" src=\"https:\/\/likemetkovic.hr\/portal\/wp-content\/uploads\/2018\/04\/IMG_0566-627x420.jpg\" srcset=\"https:\/\/likemetkovic.hr\/portal\/wp-content\/uploads\/2018\/04\/IMG_0566-627x420.jpg 627w, https:\/\/likemetkovic.hr\/portal\/wp-content\/uploads\/2018\/04\/IMG_0566.jpg 800w, https:\/\/likemetkovic.hr\/portal\/wp-content\/uploads\/2018\/04\/IMG_0566-768x515.jpg 768w, https:\/\/likemetkovic.hr\/portal\/wp-content\/uploads\/2018\/04\/IMG_0566-696x466.jpg 696w\" sizes=\"(max-width: 627px) 100vw, 627px\" alt=\"\">\r\n                            <\/a>\r\n                            \r\n                        <\/figure>\r\n                    <\/div>\r\n                    <div class = \"td-slide-item td-item2\">\r\n                        <figure class=\"td-slide-galery-figure td-slide-popup-gallery\">\r\n                            <a class=\"slide-gallery-image-link\" href=\"https:\/\/likemetkovic.hr\/portal\/wp-content\/uploads\/2018\/04\/IMG_0568.jpg\" title=\"IMG_0568\"  data-caption=\"\"  data-description=\"\">\r\n                                <img decoding=\"async\" src=\"https:\/\/likemetkovic.hr\/portal\/wp-content\/uploads\/2018\/04\/IMG_0568-614x420.jpg\" srcset=\"https:\/\/likemetkovic.hr\/portal\/wp-content\/uploads\/2018\/04\/IMG_0568-614x420.jpg 614w, https:\/\/likemetkovic.hr\/portal\/wp-content\/uploads\/2018\/04\/IMG_0568-218x150.jpg 218w, https:\/\/likemetkovic.hr\/portal\/wp-content\/uploads\/2018\/04\/IMG_0568.jpg 636w\" sizes=\"(max-width: 614px) 100vw, 614px\" alt=\"\">\r\n                            <\/a>\r\n                            \r\n                        <\/figure>\r\n                    <\/div>\r\n                    <div class = \"td-slide-item td-item3\">\r\n                        <figure class=\"td-slide-galery-figure td-slide-popup-gallery\">\r\n                            <a class=\"slide-gallery-image-link\" href=\"https:\/\/likemetkovic.hr\/portal\/wp-content\/uploads\/2018\/04\/IMG_0578.jpg\" title=\"IMG_0578\"  data-caption=\"\"  data-description=\"\">\r\n                                <img decoding=\"async\" src=\"https:\/\/likemetkovic.hr\/portal\/wp-content\/uploads\/2018\/04\/IMG_0578-621x420.jpg\" srcset=\"https:\/\/likemetkovic.hr\/portal\/wp-content\/uploads\/2018\/04\/IMG_0578-621x420.jpg 621w, https:\/\/likemetkovic.hr\/portal\/wp-content\/uploads\/2018\/04\/IMG_0578-696x470.jpg 696w, https:\/\/likemetkovic.hr\/portal\/wp-content\/uploads\/2018\/04\/IMG_0578.jpg 765w\" sizes=\"(max-width: 621px) 100vw, 621px\" alt=\"\">\r\n                            <\/a>\r\n                            \r\n                        <\/figure>\r\n                    <\/div>\r\n                            <\/div>\r\n                        <\/div>\r\n\r\n                        <div class = \"td-doubleSlider-2\">\r\n                            <div class = \"td-slider\">\r\n                                \r\n                    <div class = \"td-button td-item1\">\r\n                        <div class = \"td-border\"><\/div>\r\n                    <\/div>\r\n                    <div class = \"td-button td-item2\">\r\n                        <div class = \"td-border\"><\/div>\r\n                    <\/div>\r\n                    <div class = \"td-button td-item3\">\r\n                        <div class = \"td-border\"><\/div>\r\n                    <\/div>\r\n                            <\/div>\r\n                        <\/div>\r\n\r\n                    <\/div>\r\n\r\n                <\/div>\r\n                \n","protected":false},"excerpt":{"rendered":"<p>U utorak 24. travnja u dvorani Pastoralnog centra o. Ante Gabri\u0107a u Metkovi\u0107u odr\u017eana je \u010detvrta tribina u Godini maj\u010dinstva za \u017eupe Neretvanskoga dekanata pod naslovom \u201eRanjeno maj\u010dinstvo&#8221;. Gost predava\u010d bila je dr. Anita Struji\u0107 -Vladanovi\u0107, voditeljica bra\u010dnog i obiteljskog savjetovali\u0161ta Splitsko-makarske nadbiskupije. Dr. Anita je na po\u010detku iznijela nekoliko problema s kojim se susre\u0107u [&hellip;]<\/p>\n","protected":false},"author":7,"featured_media":57469,"comment_status":"open","ping_status":"open","sticky":false,"template":"","format":"standard","meta":{"footnotes":""},"categories":[296],"tags":[380,3062,669],"class_list":{"0":"post-57468","1":"post","2":"type-post","3":"status-publish","4":"format-standard","5":"has-post-thumbnail","7":"category-ab","8":"tag-metkovic","9":"tag-pastoralni-centar-oca-ante-gabrica","10":"tag-zupa-svetog-nikole-metkovic"},"yoast_head":"<!-- This site is optimized with the Yoast SEO plugin v25.2 - https:\/\/yoast.com\/wordpress\/plugins\/seo\/ -->\n<title>U Pastoralnom centru o. Ante Gabri\u0107a odr\u017eana tribina &quot;Ranjeno maj\u010dinstvo&quot; - likemetkovic.hr<\/title>\n<meta name=\"robots\" content=\"index, follow, max-snippet:-1, max-image-preview:large, max-video-preview:-1\" \/>\n<link rel=\"canonical\" href=\"https:\/\/likemetkovic.hr\/u-pastoralnom-centru-o-ante-gabrica-odrzana-tribina-ranjeno-majcinstvo\/\" \/>\n<meta property=\"og:locale\" content=\"hr_HR\" \/>\n<meta property=\"og:type\" content=\"article\" \/>\n<meta property=\"og:title\" content=\"U Pastoralnom centru o. Ante Gabri\u0107a odr\u017eana tribina &quot;Ranjeno maj\u010dinstvo&quot; - likemetkovic.hr\" \/>\n<meta property=\"og:description\" content=\"U utorak 24. travnja u dvorani Pastoralnog centra o. Ante Gabri\u0107a u Metkovi\u0107u odr\u017eana je \u010detvrta tribina u Godini maj\u010dinstva za \u017eupe Neretvanskoga dekanata pod naslovom \u201eRanjeno maj\u010dinstvo&#8221;. Gost predava\u010d bila je dr. Anita Struji\u0107 -Vladanovi\u0107, voditeljica bra\u010dnog i obiteljskog savjetovali\u0161ta Splitsko-makarske nadbiskupije. Dr. Anita je na po\u010detku iznijela nekoliko problema s kojim se susre\u0107u [&hellip;]\" \/>\n<meta property=\"og:url\" content=\"https:\/\/likemetkovic.hr\/u-pastoralnom-centru-o-ante-gabrica-odrzana-tribina-ranjeno-majcinstvo\/\" \/>\n<meta property=\"og:site_name\" content=\"likemetkovic.hr\" \/>\n<meta property=\"article:publisher\" content=\"https:\/\/www.facebook.com\/likemetkovic.hr\/\" \/>\n<meta property=\"article:published_time\" content=\"2018-04-27T17:34:27+00:00\" \/>\n<meta property=\"og:image\" content=\"https:\/\/likemetkovic.hr\/wp-content\/uploads\/2018\/04\/IMG_0566.jpg\" \/>\n\t<meta property=\"og:image:width\" content=\"800\" \/>\n\t<meta property=\"og:image:height\" content=\"536\" \/>\n\t<meta property=\"og:image:type\" content=\"image\/jpeg\" \/>\n<meta name=\"author\" content=\"LIKEmetkovic.hr\" \/>\n<meta name=\"twitter:card\" content=\"summary_large_image\" \/>\n<meta name=\"twitter:label1\" content=\"Napisao\/la\" \/>\n\t<meta name=\"twitter:data1\" content=\"LIKEmetkovic.hr\" \/>\n\t<meta name=\"twitter:label2\" content=\"Procijenjeno vrijeme \u010ditanja\" \/>\n\t<meta name=\"twitter:data2\" content=\"1 minuta\" \/>\n<script type=\"application\/ld+json\" class=\"yoast-schema-graph\">{\"@context\":\"https:\/\/schema.org\",\"@graph\":[{\"@type\":\"WebPage\",\"@id\":\"https:\/\/likemetkovic.hr\/u-pastoralnom-centru-o-ante-gabrica-odrzana-tribina-ranjeno-majcinstvo\/\",\"url\":\"https:\/\/likemetkovic.hr\/u-pastoralnom-centru-o-ante-gabrica-odrzana-tribina-ranjeno-majcinstvo\/\",\"name\":\"U Pastoralnom centru o. Ante Gabri\u0107a odr\u017eana tribina \\\"Ranjeno maj\u010dinstvo\\\" - likemetkovic.hr\",\"isPartOf\":{\"@id\":\"https:\/\/likemetkovic.hr\/#website\"},\"primaryImageOfPage\":{\"@id\":\"https:\/\/likemetkovic.hr\/u-pastoralnom-centru-o-ante-gabrica-odrzana-tribina-ranjeno-majcinstvo\/#primaryimage\"},\"image\":{\"@id\":\"https:\/\/likemetkovic.hr\/u-pastoralnom-centru-o-ante-gabrica-odrzana-tribina-ranjeno-majcinstvo\/#primaryimage\"},\"thumbnailUrl\":\"https:\/\/likemetkovic.hr\/portal\/wp-content\/uploads\/2018\/04\/IMG_0566.jpg\",\"datePublished\":\"2018-04-27T17:34:27+00:00\",\"author\":{\"@id\":\"https:\/\/likemetkovic.hr\/#\/schema\/person\/a42711f3385a0e2be6f7e0443bfb28f0\"},\"breadcrumb\":{\"@id\":\"https:\/\/likemetkovic.hr\/u-pastoralnom-centru-o-ante-gabrica-odrzana-tribina-ranjeno-majcinstvo\/#breadcrumb\"},\"inLanguage\":\"hr\",\"potentialAction\":[{\"@type\":\"ReadAction\",\"target\":[\"https:\/\/likemetkovic.hr\/u-pastoralnom-centru-o-ante-gabrica-odrzana-tribina-ranjeno-majcinstvo\/\"]}]},{\"@type\":\"ImageObject\",\"inLanguage\":\"hr\",\"@id\":\"https:\/\/likemetkovic.hr\/u-pastoralnom-centru-o-ante-gabrica-odrzana-tribina-ranjeno-majcinstvo\/#primaryimage\",\"url\":\"https:\/\/likemetkovic.hr\/portal\/wp-content\/uploads\/2018\/04\/IMG_0566.jpg\",\"contentUrl\":\"https:\/\/likemetkovic.hr\/portal\/wp-content\/uploads\/2018\/04\/IMG_0566.jpg\",\"width\":800,\"height\":536},{\"@type\":\"BreadcrumbList\",\"@id\":\"https:\/\/likemetkovic.hr\/u-pastoralnom-centru-o-ante-gabrica-odrzana-tribina-ranjeno-majcinstvo\/#breadcrumb\",\"itemListElement\":[{\"@type\":\"ListItem\",\"position\":1,\"name\":\"Po\u010detna stranica\",\"item\":\"https:\/\/likemetkovic.hr\/portal\/\"},{\"@type\":\"ListItem\",\"position\":2,\"name\":\"U Pastoralnom centru o. Ante Gabri\u0107a odr\u017eana tribina &#8220;Ranjeno maj\u010dinstvo&#8221;\"}]},{\"@type\":\"WebSite\",\"@id\":\"https:\/\/likemetkovic.hr\/#website\",\"url\":\"https:\/\/likemetkovic.hr\/\",\"name\":\"likemetkovic.hr\",\"description\":\"Misli pozitivno... \u010ditaj LIKE\",\"potentialAction\":[{\"@type\":\"SearchAction\",\"target\":{\"@type\":\"EntryPoint\",\"urlTemplate\":\"https:\/\/likemetkovic.hr\/?s={search_term_string}\"},\"query-input\":{\"@type\":\"PropertyValueSpecification\",\"valueRequired\":true,\"valueName\":\"search_term_string\"}}],\"inLanguage\":\"hr\"},{\"@type\":\"Person\",\"@id\":\"https:\/\/likemetkovic.hr\/#\/schema\/person\/a42711f3385a0e2be6f7e0443bfb28f0\",\"name\":\"LIKEmetkovic.hr\",\"sameAs\":[\"http:\/\/likemetkovic.hr\"],\"url\":\"https:\/\/likemetkovic.hr\/portal\/author\/likemetkovic-hr\/\"}]}<\/script>\n<!-- \/ Yoast SEO plugin. -->","yoast_head_json":{"title":"U Pastoralnom centru o. Ante Gabri\u0107a odr\u017eana tribina \"Ranjeno maj\u010dinstvo\" - likemetkovic.hr","robots":{"index":"index","follow":"follow","max-snippet":"max-snippet:-1","max-image-preview":"max-image-preview:large","max-video-preview":"max-video-preview:-1"},"canonical":"https:\/\/likemetkovic.hr\/u-pastoralnom-centru-o-ante-gabrica-odrzana-tribina-ranjeno-majcinstvo\/","og_locale":"hr_HR","og_type":"article","og_title":"U Pastoralnom centru o. Ante Gabri\u0107a odr\u017eana tribina \"Ranjeno maj\u010dinstvo\" - likemetkovic.hr","og_description":"U utorak 24. travnja u dvorani Pastoralnog centra o. Ante Gabri\u0107a u Metkovi\u0107u odr\u017eana je \u010detvrta tribina u Godini maj\u010dinstva za \u017eupe Neretvanskoga dekanata pod naslovom \u201eRanjeno maj\u010dinstvo&#8221;. Gost predava\u010d bila je dr. Anita Struji\u0107 -Vladanovi\u0107, voditeljica bra\u010dnog i obiteljskog savjetovali\u0161ta Splitsko-makarske nadbiskupije. Dr. Anita je na po\u010detku iznijela nekoliko problema s kojim se susre\u0107u [&hellip;]","og_url":"https:\/\/likemetkovic.hr\/u-pastoralnom-centru-o-ante-gabrica-odrzana-tribina-ranjeno-majcinstvo\/","og_site_name":"likemetkovic.hr","article_publisher":"https:\/\/www.facebook.com\/likemetkovic.hr\/","article_published_time":"2018-04-27T17:34:27+00:00","og_image":[{"width":800,"height":536,"url":"https:\/\/likemetkovic.hr\/wp-content\/uploads\/2018\/04\/IMG_0566.jpg","type":"image\/jpeg"}],"author":"LIKEmetkovic.hr","twitter_card":"summary_large_image","twitter_misc":{"Napisao\/la":"LIKEmetkovic.hr","Procijenjeno vrijeme \u010ditanja":"1 minuta"},"schema":{"@context":"https:\/\/schema.org","@graph":[{"@type":"WebPage","@id":"https:\/\/likemetkovic.hr\/u-pastoralnom-centru-o-ante-gabrica-odrzana-tribina-ranjeno-majcinstvo\/","url":"https:\/\/likemetkovic.hr\/u-pastoralnom-centru-o-ante-gabrica-odrzana-tribina-ranjeno-majcinstvo\/","name":"U Pastoralnom centru o. Ante Gabri\u0107a odr\u017eana tribina \"Ranjeno maj\u010dinstvo\" - likemetkovic.hr","isPartOf":{"@id":"https:\/\/likemetkovic.hr\/#website"},"primaryImageOfPage":{"@id":"https:\/\/likemetkovic.hr\/u-pastoralnom-centru-o-ante-gabrica-odrzana-tribina-ranjeno-majcinstvo\/#primaryimage"},"image":{"@id":"https:\/\/likemetkovic.hr\/u-pastoralnom-centru-o-ante-gabrica-odrzana-tribina-ranjeno-majcinstvo\/#primaryimage"},"thumbnailUrl":"https:\/\/likemetkovic.hr\/portal\/wp-content\/uploads\/2018\/04\/IMG_0566.jpg","datePublished":"2018-04-27T17:34:27+00:00","author":{"@id":"https:\/\/likemetkovic.hr\/#\/schema\/person\/a42711f3385a0e2be6f7e0443bfb28f0"},"breadcrumb":{"@id":"https:\/\/likemetkovic.hr\/u-pastoralnom-centru-o-ante-gabrica-odrzana-tribina-ranjeno-majcinstvo\/#breadcrumb"},"inLanguage":"hr","potentialAction":[{"@type":"ReadAction","target":["https:\/\/likemetkovic.hr\/u-pastoralnom-centru-o-ante-gabrica-odrzana-tribina-ranjeno-majcinstvo\/"]}]},{"@type":"ImageObject","inLanguage":"hr","@id":"https:\/\/likemetkovic.hr\/u-pastoralnom-centru-o-ante-gabrica-odrzana-tribina-ranjeno-majcinstvo\/#primaryimage","url":"https:\/\/likemetkovic.hr\/portal\/wp-content\/uploads\/2018\/04\/IMG_0566.jpg","contentUrl":"https:\/\/likemetkovic.hr\/portal\/wp-content\/uploads\/2018\/04\/IMG_0566.jpg","width":800,"height":536},{"@type":"BreadcrumbList","@id":"https:\/\/likemetkovic.hr\/u-pastoralnom-centru-o-ante-gabrica-odrzana-tribina-ranjeno-majcinstvo\/#breadcrumb","itemListElement":[{"@type":"ListItem","position":1,"name":"Po\u010detna stranica","item":"https:\/\/likemetkovic.hr\/portal\/"},{"@type":"ListItem","position":2,"name":"U Pastoralnom centru o. Ante Gabri\u0107a odr\u017eana tribina &#8220;Ranjeno maj\u010dinstvo&#8221;"}]},{"@type":"WebSite","@id":"https:\/\/likemetkovic.hr\/#website","url":"https:\/\/likemetkovic.hr\/","name":"likemetkovic.hr","description":"Misli pozitivno... \u010ditaj LIKE","potentialAction":[{"@type":"SearchAction","target":{"@type":"EntryPoint","urlTemplate":"https:\/\/likemetkovic.hr\/?s={search_term_string}"},"query-input":{"@type":"PropertyValueSpecification","valueRequired":true,"valueName":"search_term_string"}}],"inLanguage":"hr"},{"@type":"Person","@id":"https:\/\/likemetkovic.hr\/#\/schema\/person\/a42711f3385a0e2be6f7e0443bfb28f0","name":"LIKEmetkovic.hr","sameAs":["http:\/\/likemetkovic.hr"],"url":"https:\/\/likemetkovic.hr\/portal\/author\/likemetkovic-hr\/"}]}},"_links":{"self":[{"href":"https:\/\/likemetkovic.hr\/portal\/wp-json\/wp\/v2\/posts\/57468","targetHints":{"allow":["GET"]}}],"collection":[{"href":"https:\/\/likemetkovic.hr\/portal\/wp-json\/wp\/v2\/posts"}],"about":[{"href":"https:\/\/likemetkovic.hr\/portal\/wp-json\/wp\/v2\/types\/post"}],"author":[{"embeddable":true,"href":"https:\/\/likemetkovic.hr\/portal\/wp-json\/wp\/v2\/users\/7"}],"replies":[{"embeddable":true,"href":"https:\/\/likemetkovic.hr\/portal\/wp-json\/wp\/v2\/comments?post=57468"}],"version-history":[{"count":0,"href":"https:\/\/likemetkovic.hr\/portal\/wp-json\/wp\/v2\/posts\/57468\/revisions"}],"wp:featuredmedia":[{"embeddable":true,"href":"https:\/\/likemetkovic.hr\/portal\/wp-json\/wp\/v2\/media\/57469"}],"wp:attachment":[{"href":"https:\/\/likemetkovic.hr\/portal\/wp-json\/wp\/v2\/media?parent=57468"}],"wp:term":[{"taxonomy":"category","embeddable":true,"href":"https:\/\/likemetkovic.hr\/portal\/wp-json\/wp\/v2\/categories?post=57468"},{"taxonomy":"post_tag","embeddable":true,"href":"https:\/\/likemetkovic.hr\/portal\/wp-json\/wp\/v2\/tags?post=57468"}],"curies":[{"name":"wp","href":"https:\/\/api.w.org\/{rel}","templated":true}]}}