{"id":57483,"date":"2018-04-28T10:33:52","date_gmt":"2018-04-28T08:33:52","guid":{"rendered":"http:\/\/likemetkovic.hr\/?p=57483"},"modified":"2018-04-28T10:33:52","modified_gmt":"2018-04-28T08:33:52","slug":"kula-norinska-pozar-u-predjelu-luka-izgorjelo-oko-hektar-niskog-raslinja","status":"publish","type":"post","link":"https:\/\/likemetkovic.hr\/portal\/kula-norinska-pozar-u-predjelu-luka-izgorjelo-oko-hektar-niskog-raslinja\/","title":{"rendered":"KULA NORINSKA Po\u017ear u predjelu Luka, izgorjelo oko hektar niskog raslinja"},"content":{"rendered":"<p>U petak, 27.travnja u 13,23 sati \u017dupanijski centar 112 Dubrovnik zaprimio je dojavu o po\u017earu na otvorenom prostoru op\u0107ine Kuli Norinskoj, u predjelu Luka.<\/p>\n<p>Izvije\u0161teni su vatrogasci DVD Kula Norinska. Po\u017ear je lokaliziran u 15,15 sati te uga\u0161en u 15,45 sati. Izgorjela povr\u0161ina je oko 1 ha trave i niskog raslinja.<\/p>\n<p>Na po\u017eari\u0161tu su intervenirali DVD Kula Norinska sa 2 vatrogasca i 2 vozila i DVD Metkovi\u0107 sa 3 vatrogasca i 2 vozila.<\/p>\n","protected":false},"excerpt":{"rendered":"<p>U petak, 27.travnja u 13,23 sati \u017dupanijski centar 112 Dubrovnik zaprimio je dojavu o po\u017earu na otvorenom prostoru op\u0107ine Kuli Norinskoj, u predjelu Luka. Izvije\u0161teni su vatrogasci DVD Kula Norinska. Po\u017ear je lokaliziran u 15,15 sati te uga\u0161en u 15,45 sati. Izgorjela povr\u0161ina je oko 1 ha trave i niskog raslinja. Na po\u017eari\u0161tu su intervenirali [&hellip;]<\/p>\n","protected":false},"author":7,"featured_media":47092,"comment_status":"open","ping_status":"open","sticky":false,"template":"","format":"standard","meta":{"footnotes":""},"categories":[296,305],"tags":[665,2885,438],"class_list":{"0":"post-57483","1":"post","2":"type-post","3":"status-publish","4":"format-standard","5":"has-post-thumbnail","7":"category-ab","8":"category-crna-kronika","9":"tag-kula-norinska","10":"tag-luke","11":"tag-pozar"},"yoast_head":"<!-- This site is optimized with the Yoast SEO plugin v25.2 - https:\/\/yoast.com\/wordpress\/plugins\/seo\/ -->\n<title>KULA NORINSKA Po\u017ear u predjelu Luka, izgorjelo oko hektar niskog raslinja - likemetkovic.hr<\/title>\n<meta name=\"description\" content=\"U petak, 27.travnja u 13,23 sati \u017dupanijski centar 112 Dubrovnik zaprimio je dojavu o po\u017earu na otvorenom prostoru op\u0107ine Kuli Norinskoj, u predjelu Luka.\" \/>\n<meta name=\"robots\" content=\"index, follow, max-snippet:-1, max-image-preview:large, max-video-preview:-1\" \/>\n<link rel=\"canonical\" href=\"https:\/\/likemetkovic.hr\/kula-norinska-pozar-u-predjelu-luka-izgorjelo-oko-hektar-niskog-raslinja\/\" \/>\n<meta property=\"og:locale\" content=\"hr_HR\" \/>\n<meta property=\"og:type\" content=\"article\" \/>\n<meta property=\"og:title\" content=\"KULA NORINSKA Po\u017ear u predjelu Luka, izgorjelo oko hektar niskog raslinja - likemetkovic.hr\" \/>\n<meta property=\"og:description\" content=\"U petak, 27.travnja u 13,23 sati \u017dupanijski centar 112 Dubrovnik zaprimio je dojavu o po\u017earu na otvorenom prostoru op\u0107ine Kuli Norinskoj, u predjelu Luka.\" \/>\n<meta property=\"og:url\" content=\"https:\/\/likemetkovic.hr\/kula-norinska-pozar-u-predjelu-luka-izgorjelo-oko-hektar-niskog-raslinja\/\" \/>\n<meta property=\"og:site_name\" content=\"likemetkovic.hr\" \/>\n<meta property=\"article:publisher\" content=\"https:\/\/www.facebook.com\/likemetkovic.hr\/\" \/>\n<meta property=\"article:published_time\" content=\"2018-04-28T08:33:52+00:00\" \/>\n<meta property=\"og:image\" content=\"https:\/\/likemetkovic.hr\/wp-content\/uploads\/2017\/09\/\u017ec-112.jpg\" \/>\n\t<meta property=\"og:image:width\" content=\"800\" \/>\n\t<meta property=\"og:image:height\" content=\"516\" \/>\n\t<meta property=\"og:image:type\" content=\"image\/jpeg\" \/>\n<meta name=\"author\" content=\"LIKEmetkovic.hr\" \/>\n<meta name=\"twitter:card\" content=\"summary_large_image\" \/>\n<meta name=\"twitter:label1\" content=\"Napisao\/la\" \/>\n\t<meta name=\"twitter:data1\" content=\"LIKEmetkovic.hr\" \/>\n<script type=\"application\/ld+json\" class=\"yoast-schema-graph\">{\"@context\":\"https:\/\/schema.org\",\"@graph\":[{\"@type\":\"WebPage\",\"@id\":\"https:\/\/likemetkovic.hr\/kula-norinska-pozar-u-predjelu-luka-izgorjelo-oko-hektar-niskog-raslinja\/\",\"url\":\"https:\/\/likemetkovic.hr\/kula-norinska-pozar-u-predjelu-luka-izgorjelo-oko-hektar-niskog-raslinja\/\",\"name\":\"KULA NORINSKA Po\u017ear u predjelu Luka, izgorjelo oko hektar niskog raslinja - likemetkovic.hr\",\"isPartOf\":{\"@id\":\"https:\/\/likemetkovic.hr\/#website\"},\"primaryImageOfPage\":{\"@id\":\"https:\/\/likemetkovic.hr\/kula-norinska-pozar-u-predjelu-luka-izgorjelo-oko-hektar-niskog-raslinja\/#primaryimage\"},\"image\":{\"@id\":\"https:\/\/likemetkovic.hr\/kula-norinska-pozar-u-predjelu-luka-izgorjelo-oko-hektar-niskog-raslinja\/#primaryimage\"},\"thumbnailUrl\":\"https:\/\/likemetkovic.hr\/portal\/wp-content\/uploads\/2017\/09\/\u017ec-112.jpg\",\"datePublished\":\"2018-04-28T08:33:52+00:00\",\"author\":{\"@id\":\"https:\/\/likemetkovic.hr\/#\/schema\/person\/a42711f3385a0e2be6f7e0443bfb28f0\"},\"description\":\"U petak, 27.travnja u 13,23 sati \u017dupanijski centar 112 Dubrovnik zaprimio je dojavu o po\u017earu na otvorenom prostoru op\u0107ine Kuli Norinskoj, u predjelu Luka.\",\"breadcrumb\":{\"@id\":\"https:\/\/likemetkovic.hr\/kula-norinska-pozar-u-predjelu-luka-izgorjelo-oko-hektar-niskog-raslinja\/#breadcrumb\"},\"inLanguage\":\"hr\",\"potentialAction\":[{\"@type\":\"ReadAction\",\"target\":[\"https:\/\/likemetkovic.hr\/kula-norinska-pozar-u-predjelu-luka-izgorjelo-oko-hektar-niskog-raslinja\/\"]}]},{\"@type\":\"ImageObject\",\"inLanguage\":\"hr\",\"@id\":\"https:\/\/likemetkovic.hr\/kula-norinska-pozar-u-predjelu-luka-izgorjelo-oko-hektar-niskog-raslinja\/#primaryimage\",\"url\":\"https:\/\/likemetkovic.hr\/portal\/wp-content\/uploads\/2017\/09\/\u017ec-112.jpg\",\"contentUrl\":\"https:\/\/likemetkovic.hr\/portal\/wp-content\/uploads\/2017\/09\/\u017ec-112.jpg\",\"width\":800,\"height\":516},{\"@type\":\"BreadcrumbList\",\"@id\":\"https:\/\/likemetkovic.hr\/kula-norinska-pozar-u-predjelu-luka-izgorjelo-oko-hektar-niskog-raslinja\/#breadcrumb\",\"itemListElement\":[{\"@type\":\"ListItem\",\"position\":1,\"name\":\"Po\u010detna stranica\",\"item\":\"https:\/\/likemetkovic.hr\/portal\/\"},{\"@type\":\"ListItem\",\"position\":2,\"name\":\"KULA NORINSKA Po\u017ear u predjelu Luka, izgorjelo oko hektar niskog raslinja\"}]},{\"@type\":\"WebSite\",\"@id\":\"https:\/\/likemetkovic.hr\/#website\",\"url\":\"https:\/\/likemetkovic.hr\/\",\"name\":\"likemetkovic.hr\",\"description\":\"Misli pozitivno... \u010ditaj LIKE\",\"potentialAction\":[{\"@type\":\"SearchAction\",\"target\":{\"@type\":\"EntryPoint\",\"urlTemplate\":\"https:\/\/likemetkovic.hr\/?s={search_term_string}\"},\"query-input\":{\"@type\":\"PropertyValueSpecification\",\"valueRequired\":true,\"valueName\":\"search_term_string\"}}],\"inLanguage\":\"hr\"},{\"@type\":\"Person\",\"@id\":\"https:\/\/likemetkovic.hr\/#\/schema\/person\/a42711f3385a0e2be6f7e0443bfb28f0\",\"name\":\"LIKEmetkovic.hr\",\"sameAs\":[\"http:\/\/likemetkovic.hr\"],\"url\":\"https:\/\/likemetkovic.hr\/portal\/author\/likemetkovic-hr\/\"}]}<\/script>\n<!-- \/ Yoast SEO plugin. -->","yoast_head_json":{"title":"KULA NORINSKA Po\u017ear u predjelu Luka, izgorjelo oko hektar niskog raslinja - likemetkovic.hr","description":"U petak, 27.travnja u 13,23 sati \u017dupanijski centar 112 Dubrovnik zaprimio je dojavu o po\u017earu na otvorenom prostoru op\u0107ine Kuli Norinskoj, u predjelu Luka.","robots":{"index":"index","follow":"follow","max-snippet":"max-snippet:-1","max-image-preview":"max-image-preview:large","max-video-preview":"max-video-preview:-1"},"canonical":"https:\/\/likemetkovic.hr\/kula-norinska-pozar-u-predjelu-luka-izgorjelo-oko-hektar-niskog-raslinja\/","og_locale":"hr_HR","og_type":"article","og_title":"KULA NORINSKA Po\u017ear u predjelu Luka, izgorjelo oko hektar niskog raslinja - likemetkovic.hr","og_description":"U petak, 27.travnja u 13,23 sati \u017dupanijski centar 112 Dubrovnik zaprimio je dojavu o po\u017earu na otvorenom prostoru op\u0107ine Kuli Norinskoj, u predjelu Luka.","og_url":"https:\/\/likemetkovic.hr\/kula-norinska-pozar-u-predjelu-luka-izgorjelo-oko-hektar-niskog-raslinja\/","og_site_name":"likemetkovic.hr","article_publisher":"https:\/\/www.facebook.com\/likemetkovic.hr\/","article_published_time":"2018-04-28T08:33:52+00:00","og_image":[{"width":800,"height":516,"url":"https:\/\/likemetkovic.hr\/wp-content\/uploads\/2017\/09\/\u017ec-112.jpg","type":"image\/jpeg"}],"author":"LIKEmetkovic.hr","twitter_card":"summary_large_image","twitter_misc":{"Napisao\/la":"LIKEmetkovic.hr"},"schema":{"@context":"https:\/\/schema.org","@graph":[{"@type":"WebPage","@id":"https:\/\/likemetkovic.hr\/kula-norinska-pozar-u-predjelu-luka-izgorjelo-oko-hektar-niskog-raslinja\/","url":"https:\/\/likemetkovic.hr\/kula-norinska-pozar-u-predjelu-luka-izgorjelo-oko-hektar-niskog-raslinja\/","name":"KULA NORINSKA Po\u017ear u predjelu Luka, izgorjelo oko hektar niskog raslinja - likemetkovic.hr","isPartOf":{"@id":"https:\/\/likemetkovic.hr\/#website"},"primaryImageOfPage":{"@id":"https:\/\/likemetkovic.hr\/kula-norinska-pozar-u-predjelu-luka-izgorjelo-oko-hektar-niskog-raslinja\/#primaryimage"},"image":{"@id":"https:\/\/likemetkovic.hr\/kula-norinska-pozar-u-predjelu-luka-izgorjelo-oko-hektar-niskog-raslinja\/#primaryimage"},"thumbnailUrl":"https:\/\/likemetkovic.hr\/portal\/wp-content\/uploads\/2017\/09\/\u017ec-112.jpg","datePublished":"2018-04-28T08:33:52+00:00","author":{"@id":"https:\/\/likemetkovic.hr\/#\/schema\/person\/a42711f3385a0e2be6f7e0443bfb28f0"},"description":"U petak, 27.travnja u 13,23 sati \u017dupanijski centar 112 Dubrovnik zaprimio je dojavu o po\u017earu na otvorenom prostoru op\u0107ine Kuli Norinskoj, u predjelu Luka.","breadcrumb":{"@id":"https:\/\/likemetkovic.hr\/kula-norinska-pozar-u-predjelu-luka-izgorjelo-oko-hektar-niskog-raslinja\/#breadcrumb"},"inLanguage":"hr","potentialAction":[{"@type":"ReadAction","target":["https:\/\/likemetkovic.hr\/kula-norinska-pozar-u-predjelu-luka-izgorjelo-oko-hektar-niskog-raslinja\/"]}]},{"@type":"ImageObject","inLanguage":"hr","@id":"https:\/\/likemetkovic.hr\/kula-norinska-pozar-u-predjelu-luka-izgorjelo-oko-hektar-niskog-raslinja\/#primaryimage","url":"https:\/\/likemetkovic.hr\/portal\/wp-content\/uploads\/2017\/09\/\u017ec-112.jpg","contentUrl":"https:\/\/likemetkovic.hr\/portal\/wp-content\/uploads\/2017\/09\/\u017ec-112.jpg","width":800,"height":516},{"@type":"BreadcrumbList","@id":"https:\/\/likemetkovic.hr\/kula-norinska-pozar-u-predjelu-luka-izgorjelo-oko-hektar-niskog-raslinja\/#breadcrumb","itemListElement":[{"@type":"ListItem","position":1,"name":"Po\u010detna stranica","item":"https:\/\/likemetkovic.hr\/portal\/"},{"@type":"ListItem","position":2,"name":"KULA NORINSKA Po\u017ear u predjelu Luka, izgorjelo oko hektar niskog raslinja"}]},{"@type":"WebSite","@id":"https:\/\/likemetkovic.hr\/#website","url":"https:\/\/likemetkovic.hr\/","name":"likemetkovic.hr","description":"Misli pozitivno... \u010ditaj LIKE","potentialAction":[{"@type":"SearchAction","target":{"@type":"EntryPoint","urlTemplate":"https:\/\/likemetkovic.hr\/?s={search_term_string}"},"query-input":{"@type":"PropertyValueSpecification","valueRequired":true,"valueName":"search_term_string"}}],"inLanguage":"hr"},{"@type":"Person","@id":"https:\/\/likemetkovic.hr\/#\/schema\/person\/a42711f3385a0e2be6f7e0443bfb28f0","name":"LIKEmetkovic.hr","sameAs":["http:\/\/likemetkovic.hr"],"url":"https:\/\/likemetkovic.hr\/portal\/author\/likemetkovic-hr\/"}]}},"_links":{"self":[{"href":"https:\/\/likemetkovic.hr\/portal\/wp-json\/wp\/v2\/posts\/57483","targetHints":{"allow":["GET"]}}],"collection":[{"href":"https:\/\/likemetkovic.hr\/portal\/wp-json\/wp\/v2\/posts"}],"about":[{"href":"https:\/\/likemetkovic.hr\/portal\/wp-json\/wp\/v2\/types\/post"}],"author":[{"embeddable":true,"href":"https:\/\/likemetkovic.hr\/portal\/wp-json\/wp\/v2\/users\/7"}],"replies":[{"embeddable":true,"href":"https:\/\/likemetkovic.hr\/portal\/wp-json\/wp\/v2\/comments?post=57483"}],"version-history":[{"count":0,"href":"https:\/\/likemetkovic.hr\/portal\/wp-json\/wp\/v2\/posts\/57483\/revisions"}],"wp:featuredmedia":[{"embeddable":true,"href":"https:\/\/likemetkovic.hr\/portal\/wp-json\/wp\/v2\/media\/47092"}],"wp:attachment":[{"href":"https:\/\/likemetkovic.hr\/portal\/wp-json\/wp\/v2\/media?parent=57483"}],"wp:term":[{"taxonomy":"category","embeddable":true,"href":"https:\/\/likemetkovic.hr\/portal\/wp-json\/wp\/v2\/categories?post=57483"},{"taxonomy":"post_tag","embeddable":true,"href":"https:\/\/likemetkovic.hr\/portal\/wp-json\/wp\/v2\/tags?post=57483"}],"curies":[{"name":"wp","href":"https:\/\/api.w.org\/{rel}","templated":true}]}}