{"id":57653,"date":"2018-05-01T10:05:14","date_gmt":"2018-05-01T08:05:14","guid":{"rendered":"http:\/\/likemetkovic.hr\/?p=57653"},"modified":"2018-05-01T10:05:56","modified_gmt":"2018-05-01T08:05:56","slug":"na-prijedlog-vijecnika-mosta-sazvana-sjednica-gradskog-vijeca-tema-izvoriste-doljani","status":"publish","type":"post","link":"https:\/\/likemetkovic.hr\/portal\/na-prijedlog-vijecnika-mosta-sazvana-sjednica-gradskog-vijeca-tema-izvoriste-doljani\/","title":{"rendered":"IZVORI\u0160TE DOLJANI Na zahtjev vije\u0107nika Mosta sazvana sjednica Gradskoga vije\u0107a"},"content":{"rendered":"<p>U skladu sa Statutom Gradskoga vije\u0107a Grada Metkovi\u0107a predsjednik Hrvoje Bebi\u0107 sazvao je za \u010detvrtak, 10. svibnja 9. sjednicu Gradskog vije\u0107a na kojoj \u0107e se razmatrati <strong>problematika izvori\u0161ta Doljani.<\/strong><\/p>\n<p>Podsje\u0107amo, vije\u0107nici Mosta su, uz supotpisa Stipe Gabri\u0107a i Sini\u0161e Bebi\u0107a, predali prije tri tjedna <a href=\"http:\/\/likemetkovic.hr\/most-prikupio-potpise-vijecnika-za-tematsku-sjednicu-o-vodocrpilistu-doljani\/\">zahtjev<\/a> o sazivanju tematske sjednice o izvori\u0161tu Doljani potaknuti na\u010delnim dogovorom predstavnika Op\u0107ine \u010capljina i Grada Metkovi\u0107a o prepu\u0161tanju izvori\u0161ta Doljani na upravljanje JKP \u010capljina. S tim bi nakon 50-tak godina prestalo upravljanje izvori\u0161tem od strane komunalnog poduze\u0107a Metkovi\u0107 d.o.o. Usluga isporuke vode pre\u0161la bi u nadle\u017enost JKP \u010capljina, a s tim i formiranje cijene vode.<\/p>\n<p>Vije\u0107nici \u0107e za desetak dana imati priliku iznijeti svoja stajali\u0161ta o ovom pitanju, nadamo se uz argumentirano izno\u0161enje \u010dinjenica i uz konkretne prijedloge za rje\u0161avanje novonastale situacije koja je kulminirala potpisivanjem <a href=\"http:\/\/likemetkovic.hr\/most-zasto-metkovic-pristao-predati-izvoriste-pitke-vode-capljini\/\">Zapisnika<\/a> sa spornim zaklju\u010dcima od strane predstavnika Op\u0107ine \u010capljina, Grada Metkovi\u0107a i Hrvatskih voda o \u010demu smo ranije pisali.<\/p>\n<p>Ono \u0161to vidimo kao nelogi\u010dnost u spomenutom Zapisniku je \u010dinjenica da bi svi problemi vezani uz izvori\u0161te Doljani (imovinsko-pravni odnosi, dozvole, vodoza\u0161titno podru\u010dje, pla\u0107anje naknada) prestali u trenutku kada bi ono pre\u0161lo u nadle\u017enost Op\u0107ine \u010capljina. Sve druge opcije su stavljene po strani. Zaboravlja se \u010dinjenica da je 1958. godine to izvori\u0161te formirano za potrebe stanovnika Metkovi\u0107a i Doljana, a ne \u010capljine, i da su u tu svrhu investirana sredstva Grada Metkovi\u0107a, a ne Op\u0107ine \u010capljina.<\/p>\n<p>Ostaje nam vidjeti kakvu \u0107e odluku o ovome donijeti Gradsko vije\u0107e, predstavni\u010dko tijelo gra\u0111ana Metkovi\u0107a.<\/p>\n","protected":false},"excerpt":{"rendered":"<p>U skladu sa Statutom Gradskoga vije\u0107a Grada Metkovi\u0107a predsjednik Hrvoje Bebi\u0107 sazvao je za \u010detvrtak, 10. svibnja 9. sjednicu Gradskog vije\u0107a na kojoj \u0107e se razmatrati problematika izvori\u0161ta Doljani. Podsje\u0107amo, vije\u0107nici Mosta su, uz supotpisa Stipe Gabri\u0107a i Sini\u0161e Bebi\u0107a, predali prije tri tjedna zahtjev o sazivanju tematske sjednice o izvori\u0161tu Doljani potaknuti na\u010delnim dogovorom [&hellip;]<\/p>\n","protected":false},"author":7,"featured_media":10511,"comment_status":"open","ping_status":"open","sticky":false,"template":"","format":"standard","meta":{"footnotes":""},"categories":[283,290],"tags":[580,1321,2545,380,793],"class_list":{"0":"post-57653","1":"post","2":"type-post","3":"status-publish","4":"format-standard","5":"has-post-thumbnail","7":"category-a","8":"category-politika","9":"tag-capljina","10":"tag-gradsko-vijece","11":"tag-izvoriste-doljani","12":"tag-metkovic","13":"tag-most-nl"},"yoast_head":"<!-- This site is optimized with the Yoast SEO plugin v25.2 - https:\/\/yoast.com\/wordpress\/plugins\/seo\/ -->\n<title>IZVORI\u0160TE DOLJANI Na zahtjev vije\u0107nika Mosta sazvana sjednica Gradskoga vije\u0107a - likemetkovic.hr<\/title>\n<meta name=\"description\" content=\"U skladu sa Statutom Gradskoga vije\u0107a Grada Metkovi\u0107a predsjednik Hrvoje Bebi\u0107 sazvao je za \u010detvrtak, 10. svibnja 9. sjednicu Gradskog vije\u0107a na kojoj \u0107e se razmatrati problematika izvori\u0161ta Doljani.\" \/>\n<meta name=\"robots\" content=\"index, follow, max-snippet:-1, max-image-preview:large, max-video-preview:-1\" \/>\n<link rel=\"canonical\" href=\"https:\/\/likemetkovic.hr\/na-prijedlog-vijecnika-mosta-sazvana-sjednica-gradskog-vijeca-tema-izvoriste-doljani\/\" \/>\n<meta property=\"og:locale\" content=\"hr_HR\" \/>\n<meta property=\"og:type\" content=\"article\" \/>\n<meta property=\"og:title\" content=\"IZVORI\u0160TE DOLJANI Na zahtjev vije\u0107nika Mosta sazvana sjednica Gradskoga vije\u0107a - likemetkovic.hr\" \/>\n<meta property=\"og:description\" content=\"U skladu sa Statutom Gradskoga vije\u0107a Grada Metkovi\u0107a predsjednik Hrvoje Bebi\u0107 sazvao je za \u010detvrtak, 10. svibnja 9. sjednicu Gradskog vije\u0107a na kojoj \u0107e se razmatrati problematika izvori\u0161ta Doljani.\" \/>\n<meta property=\"og:url\" content=\"https:\/\/likemetkovic.hr\/na-prijedlog-vijecnika-mosta-sazvana-sjednica-gradskog-vijeca-tema-izvoriste-doljani\/\" \/>\n<meta property=\"og:site_name\" content=\"likemetkovic.hr\" \/>\n<meta property=\"article:publisher\" content=\"https:\/\/www.facebook.com\/likemetkovic.hr\/\" \/>\n<meta property=\"article:published_time\" content=\"2018-05-01T08:05:14+00:00\" \/>\n<meta property=\"article:modified_time\" content=\"2018-05-01T08:05:56+00:00\" \/>\n<meta property=\"og:image\" content=\"https:\/\/likemetkovic.hr\/wp-content\/uploads\/2015\/10\/voda-za-pi\u0107e.jpg\" \/>\n\t<meta property=\"og:image:width\" content=\"800\" \/>\n\t<meta property=\"og:image:height\" content=\"522\" \/>\n\t<meta property=\"og:image:type\" content=\"image\/jpeg\" \/>\n<meta name=\"author\" content=\"LIKEmetkovic.hr\" \/>\n<meta name=\"twitter:card\" content=\"summary_large_image\" \/>\n<meta name=\"twitter:label1\" content=\"Napisao\/la\" \/>\n\t<meta name=\"twitter:data1\" content=\"LIKEmetkovic.hr\" \/>\n\t<meta name=\"twitter:label2\" content=\"Procijenjeno vrijeme \u010ditanja\" \/>\n\t<meta name=\"twitter:data2\" content=\"1 minuta\" \/>\n<script type=\"application\/ld+json\" class=\"yoast-schema-graph\">{\"@context\":\"https:\/\/schema.org\",\"@graph\":[{\"@type\":\"WebPage\",\"@id\":\"https:\/\/likemetkovic.hr\/na-prijedlog-vijecnika-mosta-sazvana-sjednica-gradskog-vijeca-tema-izvoriste-doljani\/\",\"url\":\"https:\/\/likemetkovic.hr\/na-prijedlog-vijecnika-mosta-sazvana-sjednica-gradskog-vijeca-tema-izvoriste-doljani\/\",\"name\":\"IZVORI\u0160TE DOLJANI Na zahtjev vije\u0107nika Mosta sazvana sjednica Gradskoga vije\u0107a - likemetkovic.hr\",\"isPartOf\":{\"@id\":\"https:\/\/likemetkovic.hr\/#website\"},\"primaryImageOfPage\":{\"@id\":\"https:\/\/likemetkovic.hr\/na-prijedlog-vijecnika-mosta-sazvana-sjednica-gradskog-vijeca-tema-izvoriste-doljani\/#primaryimage\"},\"image\":{\"@id\":\"https:\/\/likemetkovic.hr\/na-prijedlog-vijecnika-mosta-sazvana-sjednica-gradskog-vijeca-tema-izvoriste-doljani\/#primaryimage\"},\"thumbnailUrl\":\"https:\/\/likemetkovic.hr\/portal\/wp-content\/uploads\/2015\/10\/voda-za-pi\u0107e.jpg\",\"datePublished\":\"2018-05-01T08:05:14+00:00\",\"dateModified\":\"2018-05-01T08:05:56+00:00\",\"author\":{\"@id\":\"https:\/\/likemetkovic.hr\/#\/schema\/person\/a42711f3385a0e2be6f7e0443bfb28f0\"},\"description\":\"U skladu sa Statutom Gradskoga vije\u0107a Grada Metkovi\u0107a predsjednik Hrvoje Bebi\u0107 sazvao je za \u010detvrtak, 10. svibnja 9. sjednicu Gradskog vije\u0107a na kojoj \u0107e se razmatrati problematika izvori\u0161ta Doljani.\",\"breadcrumb\":{\"@id\":\"https:\/\/likemetkovic.hr\/na-prijedlog-vijecnika-mosta-sazvana-sjednica-gradskog-vijeca-tema-izvoriste-doljani\/#breadcrumb\"},\"inLanguage\":\"hr\",\"potentialAction\":[{\"@type\":\"ReadAction\",\"target\":[\"https:\/\/likemetkovic.hr\/na-prijedlog-vijecnika-mosta-sazvana-sjednica-gradskog-vijeca-tema-izvoriste-doljani\/\"]}]},{\"@type\":\"ImageObject\",\"inLanguage\":\"hr\",\"@id\":\"https:\/\/likemetkovic.hr\/na-prijedlog-vijecnika-mosta-sazvana-sjednica-gradskog-vijeca-tema-izvoriste-doljani\/#primaryimage\",\"url\":\"https:\/\/likemetkovic.hr\/portal\/wp-content\/uploads\/2015\/10\/voda-za-pi\u0107e.jpg\",\"contentUrl\":\"https:\/\/likemetkovic.hr\/portal\/wp-content\/uploads\/2015\/10\/voda-za-pi\u0107e.jpg\",\"width\":800,\"height\":522},{\"@type\":\"BreadcrumbList\",\"@id\":\"https:\/\/likemetkovic.hr\/na-prijedlog-vijecnika-mosta-sazvana-sjednica-gradskog-vijeca-tema-izvoriste-doljani\/#breadcrumb\",\"itemListElement\":[{\"@type\":\"ListItem\",\"position\":1,\"name\":\"Po\u010detna stranica\",\"item\":\"https:\/\/likemetkovic.hr\/portal\/\"},{\"@type\":\"ListItem\",\"position\":2,\"name\":\"IZVORI\u0160TE DOLJANI Na zahtjev vije\u0107nika Mosta sazvana sjednica Gradskoga vije\u0107a\"}]},{\"@type\":\"WebSite\",\"@id\":\"https:\/\/likemetkovic.hr\/#website\",\"url\":\"https:\/\/likemetkovic.hr\/\",\"name\":\"likemetkovic.hr\",\"description\":\"Misli pozitivno... \u010ditaj LIKE\",\"potentialAction\":[{\"@type\":\"SearchAction\",\"target\":{\"@type\":\"EntryPoint\",\"urlTemplate\":\"https:\/\/likemetkovic.hr\/?s={search_term_string}\"},\"query-input\":{\"@type\":\"PropertyValueSpecification\",\"valueRequired\":true,\"valueName\":\"search_term_string\"}}],\"inLanguage\":\"hr\"},{\"@type\":\"Person\",\"@id\":\"https:\/\/likemetkovic.hr\/#\/schema\/person\/a42711f3385a0e2be6f7e0443bfb28f0\",\"name\":\"LIKEmetkovic.hr\",\"sameAs\":[\"http:\/\/likemetkovic.hr\"],\"url\":\"https:\/\/likemetkovic.hr\/portal\/author\/likemetkovic-hr\/\"}]}<\/script>\n<!-- \/ Yoast SEO plugin. -->","yoast_head_json":{"title":"IZVORI\u0160TE DOLJANI Na zahtjev vije\u0107nika Mosta sazvana sjednica Gradskoga vije\u0107a - likemetkovic.hr","description":"U skladu sa Statutom Gradskoga vije\u0107a Grada Metkovi\u0107a predsjednik Hrvoje Bebi\u0107 sazvao je za \u010detvrtak, 10. svibnja 9. sjednicu Gradskog vije\u0107a na kojoj \u0107e se razmatrati problematika izvori\u0161ta Doljani.","robots":{"index":"index","follow":"follow","max-snippet":"max-snippet:-1","max-image-preview":"max-image-preview:large","max-video-preview":"max-video-preview:-1"},"canonical":"https:\/\/likemetkovic.hr\/na-prijedlog-vijecnika-mosta-sazvana-sjednica-gradskog-vijeca-tema-izvoriste-doljani\/","og_locale":"hr_HR","og_type":"article","og_title":"IZVORI\u0160TE DOLJANI Na zahtjev vije\u0107nika Mosta sazvana sjednica Gradskoga vije\u0107a - likemetkovic.hr","og_description":"U skladu sa Statutom Gradskoga vije\u0107a Grada Metkovi\u0107a predsjednik Hrvoje Bebi\u0107 sazvao je za \u010detvrtak, 10. svibnja 9. sjednicu Gradskog vije\u0107a na kojoj \u0107e se razmatrati problematika izvori\u0161ta Doljani.","og_url":"https:\/\/likemetkovic.hr\/na-prijedlog-vijecnika-mosta-sazvana-sjednica-gradskog-vijeca-tema-izvoriste-doljani\/","og_site_name":"likemetkovic.hr","article_publisher":"https:\/\/www.facebook.com\/likemetkovic.hr\/","article_published_time":"2018-05-01T08:05:14+00:00","article_modified_time":"2018-05-01T08:05:56+00:00","og_image":[{"width":800,"height":522,"url":"https:\/\/likemetkovic.hr\/wp-content\/uploads\/2015\/10\/voda-za-pi\u0107e.jpg","type":"image\/jpeg"}],"author":"LIKEmetkovic.hr","twitter_card":"summary_large_image","twitter_misc":{"Napisao\/la":"LIKEmetkovic.hr","Procijenjeno vrijeme \u010ditanja":"1 minuta"},"schema":{"@context":"https:\/\/schema.org","@graph":[{"@type":"WebPage","@id":"https:\/\/likemetkovic.hr\/na-prijedlog-vijecnika-mosta-sazvana-sjednica-gradskog-vijeca-tema-izvoriste-doljani\/","url":"https:\/\/likemetkovic.hr\/na-prijedlog-vijecnika-mosta-sazvana-sjednica-gradskog-vijeca-tema-izvoriste-doljani\/","name":"IZVORI\u0160TE DOLJANI Na zahtjev vije\u0107nika Mosta sazvana sjednica Gradskoga vije\u0107a - likemetkovic.hr","isPartOf":{"@id":"https:\/\/likemetkovic.hr\/#website"},"primaryImageOfPage":{"@id":"https:\/\/likemetkovic.hr\/na-prijedlog-vijecnika-mosta-sazvana-sjednica-gradskog-vijeca-tema-izvoriste-doljani\/#primaryimage"},"image":{"@id":"https:\/\/likemetkovic.hr\/na-prijedlog-vijecnika-mosta-sazvana-sjednica-gradskog-vijeca-tema-izvoriste-doljani\/#primaryimage"},"thumbnailUrl":"https:\/\/likemetkovic.hr\/portal\/wp-content\/uploads\/2015\/10\/voda-za-pi\u0107e.jpg","datePublished":"2018-05-01T08:05:14+00:00","dateModified":"2018-05-01T08:05:56+00:00","author":{"@id":"https:\/\/likemetkovic.hr\/#\/schema\/person\/a42711f3385a0e2be6f7e0443bfb28f0"},"description":"U skladu sa Statutom Gradskoga vije\u0107a Grada Metkovi\u0107a predsjednik Hrvoje Bebi\u0107 sazvao je za \u010detvrtak, 10. svibnja 9. sjednicu Gradskog vije\u0107a na kojoj \u0107e se razmatrati problematika izvori\u0161ta Doljani.","breadcrumb":{"@id":"https:\/\/likemetkovic.hr\/na-prijedlog-vijecnika-mosta-sazvana-sjednica-gradskog-vijeca-tema-izvoriste-doljani\/#breadcrumb"},"inLanguage":"hr","potentialAction":[{"@type":"ReadAction","target":["https:\/\/likemetkovic.hr\/na-prijedlog-vijecnika-mosta-sazvana-sjednica-gradskog-vijeca-tema-izvoriste-doljani\/"]}]},{"@type":"ImageObject","inLanguage":"hr","@id":"https:\/\/likemetkovic.hr\/na-prijedlog-vijecnika-mosta-sazvana-sjednica-gradskog-vijeca-tema-izvoriste-doljani\/#primaryimage","url":"https:\/\/likemetkovic.hr\/portal\/wp-content\/uploads\/2015\/10\/voda-za-pi\u0107e.jpg","contentUrl":"https:\/\/likemetkovic.hr\/portal\/wp-content\/uploads\/2015\/10\/voda-za-pi\u0107e.jpg","width":800,"height":522},{"@type":"BreadcrumbList","@id":"https:\/\/likemetkovic.hr\/na-prijedlog-vijecnika-mosta-sazvana-sjednica-gradskog-vijeca-tema-izvoriste-doljani\/#breadcrumb","itemListElement":[{"@type":"ListItem","position":1,"name":"Po\u010detna stranica","item":"https:\/\/likemetkovic.hr\/portal\/"},{"@type":"ListItem","position":2,"name":"IZVORI\u0160TE DOLJANI Na zahtjev vije\u0107nika Mosta sazvana sjednica Gradskoga vije\u0107a"}]},{"@type":"WebSite","@id":"https:\/\/likemetkovic.hr\/#website","url":"https:\/\/likemetkovic.hr\/","name":"likemetkovic.hr","description":"Misli pozitivno... \u010ditaj LIKE","potentialAction":[{"@type":"SearchAction","target":{"@type":"EntryPoint","urlTemplate":"https:\/\/likemetkovic.hr\/?s={search_term_string}"},"query-input":{"@type":"PropertyValueSpecification","valueRequired":true,"valueName":"search_term_string"}}],"inLanguage":"hr"},{"@type":"Person","@id":"https:\/\/likemetkovic.hr\/#\/schema\/person\/a42711f3385a0e2be6f7e0443bfb28f0","name":"LIKEmetkovic.hr","sameAs":["http:\/\/likemetkovic.hr"],"url":"https:\/\/likemetkovic.hr\/portal\/author\/likemetkovic-hr\/"}]}},"_links":{"self":[{"href":"https:\/\/likemetkovic.hr\/portal\/wp-json\/wp\/v2\/posts\/57653","targetHints":{"allow":["GET"]}}],"collection":[{"href":"https:\/\/likemetkovic.hr\/portal\/wp-json\/wp\/v2\/posts"}],"about":[{"href":"https:\/\/likemetkovic.hr\/portal\/wp-json\/wp\/v2\/types\/post"}],"author":[{"embeddable":true,"href":"https:\/\/likemetkovic.hr\/portal\/wp-json\/wp\/v2\/users\/7"}],"replies":[{"embeddable":true,"href":"https:\/\/likemetkovic.hr\/portal\/wp-json\/wp\/v2\/comments?post=57653"}],"version-history":[{"count":0,"href":"https:\/\/likemetkovic.hr\/portal\/wp-json\/wp\/v2\/posts\/57653\/revisions"}],"wp:featuredmedia":[{"embeddable":true,"href":"https:\/\/likemetkovic.hr\/portal\/wp-json\/wp\/v2\/media\/10511"}],"wp:attachment":[{"href":"https:\/\/likemetkovic.hr\/portal\/wp-json\/wp\/v2\/media?parent=57653"}],"wp:term":[{"taxonomy":"category","embeddable":true,"href":"https:\/\/likemetkovic.hr\/portal\/wp-json\/wp\/v2\/categories?post=57653"},{"taxonomy":"post_tag","embeddable":true,"href":"https:\/\/likemetkovic.hr\/portal\/wp-json\/wp\/v2\/tags?post=57653"}],"curies":[{"name":"wp","href":"https:\/\/api.w.org\/{rel}","templated":true}]}}