{"id":57711,"date":"2018-05-03T11:38:24","date_gmt":"2018-05-03T09:38:24","guid":{"rendered":"http:\/\/likemetkovic.hr\/?p=57711"},"modified":"2018-05-03T11:38:24","modified_gmt":"2018-05-03T09:38:24","slug":"djeco-prirodoslovni-vas-poziva-nacrtajte-kredama-na-asfaltu-svoj-pcelinji-vrt","status":"publish","type":"post","link":"https:\/\/likemetkovic.hr\/portal\/djeco-prirodoslovni-vas-poziva-nacrtajte-kredama-na-asfaltu-svoj-pcelinji-vrt\/","title":{"rendered":"Djeco, Prirodoslovni vas poziva: Nacrtajte kredama na asfaltu svoj p\u010delinji vrt!"},"content":{"rendered":"<p>Prirodoslovni muzej Metkovi\u0107 poziva sve zainteresirane, prije svega djecu, na radionicu\u00a0 koja \u0107e se odr\u017eati <strong>u subotu, 5. svibnja 2018. u 10 sati.<\/strong><\/p>\n<p>&#8211;<em> Pridru\u017eite nam se u subotu na jo\u0161 jednoj radionici posve\u0107enoj p\u010delama.\u00a0Nacrtajte kredama najljep\u0161i cvjetni vrt na asfaltu, smislite svoju poruku, najbolje radove \u0107emo nagraditi,<\/em> poru\u010duju iz Prirodoslovnog muzeja.<\/p>\n<p>Za inspiraciju, evo jedne poruke i ilustracija: <em>P\u010dele koje zuje pjesma su vrta!<\/em><\/p>\n<p><img decoding=\"async\" class=\"size-full wp-image-57712 aligncenter\" src=\"http:\/\/likemetkovic.hr\/wp-content\/uploads\/2018\/05\/p\u010dela-PM.jpg\" alt=\"\" width=\"800\" height=\"452\" srcset=\"https:\/\/likemetkovic.hr\/portal\/wp-content\/uploads\/2018\/05\/p\u010dela-PM.jpg 800w, https:\/\/likemetkovic.hr\/portal\/wp-content\/uploads\/2018\/05\/p\u010dela-PM-768x434.jpg 768w, https:\/\/likemetkovic.hr\/portal\/wp-content\/uploads\/2018\/05\/p\u010dela-PM-696x393.jpg 696w, https:\/\/likemetkovic.hr\/portal\/wp-content\/uploads\/2018\/05\/p\u010dela-PM-743x420.jpg 743w\" sizes=\"(max-width: 800px) 100vw, 800px\" \/><\/p>\n","protected":false},"excerpt":{"rendered":"<p>Prirodoslovni muzej Metkovi\u0107 poziva sve zainteresirane, prije svega djecu, na radionicu\u00a0 koja \u0107e se odr\u017eati u subotu, 5. svibnja 2018. u 10 sati. &#8211; Pridru\u017eite nam se u subotu na jo\u0161 jednoj radionici posve\u0107enoj p\u010delama.\u00a0Nacrtajte kredama najljep\u0161i cvjetni vrt na asfaltu, smislite svoju poruku, najbolje radove \u0107emo nagraditi, poru\u010duju iz Prirodoslovnog muzeja. Za inspiraciju, evo [&hellip;]<\/p>\n","protected":false},"author":7,"featured_media":57712,"comment_status":"open","ping_status":"open","sticky":false,"template":"","format":"standard","meta":{"footnotes":""},"categories":[296,291],"tags":[3102,554,1360],"class_list":{"0":"post-57711","1":"post","2":"type-post","3":"status-publish","4":"format-standard","5":"has-post-thumbnail","7":"category-ab","8":"category-servisne-informacije","9":"tag-pcelinji-vrt","10":"tag-prirodoslovni-muzej-metkovic","11":"tag-radionica"},"yoast_head":"<!-- This site is optimized with the Yoast SEO plugin v25.2 - https:\/\/yoast.com\/wordpress\/plugins\/seo\/ -->\n<title>Djeco, Prirodoslovni vas poziva: Nacrtajte kredama na asfaltu svoj p\u010delinji vrt! - likemetkovic.hr<\/title>\n<meta name=\"description\" content=\"Prirodoslovni muzej Metkovi\u0107 poziva sve zainteresirane, prije svega djecu, na radionicu\u00a0 koja \u0107e se odr\u017eati u subotu, 5. svibnja 2018. u 10 sati.\" \/>\n<meta name=\"robots\" content=\"index, follow, max-snippet:-1, max-image-preview:large, max-video-preview:-1\" \/>\n<link rel=\"canonical\" href=\"https:\/\/likemetkovic.hr\/djeco-prirodoslovni-vas-poziva-nacrtajte-kredama-na-asfaltu-svoj-pcelinji-vrt\/\" \/>\n<meta property=\"og:locale\" content=\"hr_HR\" \/>\n<meta property=\"og:type\" content=\"article\" \/>\n<meta property=\"og:title\" content=\"Djeco, Prirodoslovni vas poziva: Nacrtajte kredama na asfaltu svoj p\u010delinji vrt! - likemetkovic.hr\" \/>\n<meta property=\"og:description\" content=\"Prirodoslovni muzej Metkovi\u0107 poziva sve zainteresirane, prije svega djecu, na radionicu\u00a0 koja \u0107e se odr\u017eati u subotu, 5. svibnja 2018. u 10 sati.\" \/>\n<meta property=\"og:url\" content=\"https:\/\/likemetkovic.hr\/djeco-prirodoslovni-vas-poziva-nacrtajte-kredama-na-asfaltu-svoj-pcelinji-vrt\/\" \/>\n<meta property=\"og:site_name\" content=\"likemetkovic.hr\" \/>\n<meta property=\"article:publisher\" content=\"https:\/\/www.facebook.com\/likemetkovic.hr\/\" \/>\n<meta property=\"article:published_time\" content=\"2018-05-03T09:38:24+00:00\" \/>\n<meta property=\"og:image\" content=\"https:\/\/likemetkovic.hr\/wp-content\/uploads\/2018\/05\/p\u010dela-PM.jpg\" \/>\n\t<meta property=\"og:image:width\" content=\"800\" \/>\n\t<meta property=\"og:image:height\" content=\"452\" \/>\n\t<meta property=\"og:image:type\" content=\"image\/jpeg\" \/>\n<meta name=\"author\" content=\"LIKEmetkovic.hr\" \/>\n<meta name=\"twitter:card\" content=\"summary_large_image\" \/>\n<meta name=\"twitter:label1\" content=\"Napisao\/la\" \/>\n\t<meta name=\"twitter:data1\" content=\"LIKEmetkovic.hr\" \/>\n<script type=\"application\/ld+json\" class=\"yoast-schema-graph\">{\"@context\":\"https:\/\/schema.org\",\"@graph\":[{\"@type\":\"WebPage\",\"@id\":\"https:\/\/likemetkovic.hr\/djeco-prirodoslovni-vas-poziva-nacrtajte-kredama-na-asfaltu-svoj-pcelinji-vrt\/\",\"url\":\"https:\/\/likemetkovic.hr\/djeco-prirodoslovni-vas-poziva-nacrtajte-kredama-na-asfaltu-svoj-pcelinji-vrt\/\",\"name\":\"Djeco, Prirodoslovni vas poziva: Nacrtajte kredama na asfaltu svoj p\u010delinji vrt! - likemetkovic.hr\",\"isPartOf\":{\"@id\":\"https:\/\/likemetkovic.hr\/#website\"},\"primaryImageOfPage\":{\"@id\":\"https:\/\/likemetkovic.hr\/djeco-prirodoslovni-vas-poziva-nacrtajte-kredama-na-asfaltu-svoj-pcelinji-vrt\/#primaryimage\"},\"image\":{\"@id\":\"https:\/\/likemetkovic.hr\/djeco-prirodoslovni-vas-poziva-nacrtajte-kredama-na-asfaltu-svoj-pcelinji-vrt\/#primaryimage\"},\"thumbnailUrl\":\"https:\/\/likemetkovic.hr\/portal\/wp-content\/uploads\/2018\/05\/p\u010dela-PM.jpg\",\"datePublished\":\"2018-05-03T09:38:24+00:00\",\"author\":{\"@id\":\"https:\/\/likemetkovic.hr\/#\/schema\/person\/a42711f3385a0e2be6f7e0443bfb28f0\"},\"description\":\"Prirodoslovni muzej Metkovi\u0107 poziva sve zainteresirane, prije svega djecu, na radionicu\u00a0 koja \u0107e se odr\u017eati u subotu, 5. svibnja 2018. u 10 sati.\",\"breadcrumb\":{\"@id\":\"https:\/\/likemetkovic.hr\/djeco-prirodoslovni-vas-poziva-nacrtajte-kredama-na-asfaltu-svoj-pcelinji-vrt\/#breadcrumb\"},\"inLanguage\":\"hr\",\"potentialAction\":[{\"@type\":\"ReadAction\",\"target\":[\"https:\/\/likemetkovic.hr\/djeco-prirodoslovni-vas-poziva-nacrtajte-kredama-na-asfaltu-svoj-pcelinji-vrt\/\"]}]},{\"@type\":\"ImageObject\",\"inLanguage\":\"hr\",\"@id\":\"https:\/\/likemetkovic.hr\/djeco-prirodoslovni-vas-poziva-nacrtajte-kredama-na-asfaltu-svoj-pcelinji-vrt\/#primaryimage\",\"url\":\"https:\/\/likemetkovic.hr\/portal\/wp-content\/uploads\/2018\/05\/p\u010dela-PM.jpg\",\"contentUrl\":\"https:\/\/likemetkovic.hr\/portal\/wp-content\/uploads\/2018\/05\/p\u010dela-PM.jpg\",\"width\":800,\"height\":452},{\"@type\":\"BreadcrumbList\",\"@id\":\"https:\/\/likemetkovic.hr\/djeco-prirodoslovni-vas-poziva-nacrtajte-kredama-na-asfaltu-svoj-pcelinji-vrt\/#breadcrumb\",\"itemListElement\":[{\"@type\":\"ListItem\",\"position\":1,\"name\":\"Po\u010detna stranica\",\"item\":\"https:\/\/likemetkovic.hr\/portal\/\"},{\"@type\":\"ListItem\",\"position\":2,\"name\":\"Djeco, Prirodoslovni vas poziva: Nacrtajte kredama na asfaltu svoj p\u010delinji vrt!\"}]},{\"@type\":\"WebSite\",\"@id\":\"https:\/\/likemetkovic.hr\/#website\",\"url\":\"https:\/\/likemetkovic.hr\/\",\"name\":\"likemetkovic.hr\",\"description\":\"Misli pozitivno... \u010ditaj LIKE\",\"potentialAction\":[{\"@type\":\"SearchAction\",\"target\":{\"@type\":\"EntryPoint\",\"urlTemplate\":\"https:\/\/likemetkovic.hr\/?s={search_term_string}\"},\"query-input\":{\"@type\":\"PropertyValueSpecification\",\"valueRequired\":true,\"valueName\":\"search_term_string\"}}],\"inLanguage\":\"hr\"},{\"@type\":\"Person\",\"@id\":\"https:\/\/likemetkovic.hr\/#\/schema\/person\/a42711f3385a0e2be6f7e0443bfb28f0\",\"name\":\"LIKEmetkovic.hr\",\"sameAs\":[\"http:\/\/likemetkovic.hr\"],\"url\":\"https:\/\/likemetkovic.hr\/portal\/author\/likemetkovic-hr\/\"}]}<\/script>\n<!-- \/ Yoast SEO plugin. -->","yoast_head_json":{"title":"Djeco, Prirodoslovni vas poziva: Nacrtajte kredama na asfaltu svoj p\u010delinji vrt! - likemetkovic.hr","description":"Prirodoslovni muzej Metkovi\u0107 poziva sve zainteresirane, prije svega djecu, na radionicu\u00a0 koja \u0107e se odr\u017eati u subotu, 5. svibnja 2018. u 10 sati.","robots":{"index":"index","follow":"follow","max-snippet":"max-snippet:-1","max-image-preview":"max-image-preview:large","max-video-preview":"max-video-preview:-1"},"canonical":"https:\/\/likemetkovic.hr\/djeco-prirodoslovni-vas-poziva-nacrtajte-kredama-na-asfaltu-svoj-pcelinji-vrt\/","og_locale":"hr_HR","og_type":"article","og_title":"Djeco, Prirodoslovni vas poziva: Nacrtajte kredama na asfaltu svoj p\u010delinji vrt! - likemetkovic.hr","og_description":"Prirodoslovni muzej Metkovi\u0107 poziva sve zainteresirane, prije svega djecu, na radionicu\u00a0 koja \u0107e se odr\u017eati u subotu, 5. svibnja 2018. u 10 sati.","og_url":"https:\/\/likemetkovic.hr\/djeco-prirodoslovni-vas-poziva-nacrtajte-kredama-na-asfaltu-svoj-pcelinji-vrt\/","og_site_name":"likemetkovic.hr","article_publisher":"https:\/\/www.facebook.com\/likemetkovic.hr\/","article_published_time":"2018-05-03T09:38:24+00:00","og_image":[{"width":800,"height":452,"url":"https:\/\/likemetkovic.hr\/wp-content\/uploads\/2018\/05\/p\u010dela-PM.jpg","type":"image\/jpeg"}],"author":"LIKEmetkovic.hr","twitter_card":"summary_large_image","twitter_misc":{"Napisao\/la":"LIKEmetkovic.hr"},"schema":{"@context":"https:\/\/schema.org","@graph":[{"@type":"WebPage","@id":"https:\/\/likemetkovic.hr\/djeco-prirodoslovni-vas-poziva-nacrtajte-kredama-na-asfaltu-svoj-pcelinji-vrt\/","url":"https:\/\/likemetkovic.hr\/djeco-prirodoslovni-vas-poziva-nacrtajte-kredama-na-asfaltu-svoj-pcelinji-vrt\/","name":"Djeco, Prirodoslovni vas poziva: Nacrtajte kredama na asfaltu svoj p\u010delinji vrt! - likemetkovic.hr","isPartOf":{"@id":"https:\/\/likemetkovic.hr\/#website"},"primaryImageOfPage":{"@id":"https:\/\/likemetkovic.hr\/djeco-prirodoslovni-vas-poziva-nacrtajte-kredama-na-asfaltu-svoj-pcelinji-vrt\/#primaryimage"},"image":{"@id":"https:\/\/likemetkovic.hr\/djeco-prirodoslovni-vas-poziva-nacrtajte-kredama-na-asfaltu-svoj-pcelinji-vrt\/#primaryimage"},"thumbnailUrl":"https:\/\/likemetkovic.hr\/portal\/wp-content\/uploads\/2018\/05\/p\u010dela-PM.jpg","datePublished":"2018-05-03T09:38:24+00:00","author":{"@id":"https:\/\/likemetkovic.hr\/#\/schema\/person\/a42711f3385a0e2be6f7e0443bfb28f0"},"description":"Prirodoslovni muzej Metkovi\u0107 poziva sve zainteresirane, prije svega djecu, na radionicu\u00a0 koja \u0107e se odr\u017eati u subotu, 5. svibnja 2018. u 10 sati.","breadcrumb":{"@id":"https:\/\/likemetkovic.hr\/djeco-prirodoslovni-vas-poziva-nacrtajte-kredama-na-asfaltu-svoj-pcelinji-vrt\/#breadcrumb"},"inLanguage":"hr","potentialAction":[{"@type":"ReadAction","target":["https:\/\/likemetkovic.hr\/djeco-prirodoslovni-vas-poziva-nacrtajte-kredama-na-asfaltu-svoj-pcelinji-vrt\/"]}]},{"@type":"ImageObject","inLanguage":"hr","@id":"https:\/\/likemetkovic.hr\/djeco-prirodoslovni-vas-poziva-nacrtajte-kredama-na-asfaltu-svoj-pcelinji-vrt\/#primaryimage","url":"https:\/\/likemetkovic.hr\/portal\/wp-content\/uploads\/2018\/05\/p\u010dela-PM.jpg","contentUrl":"https:\/\/likemetkovic.hr\/portal\/wp-content\/uploads\/2018\/05\/p\u010dela-PM.jpg","width":800,"height":452},{"@type":"BreadcrumbList","@id":"https:\/\/likemetkovic.hr\/djeco-prirodoslovni-vas-poziva-nacrtajte-kredama-na-asfaltu-svoj-pcelinji-vrt\/#breadcrumb","itemListElement":[{"@type":"ListItem","position":1,"name":"Po\u010detna stranica","item":"https:\/\/likemetkovic.hr\/portal\/"},{"@type":"ListItem","position":2,"name":"Djeco, Prirodoslovni vas poziva: Nacrtajte kredama na asfaltu svoj p\u010delinji vrt!"}]},{"@type":"WebSite","@id":"https:\/\/likemetkovic.hr\/#website","url":"https:\/\/likemetkovic.hr\/","name":"likemetkovic.hr","description":"Misli pozitivno... \u010ditaj LIKE","potentialAction":[{"@type":"SearchAction","target":{"@type":"EntryPoint","urlTemplate":"https:\/\/likemetkovic.hr\/?s={search_term_string}"},"query-input":{"@type":"PropertyValueSpecification","valueRequired":true,"valueName":"search_term_string"}}],"inLanguage":"hr"},{"@type":"Person","@id":"https:\/\/likemetkovic.hr\/#\/schema\/person\/a42711f3385a0e2be6f7e0443bfb28f0","name":"LIKEmetkovic.hr","sameAs":["http:\/\/likemetkovic.hr"],"url":"https:\/\/likemetkovic.hr\/portal\/author\/likemetkovic-hr\/"}]}},"_links":{"self":[{"href":"https:\/\/likemetkovic.hr\/portal\/wp-json\/wp\/v2\/posts\/57711","targetHints":{"allow":["GET"]}}],"collection":[{"href":"https:\/\/likemetkovic.hr\/portal\/wp-json\/wp\/v2\/posts"}],"about":[{"href":"https:\/\/likemetkovic.hr\/portal\/wp-json\/wp\/v2\/types\/post"}],"author":[{"embeddable":true,"href":"https:\/\/likemetkovic.hr\/portal\/wp-json\/wp\/v2\/users\/7"}],"replies":[{"embeddable":true,"href":"https:\/\/likemetkovic.hr\/portal\/wp-json\/wp\/v2\/comments?post=57711"}],"version-history":[{"count":0,"href":"https:\/\/likemetkovic.hr\/portal\/wp-json\/wp\/v2\/posts\/57711\/revisions"}],"wp:featuredmedia":[{"embeddable":true,"href":"https:\/\/likemetkovic.hr\/portal\/wp-json\/wp\/v2\/media\/57712"}],"wp:attachment":[{"href":"https:\/\/likemetkovic.hr\/portal\/wp-json\/wp\/v2\/media?parent=57711"}],"wp:term":[{"taxonomy":"category","embeddable":true,"href":"https:\/\/likemetkovic.hr\/portal\/wp-json\/wp\/v2\/categories?post=57711"},{"taxonomy":"post_tag","embeddable":true,"href":"https:\/\/likemetkovic.hr\/portal\/wp-json\/wp\/v2\/tags?post=57711"}],"curies":[{"name":"wp","href":"https:\/\/api.w.org\/{rel}","templated":true}]}}