{"id":57755,"date":"2018-05-04T11:07:02","date_gmt":"2018-05-04T09:07:02","guid":{"rendered":"http:\/\/likemetkovic.hr\/?p=57755"},"modified":"2018-05-04T11:19:15","modified_gmt":"2018-05-04T09:19:15","slug":"najava-sutra-se-u-metkovicu-odrzava-osma-nacionalna-konvencija-mosta-nl","status":"publish","type":"post","link":"https:\/\/likemetkovic.hr\/portal\/najava-sutra-se-u-metkovicu-odrzava-osma-nacionalna-konvencija-mosta-nl\/","title":{"rendered":"NAJAVA Sutra se u GKS-u odr\u017eava programska konvencija Mosta NL &#8220;Pokret ostanka&#8221;"},"content":{"rendered":"<p>Nakon Zagreba, Splita, Rijeke, Osijeka&#8230; sutra, <strong>5. svibnja s po\u010detkom u 11 sati<\/strong> u Gradskom kulturnom sredi\u0161tu <strong>u Metkovi\u0107u<\/strong> odr\u017eat \u0107e se osma po redu programska konvencija <em>Mosta nezavisnih lista<\/em> naziva\u00a0<em><strong>Pokret ostanka<\/strong><\/em>.<\/p>\n<p>Programskoj\u00a0konvenciji\u00a0nazo\u010dit \u0107e predsjednik\u00a0Bo\u017eo Petrov, politi\u010dki tajnik Nikola Grmoja, organizacijski tajnik Natko Felbar, \u010dlanovi Predsjedni\u0161tva, saborski zastupnici (M. Bulj, R. Podolnjak, I. Strenja Lini\u0107, I. Nin\u010devi\u0107&#8230;), stru\u010dni suradnici koji \u0107e predstaviti program, te \u010dlanovi i simpatizeri.<\/p>\n<p>Doga\u0111aj je otvoren za javnost.<\/p>\n","protected":false},"excerpt":{"rendered":"<p>Nakon Zagreba, Splita, Rijeke, Osijeka&#8230; sutra, 5. svibnja s po\u010detkom u 11 sati u Gradskom kulturnom sredi\u0161tu u Metkovi\u0107u odr\u017eat \u0107e se osma po redu programska konvencija Mosta nezavisnih lista naziva\u00a0Pokret ostanka. Programskoj\u00a0konvenciji\u00a0nazo\u010dit \u0107e predsjednik\u00a0Bo\u017eo Petrov, politi\u010dki tajnik Nikola Grmoja, organizacijski tajnik Natko Felbar, \u010dlanovi Predsjedni\u0161tva, saborski zastupnici (M. Bulj, R. Podolnjak, I. Strenja Lini\u0107, [&hellip;]<\/p>\n","protected":false},"author":7,"featured_media":57756,"comment_status":"open","ping_status":"open","sticky":false,"template":"","format":"standard","meta":{"footnotes":""},"categories":[296,291],"tags":[380,793,3105],"class_list":{"0":"post-57755","1":"post","2":"type-post","3":"status-publish","4":"format-standard","5":"has-post-thumbnail","7":"category-ab","8":"category-servisne-informacije","9":"tag-metkovic","10":"tag-most-nl","11":"tag-pokret-ostanka"},"yoast_head":"<!-- This site is optimized with the Yoast SEO plugin v25.2 - https:\/\/yoast.com\/wordpress\/plugins\/seo\/ -->\n<title>NAJAVA Sutra se u GKS-u odr\u017eava programska konvencija Mosta NL &quot;Pokret ostanka&quot; - likemetkovic.hr<\/title>\n<meta name=\"description\" content=\"Nakon Zagreba, Splita, Rijeke, Osijeka... sutra, 5. svibnja s po\u010detkom u 11 sati u Gradskom kulturnom sredi\u0161tu u Metkovi\u0107u odr\u017eat \u0107e se osma programska konvencija Mosta nezavisnih lista naziva\u00a0Pokret ostanka.\" \/>\n<meta name=\"robots\" content=\"index, follow, max-snippet:-1, max-image-preview:large, max-video-preview:-1\" \/>\n<link rel=\"canonical\" href=\"https:\/\/likemetkovic.hr\/najava-sutra-se-u-metkovicu-odrzava-osma-nacionalna-konvencija-mosta-nl\/\" \/>\n<meta property=\"og:locale\" content=\"hr_HR\" \/>\n<meta property=\"og:type\" content=\"article\" \/>\n<meta property=\"og:title\" content=\"NAJAVA Sutra se u GKS-u odr\u017eava programska konvencija Mosta NL &quot;Pokret ostanka&quot; - likemetkovic.hr\" \/>\n<meta property=\"og:description\" content=\"Nakon Zagreba, Splita, Rijeke, Osijeka... sutra, 5. svibnja s po\u010detkom u 11 sati u Gradskom kulturnom sredi\u0161tu u Metkovi\u0107u odr\u017eat \u0107e se osma programska konvencija Mosta nezavisnih lista naziva\u00a0Pokret ostanka.\" \/>\n<meta property=\"og:url\" content=\"https:\/\/likemetkovic.hr\/najava-sutra-se-u-metkovicu-odrzava-osma-nacionalna-konvencija-mosta-nl\/\" \/>\n<meta property=\"og:site_name\" content=\"likemetkovic.hr\" \/>\n<meta property=\"article:publisher\" content=\"https:\/\/www.facebook.com\/likemetkovic.hr\/\" \/>\n<meta property=\"article:published_time\" content=\"2018-05-04T09:07:02+00:00\" \/>\n<meta property=\"article:modified_time\" content=\"2018-05-04T09:19:15+00:00\" \/>\n<meta property=\"og:image\" content=\"https:\/\/likemetkovic.hr\/wp-content\/uploads\/2018\/05\/most-nl-pokret-ostanka.jpg\" \/>\n\t<meta property=\"og:image:width\" content=\"800\" \/>\n\t<meta property=\"og:image:height\" content=\"568\" \/>\n\t<meta property=\"og:image:type\" content=\"image\/jpeg\" \/>\n<meta name=\"author\" content=\"LIKEmetkovic.hr\" \/>\n<meta name=\"twitter:card\" content=\"summary_large_image\" \/>\n<meta name=\"twitter:label1\" content=\"Napisao\/la\" \/>\n\t<meta name=\"twitter:data1\" content=\"LIKEmetkovic.hr\" \/>\n<script type=\"application\/ld+json\" class=\"yoast-schema-graph\">{\"@context\":\"https:\/\/schema.org\",\"@graph\":[{\"@type\":\"WebPage\",\"@id\":\"https:\/\/likemetkovic.hr\/najava-sutra-se-u-metkovicu-odrzava-osma-nacionalna-konvencija-mosta-nl\/\",\"url\":\"https:\/\/likemetkovic.hr\/najava-sutra-se-u-metkovicu-odrzava-osma-nacionalna-konvencija-mosta-nl\/\",\"name\":\"NAJAVA Sutra se u GKS-u odr\u017eava programska konvencija Mosta NL \\\"Pokret ostanka\\\" - likemetkovic.hr\",\"isPartOf\":{\"@id\":\"https:\/\/likemetkovic.hr\/#website\"},\"primaryImageOfPage\":{\"@id\":\"https:\/\/likemetkovic.hr\/najava-sutra-se-u-metkovicu-odrzava-osma-nacionalna-konvencija-mosta-nl\/#primaryimage\"},\"image\":{\"@id\":\"https:\/\/likemetkovic.hr\/najava-sutra-se-u-metkovicu-odrzava-osma-nacionalna-konvencija-mosta-nl\/#primaryimage\"},\"thumbnailUrl\":\"https:\/\/likemetkovic.hr\/portal\/wp-content\/uploads\/2018\/05\/most-nl-pokret-ostanka.jpg\",\"datePublished\":\"2018-05-04T09:07:02+00:00\",\"dateModified\":\"2018-05-04T09:19:15+00:00\",\"author\":{\"@id\":\"https:\/\/likemetkovic.hr\/#\/schema\/person\/a42711f3385a0e2be6f7e0443bfb28f0\"},\"description\":\"Nakon Zagreba, Splita, Rijeke, Osijeka... sutra, 5. svibnja s po\u010detkom u 11 sati u Gradskom kulturnom sredi\u0161tu u Metkovi\u0107u odr\u017eat \u0107e se osma programska konvencija Mosta nezavisnih lista naziva\u00a0Pokret ostanka.\",\"breadcrumb\":{\"@id\":\"https:\/\/likemetkovic.hr\/najava-sutra-se-u-metkovicu-odrzava-osma-nacionalna-konvencija-mosta-nl\/#breadcrumb\"},\"inLanguage\":\"hr\",\"potentialAction\":[{\"@type\":\"ReadAction\",\"target\":[\"https:\/\/likemetkovic.hr\/najava-sutra-se-u-metkovicu-odrzava-osma-nacionalna-konvencija-mosta-nl\/\"]}]},{\"@type\":\"ImageObject\",\"inLanguage\":\"hr\",\"@id\":\"https:\/\/likemetkovic.hr\/najava-sutra-se-u-metkovicu-odrzava-osma-nacionalna-konvencija-mosta-nl\/#primaryimage\",\"url\":\"https:\/\/likemetkovic.hr\/portal\/wp-content\/uploads\/2018\/05\/most-nl-pokret-ostanka.jpg\",\"contentUrl\":\"https:\/\/likemetkovic.hr\/portal\/wp-content\/uploads\/2018\/05\/most-nl-pokret-ostanka.jpg\",\"width\":800,\"height\":568},{\"@type\":\"BreadcrumbList\",\"@id\":\"https:\/\/likemetkovic.hr\/najava-sutra-se-u-metkovicu-odrzava-osma-nacionalna-konvencija-mosta-nl\/#breadcrumb\",\"itemListElement\":[{\"@type\":\"ListItem\",\"position\":1,\"name\":\"Po\u010detna stranica\",\"item\":\"https:\/\/likemetkovic.hr\/portal\/\"},{\"@type\":\"ListItem\",\"position\":2,\"name\":\"NAJAVA Sutra se u GKS-u odr\u017eava programska konvencija Mosta NL &#8220;Pokret ostanka&#8221;\"}]},{\"@type\":\"WebSite\",\"@id\":\"https:\/\/likemetkovic.hr\/#website\",\"url\":\"https:\/\/likemetkovic.hr\/\",\"name\":\"likemetkovic.hr\",\"description\":\"Misli pozitivno... \u010ditaj LIKE\",\"potentialAction\":[{\"@type\":\"SearchAction\",\"target\":{\"@type\":\"EntryPoint\",\"urlTemplate\":\"https:\/\/likemetkovic.hr\/?s={search_term_string}\"},\"query-input\":{\"@type\":\"PropertyValueSpecification\",\"valueRequired\":true,\"valueName\":\"search_term_string\"}}],\"inLanguage\":\"hr\"},{\"@type\":\"Person\",\"@id\":\"https:\/\/likemetkovic.hr\/#\/schema\/person\/a42711f3385a0e2be6f7e0443bfb28f0\",\"name\":\"LIKEmetkovic.hr\",\"sameAs\":[\"http:\/\/likemetkovic.hr\"],\"url\":\"https:\/\/likemetkovic.hr\/portal\/author\/likemetkovic-hr\/\"}]}<\/script>\n<!-- \/ Yoast SEO plugin. -->","yoast_head_json":{"title":"NAJAVA Sutra se u GKS-u odr\u017eava programska konvencija Mosta NL \"Pokret ostanka\" - likemetkovic.hr","description":"Nakon Zagreba, Splita, Rijeke, Osijeka... sutra, 5. svibnja s po\u010detkom u 11 sati u Gradskom kulturnom sredi\u0161tu u Metkovi\u0107u odr\u017eat \u0107e se osma programska konvencija Mosta nezavisnih lista naziva\u00a0Pokret ostanka.","robots":{"index":"index","follow":"follow","max-snippet":"max-snippet:-1","max-image-preview":"max-image-preview:large","max-video-preview":"max-video-preview:-1"},"canonical":"https:\/\/likemetkovic.hr\/najava-sutra-se-u-metkovicu-odrzava-osma-nacionalna-konvencija-mosta-nl\/","og_locale":"hr_HR","og_type":"article","og_title":"NAJAVA Sutra se u GKS-u odr\u017eava programska konvencija Mosta NL \"Pokret ostanka\" - likemetkovic.hr","og_description":"Nakon Zagreba, Splita, Rijeke, Osijeka... sutra, 5. svibnja s po\u010detkom u 11 sati u Gradskom kulturnom sredi\u0161tu u Metkovi\u0107u odr\u017eat \u0107e se osma programska konvencija Mosta nezavisnih lista naziva\u00a0Pokret ostanka.","og_url":"https:\/\/likemetkovic.hr\/najava-sutra-se-u-metkovicu-odrzava-osma-nacionalna-konvencija-mosta-nl\/","og_site_name":"likemetkovic.hr","article_publisher":"https:\/\/www.facebook.com\/likemetkovic.hr\/","article_published_time":"2018-05-04T09:07:02+00:00","article_modified_time":"2018-05-04T09:19:15+00:00","og_image":[{"width":800,"height":568,"url":"https:\/\/likemetkovic.hr\/wp-content\/uploads\/2018\/05\/most-nl-pokret-ostanka.jpg","type":"image\/jpeg"}],"author":"LIKEmetkovic.hr","twitter_card":"summary_large_image","twitter_misc":{"Napisao\/la":"LIKEmetkovic.hr"},"schema":{"@context":"https:\/\/schema.org","@graph":[{"@type":"WebPage","@id":"https:\/\/likemetkovic.hr\/najava-sutra-se-u-metkovicu-odrzava-osma-nacionalna-konvencija-mosta-nl\/","url":"https:\/\/likemetkovic.hr\/najava-sutra-se-u-metkovicu-odrzava-osma-nacionalna-konvencija-mosta-nl\/","name":"NAJAVA Sutra se u GKS-u odr\u017eava programska konvencija Mosta NL \"Pokret ostanka\" - likemetkovic.hr","isPartOf":{"@id":"https:\/\/likemetkovic.hr\/#website"},"primaryImageOfPage":{"@id":"https:\/\/likemetkovic.hr\/najava-sutra-se-u-metkovicu-odrzava-osma-nacionalna-konvencija-mosta-nl\/#primaryimage"},"image":{"@id":"https:\/\/likemetkovic.hr\/najava-sutra-se-u-metkovicu-odrzava-osma-nacionalna-konvencija-mosta-nl\/#primaryimage"},"thumbnailUrl":"https:\/\/likemetkovic.hr\/portal\/wp-content\/uploads\/2018\/05\/most-nl-pokret-ostanka.jpg","datePublished":"2018-05-04T09:07:02+00:00","dateModified":"2018-05-04T09:19:15+00:00","author":{"@id":"https:\/\/likemetkovic.hr\/#\/schema\/person\/a42711f3385a0e2be6f7e0443bfb28f0"},"description":"Nakon Zagreba, Splita, Rijeke, Osijeka... sutra, 5. svibnja s po\u010detkom u 11 sati u Gradskom kulturnom sredi\u0161tu u Metkovi\u0107u odr\u017eat \u0107e se osma programska konvencija Mosta nezavisnih lista naziva\u00a0Pokret ostanka.","breadcrumb":{"@id":"https:\/\/likemetkovic.hr\/najava-sutra-se-u-metkovicu-odrzava-osma-nacionalna-konvencija-mosta-nl\/#breadcrumb"},"inLanguage":"hr","potentialAction":[{"@type":"ReadAction","target":["https:\/\/likemetkovic.hr\/najava-sutra-se-u-metkovicu-odrzava-osma-nacionalna-konvencija-mosta-nl\/"]}]},{"@type":"ImageObject","inLanguage":"hr","@id":"https:\/\/likemetkovic.hr\/najava-sutra-se-u-metkovicu-odrzava-osma-nacionalna-konvencija-mosta-nl\/#primaryimage","url":"https:\/\/likemetkovic.hr\/portal\/wp-content\/uploads\/2018\/05\/most-nl-pokret-ostanka.jpg","contentUrl":"https:\/\/likemetkovic.hr\/portal\/wp-content\/uploads\/2018\/05\/most-nl-pokret-ostanka.jpg","width":800,"height":568},{"@type":"BreadcrumbList","@id":"https:\/\/likemetkovic.hr\/najava-sutra-se-u-metkovicu-odrzava-osma-nacionalna-konvencija-mosta-nl\/#breadcrumb","itemListElement":[{"@type":"ListItem","position":1,"name":"Po\u010detna stranica","item":"https:\/\/likemetkovic.hr\/portal\/"},{"@type":"ListItem","position":2,"name":"NAJAVA Sutra se u GKS-u odr\u017eava programska konvencija Mosta NL &#8220;Pokret ostanka&#8221;"}]},{"@type":"WebSite","@id":"https:\/\/likemetkovic.hr\/#website","url":"https:\/\/likemetkovic.hr\/","name":"likemetkovic.hr","description":"Misli pozitivno... \u010ditaj LIKE","potentialAction":[{"@type":"SearchAction","target":{"@type":"EntryPoint","urlTemplate":"https:\/\/likemetkovic.hr\/?s={search_term_string}"},"query-input":{"@type":"PropertyValueSpecification","valueRequired":true,"valueName":"search_term_string"}}],"inLanguage":"hr"},{"@type":"Person","@id":"https:\/\/likemetkovic.hr\/#\/schema\/person\/a42711f3385a0e2be6f7e0443bfb28f0","name":"LIKEmetkovic.hr","sameAs":["http:\/\/likemetkovic.hr"],"url":"https:\/\/likemetkovic.hr\/portal\/author\/likemetkovic-hr\/"}]}},"_links":{"self":[{"href":"https:\/\/likemetkovic.hr\/portal\/wp-json\/wp\/v2\/posts\/57755","targetHints":{"allow":["GET"]}}],"collection":[{"href":"https:\/\/likemetkovic.hr\/portal\/wp-json\/wp\/v2\/posts"}],"about":[{"href":"https:\/\/likemetkovic.hr\/portal\/wp-json\/wp\/v2\/types\/post"}],"author":[{"embeddable":true,"href":"https:\/\/likemetkovic.hr\/portal\/wp-json\/wp\/v2\/users\/7"}],"replies":[{"embeddable":true,"href":"https:\/\/likemetkovic.hr\/portal\/wp-json\/wp\/v2\/comments?post=57755"}],"version-history":[{"count":0,"href":"https:\/\/likemetkovic.hr\/portal\/wp-json\/wp\/v2\/posts\/57755\/revisions"}],"wp:featuredmedia":[{"embeddable":true,"href":"https:\/\/likemetkovic.hr\/portal\/wp-json\/wp\/v2\/media\/57756"}],"wp:attachment":[{"href":"https:\/\/likemetkovic.hr\/portal\/wp-json\/wp\/v2\/media?parent=57755"}],"wp:term":[{"taxonomy":"category","embeddable":true,"href":"https:\/\/likemetkovic.hr\/portal\/wp-json\/wp\/v2\/categories?post=57755"},{"taxonomy":"post_tag","embeddable":true,"href":"https:\/\/likemetkovic.hr\/portal\/wp-json\/wp\/v2\/tags?post=57755"}],"curies":[{"name":"wp","href":"https:\/\/api.w.org\/{rel}","templated":true}]}}