{"id":58878,"date":"2018-05-23T10:20:13","date_gmt":"2018-05-23T08:20:13","guid":{"rendered":"http:\/\/likemetkovic.hr\/?p=58878"},"modified":"2018-05-23T10:20:13","modified_gmt":"2018-05-23T08:20:13","slug":"srna-otkriva-odigrat-cu-jos-jednu-sezonu-pa-makar-to-bilo-i-u-neretvi-iz-metkovica","status":"publish","type":"post","link":"https:\/\/likemetkovic.hr\/portal\/srna-otkriva-odigrat-cu-jos-jednu-sezonu-pa-makar-to-bilo-i-u-neretvi-iz-metkovica\/","title":{"rendered":"Srna otkriva: \u2018Odigrat \u0107u jo\u0161 jednu sezonu, pa makar to bilo i u Neretvi iz Metkovi\u0107a!\u2019"},"content":{"rendered":"<p>Nekada\u0161nji kapetan Vatrenih, <strong>Darijo Srna<\/strong>, i dalje \u0107e ostati u <strong>\u0160ahtaru<\/strong>.<\/p>\n<p>\u201cNe znam koju bi funkciju imao u klubu, no definitivno \u0107e biti vezana uz nogomet. Navija\u010di \u017eele da budem u klubu, ali svoju nogometnu karijeru zavr\u0161it \u0107u na terenu! Bila je duga, odli\u010dna, zaslu\u017eio sam da je okon\u010dam na travnjaku. Iz po\u0161tovanja prema svom ocu i svojoj obitelji, prema svim navija\u010dima koji su bili uz mene sve ovo vrijeme. Sigurno \u0107u igrati jo\u0161 negdje, \u017eelim igrati. Tu zadnju godinu \u017eelim igrati iz gu\u0161ta, radi sebe\u201d, poru\u010duje Darijo u razgovoru za<a href=\"https:\/\/sportske.jutarnji.hr\/nogomet\/transferi\/darijo-srna-ekskluzivno-za-sn-objavio-konacni-plan-za-kraj-karijere-odigrat-cu-jos-jednu-sezonu-pa-makar-to-bilo-i-u-neretvi-iz-metkovica\/7386489\/\">\u00a0Sportske novosti.<\/a><\/p>\n<p>\u201cVidite, sad sam prvi put u \u017eivotu u fazi da mogu birati. Imam ispred sebe razne opcije. Mogu raditi u klubu, mogu igrati, a mogu i zavr\u0161iti karijeru! A moja opcija je jo\u0161 igrati\u2026 Ne treba to biti u velikom klubu, ovu zadnju igra\u010dku godinu \u017eelim igrati zbog sebe, pa makar u <strong>Neretvi iz Metkovi\u0107a<\/strong>\u201d, poru\u010duje Srna.<\/p>\n","protected":false},"excerpt":{"rendered":"<p>Nekada\u0161nji kapetan Vatrenih, Darijo Srna, i dalje \u0107e ostati u \u0160ahtaru. \u201cNe znam koju bi funkciju imao u klubu, no definitivno \u0107e biti vezana uz nogomet. Navija\u010di \u017eele da budem u klubu, ali svoju nogometnu karijeru zavr\u0161it \u0107u na terenu! Bila je duga, odli\u010dna, zaslu\u017eio sam da je okon\u010dam na travnjaku. Iz po\u0161tovanja prema svom [&hellip;]<\/p>\n","protected":false},"author":8,"featured_media":54360,"comment_status":"open","ping_status":"open","sticky":false,"template":"","format":"standard","meta":{"footnotes":""},"categories":[296,30],"tags":[],"class_list":{"0":"post-58878","1":"post","2":"type-post","3":"status-publish","4":"format-standard","5":"has-post-thumbnail","7":"category-ab","8":"category-nogomet"},"yoast_head":"<!-- This site is optimized with the Yoast SEO plugin v25.2 - https:\/\/yoast.com\/wordpress\/plugins\/seo\/ -->\n<title>Srna otkriva: \u2018Odigrat \u0107u jo\u0161 jednu sezonu, pa makar to bilo i u Neretvi iz Metkovi\u0107a!\u2019 - likemetkovic.hr<\/title>\n<meta name=\"robots\" content=\"index, follow, max-snippet:-1, max-image-preview:large, max-video-preview:-1\" \/>\n<link rel=\"canonical\" href=\"https:\/\/likemetkovic.hr\/srna-otkriva-odigrat-cu-jos-jednu-sezonu-pa-makar-to-bilo-i-u-neretvi-iz-metkovica\/\" \/>\n<meta property=\"og:locale\" content=\"hr_HR\" \/>\n<meta property=\"og:type\" content=\"article\" \/>\n<meta property=\"og:title\" content=\"Srna otkriva: \u2018Odigrat \u0107u jo\u0161 jednu sezonu, pa makar to bilo i u Neretvi iz Metkovi\u0107a!\u2019 - likemetkovic.hr\" \/>\n<meta property=\"og:description\" content=\"Nekada\u0161nji kapetan Vatrenih, Darijo Srna, i dalje \u0107e ostati u \u0160ahtaru. \u201cNe znam koju bi funkciju imao u klubu, no definitivno \u0107e biti vezana uz nogomet. Navija\u010di \u017eele da budem u klubu, ali svoju nogometnu karijeru zavr\u0161it \u0107u na terenu! Bila je duga, odli\u010dna, zaslu\u017eio sam da je okon\u010dam na travnjaku. Iz po\u0161tovanja prema svom [&hellip;]\" \/>\n<meta property=\"og:url\" content=\"https:\/\/likemetkovic.hr\/srna-otkriva-odigrat-cu-jos-jednu-sezonu-pa-makar-to-bilo-i-u-neretvi-iz-metkovica\/\" \/>\n<meta property=\"og:site_name\" content=\"likemetkovic.hr\" \/>\n<meta property=\"article:publisher\" content=\"https:\/\/www.facebook.com\/likemetkovic.hr\/\" \/>\n<meta property=\"article:published_time\" content=\"2018-05-23T08:20:13+00:00\" \/>\n<meta property=\"og:image\" content=\"https:\/\/likemetkovic.hr\/wp-content\/uploads\/2018\/02\/Darijo-Srna-Shakhtar.jpg\" \/>\n\t<meta property=\"og:image:width\" content=\"810\" \/>\n\t<meta property=\"og:image:height\" content=\"500\" \/>\n\t<meta property=\"og:image:type\" content=\"image\/jpeg\" \/>\n<meta name=\"author\" content=\"LIKEmetkovic.hr\" \/>\n<meta name=\"twitter:card\" content=\"summary_large_image\" \/>\n<meta name=\"twitter:label1\" content=\"Napisao\/la\" \/>\n\t<meta name=\"twitter:data1\" content=\"LIKEmetkovic.hr\" \/>\n\t<meta name=\"twitter:label2\" content=\"Procijenjeno vrijeme \u010ditanja\" \/>\n\t<meta name=\"twitter:data2\" content=\"1 minuta\" \/>\n<script type=\"application\/ld+json\" class=\"yoast-schema-graph\">{\"@context\":\"https:\/\/schema.org\",\"@graph\":[{\"@type\":\"WebPage\",\"@id\":\"https:\/\/likemetkovic.hr\/srna-otkriva-odigrat-cu-jos-jednu-sezonu-pa-makar-to-bilo-i-u-neretvi-iz-metkovica\/\",\"url\":\"https:\/\/likemetkovic.hr\/srna-otkriva-odigrat-cu-jos-jednu-sezonu-pa-makar-to-bilo-i-u-neretvi-iz-metkovica\/\",\"name\":\"Srna otkriva: \u2018Odigrat \u0107u jo\u0161 jednu sezonu, pa makar to bilo i u Neretvi iz Metkovi\u0107a!\u2019 - likemetkovic.hr\",\"isPartOf\":{\"@id\":\"https:\/\/likemetkovic.hr\/#website\"},\"primaryImageOfPage\":{\"@id\":\"https:\/\/likemetkovic.hr\/srna-otkriva-odigrat-cu-jos-jednu-sezonu-pa-makar-to-bilo-i-u-neretvi-iz-metkovica\/#primaryimage\"},\"image\":{\"@id\":\"https:\/\/likemetkovic.hr\/srna-otkriva-odigrat-cu-jos-jednu-sezonu-pa-makar-to-bilo-i-u-neretvi-iz-metkovica\/#primaryimage\"},\"thumbnailUrl\":\"https:\/\/likemetkovic.hr\/portal\/wp-content\/uploads\/2018\/02\/Darijo-Srna-Shakhtar.jpg\",\"datePublished\":\"2018-05-23T08:20:13+00:00\",\"author\":{\"@id\":\"https:\/\/likemetkovic.hr\/#\/schema\/person\/adba0fd43631b5fc581c97e6ca793693\"},\"breadcrumb\":{\"@id\":\"https:\/\/likemetkovic.hr\/srna-otkriva-odigrat-cu-jos-jednu-sezonu-pa-makar-to-bilo-i-u-neretvi-iz-metkovica\/#breadcrumb\"},\"inLanguage\":\"hr\",\"potentialAction\":[{\"@type\":\"ReadAction\",\"target\":[\"https:\/\/likemetkovic.hr\/srna-otkriva-odigrat-cu-jos-jednu-sezonu-pa-makar-to-bilo-i-u-neretvi-iz-metkovica\/\"]}]},{\"@type\":\"ImageObject\",\"inLanguage\":\"hr\",\"@id\":\"https:\/\/likemetkovic.hr\/srna-otkriva-odigrat-cu-jos-jednu-sezonu-pa-makar-to-bilo-i-u-neretvi-iz-metkovica\/#primaryimage\",\"url\":\"https:\/\/likemetkovic.hr\/portal\/wp-content\/uploads\/2018\/02\/Darijo-Srna-Shakhtar.jpg\",\"contentUrl\":\"https:\/\/likemetkovic.hr\/portal\/wp-content\/uploads\/2018\/02\/Darijo-Srna-Shakhtar.jpg\",\"width\":810,\"height\":500},{\"@type\":\"BreadcrumbList\",\"@id\":\"https:\/\/likemetkovic.hr\/srna-otkriva-odigrat-cu-jos-jednu-sezonu-pa-makar-to-bilo-i-u-neretvi-iz-metkovica\/#breadcrumb\",\"itemListElement\":[{\"@type\":\"ListItem\",\"position\":1,\"name\":\"Po\u010detna stranica\",\"item\":\"https:\/\/likemetkovic.hr\/portal\/\"},{\"@type\":\"ListItem\",\"position\":2,\"name\":\"Srna otkriva: \u2018Odigrat \u0107u jo\u0161 jednu sezonu, pa makar to bilo i u Neretvi iz Metkovi\u0107a!\u2019\"}]},{\"@type\":\"WebSite\",\"@id\":\"https:\/\/likemetkovic.hr\/#website\",\"url\":\"https:\/\/likemetkovic.hr\/\",\"name\":\"likemetkovic.hr\",\"description\":\"Misli pozitivno... \u010ditaj LIKE\",\"potentialAction\":[{\"@type\":\"SearchAction\",\"target\":{\"@type\":\"EntryPoint\",\"urlTemplate\":\"https:\/\/likemetkovic.hr\/?s={search_term_string}\"},\"query-input\":{\"@type\":\"PropertyValueSpecification\",\"valueRequired\":true,\"valueName\":\"search_term_string\"}}],\"inLanguage\":\"hr\"},{\"@type\":\"Person\",\"@id\":\"https:\/\/likemetkovic.hr\/#\/schema\/person\/adba0fd43631b5fc581c97e6ca793693\",\"name\":\"LIKEmetkovic.hr\",\"url\":\"https:\/\/likemetkovic.hr\/portal\/author\/marijana\/\"}]}<\/script>\n<!-- \/ Yoast SEO plugin. -->","yoast_head_json":{"title":"Srna otkriva: \u2018Odigrat \u0107u jo\u0161 jednu sezonu, pa makar to bilo i u Neretvi iz Metkovi\u0107a!\u2019 - likemetkovic.hr","robots":{"index":"index","follow":"follow","max-snippet":"max-snippet:-1","max-image-preview":"max-image-preview:large","max-video-preview":"max-video-preview:-1"},"canonical":"https:\/\/likemetkovic.hr\/srna-otkriva-odigrat-cu-jos-jednu-sezonu-pa-makar-to-bilo-i-u-neretvi-iz-metkovica\/","og_locale":"hr_HR","og_type":"article","og_title":"Srna otkriva: \u2018Odigrat \u0107u jo\u0161 jednu sezonu, pa makar to bilo i u Neretvi iz Metkovi\u0107a!\u2019 - likemetkovic.hr","og_description":"Nekada\u0161nji kapetan Vatrenih, Darijo Srna, i dalje \u0107e ostati u \u0160ahtaru. \u201cNe znam koju bi funkciju imao u klubu, no definitivno \u0107e biti vezana uz nogomet. Navija\u010di \u017eele da budem u klubu, ali svoju nogometnu karijeru zavr\u0161it \u0107u na terenu! Bila je duga, odli\u010dna, zaslu\u017eio sam da je okon\u010dam na travnjaku. Iz po\u0161tovanja prema svom [&hellip;]","og_url":"https:\/\/likemetkovic.hr\/srna-otkriva-odigrat-cu-jos-jednu-sezonu-pa-makar-to-bilo-i-u-neretvi-iz-metkovica\/","og_site_name":"likemetkovic.hr","article_publisher":"https:\/\/www.facebook.com\/likemetkovic.hr\/","article_published_time":"2018-05-23T08:20:13+00:00","og_image":[{"width":810,"height":500,"url":"https:\/\/likemetkovic.hr\/wp-content\/uploads\/2018\/02\/Darijo-Srna-Shakhtar.jpg","type":"image\/jpeg"}],"author":"LIKEmetkovic.hr","twitter_card":"summary_large_image","twitter_misc":{"Napisao\/la":"LIKEmetkovic.hr","Procijenjeno vrijeme \u010ditanja":"1 minuta"},"schema":{"@context":"https:\/\/schema.org","@graph":[{"@type":"WebPage","@id":"https:\/\/likemetkovic.hr\/srna-otkriva-odigrat-cu-jos-jednu-sezonu-pa-makar-to-bilo-i-u-neretvi-iz-metkovica\/","url":"https:\/\/likemetkovic.hr\/srna-otkriva-odigrat-cu-jos-jednu-sezonu-pa-makar-to-bilo-i-u-neretvi-iz-metkovica\/","name":"Srna otkriva: \u2018Odigrat \u0107u jo\u0161 jednu sezonu, pa makar to bilo i u Neretvi iz Metkovi\u0107a!\u2019 - likemetkovic.hr","isPartOf":{"@id":"https:\/\/likemetkovic.hr\/#website"},"primaryImageOfPage":{"@id":"https:\/\/likemetkovic.hr\/srna-otkriva-odigrat-cu-jos-jednu-sezonu-pa-makar-to-bilo-i-u-neretvi-iz-metkovica\/#primaryimage"},"image":{"@id":"https:\/\/likemetkovic.hr\/srna-otkriva-odigrat-cu-jos-jednu-sezonu-pa-makar-to-bilo-i-u-neretvi-iz-metkovica\/#primaryimage"},"thumbnailUrl":"https:\/\/likemetkovic.hr\/portal\/wp-content\/uploads\/2018\/02\/Darijo-Srna-Shakhtar.jpg","datePublished":"2018-05-23T08:20:13+00:00","author":{"@id":"https:\/\/likemetkovic.hr\/#\/schema\/person\/adba0fd43631b5fc581c97e6ca793693"},"breadcrumb":{"@id":"https:\/\/likemetkovic.hr\/srna-otkriva-odigrat-cu-jos-jednu-sezonu-pa-makar-to-bilo-i-u-neretvi-iz-metkovica\/#breadcrumb"},"inLanguage":"hr","potentialAction":[{"@type":"ReadAction","target":["https:\/\/likemetkovic.hr\/srna-otkriva-odigrat-cu-jos-jednu-sezonu-pa-makar-to-bilo-i-u-neretvi-iz-metkovica\/"]}]},{"@type":"ImageObject","inLanguage":"hr","@id":"https:\/\/likemetkovic.hr\/srna-otkriva-odigrat-cu-jos-jednu-sezonu-pa-makar-to-bilo-i-u-neretvi-iz-metkovica\/#primaryimage","url":"https:\/\/likemetkovic.hr\/portal\/wp-content\/uploads\/2018\/02\/Darijo-Srna-Shakhtar.jpg","contentUrl":"https:\/\/likemetkovic.hr\/portal\/wp-content\/uploads\/2018\/02\/Darijo-Srna-Shakhtar.jpg","width":810,"height":500},{"@type":"BreadcrumbList","@id":"https:\/\/likemetkovic.hr\/srna-otkriva-odigrat-cu-jos-jednu-sezonu-pa-makar-to-bilo-i-u-neretvi-iz-metkovica\/#breadcrumb","itemListElement":[{"@type":"ListItem","position":1,"name":"Po\u010detna stranica","item":"https:\/\/likemetkovic.hr\/portal\/"},{"@type":"ListItem","position":2,"name":"Srna otkriva: \u2018Odigrat \u0107u jo\u0161 jednu sezonu, pa makar to bilo i u Neretvi iz Metkovi\u0107a!\u2019"}]},{"@type":"WebSite","@id":"https:\/\/likemetkovic.hr\/#website","url":"https:\/\/likemetkovic.hr\/","name":"likemetkovic.hr","description":"Misli pozitivno... \u010ditaj LIKE","potentialAction":[{"@type":"SearchAction","target":{"@type":"EntryPoint","urlTemplate":"https:\/\/likemetkovic.hr\/?s={search_term_string}"},"query-input":{"@type":"PropertyValueSpecification","valueRequired":true,"valueName":"search_term_string"}}],"inLanguage":"hr"},{"@type":"Person","@id":"https:\/\/likemetkovic.hr\/#\/schema\/person\/adba0fd43631b5fc581c97e6ca793693","name":"LIKEmetkovic.hr","url":"https:\/\/likemetkovic.hr\/portal\/author\/marijana\/"}]}},"_links":{"self":[{"href":"https:\/\/likemetkovic.hr\/portal\/wp-json\/wp\/v2\/posts\/58878","targetHints":{"allow":["GET"]}}],"collection":[{"href":"https:\/\/likemetkovic.hr\/portal\/wp-json\/wp\/v2\/posts"}],"about":[{"href":"https:\/\/likemetkovic.hr\/portal\/wp-json\/wp\/v2\/types\/post"}],"author":[{"embeddable":true,"href":"https:\/\/likemetkovic.hr\/portal\/wp-json\/wp\/v2\/users\/8"}],"replies":[{"embeddable":true,"href":"https:\/\/likemetkovic.hr\/portal\/wp-json\/wp\/v2\/comments?post=58878"}],"version-history":[{"count":0,"href":"https:\/\/likemetkovic.hr\/portal\/wp-json\/wp\/v2\/posts\/58878\/revisions"}],"wp:featuredmedia":[{"embeddable":true,"href":"https:\/\/likemetkovic.hr\/portal\/wp-json\/wp\/v2\/media\/54360"}],"wp:attachment":[{"href":"https:\/\/likemetkovic.hr\/portal\/wp-json\/wp\/v2\/media?parent=58878"}],"wp:term":[{"taxonomy":"category","embeddable":true,"href":"https:\/\/likemetkovic.hr\/portal\/wp-json\/wp\/v2\/categories?post=58878"},{"taxonomy":"post_tag","embeddable":true,"href":"https:\/\/likemetkovic.hr\/portal\/wp-json\/wp\/v2\/tags?post=58878"}],"curies":[{"name":"wp","href":"https:\/\/api.w.org\/{rel}","templated":true}]}}