{"id":6116,"date":"2015-06-04T07:00:13","date_gmt":"2015-06-04T05:00:13","guid":{"rendered":"http:\/\/likemetkovic.hr\/?p=6116"},"modified":"2015-06-04T01:59:54","modified_gmt":"2015-06-03T23:59:54","slug":"ante-kaleb-od-sljedece-sezone-u-rukometnoj-bundesligi","status":"publish","type":"post","link":"https:\/\/likemetkovic.hr\/portal\/ante-kaleb-od-sljedece-sezone-u-rukometnoj-bundesligi\/","title":{"rendered":"Ante Kaleb od sljede\u0107e sezone u rukometnoj Bundesligi!"},"content":{"rendered":"<div class=\"uvod\">\n<p>Na\u0161 21-godi\u0161nji srednji vanjski Ante Kaleb jo\u0161 sljede\u0107u sezonu provest \u0107e u Mariboru, a onda \u0107e u ljeto 2016. godine do\u0107i u Bundesligu gdje \u0107e dvije sezone nastupati za L\u00fcbbecke!<\/p>\n<\/div>\n<div class=\"clear\">L\u00fcbbecke za koji nastupaju <b>Drago Vukovi\u0107<\/b> i <b>Nikola Bla\u017ei\u010dko<\/b> od ljeta 2016. godine imat \u0107e u svojoj postavi jo\u0161 jednog Hrvata i to iz Metkovi\u0107a!<\/div>\n<div class=\"glavnitekst\">\n<p>Klub je objavio kako je postignut dogovor oko dolaska <b>Ante Kaleba<\/b>, 21-godi\u0161njeg srednjeg vanjskog koji trenutno nastupa za Maribor u kojem \u0107e provesti jo\u0161 sljede\u0107u sezonu.<\/p>\n<p>Kaleb je prije godinu dana napustio Zagreb i preselio u Maribor s kojim je potpisao ugovor na dvije i pol godine. Po isteku tog ugovora zaputit \u0107e se u jo\u0161 ja\u010de dru\u0161tvo.<\/p>\n<p><b>&#8220;Ante je igra\u010d velike perspektive. Iako je jo\u0161 uvijek vrlo mlad, ve\u0107 sada ima veliku igra\u010dku kvalitetu i u napadu i u obrani. Osim toga ima i ve\u0107 dosta me\u0111unarodnog iskustva&#8221;<\/b>, rekao je Team Manager njema\u010dkog kluba <b>Zlatko Feri\u0107<\/b>.<\/p>\n<p>Kaleb je ove sezone i najbolji strijelac Maribora<b>.\u00a0<\/b>Jo\u0161 jedan Metkovac u Bundesligi, Ante sretno!<\/p>\n<p><span style=\"color: #999999;\">izvor i foto: sportnet.hr<\/span><\/p>\n<\/div>\n","protected":false},"excerpt":{"rendered":"<p>Na\u0161 21-godi\u0161nji srednji vanjski Ante Kaleb jo\u0161 sljede\u0107u sezonu provest \u0107e u Mariboru, a onda \u0107e u ljeto 2016. godine do\u0107i u Bundesligu gdje \u0107e dvije sezone nastupati za L\u00fcbbecke! L\u00fcbbecke za koji nastupaju Drago Vukovi\u0107 i Nikola Bla\u017ei\u010dko od ljeta 2016. godine imat \u0107e u svojoj postavi jo\u0161 jednog Hrvata i to iz Metkovi\u0107a! [&hellip;]<\/p>\n","protected":false},"author":7,"featured_media":6119,"comment_status":"closed","ping_status":"closed","sticky":false,"template":"","format":"standard","meta":{"footnotes":""},"categories":[31,10],"tags":[],"class_list":{"0":"post-6116","1":"post","2":"type-post","3":"status-publish","4":"format-standard","5":"has-post-thumbnail","7":"category-rukomet","8":"category-sport"},"yoast_head":"<!-- This site is optimized with the Yoast SEO plugin v25.2 - https:\/\/yoast.com\/wordpress\/plugins\/seo\/ -->\n<title>Ante Kaleb od sljede\u0107e sezone u rukometnoj Bundesligi!<\/title>\n<meta name=\"robots\" content=\"index, follow, max-snippet:-1, max-image-preview:large, max-video-preview:-1\" \/>\n<link rel=\"canonical\" href=\"https:\/\/likemetkovic.hr\/ante-kaleb-od-sljedece-sezone-u-rukometnoj-bundesligi\/\" \/>\n<meta property=\"og:locale\" content=\"hr_HR\" \/>\n<meta property=\"og:type\" content=\"article\" \/>\n<meta property=\"og:title\" content=\"Ante Kaleb od sljede\u0107e sezone u rukometnoj Bundesligi!\" \/>\n<meta property=\"og:description\" content=\"Na\u0161 21-godi\u0161nji srednji vanjski Ante Kaleb jo\u0161 sljede\u0107u sezonu provest \u0107e u Mariboru, a onda \u0107e u ljeto 2016. godine do\u0107i u Bundesligu gdje \u0107e dvije sezone nastupati za L\u00fcbbecke! L\u00fcbbecke za koji nastupaju Drago Vukovi\u0107 i Nikola Bla\u017ei\u010dko od ljeta 2016. godine imat \u0107e u svojoj postavi jo\u0161 jednog Hrvata i to iz Metkovi\u0107a! [&hellip;]\" \/>\n<meta property=\"og:url\" content=\"https:\/\/likemetkovic.hr\/ante-kaleb-od-sljedece-sezone-u-rukometnoj-bundesligi\/\" \/>\n<meta property=\"og:site_name\" content=\"likemetkovic.hr\" \/>\n<meta property=\"article:publisher\" content=\"https:\/\/www.facebook.com\/likemetkovic.hr\/\" \/>\n<meta property=\"article:published_time\" content=\"2015-06-04T05:00:13+00:00\" \/>\n<meta property=\"og:image\" content=\"https:\/\/likemetkovic.hr\/wp-content\/uploads\/2015\/06\/ante_ka.jpg\" \/>\n\t<meta property=\"og:image:width\" content=\"800\" \/>\n\t<meta property=\"og:image:height\" content=\"400\" \/>\n\t<meta property=\"og:image:type\" content=\"image\/jpeg\" \/>\n<meta name=\"author\" content=\"LIKEmetkovic.hr\" \/>\n<meta name=\"twitter:card\" content=\"summary_large_image\" \/>\n<meta name=\"twitter:label1\" content=\"Napisao\/la\" \/>\n\t<meta name=\"twitter:data1\" content=\"LIKEmetkovic.hr\" \/>\n\t<meta name=\"twitter:label2\" content=\"Procijenjeno vrijeme \u010ditanja\" \/>\n\t<meta name=\"twitter:data2\" content=\"1 minuta\" \/>\n<script type=\"application\/ld+json\" class=\"yoast-schema-graph\">{\"@context\":\"https:\/\/schema.org\",\"@graph\":[{\"@type\":\"WebPage\",\"@id\":\"https:\/\/likemetkovic.hr\/ante-kaleb-od-sljedece-sezone-u-rukometnoj-bundesligi\/\",\"url\":\"https:\/\/likemetkovic.hr\/ante-kaleb-od-sljedece-sezone-u-rukometnoj-bundesligi\/\",\"name\":\"Ante Kaleb od sljede\u0107e sezone u rukometnoj Bundesligi!\",\"isPartOf\":{\"@id\":\"https:\/\/likemetkovic.hr\/#website\"},\"primaryImageOfPage\":{\"@id\":\"https:\/\/likemetkovic.hr\/ante-kaleb-od-sljedece-sezone-u-rukometnoj-bundesligi\/#primaryimage\"},\"image\":{\"@id\":\"https:\/\/likemetkovic.hr\/ante-kaleb-od-sljedece-sezone-u-rukometnoj-bundesligi\/#primaryimage\"},\"thumbnailUrl\":\"https:\/\/likemetkovic.hr\/portal\/wp-content\/uploads\/2015\/06\/ante_ka.jpg\",\"datePublished\":\"2015-06-04T05:00:13+00:00\",\"author\":{\"@id\":\"https:\/\/likemetkovic.hr\/#\/schema\/person\/a42711f3385a0e2be6f7e0443bfb28f0\"},\"breadcrumb\":{\"@id\":\"https:\/\/likemetkovic.hr\/ante-kaleb-od-sljedece-sezone-u-rukometnoj-bundesligi\/#breadcrumb\"},\"inLanguage\":\"hr\",\"potentialAction\":[{\"@type\":\"ReadAction\",\"target\":[\"https:\/\/likemetkovic.hr\/ante-kaleb-od-sljedece-sezone-u-rukometnoj-bundesligi\/\"]}]},{\"@type\":\"ImageObject\",\"inLanguage\":\"hr\",\"@id\":\"https:\/\/likemetkovic.hr\/ante-kaleb-od-sljedece-sezone-u-rukometnoj-bundesligi\/#primaryimage\",\"url\":\"https:\/\/likemetkovic.hr\/portal\/wp-content\/uploads\/2015\/06\/ante_ka.jpg\",\"contentUrl\":\"https:\/\/likemetkovic.hr\/portal\/wp-content\/uploads\/2015\/06\/ante_ka.jpg\",\"width\":800,\"height\":400},{\"@type\":\"BreadcrumbList\",\"@id\":\"https:\/\/likemetkovic.hr\/ante-kaleb-od-sljedece-sezone-u-rukometnoj-bundesligi\/#breadcrumb\",\"itemListElement\":[{\"@type\":\"ListItem\",\"position\":1,\"name\":\"Po\u010detna stranica\",\"item\":\"https:\/\/likemetkovic.hr\/portal\/\"},{\"@type\":\"ListItem\",\"position\":2,\"name\":\"Ante Kaleb od sljede\u0107e sezone u rukometnoj Bundesligi!\"}]},{\"@type\":\"WebSite\",\"@id\":\"https:\/\/likemetkovic.hr\/#website\",\"url\":\"https:\/\/likemetkovic.hr\/\",\"name\":\"likemetkovic.hr\",\"description\":\"Misli pozitivno... \u010ditaj LIKE\",\"potentialAction\":[{\"@type\":\"SearchAction\",\"target\":{\"@type\":\"EntryPoint\",\"urlTemplate\":\"https:\/\/likemetkovic.hr\/?s={search_term_string}\"},\"query-input\":{\"@type\":\"PropertyValueSpecification\",\"valueRequired\":true,\"valueName\":\"search_term_string\"}}],\"inLanguage\":\"hr\"},{\"@type\":\"Person\",\"@id\":\"https:\/\/likemetkovic.hr\/#\/schema\/person\/a42711f3385a0e2be6f7e0443bfb28f0\",\"name\":\"LIKEmetkovic.hr\",\"sameAs\":[\"http:\/\/likemetkovic.hr\"],\"url\":\"https:\/\/likemetkovic.hr\/portal\/author\/likemetkovic-hr\/\"}]}<\/script>\n<!-- \/ Yoast SEO plugin. -->","yoast_head_json":{"title":"Ante Kaleb od sljede\u0107e sezone u rukometnoj Bundesligi!","robots":{"index":"index","follow":"follow","max-snippet":"max-snippet:-1","max-image-preview":"max-image-preview:large","max-video-preview":"max-video-preview:-1"},"canonical":"https:\/\/likemetkovic.hr\/ante-kaleb-od-sljedece-sezone-u-rukometnoj-bundesligi\/","og_locale":"hr_HR","og_type":"article","og_title":"Ante Kaleb od sljede\u0107e sezone u rukometnoj Bundesligi!","og_description":"Na\u0161 21-godi\u0161nji srednji vanjski Ante Kaleb jo\u0161 sljede\u0107u sezonu provest \u0107e u Mariboru, a onda \u0107e u ljeto 2016. godine do\u0107i u Bundesligu gdje \u0107e dvije sezone nastupati za L\u00fcbbecke! L\u00fcbbecke za koji nastupaju Drago Vukovi\u0107 i Nikola Bla\u017ei\u010dko od ljeta 2016. godine imat \u0107e u svojoj postavi jo\u0161 jednog Hrvata i to iz Metkovi\u0107a! [&hellip;]","og_url":"https:\/\/likemetkovic.hr\/ante-kaleb-od-sljedece-sezone-u-rukometnoj-bundesligi\/","og_site_name":"likemetkovic.hr","article_publisher":"https:\/\/www.facebook.com\/likemetkovic.hr\/","article_published_time":"2015-06-04T05:00:13+00:00","og_image":[{"width":800,"height":400,"url":"https:\/\/likemetkovic.hr\/wp-content\/uploads\/2015\/06\/ante_ka.jpg","type":"image\/jpeg"}],"author":"LIKEmetkovic.hr","twitter_card":"summary_large_image","twitter_misc":{"Napisao\/la":"LIKEmetkovic.hr","Procijenjeno vrijeme \u010ditanja":"1 minuta"},"schema":{"@context":"https:\/\/schema.org","@graph":[{"@type":"WebPage","@id":"https:\/\/likemetkovic.hr\/ante-kaleb-od-sljedece-sezone-u-rukometnoj-bundesligi\/","url":"https:\/\/likemetkovic.hr\/ante-kaleb-od-sljedece-sezone-u-rukometnoj-bundesligi\/","name":"Ante Kaleb od sljede\u0107e sezone u rukometnoj Bundesligi!","isPartOf":{"@id":"https:\/\/likemetkovic.hr\/#website"},"primaryImageOfPage":{"@id":"https:\/\/likemetkovic.hr\/ante-kaleb-od-sljedece-sezone-u-rukometnoj-bundesligi\/#primaryimage"},"image":{"@id":"https:\/\/likemetkovic.hr\/ante-kaleb-od-sljedece-sezone-u-rukometnoj-bundesligi\/#primaryimage"},"thumbnailUrl":"https:\/\/likemetkovic.hr\/portal\/wp-content\/uploads\/2015\/06\/ante_ka.jpg","datePublished":"2015-06-04T05:00:13+00:00","author":{"@id":"https:\/\/likemetkovic.hr\/#\/schema\/person\/a42711f3385a0e2be6f7e0443bfb28f0"},"breadcrumb":{"@id":"https:\/\/likemetkovic.hr\/ante-kaleb-od-sljedece-sezone-u-rukometnoj-bundesligi\/#breadcrumb"},"inLanguage":"hr","potentialAction":[{"@type":"ReadAction","target":["https:\/\/likemetkovic.hr\/ante-kaleb-od-sljedece-sezone-u-rukometnoj-bundesligi\/"]}]},{"@type":"ImageObject","inLanguage":"hr","@id":"https:\/\/likemetkovic.hr\/ante-kaleb-od-sljedece-sezone-u-rukometnoj-bundesligi\/#primaryimage","url":"https:\/\/likemetkovic.hr\/portal\/wp-content\/uploads\/2015\/06\/ante_ka.jpg","contentUrl":"https:\/\/likemetkovic.hr\/portal\/wp-content\/uploads\/2015\/06\/ante_ka.jpg","width":800,"height":400},{"@type":"BreadcrumbList","@id":"https:\/\/likemetkovic.hr\/ante-kaleb-od-sljedece-sezone-u-rukometnoj-bundesligi\/#breadcrumb","itemListElement":[{"@type":"ListItem","position":1,"name":"Po\u010detna stranica","item":"https:\/\/likemetkovic.hr\/portal\/"},{"@type":"ListItem","position":2,"name":"Ante Kaleb od sljede\u0107e sezone u rukometnoj Bundesligi!"}]},{"@type":"WebSite","@id":"https:\/\/likemetkovic.hr\/#website","url":"https:\/\/likemetkovic.hr\/","name":"likemetkovic.hr","description":"Misli pozitivno... \u010ditaj LIKE","potentialAction":[{"@type":"SearchAction","target":{"@type":"EntryPoint","urlTemplate":"https:\/\/likemetkovic.hr\/?s={search_term_string}"},"query-input":{"@type":"PropertyValueSpecification","valueRequired":true,"valueName":"search_term_string"}}],"inLanguage":"hr"},{"@type":"Person","@id":"https:\/\/likemetkovic.hr\/#\/schema\/person\/a42711f3385a0e2be6f7e0443bfb28f0","name":"LIKEmetkovic.hr","sameAs":["http:\/\/likemetkovic.hr"],"url":"https:\/\/likemetkovic.hr\/portal\/author\/likemetkovic-hr\/"}]}},"_links":{"self":[{"href":"https:\/\/likemetkovic.hr\/portal\/wp-json\/wp\/v2\/posts\/6116","targetHints":{"allow":["GET"]}}],"collection":[{"href":"https:\/\/likemetkovic.hr\/portal\/wp-json\/wp\/v2\/posts"}],"about":[{"href":"https:\/\/likemetkovic.hr\/portal\/wp-json\/wp\/v2\/types\/post"}],"author":[{"embeddable":true,"href":"https:\/\/likemetkovic.hr\/portal\/wp-json\/wp\/v2\/users\/7"}],"replies":[{"embeddable":true,"href":"https:\/\/likemetkovic.hr\/portal\/wp-json\/wp\/v2\/comments?post=6116"}],"version-history":[{"count":0,"href":"https:\/\/likemetkovic.hr\/portal\/wp-json\/wp\/v2\/posts\/6116\/revisions"}],"wp:featuredmedia":[{"embeddable":true,"href":"https:\/\/likemetkovic.hr\/portal\/wp-json\/wp\/v2\/media\/6119"}],"wp:attachment":[{"href":"https:\/\/likemetkovic.hr\/portal\/wp-json\/wp\/v2\/media?parent=6116"}],"wp:term":[{"taxonomy":"category","embeddable":true,"href":"https:\/\/likemetkovic.hr\/portal\/wp-json\/wp\/v2\/categories?post=6116"},{"taxonomy":"post_tag","embeddable":true,"href":"https:\/\/likemetkovic.hr\/portal\/wp-json\/wp\/v2\/tags?post=6116"}],"curies":[{"name":"wp","href":"https:\/\/api.w.org\/{rel}","templated":true}]}}