{"id":63928,"date":"2018-06-18T12:27:25","date_gmt":"2018-06-18T10:27:25","guid":{"rendered":"http:\/\/likemetkovic.hr\/?p=63928"},"modified":"2018-06-18T12:28:22","modified_gmt":"2018-06-18T10:28:22","slug":"metkovsko-ljeto-2018-pocinje-predstavom-za-djecu-i-koncertom-danija-stipaniceva","status":"publish","type":"post","link":"https:\/\/likemetkovic.hr\/portal\/metkovsko-ljeto-2018-pocinje-predstavom-za-djecu-i-koncertom-danija-stipaniceva\/","title":{"rendered":"&#8220;Metkovsko ljeto 2018.&#8221; po\u010dinje predstavom za djecu i koncertom \u0110anija Stipani\u010deva"},"content":{"rendered":"<p>Pred nama je jo\u0161 jedno <em><strong>Metkovsko ljeto<\/strong>.<\/em> Ovogodi\u0161nji program po\u010dinje u subotu, <strong>23. lipnja<\/strong> u 20 sati\u00a0s predstavom za djecu i odrasle<strong> Trio-la la la<\/strong> u Gradskome parku.<\/p>\n<p>Rije\u010d je o veselom putuju\u0107em cirkuskom cabaretu na sklapanje i rasklapanje koji traje 40 minuta i u kojem igraju Iva Peter Dragan, Nikolina Majdak, Damir Mihaljevi\u0107. Ulaz je slobodan.<\/p>\n<p style=\"font-weight: 400;\">Sljede\u0107ega dana, povodom Dana dr\u017eavnost u nedjelju, <strong>24. lipnja<\/strong>, tako\u0111er u Gradskom parku u Metkovi\u0107u bit \u0107e <strong>koncert \u0110anija Stipani\u010deva<\/strong>. Koncert po\u010dinje u 21 sati i ulaz je slobodan.<\/p>\n","protected":false},"excerpt":{"rendered":"<p>Pred nama je jo\u0161 jedno Metkovsko ljeto. Ovogodi\u0161nji program po\u010dinje u subotu, 23. lipnja u 20 sati\u00a0s predstavom za djecu i odrasle Trio-la la la u Gradskome parku. Rije\u010d je o veselom putuju\u0107em cirkuskom cabaretu na sklapanje i rasklapanje koji traje 40 minuta i u kojem igraju Iva Peter Dragan, Nikolina Majdak, Damir Mihaljevi\u0107. Ulaz [&hellip;]<\/p>\n","protected":false},"author":7,"featured_media":63929,"comment_status":"open","ping_status":"open","sticky":false,"template":"","format":"standard","meta":{"footnotes":""},"categories":[283,11],"tags":[3354],"class_list":{"0":"post-63928","1":"post","2":"type-post","3":"status-publish","4":"format-standard","5":"has-post-thumbnail","7":"category-a","8":"category-metkovic-dolina","9":"tag-metkovsko-ljeto-2018"},"yoast_head":"<!-- This site is optimized with the Yoast SEO plugin v25.2 - https:\/\/yoast.com\/wordpress\/plugins\/seo\/ -->\n<title>&quot;Metkovsko ljeto 2018.&quot; po\u010dinje predstavom za djecu i koncertom \u0110anija Stipani\u010deva - likemetkovic.hr<\/title>\n<meta name=\"robots\" content=\"index, follow, max-snippet:-1, max-image-preview:large, max-video-preview:-1\" \/>\n<link rel=\"canonical\" href=\"https:\/\/likemetkovic.hr\/metkovsko-ljeto-2018-pocinje-predstavom-za-djecu-i-koncertom-danija-stipaniceva\/\" \/>\n<meta property=\"og:locale\" content=\"hr_HR\" \/>\n<meta property=\"og:type\" content=\"article\" \/>\n<meta property=\"og:title\" content=\"&quot;Metkovsko ljeto 2018.&quot; po\u010dinje predstavom za djecu i koncertom \u0110anija Stipani\u010deva - likemetkovic.hr\" \/>\n<meta property=\"og:description\" content=\"Pred nama je jo\u0161 jedno Metkovsko ljeto. Ovogodi\u0161nji program po\u010dinje u subotu, 23. lipnja u 20 sati\u00a0s predstavom za djecu i odrasle Trio-la la la u Gradskome parku. Rije\u010d je o veselom putuju\u0107em cirkuskom cabaretu na sklapanje i rasklapanje koji traje 40 minuta i u kojem igraju Iva Peter Dragan, Nikolina Majdak, Damir Mihaljevi\u0107. Ulaz [&hellip;]\" \/>\n<meta property=\"og:url\" content=\"https:\/\/likemetkovic.hr\/metkovsko-ljeto-2018-pocinje-predstavom-za-djecu-i-koncertom-danija-stipaniceva\/\" \/>\n<meta property=\"og:site_name\" content=\"likemetkovic.hr\" \/>\n<meta property=\"article:publisher\" content=\"https:\/\/www.facebook.com\/likemetkovic.hr\/\" \/>\n<meta property=\"article:published_time\" content=\"2018-06-18T10:27:25+00:00\" \/>\n<meta property=\"article:modified_time\" content=\"2018-06-18T10:28:22+00:00\" \/>\n<meta property=\"og:image\" content=\"https:\/\/likemetkovic.hr\/wp-content\/uploads\/2018\/06\/metkovsko-ljeto-najava.jpg\" \/>\n\t<meta property=\"og:image:width\" content=\"800\" \/>\n\t<meta property=\"og:image:height\" content=\"500\" \/>\n\t<meta property=\"og:image:type\" content=\"image\/jpeg\" \/>\n<meta name=\"author\" content=\"LIKEmetkovic.hr\" \/>\n<meta name=\"twitter:card\" content=\"summary_large_image\" \/>\n<meta name=\"twitter:label1\" content=\"Napisao\/la\" \/>\n\t<meta name=\"twitter:data1\" content=\"LIKEmetkovic.hr\" \/>\n<script type=\"application\/ld+json\" class=\"yoast-schema-graph\">{\"@context\":\"https:\/\/schema.org\",\"@graph\":[{\"@type\":\"WebPage\",\"@id\":\"https:\/\/likemetkovic.hr\/metkovsko-ljeto-2018-pocinje-predstavom-za-djecu-i-koncertom-danija-stipaniceva\/\",\"url\":\"https:\/\/likemetkovic.hr\/metkovsko-ljeto-2018-pocinje-predstavom-za-djecu-i-koncertom-danija-stipaniceva\/\",\"name\":\"\\\"Metkovsko ljeto 2018.\\\" po\u010dinje predstavom za djecu i koncertom \u0110anija Stipani\u010deva - likemetkovic.hr\",\"isPartOf\":{\"@id\":\"https:\/\/likemetkovic.hr\/#website\"},\"primaryImageOfPage\":{\"@id\":\"https:\/\/likemetkovic.hr\/metkovsko-ljeto-2018-pocinje-predstavom-za-djecu-i-koncertom-danija-stipaniceva\/#primaryimage\"},\"image\":{\"@id\":\"https:\/\/likemetkovic.hr\/metkovsko-ljeto-2018-pocinje-predstavom-za-djecu-i-koncertom-danija-stipaniceva\/#primaryimage\"},\"thumbnailUrl\":\"https:\/\/likemetkovic.hr\/portal\/wp-content\/uploads\/2018\/06\/metkovsko-ljeto-najava.jpg\",\"datePublished\":\"2018-06-18T10:27:25+00:00\",\"dateModified\":\"2018-06-18T10:28:22+00:00\",\"author\":{\"@id\":\"https:\/\/likemetkovic.hr\/#\/schema\/person\/a42711f3385a0e2be6f7e0443bfb28f0\"},\"breadcrumb\":{\"@id\":\"https:\/\/likemetkovic.hr\/metkovsko-ljeto-2018-pocinje-predstavom-za-djecu-i-koncertom-danija-stipaniceva\/#breadcrumb\"},\"inLanguage\":\"hr\",\"potentialAction\":[{\"@type\":\"ReadAction\",\"target\":[\"https:\/\/likemetkovic.hr\/metkovsko-ljeto-2018-pocinje-predstavom-za-djecu-i-koncertom-danija-stipaniceva\/\"]}]},{\"@type\":\"ImageObject\",\"inLanguage\":\"hr\",\"@id\":\"https:\/\/likemetkovic.hr\/metkovsko-ljeto-2018-pocinje-predstavom-za-djecu-i-koncertom-danija-stipaniceva\/#primaryimage\",\"url\":\"https:\/\/likemetkovic.hr\/portal\/wp-content\/uploads\/2018\/06\/metkovsko-ljeto-najava.jpg\",\"contentUrl\":\"https:\/\/likemetkovic.hr\/portal\/wp-content\/uploads\/2018\/06\/metkovsko-ljeto-najava.jpg\",\"width\":800,\"height\":500},{\"@type\":\"BreadcrumbList\",\"@id\":\"https:\/\/likemetkovic.hr\/metkovsko-ljeto-2018-pocinje-predstavom-za-djecu-i-koncertom-danija-stipaniceva\/#breadcrumb\",\"itemListElement\":[{\"@type\":\"ListItem\",\"position\":1,\"name\":\"Po\u010detna stranica\",\"item\":\"https:\/\/likemetkovic.hr\/portal\/\"},{\"@type\":\"ListItem\",\"position\":2,\"name\":\"&#8220;Metkovsko ljeto 2018.&#8221; po\u010dinje predstavom za djecu i koncertom \u0110anija Stipani\u010deva\"}]},{\"@type\":\"WebSite\",\"@id\":\"https:\/\/likemetkovic.hr\/#website\",\"url\":\"https:\/\/likemetkovic.hr\/\",\"name\":\"likemetkovic.hr\",\"description\":\"Misli pozitivno... \u010ditaj LIKE\",\"potentialAction\":[{\"@type\":\"SearchAction\",\"target\":{\"@type\":\"EntryPoint\",\"urlTemplate\":\"https:\/\/likemetkovic.hr\/?s={search_term_string}\"},\"query-input\":{\"@type\":\"PropertyValueSpecification\",\"valueRequired\":true,\"valueName\":\"search_term_string\"}}],\"inLanguage\":\"hr\"},{\"@type\":\"Person\",\"@id\":\"https:\/\/likemetkovic.hr\/#\/schema\/person\/a42711f3385a0e2be6f7e0443bfb28f0\",\"name\":\"LIKEmetkovic.hr\",\"sameAs\":[\"http:\/\/likemetkovic.hr\"],\"url\":\"https:\/\/likemetkovic.hr\/portal\/author\/likemetkovic-hr\/\"}]}<\/script>\n<!-- \/ Yoast SEO plugin. -->","yoast_head_json":{"title":"\"Metkovsko ljeto 2018.\" po\u010dinje predstavom za djecu i koncertom \u0110anija Stipani\u010deva - likemetkovic.hr","robots":{"index":"index","follow":"follow","max-snippet":"max-snippet:-1","max-image-preview":"max-image-preview:large","max-video-preview":"max-video-preview:-1"},"canonical":"https:\/\/likemetkovic.hr\/metkovsko-ljeto-2018-pocinje-predstavom-za-djecu-i-koncertom-danija-stipaniceva\/","og_locale":"hr_HR","og_type":"article","og_title":"\"Metkovsko ljeto 2018.\" po\u010dinje predstavom za djecu i koncertom \u0110anija Stipani\u010deva - likemetkovic.hr","og_description":"Pred nama je jo\u0161 jedno Metkovsko ljeto. Ovogodi\u0161nji program po\u010dinje u subotu, 23. lipnja u 20 sati\u00a0s predstavom za djecu i odrasle Trio-la la la u Gradskome parku. Rije\u010d je o veselom putuju\u0107em cirkuskom cabaretu na sklapanje i rasklapanje koji traje 40 minuta i u kojem igraju Iva Peter Dragan, Nikolina Majdak, Damir Mihaljevi\u0107. Ulaz [&hellip;]","og_url":"https:\/\/likemetkovic.hr\/metkovsko-ljeto-2018-pocinje-predstavom-za-djecu-i-koncertom-danija-stipaniceva\/","og_site_name":"likemetkovic.hr","article_publisher":"https:\/\/www.facebook.com\/likemetkovic.hr\/","article_published_time":"2018-06-18T10:27:25+00:00","article_modified_time":"2018-06-18T10:28:22+00:00","og_image":[{"width":800,"height":500,"url":"https:\/\/likemetkovic.hr\/wp-content\/uploads\/2018\/06\/metkovsko-ljeto-najava.jpg","type":"image\/jpeg"}],"author":"LIKEmetkovic.hr","twitter_card":"summary_large_image","twitter_misc":{"Napisao\/la":"LIKEmetkovic.hr"},"schema":{"@context":"https:\/\/schema.org","@graph":[{"@type":"WebPage","@id":"https:\/\/likemetkovic.hr\/metkovsko-ljeto-2018-pocinje-predstavom-za-djecu-i-koncertom-danija-stipaniceva\/","url":"https:\/\/likemetkovic.hr\/metkovsko-ljeto-2018-pocinje-predstavom-za-djecu-i-koncertom-danija-stipaniceva\/","name":"\"Metkovsko ljeto 2018.\" po\u010dinje predstavom za djecu i koncertom \u0110anija Stipani\u010deva - likemetkovic.hr","isPartOf":{"@id":"https:\/\/likemetkovic.hr\/#website"},"primaryImageOfPage":{"@id":"https:\/\/likemetkovic.hr\/metkovsko-ljeto-2018-pocinje-predstavom-za-djecu-i-koncertom-danija-stipaniceva\/#primaryimage"},"image":{"@id":"https:\/\/likemetkovic.hr\/metkovsko-ljeto-2018-pocinje-predstavom-za-djecu-i-koncertom-danija-stipaniceva\/#primaryimage"},"thumbnailUrl":"https:\/\/likemetkovic.hr\/portal\/wp-content\/uploads\/2018\/06\/metkovsko-ljeto-najava.jpg","datePublished":"2018-06-18T10:27:25+00:00","dateModified":"2018-06-18T10:28:22+00:00","author":{"@id":"https:\/\/likemetkovic.hr\/#\/schema\/person\/a42711f3385a0e2be6f7e0443bfb28f0"},"breadcrumb":{"@id":"https:\/\/likemetkovic.hr\/metkovsko-ljeto-2018-pocinje-predstavom-za-djecu-i-koncertom-danija-stipaniceva\/#breadcrumb"},"inLanguage":"hr","potentialAction":[{"@type":"ReadAction","target":["https:\/\/likemetkovic.hr\/metkovsko-ljeto-2018-pocinje-predstavom-za-djecu-i-koncertom-danija-stipaniceva\/"]}]},{"@type":"ImageObject","inLanguage":"hr","@id":"https:\/\/likemetkovic.hr\/metkovsko-ljeto-2018-pocinje-predstavom-za-djecu-i-koncertom-danija-stipaniceva\/#primaryimage","url":"https:\/\/likemetkovic.hr\/portal\/wp-content\/uploads\/2018\/06\/metkovsko-ljeto-najava.jpg","contentUrl":"https:\/\/likemetkovic.hr\/portal\/wp-content\/uploads\/2018\/06\/metkovsko-ljeto-najava.jpg","width":800,"height":500},{"@type":"BreadcrumbList","@id":"https:\/\/likemetkovic.hr\/metkovsko-ljeto-2018-pocinje-predstavom-za-djecu-i-koncertom-danija-stipaniceva\/#breadcrumb","itemListElement":[{"@type":"ListItem","position":1,"name":"Po\u010detna stranica","item":"https:\/\/likemetkovic.hr\/portal\/"},{"@type":"ListItem","position":2,"name":"&#8220;Metkovsko ljeto 2018.&#8221; po\u010dinje predstavom za djecu i koncertom \u0110anija Stipani\u010deva"}]},{"@type":"WebSite","@id":"https:\/\/likemetkovic.hr\/#website","url":"https:\/\/likemetkovic.hr\/","name":"likemetkovic.hr","description":"Misli pozitivno... \u010ditaj LIKE","potentialAction":[{"@type":"SearchAction","target":{"@type":"EntryPoint","urlTemplate":"https:\/\/likemetkovic.hr\/?s={search_term_string}"},"query-input":{"@type":"PropertyValueSpecification","valueRequired":true,"valueName":"search_term_string"}}],"inLanguage":"hr"},{"@type":"Person","@id":"https:\/\/likemetkovic.hr\/#\/schema\/person\/a42711f3385a0e2be6f7e0443bfb28f0","name":"LIKEmetkovic.hr","sameAs":["http:\/\/likemetkovic.hr"],"url":"https:\/\/likemetkovic.hr\/portal\/author\/likemetkovic-hr\/"}]}},"_links":{"self":[{"href":"https:\/\/likemetkovic.hr\/portal\/wp-json\/wp\/v2\/posts\/63928","targetHints":{"allow":["GET"]}}],"collection":[{"href":"https:\/\/likemetkovic.hr\/portal\/wp-json\/wp\/v2\/posts"}],"about":[{"href":"https:\/\/likemetkovic.hr\/portal\/wp-json\/wp\/v2\/types\/post"}],"author":[{"embeddable":true,"href":"https:\/\/likemetkovic.hr\/portal\/wp-json\/wp\/v2\/users\/7"}],"replies":[{"embeddable":true,"href":"https:\/\/likemetkovic.hr\/portal\/wp-json\/wp\/v2\/comments?post=63928"}],"version-history":[{"count":0,"href":"https:\/\/likemetkovic.hr\/portal\/wp-json\/wp\/v2\/posts\/63928\/revisions"}],"wp:featuredmedia":[{"embeddable":true,"href":"https:\/\/likemetkovic.hr\/portal\/wp-json\/wp\/v2\/media\/63929"}],"wp:attachment":[{"href":"https:\/\/likemetkovic.hr\/portal\/wp-json\/wp\/v2\/media?parent=63928"}],"wp:term":[{"taxonomy":"category","embeddable":true,"href":"https:\/\/likemetkovic.hr\/portal\/wp-json\/wp\/v2\/categories?post=63928"},{"taxonomy":"post_tag","embeddable":true,"href":"https:\/\/likemetkovic.hr\/portal\/wp-json\/wp\/v2\/tags?post=63928"}],"curies":[{"name":"wp","href":"https:\/\/api.w.org\/{rel}","templated":true}]}}