{"id":63947,"date":"2018-06-19T08:03:22","date_gmt":"2018-06-19T06:03:22","guid":{"rendered":"http:\/\/likemetkovic.hr\/?p=63947"},"modified":"2018-06-19T08:47:25","modified_gmt":"2018-06-19T06:47:25","slug":"ep-metkovic-2018-jos-samo-desetak-dana-do-pocetka-ep-u-kanu-maratonu-na-neretvi","status":"publish","type":"post","link":"https:\/\/likemetkovic.hr\/portal\/ep-metkovic-2018-jos-samo-desetak-dana-do-pocetka-ep-u-kanu-maratonu-na-neretvi\/","title":{"rendered":"EP METKOVI\u0106 2018. Jo\u0161 samo desetak dana do po\u010detka EP u kanu-maratonu na Neretvi"},"content":{"rendered":"<p>Ju\u010der je u Hotelu Narona odr\u017eana konferencija za medije na kojoj su \u010dlanovi <b>Hrvatskoga kajaka\u0161kog saveza<\/b> i<b> Grada Metkovi\u0107a<\/b> javnosti predstavili nadolaze\u0107e <b>Europsko prvenstvo u kanu maratonu 2018.<\/b> koje \u0107e se odr\u017eati u Metkovi\u0107u od 2. do 8. srpnja.<\/p>\n<p>Za Metkovi\u0107 i dolinu Neretve je ovo zna\u010dajan doga\u0111aj jer je prvi put da se na ovom prostoru odr\u017eava europsko prvenstvo i stoga mo\u017eemo slobodno re\u0107i da \u0107e to biti povijesni doga\u0111aj i za sada najve\u0107a sportska manifestacija u Metkovi\u0107u i Dolini.<\/p>\n<p>Prema rasporedu doga\u0111anja 2. i 3. srpnja bit \u0107e utrke veterana, a <b>4. srpnja nave\u010der bit \u0107e sve\u010dano otvorenje<\/b> na Ljetnoj pozornici GKS-a na kojoj \u0107e biti na\u0161a proslavljena skija\u0161ica i predstojnica Sredi\u0161njeg dr\u017eavnog ureda za \u0161port RH <b>Janica Kosateli\u0107<\/b>, predsjednik Europskog kajaka\u0161kog saveza i drugi gosti. Nakon toga slijede utrke juniora i seniora koje su na rasporedu od 5. do 8. srpnja.<\/p>\n<p>Utrke \u0107e biti ujutro od 8,30 do 12 sati i popodne od 17 do 20 sati, a finala u subotu i nedjelju, 7. i 8. srpnja. Sve \u0107e se odvijati na potezu od Lu\u010dkoga mosta do Veletr\u017enice.<\/p>\n<p><img decoding=\"async\" class=\"alignnone size-full wp-image-63949\" src=\"http:\/\/likemetkovic.hr\/wp-content\/uploads\/2018\/06\/ep-kajak-kanu-logo-2.jpg\" alt=\"\" width=\"851\" height=\"315\" srcset=\"https:\/\/likemetkovic.hr\/portal\/wp-content\/uploads\/2018\/06\/ep-kajak-kanu-logo-2.jpg 851w, https:\/\/likemetkovic.hr\/portal\/wp-content\/uploads\/2018\/06\/ep-kajak-kanu-logo-2-800x296.jpg 800w, https:\/\/likemetkovic.hr\/portal\/wp-content\/uploads\/2018\/06\/ep-kajak-kanu-logo-2-768x284.jpg 768w, https:\/\/likemetkovic.hr\/portal\/wp-content\/uploads\/2018\/06\/ep-kajak-kanu-logo-2-696x258.jpg 696w\" sizes=\"(max-width: 851px) 100vw, 851px\" \/><\/p>\n<p>Dogradona\u010delnik <b>Damir Rai\u010d<\/b> je naglasio da se pravi benefiti ovoga doga\u0111aja mogu o\u010dekivati nakon prvenstva iz razloga \u0161to \u0107e ovo biti prilika da se \u0161iroj sportskoj javnosti predstavi potencijal ovoga prostora, prije svega za vodene sportove.<\/p>\n<p>Predsjednik Hrvatskoga kajaka\u0161koga saveza <b>Marko \u0106urkovi\u0107<\/b> je zahvalio Gradu i gradona\u010delnicima, jer se ovaj doga\u0111aj priprema od 2015. godine, na podr\u0161ci. Ve\u0107 sada se zna da \u0107e svi smje\u0161tajni kapaciteti od Plo\u010da do Metkovi\u0107a biti popunjeni. Sto\u017ee nam p<b>reko 600 natjecatelja iz 25 europskih zemalja. <\/b>On je naglasio da oni ve\u0107 odavno znaju za odli\u010dne uvijete koje rijeka Nerteva ima za vesla\u010dke sportove i da je sada prilika da to vide i strani sporta\u0161i. Najve\u0107a skupina sporta\u0161a dolazi iz Ma\u0111arske, \u010dak 47 natjecatelja, koja je uz \u0160panjolsku i Portugal europska velesila u ovom sportu. Na\u0161a reprezentacija nastupa s 11 natjecatelja.<\/p>\n<p>Tajnik <i>Europske kajaka\u0161ke asocijacije<\/i> i <i>Hrvatskoga kajaka\u0161koga saveza<\/i> <b>Branko Lovri\u0107<\/b> napomenuo je da je glavni pokrovitelj EP u kanu maratonu Metkovi\u0107 2018. <i>Sredi\u0161nji dr\u017eavni ured za \u0161port RH <\/i>i<i> Grad Metkovi\u0107<\/i>. Potrebna infrastuktura \u0107e biti dopremljena montirana ovih dana: od pontona, tribina do mjernih instrumenata. Doga\u0111aj \u0107e televizijski prijenositi <b>Sportska televizija<\/b>. Utrke u ukupnoj du\u017eini od 32 kilometra vozit \u0107e se kru\u017eno: start \u0107e biti kod Lu\u010dkoga mosta, a okret kod Velike tr\u017enice s izlazom na Maloj rivi jer jedan dio staze vesla\u010di moraju nositi svoje kanue. Lovri\u0107 se posebno zahvalio <b>Vesla\u010dkom klubu Neretvanski gusar<\/b> \u010diji \u010dlanovi su odradili veliki posao u organizaciji cijeloga doga\u0111aja.<\/p>\n<p>Predsjednik <i>\u0160porstke zajednice<\/i> Grada Metkovi\u0107a <b>Ante Zovko<\/b> je naglasio da \u0107e zbog odr\u017eavanja ovoga prvenstva biti posebna regulacija prometa u ulici Hrvatskih iseljenika i na Trgu kralja Tomislava. Medijski promid\u017ebu EP-a provodi <b>Turisti\u010dka zajednica Grada Metkovi\u0107a<\/b>.<\/p>\n<p>Na kraju je Damir Rai\u010d pozvao sve koji \u017eele biti <b>volonteri<\/b>, prije svega je mislio na mlade i djecu starijega uzrasta, da se jave u Sportsku zajednicu. Na konferenciji je jo\u0161 bio prisutan <b>Ivica Popovi\u0107<\/b>, predsjednik Organizacijskoga odbora.<\/p>\n<p>Uskoro \u0107emo vas op\u0161irnije izvijestiti o zanimljivostima vezanima na nadolaze\u0107e Europsko prvenstvo u kanu-maratonu na Neretvi.<\/p>\n","protected":false},"excerpt":{"rendered":"<p>Ju\u010der je u Hotelu Narona odr\u017eana konferencija za medije na kojoj su \u010dlanovi Hrvatskoga kajaka\u0161kog saveza i Grada Metkovi\u0107a javnosti predstavili nadolaze\u0107e Europsko prvenstvo u kanu maratonu 2018. koje \u0107e se odr\u017eati u Metkovi\u0107u od 2. do 8. srpnja. Za Metkovi\u0107 i dolinu Neretve je ovo zna\u010dajan doga\u0111aj jer je prvi put da se na [&hellip;]<\/p>\n","protected":false},"author":7,"featured_media":63948,"comment_status":"open","ping_status":"open","sticky":false,"template":"","format":"standard","meta":{"footnotes":""},"categories":[283,10],"tags":[3356,380],"class_list":{"0":"post-63947","1":"post","2":"type-post","3":"status-publish","4":"format-standard","5":"has-post-thumbnail","7":"category-a","8":"category-sport","9":"tag-europsko-prvenstvo-kanu-maraton-2018","10":"tag-metkovic"},"yoast_head":"<!-- This site is optimized with the Yoast SEO plugin v25.2 - https:\/\/yoast.com\/wordpress\/plugins\/seo\/ -->\n<title>EP METKOVI\u0106 2018. Jo\u0161 samo desetak dana do po\u010detka EP u kanu-maratonu na Neretvi - likemetkovic.hr<\/title>\n<meta name=\"robots\" content=\"index, follow, max-snippet:-1, max-image-preview:large, max-video-preview:-1\" \/>\n<link rel=\"canonical\" href=\"https:\/\/likemetkovic.hr\/ep-metkovic-2018-jos-samo-desetak-dana-do-pocetka-ep-u-kanu-maratonu-na-neretvi\/\" \/>\n<meta property=\"og:locale\" content=\"hr_HR\" \/>\n<meta property=\"og:type\" content=\"article\" \/>\n<meta property=\"og:title\" content=\"EP METKOVI\u0106 2018. Jo\u0161 samo desetak dana do po\u010detka EP u kanu-maratonu na Neretvi - likemetkovic.hr\" \/>\n<meta property=\"og:description\" content=\"Ju\u010der je u Hotelu Narona odr\u017eana konferencija za medije na kojoj su \u010dlanovi Hrvatskoga kajaka\u0161kog saveza i Grada Metkovi\u0107a javnosti predstavili nadolaze\u0107e Europsko prvenstvo u kanu maratonu 2018. koje \u0107e se odr\u017eati u Metkovi\u0107u od 2. do 8. srpnja. Za Metkovi\u0107 i dolinu Neretve je ovo zna\u010dajan doga\u0111aj jer je prvi put da se na [&hellip;]\" \/>\n<meta property=\"og:url\" content=\"https:\/\/likemetkovic.hr\/ep-metkovic-2018-jos-samo-desetak-dana-do-pocetka-ep-u-kanu-maratonu-na-neretvi\/\" \/>\n<meta property=\"og:site_name\" content=\"likemetkovic.hr\" \/>\n<meta property=\"article:publisher\" content=\"https:\/\/www.facebook.com\/likemetkovic.hr\/\" \/>\n<meta property=\"article:published_time\" content=\"2018-06-19T06:03:22+00:00\" \/>\n<meta property=\"article:modified_time\" content=\"2018-06-19T06:47:25+00:00\" \/>\n<meta property=\"og:image\" content=\"https:\/\/likemetkovic.hr\/wp-content\/uploads\/2018\/06\/EP-kajak-kanu-konferencija-1.jpg\" \/>\n\t<meta property=\"og:image:width\" content=\"800\" \/>\n\t<meta property=\"og:image:height\" content=\"534\" \/>\n\t<meta property=\"og:image:type\" content=\"image\/jpeg\" \/>\n<meta name=\"author\" content=\"LIKEmetkovic.hr\" \/>\n<meta name=\"twitter:card\" content=\"summary_large_image\" \/>\n<meta name=\"twitter:label1\" content=\"Napisao\/la\" \/>\n\t<meta name=\"twitter:data1\" content=\"LIKEmetkovic.hr\" \/>\n\t<meta name=\"twitter:label2\" content=\"Procijenjeno vrijeme \u010ditanja\" \/>\n\t<meta name=\"twitter:data2\" content=\"3 minute\" \/>\n<script type=\"application\/ld+json\" class=\"yoast-schema-graph\">{\"@context\":\"https:\/\/schema.org\",\"@graph\":[{\"@type\":\"WebPage\",\"@id\":\"https:\/\/likemetkovic.hr\/ep-metkovic-2018-jos-samo-desetak-dana-do-pocetka-ep-u-kanu-maratonu-na-neretvi\/\",\"url\":\"https:\/\/likemetkovic.hr\/ep-metkovic-2018-jos-samo-desetak-dana-do-pocetka-ep-u-kanu-maratonu-na-neretvi\/\",\"name\":\"EP METKOVI\u0106 2018. Jo\u0161 samo desetak dana do po\u010detka EP u kanu-maratonu na Neretvi - likemetkovic.hr\",\"isPartOf\":{\"@id\":\"https:\/\/likemetkovic.hr\/#website\"},\"primaryImageOfPage\":{\"@id\":\"https:\/\/likemetkovic.hr\/ep-metkovic-2018-jos-samo-desetak-dana-do-pocetka-ep-u-kanu-maratonu-na-neretvi\/#primaryimage\"},\"image\":{\"@id\":\"https:\/\/likemetkovic.hr\/ep-metkovic-2018-jos-samo-desetak-dana-do-pocetka-ep-u-kanu-maratonu-na-neretvi\/#primaryimage\"},\"thumbnailUrl\":\"https:\/\/likemetkovic.hr\/portal\/wp-content\/uploads\/2018\/06\/EP-kajak-kanu-konferencija-1.jpg\",\"datePublished\":\"2018-06-19T06:03:22+00:00\",\"dateModified\":\"2018-06-19T06:47:25+00:00\",\"author\":{\"@id\":\"https:\/\/likemetkovic.hr\/#\/schema\/person\/a42711f3385a0e2be6f7e0443bfb28f0\"},\"breadcrumb\":{\"@id\":\"https:\/\/likemetkovic.hr\/ep-metkovic-2018-jos-samo-desetak-dana-do-pocetka-ep-u-kanu-maratonu-na-neretvi\/#breadcrumb\"},\"inLanguage\":\"hr\",\"potentialAction\":[{\"@type\":\"ReadAction\",\"target\":[\"https:\/\/likemetkovic.hr\/ep-metkovic-2018-jos-samo-desetak-dana-do-pocetka-ep-u-kanu-maratonu-na-neretvi\/\"]}]},{\"@type\":\"ImageObject\",\"inLanguage\":\"hr\",\"@id\":\"https:\/\/likemetkovic.hr\/ep-metkovic-2018-jos-samo-desetak-dana-do-pocetka-ep-u-kanu-maratonu-na-neretvi\/#primaryimage\",\"url\":\"https:\/\/likemetkovic.hr\/portal\/wp-content\/uploads\/2018\/06\/EP-kajak-kanu-konferencija-1.jpg\",\"contentUrl\":\"https:\/\/likemetkovic.hr\/portal\/wp-content\/uploads\/2018\/06\/EP-kajak-kanu-konferencija-1.jpg\",\"width\":800,\"height\":534},{\"@type\":\"BreadcrumbList\",\"@id\":\"https:\/\/likemetkovic.hr\/ep-metkovic-2018-jos-samo-desetak-dana-do-pocetka-ep-u-kanu-maratonu-na-neretvi\/#breadcrumb\",\"itemListElement\":[{\"@type\":\"ListItem\",\"position\":1,\"name\":\"Po\u010detna stranica\",\"item\":\"https:\/\/likemetkovic.hr\/portal\/\"},{\"@type\":\"ListItem\",\"position\":2,\"name\":\"EP METKOVI\u0106 2018. Jo\u0161 samo desetak dana do po\u010detka EP u kanu-maratonu na Neretvi\"}]},{\"@type\":\"WebSite\",\"@id\":\"https:\/\/likemetkovic.hr\/#website\",\"url\":\"https:\/\/likemetkovic.hr\/\",\"name\":\"likemetkovic.hr\",\"description\":\"Misli pozitivno... \u010ditaj LIKE\",\"potentialAction\":[{\"@type\":\"SearchAction\",\"target\":{\"@type\":\"EntryPoint\",\"urlTemplate\":\"https:\/\/likemetkovic.hr\/?s={search_term_string}\"},\"query-input\":{\"@type\":\"PropertyValueSpecification\",\"valueRequired\":true,\"valueName\":\"search_term_string\"}}],\"inLanguage\":\"hr\"},{\"@type\":\"Person\",\"@id\":\"https:\/\/likemetkovic.hr\/#\/schema\/person\/a42711f3385a0e2be6f7e0443bfb28f0\",\"name\":\"LIKEmetkovic.hr\",\"sameAs\":[\"http:\/\/likemetkovic.hr\"],\"url\":\"https:\/\/likemetkovic.hr\/portal\/author\/likemetkovic-hr\/\"}]}<\/script>\n<!-- \/ Yoast SEO plugin. -->","yoast_head_json":{"title":"EP METKOVI\u0106 2018. Jo\u0161 samo desetak dana do po\u010detka EP u kanu-maratonu na Neretvi - likemetkovic.hr","robots":{"index":"index","follow":"follow","max-snippet":"max-snippet:-1","max-image-preview":"max-image-preview:large","max-video-preview":"max-video-preview:-1"},"canonical":"https:\/\/likemetkovic.hr\/ep-metkovic-2018-jos-samo-desetak-dana-do-pocetka-ep-u-kanu-maratonu-na-neretvi\/","og_locale":"hr_HR","og_type":"article","og_title":"EP METKOVI\u0106 2018. Jo\u0161 samo desetak dana do po\u010detka EP u kanu-maratonu na Neretvi - likemetkovic.hr","og_description":"Ju\u010der je u Hotelu Narona odr\u017eana konferencija za medije na kojoj su \u010dlanovi Hrvatskoga kajaka\u0161kog saveza i Grada Metkovi\u0107a javnosti predstavili nadolaze\u0107e Europsko prvenstvo u kanu maratonu 2018. koje \u0107e se odr\u017eati u Metkovi\u0107u od 2. do 8. srpnja. Za Metkovi\u0107 i dolinu Neretve je ovo zna\u010dajan doga\u0111aj jer je prvi put da se na [&hellip;]","og_url":"https:\/\/likemetkovic.hr\/ep-metkovic-2018-jos-samo-desetak-dana-do-pocetka-ep-u-kanu-maratonu-na-neretvi\/","og_site_name":"likemetkovic.hr","article_publisher":"https:\/\/www.facebook.com\/likemetkovic.hr\/","article_published_time":"2018-06-19T06:03:22+00:00","article_modified_time":"2018-06-19T06:47:25+00:00","og_image":[{"width":800,"height":534,"url":"https:\/\/likemetkovic.hr\/wp-content\/uploads\/2018\/06\/EP-kajak-kanu-konferencija-1.jpg","type":"image\/jpeg"}],"author":"LIKEmetkovic.hr","twitter_card":"summary_large_image","twitter_misc":{"Napisao\/la":"LIKEmetkovic.hr","Procijenjeno vrijeme \u010ditanja":"3 minute"},"schema":{"@context":"https:\/\/schema.org","@graph":[{"@type":"WebPage","@id":"https:\/\/likemetkovic.hr\/ep-metkovic-2018-jos-samo-desetak-dana-do-pocetka-ep-u-kanu-maratonu-na-neretvi\/","url":"https:\/\/likemetkovic.hr\/ep-metkovic-2018-jos-samo-desetak-dana-do-pocetka-ep-u-kanu-maratonu-na-neretvi\/","name":"EP METKOVI\u0106 2018. Jo\u0161 samo desetak dana do po\u010detka EP u kanu-maratonu na Neretvi - likemetkovic.hr","isPartOf":{"@id":"https:\/\/likemetkovic.hr\/#website"},"primaryImageOfPage":{"@id":"https:\/\/likemetkovic.hr\/ep-metkovic-2018-jos-samo-desetak-dana-do-pocetka-ep-u-kanu-maratonu-na-neretvi\/#primaryimage"},"image":{"@id":"https:\/\/likemetkovic.hr\/ep-metkovic-2018-jos-samo-desetak-dana-do-pocetka-ep-u-kanu-maratonu-na-neretvi\/#primaryimage"},"thumbnailUrl":"https:\/\/likemetkovic.hr\/portal\/wp-content\/uploads\/2018\/06\/EP-kajak-kanu-konferencija-1.jpg","datePublished":"2018-06-19T06:03:22+00:00","dateModified":"2018-06-19T06:47:25+00:00","author":{"@id":"https:\/\/likemetkovic.hr\/#\/schema\/person\/a42711f3385a0e2be6f7e0443bfb28f0"},"breadcrumb":{"@id":"https:\/\/likemetkovic.hr\/ep-metkovic-2018-jos-samo-desetak-dana-do-pocetka-ep-u-kanu-maratonu-na-neretvi\/#breadcrumb"},"inLanguage":"hr","potentialAction":[{"@type":"ReadAction","target":["https:\/\/likemetkovic.hr\/ep-metkovic-2018-jos-samo-desetak-dana-do-pocetka-ep-u-kanu-maratonu-na-neretvi\/"]}]},{"@type":"ImageObject","inLanguage":"hr","@id":"https:\/\/likemetkovic.hr\/ep-metkovic-2018-jos-samo-desetak-dana-do-pocetka-ep-u-kanu-maratonu-na-neretvi\/#primaryimage","url":"https:\/\/likemetkovic.hr\/portal\/wp-content\/uploads\/2018\/06\/EP-kajak-kanu-konferencija-1.jpg","contentUrl":"https:\/\/likemetkovic.hr\/portal\/wp-content\/uploads\/2018\/06\/EP-kajak-kanu-konferencija-1.jpg","width":800,"height":534},{"@type":"BreadcrumbList","@id":"https:\/\/likemetkovic.hr\/ep-metkovic-2018-jos-samo-desetak-dana-do-pocetka-ep-u-kanu-maratonu-na-neretvi\/#breadcrumb","itemListElement":[{"@type":"ListItem","position":1,"name":"Po\u010detna stranica","item":"https:\/\/likemetkovic.hr\/portal\/"},{"@type":"ListItem","position":2,"name":"EP METKOVI\u0106 2018. Jo\u0161 samo desetak dana do po\u010detka EP u kanu-maratonu na Neretvi"}]},{"@type":"WebSite","@id":"https:\/\/likemetkovic.hr\/#website","url":"https:\/\/likemetkovic.hr\/","name":"likemetkovic.hr","description":"Misli pozitivno... \u010ditaj LIKE","potentialAction":[{"@type":"SearchAction","target":{"@type":"EntryPoint","urlTemplate":"https:\/\/likemetkovic.hr\/?s={search_term_string}"},"query-input":{"@type":"PropertyValueSpecification","valueRequired":true,"valueName":"search_term_string"}}],"inLanguage":"hr"},{"@type":"Person","@id":"https:\/\/likemetkovic.hr\/#\/schema\/person\/a42711f3385a0e2be6f7e0443bfb28f0","name":"LIKEmetkovic.hr","sameAs":["http:\/\/likemetkovic.hr"],"url":"https:\/\/likemetkovic.hr\/portal\/author\/likemetkovic-hr\/"}]}},"_links":{"self":[{"href":"https:\/\/likemetkovic.hr\/portal\/wp-json\/wp\/v2\/posts\/63947","targetHints":{"allow":["GET"]}}],"collection":[{"href":"https:\/\/likemetkovic.hr\/portal\/wp-json\/wp\/v2\/posts"}],"about":[{"href":"https:\/\/likemetkovic.hr\/portal\/wp-json\/wp\/v2\/types\/post"}],"author":[{"embeddable":true,"href":"https:\/\/likemetkovic.hr\/portal\/wp-json\/wp\/v2\/users\/7"}],"replies":[{"embeddable":true,"href":"https:\/\/likemetkovic.hr\/portal\/wp-json\/wp\/v2\/comments?post=63947"}],"version-history":[{"count":0,"href":"https:\/\/likemetkovic.hr\/portal\/wp-json\/wp\/v2\/posts\/63947\/revisions"}],"wp:featuredmedia":[{"embeddable":true,"href":"https:\/\/likemetkovic.hr\/portal\/wp-json\/wp\/v2\/media\/63948"}],"wp:attachment":[{"href":"https:\/\/likemetkovic.hr\/portal\/wp-json\/wp\/v2\/media?parent=63947"}],"wp:term":[{"taxonomy":"category","embeddable":true,"href":"https:\/\/likemetkovic.hr\/portal\/wp-json\/wp\/v2\/categories?post=63947"},{"taxonomy":"post_tag","embeddable":true,"href":"https:\/\/likemetkovic.hr\/portal\/wp-json\/wp\/v2\/tags?post=63947"}],"curies":[{"name":"wp","href":"https:\/\/api.w.org\/{rel}","templated":true}]}}