{"id":64029,"date":"2018-06-20T10:04:39","date_gmt":"2018-06-20T08:04:39","guid":{"rendered":"http:\/\/likemetkovic.hr\/?p=64029"},"modified":"2018-06-20T09:14:51","modified_gmt":"2018-06-20T07:14:51","slug":"utvrdeno-17-zarazenih-ospicama-tri-nova-slucaja-su-djeca","status":"publish","type":"post","link":"https:\/\/likemetkovic.hr\/portal\/utvrdeno-17-zarazenih-ospicama-tri-nova-slucaja-su-djeca\/","title":{"rendered":"Iz Zavoda za javno zdravstvo: utvr\u0111eno 17 slu\u010dajeva ospica, tri nova slu\u010daja su djeca"},"content":{"rendered":"<p>Iz Zavoda za javno zdravstvo na\u0161e \u017eupanije poslali su obavijest za javnost vezano uz pojavu slu\u010dajeva ospica o trenuta\u010dnoj situaciji.Kako navode od\u00a0\u00a025.5.2018. g. do 18.06.2018. g. u Dubrova\u010dko-neretvanskoj \u017eupaniji utvr\u0111eno je 17 slu\u010dajeva ospica. Tri nova oboljela su mala djeca, od \u010dega su dvoje vrti\u0107ke dobi, no u vrijeme zaraznosti nisu poha\u0111ala dje\u010dje vrti\u0107e. Jedno dijete je hospitalizirano.<\/p>\n<p>Svi gra\u0111ani koji imaju osip neka se telefonom jave svom izabranom lije\u010dniku\/pedijatru, te se dogovore o daljnjem postupanju.<\/p>\n<p>Obavje\u0161tavamo sve gra\u0111ane koji razviju simptome koji mogu upu\u0107ivati na po\u010detne simptome ospica (povi\u0161ena temperatura, curenje nosa, ka\u0161alj, crvenilo o\u010diju) a iz bilo kojeg razloga sumnjaju da su se zarazili virusom ospica (npr. bili su u kontaktu s osobom oboljelom od ospica ili s osobom koja je imala osip uz povi\u0161enu tjelesnu temperaturu, u zadnjih 3 tjedna od pojave simptoma bili su u zdravstvenoj ustanovi) da u\u010dine slijede\u0107e:<\/p>\n<ul>\n<li>Ne odlaze u ordinacije lije\u010dnika obiteljske medicine, pedijatara, zavode za hitnu medicinu ve\u0107 da se PRVO telefonom jave svom lije\u010dniku obiteljske medicine \/ pedijatru i pojasne im simptome.<\/li>\n<li>U slu\u010daju opravdane sumnje, lije\u010dnik obiteljske medicine \/ pedijatar uputit \u0107e pacijenta direktno na Infektolo\u0161ki odjel OB Dubrovnik i to na stra\u017enji ulaz bolnice (cestom iza glavnog ulaza u bolnicu). Treba paziti da pri tome budu u kontaktu sa \u0161to manjim brojem ljudi.<\/li>\n<\/ul>\n<p>Ove upute trenutno su va\u017ee\u0107e i podlo\u017ene su promjenama sukladno razvoju situacije.<br \/>\nPozivamo sve roditelje\/skrbnike\/staratelje da cijepe svu necijepljenu djecu. Tako\u0111er, pozivamo na cijepljenje sve neza\u0161ti\u0107ene zdravstvene radnike i radnike dje\u010djih vrti\u0107a.<\/p>\n","protected":false},"excerpt":{"rendered":"<p>Iz Zavoda za javno zdravstvo na\u0161e \u017eupanije poslali su obavijest za javnost vezano uz pojavu slu\u010dajeva ospica o trenuta\u010dnoj situaciji.Kako navode od\u00a0\u00a025.5.2018. g. do 18.06.2018. g. u Dubrova\u010dko-neretvanskoj \u017eupaniji utvr\u0111eno je 17 slu\u010dajeva ospica. Tri nova oboljela su mala djeca, od \u010dega su dvoje vrti\u0107ke dobi, no u vrijeme zaraznosti nisu poha\u0111ala dje\u010dje vrti\u0107e. Jedno [&hellip;]<\/p>\n","protected":false},"author":7,"featured_media":63824,"comment_status":"open","ping_status":"open","sticky":false,"template":"","format":"standard","meta":{"footnotes":""},"categories":[296,300],"tags":[2240,3328],"class_list":{"0":"post-64029","1":"post","2":"type-post","3":"status-publish","4":"format-standard","5":"has-post-thumbnail","7":"category-ab","8":"category-zupanija","9":"tag-ospice","10":"tag-zavod-za-javno-zdravstvo"},"yoast_head":"<!-- This site is optimized with the Yoast SEO plugin v25.2 - https:\/\/yoast.com\/wordpress\/plugins\/seo\/ -->\n<title>Iz Zavoda za javno zdravstvo: utvr\u0111eno 17 slu\u010dajeva ospica, tri nova slu\u010daja su djeca - likemetkovic.hr<\/title>\n<meta name=\"robots\" content=\"index, follow, max-snippet:-1, max-image-preview:large, max-video-preview:-1\" \/>\n<link rel=\"canonical\" href=\"https:\/\/likemetkovic.hr\/utvrdeno-17-zarazenih-ospicama-tri-nova-slucaja-su-djeca\/\" \/>\n<meta property=\"og:locale\" content=\"hr_HR\" \/>\n<meta property=\"og:type\" content=\"article\" \/>\n<meta property=\"og:title\" content=\"Iz Zavoda za javno zdravstvo: utvr\u0111eno 17 slu\u010dajeva ospica, tri nova slu\u010daja su djeca - likemetkovic.hr\" \/>\n<meta property=\"og:description\" content=\"Iz Zavoda za javno zdravstvo na\u0161e \u017eupanije poslali su obavijest za javnost vezano uz pojavu slu\u010dajeva ospica o trenuta\u010dnoj situaciji.Kako navode od\u00a0\u00a025.5.2018. g. do 18.06.2018. g. u Dubrova\u010dko-neretvanskoj \u017eupaniji utvr\u0111eno je 17 slu\u010dajeva ospica. Tri nova oboljela su mala djeca, od \u010dega su dvoje vrti\u0107ke dobi, no u vrijeme zaraznosti nisu poha\u0111ala dje\u010dje vrti\u0107e. Jedno [&hellip;]\" \/>\n<meta property=\"og:url\" content=\"https:\/\/likemetkovic.hr\/utvrdeno-17-zarazenih-ospicama-tri-nova-slucaja-su-djeca\/\" \/>\n<meta property=\"og:site_name\" content=\"likemetkovic.hr\" \/>\n<meta property=\"article:publisher\" content=\"https:\/\/www.facebook.com\/likemetkovic.hr\/\" \/>\n<meta property=\"article:published_time\" content=\"2018-06-20T08:04:39+00:00\" \/>\n<meta property=\"og:image\" content=\"https:\/\/likemetkovic.hr\/wp-content\/uploads\/2018\/06\/ospice.jpg\" \/>\n\t<meta property=\"og:image:width\" content=\"645\" \/>\n\t<meta property=\"og:image:height\" content=\"334\" \/>\n\t<meta property=\"og:image:type\" content=\"image\/jpeg\" \/>\n<meta name=\"author\" content=\"LIKEmetkovic.hr\" \/>\n<meta name=\"twitter:card\" content=\"summary_large_image\" \/>\n<meta name=\"twitter:label1\" content=\"Napisao\/la\" \/>\n\t<meta name=\"twitter:data1\" content=\"LIKEmetkovic.hr\" \/>\n\t<meta name=\"twitter:label2\" content=\"Procijenjeno vrijeme \u010ditanja\" \/>\n\t<meta name=\"twitter:data2\" content=\"1 minuta\" \/>\n<script type=\"application\/ld+json\" class=\"yoast-schema-graph\">{\"@context\":\"https:\/\/schema.org\",\"@graph\":[{\"@type\":\"WebPage\",\"@id\":\"https:\/\/likemetkovic.hr\/utvrdeno-17-zarazenih-ospicama-tri-nova-slucaja-su-djeca\/\",\"url\":\"https:\/\/likemetkovic.hr\/utvrdeno-17-zarazenih-ospicama-tri-nova-slucaja-su-djeca\/\",\"name\":\"Iz Zavoda za javno zdravstvo: utvr\u0111eno 17 slu\u010dajeva ospica, tri nova slu\u010daja su djeca - likemetkovic.hr\",\"isPartOf\":{\"@id\":\"https:\/\/likemetkovic.hr\/#website\"},\"primaryImageOfPage\":{\"@id\":\"https:\/\/likemetkovic.hr\/utvrdeno-17-zarazenih-ospicama-tri-nova-slucaja-su-djeca\/#primaryimage\"},\"image\":{\"@id\":\"https:\/\/likemetkovic.hr\/utvrdeno-17-zarazenih-ospicama-tri-nova-slucaja-su-djeca\/#primaryimage\"},\"thumbnailUrl\":\"https:\/\/likemetkovic.hr\/portal\/wp-content\/uploads\/2018\/06\/ospice.jpg\",\"datePublished\":\"2018-06-20T08:04:39+00:00\",\"author\":{\"@id\":\"https:\/\/likemetkovic.hr\/#\/schema\/person\/a42711f3385a0e2be6f7e0443bfb28f0\"},\"breadcrumb\":{\"@id\":\"https:\/\/likemetkovic.hr\/utvrdeno-17-zarazenih-ospicama-tri-nova-slucaja-su-djeca\/#breadcrumb\"},\"inLanguage\":\"hr\",\"potentialAction\":[{\"@type\":\"ReadAction\",\"target\":[\"https:\/\/likemetkovic.hr\/utvrdeno-17-zarazenih-ospicama-tri-nova-slucaja-su-djeca\/\"]}]},{\"@type\":\"ImageObject\",\"inLanguage\":\"hr\",\"@id\":\"https:\/\/likemetkovic.hr\/utvrdeno-17-zarazenih-ospicama-tri-nova-slucaja-su-djeca\/#primaryimage\",\"url\":\"https:\/\/likemetkovic.hr\/portal\/wp-content\/uploads\/2018\/06\/ospice.jpg\",\"contentUrl\":\"https:\/\/likemetkovic.hr\/portal\/wp-content\/uploads\/2018\/06\/ospice.jpg\",\"width\":645,\"height\":334},{\"@type\":\"BreadcrumbList\",\"@id\":\"https:\/\/likemetkovic.hr\/utvrdeno-17-zarazenih-ospicama-tri-nova-slucaja-su-djeca\/#breadcrumb\",\"itemListElement\":[{\"@type\":\"ListItem\",\"position\":1,\"name\":\"Po\u010detna stranica\",\"item\":\"https:\/\/likemetkovic.hr\/portal\/\"},{\"@type\":\"ListItem\",\"position\":2,\"name\":\"Iz Zavoda za javno zdravstvo: utvr\u0111eno 17 slu\u010dajeva ospica, tri nova slu\u010daja su djeca\"}]},{\"@type\":\"WebSite\",\"@id\":\"https:\/\/likemetkovic.hr\/#website\",\"url\":\"https:\/\/likemetkovic.hr\/\",\"name\":\"likemetkovic.hr\",\"description\":\"Misli pozitivno... \u010ditaj LIKE\",\"potentialAction\":[{\"@type\":\"SearchAction\",\"target\":{\"@type\":\"EntryPoint\",\"urlTemplate\":\"https:\/\/likemetkovic.hr\/?s={search_term_string}\"},\"query-input\":{\"@type\":\"PropertyValueSpecification\",\"valueRequired\":true,\"valueName\":\"search_term_string\"}}],\"inLanguage\":\"hr\"},{\"@type\":\"Person\",\"@id\":\"https:\/\/likemetkovic.hr\/#\/schema\/person\/a42711f3385a0e2be6f7e0443bfb28f0\",\"name\":\"LIKEmetkovic.hr\",\"sameAs\":[\"http:\/\/likemetkovic.hr\"],\"url\":\"https:\/\/likemetkovic.hr\/portal\/author\/likemetkovic-hr\/\"}]}<\/script>\n<!-- \/ Yoast SEO plugin. -->","yoast_head_json":{"title":"Iz Zavoda za javno zdravstvo: utvr\u0111eno 17 slu\u010dajeva ospica, tri nova slu\u010daja su djeca - likemetkovic.hr","robots":{"index":"index","follow":"follow","max-snippet":"max-snippet:-1","max-image-preview":"max-image-preview:large","max-video-preview":"max-video-preview:-1"},"canonical":"https:\/\/likemetkovic.hr\/utvrdeno-17-zarazenih-ospicama-tri-nova-slucaja-su-djeca\/","og_locale":"hr_HR","og_type":"article","og_title":"Iz Zavoda za javno zdravstvo: utvr\u0111eno 17 slu\u010dajeva ospica, tri nova slu\u010daja su djeca - likemetkovic.hr","og_description":"Iz Zavoda za javno zdravstvo na\u0161e \u017eupanije poslali su obavijest za javnost vezano uz pojavu slu\u010dajeva ospica o trenuta\u010dnoj situaciji.Kako navode od\u00a0\u00a025.5.2018. g. do 18.06.2018. g. u Dubrova\u010dko-neretvanskoj \u017eupaniji utvr\u0111eno je 17 slu\u010dajeva ospica. Tri nova oboljela su mala djeca, od \u010dega su dvoje vrti\u0107ke dobi, no u vrijeme zaraznosti nisu poha\u0111ala dje\u010dje vrti\u0107e. Jedno [&hellip;]","og_url":"https:\/\/likemetkovic.hr\/utvrdeno-17-zarazenih-ospicama-tri-nova-slucaja-su-djeca\/","og_site_name":"likemetkovic.hr","article_publisher":"https:\/\/www.facebook.com\/likemetkovic.hr\/","article_published_time":"2018-06-20T08:04:39+00:00","og_image":[{"width":645,"height":334,"url":"https:\/\/likemetkovic.hr\/wp-content\/uploads\/2018\/06\/ospice.jpg","type":"image\/jpeg"}],"author":"LIKEmetkovic.hr","twitter_card":"summary_large_image","twitter_misc":{"Napisao\/la":"LIKEmetkovic.hr","Procijenjeno vrijeme \u010ditanja":"1 minuta"},"schema":{"@context":"https:\/\/schema.org","@graph":[{"@type":"WebPage","@id":"https:\/\/likemetkovic.hr\/utvrdeno-17-zarazenih-ospicama-tri-nova-slucaja-su-djeca\/","url":"https:\/\/likemetkovic.hr\/utvrdeno-17-zarazenih-ospicama-tri-nova-slucaja-su-djeca\/","name":"Iz Zavoda za javno zdravstvo: utvr\u0111eno 17 slu\u010dajeva ospica, tri nova slu\u010daja su djeca - likemetkovic.hr","isPartOf":{"@id":"https:\/\/likemetkovic.hr\/#website"},"primaryImageOfPage":{"@id":"https:\/\/likemetkovic.hr\/utvrdeno-17-zarazenih-ospicama-tri-nova-slucaja-su-djeca\/#primaryimage"},"image":{"@id":"https:\/\/likemetkovic.hr\/utvrdeno-17-zarazenih-ospicama-tri-nova-slucaja-su-djeca\/#primaryimage"},"thumbnailUrl":"https:\/\/likemetkovic.hr\/portal\/wp-content\/uploads\/2018\/06\/ospice.jpg","datePublished":"2018-06-20T08:04:39+00:00","author":{"@id":"https:\/\/likemetkovic.hr\/#\/schema\/person\/a42711f3385a0e2be6f7e0443bfb28f0"},"breadcrumb":{"@id":"https:\/\/likemetkovic.hr\/utvrdeno-17-zarazenih-ospicama-tri-nova-slucaja-su-djeca\/#breadcrumb"},"inLanguage":"hr","potentialAction":[{"@type":"ReadAction","target":["https:\/\/likemetkovic.hr\/utvrdeno-17-zarazenih-ospicama-tri-nova-slucaja-su-djeca\/"]}]},{"@type":"ImageObject","inLanguage":"hr","@id":"https:\/\/likemetkovic.hr\/utvrdeno-17-zarazenih-ospicama-tri-nova-slucaja-su-djeca\/#primaryimage","url":"https:\/\/likemetkovic.hr\/portal\/wp-content\/uploads\/2018\/06\/ospice.jpg","contentUrl":"https:\/\/likemetkovic.hr\/portal\/wp-content\/uploads\/2018\/06\/ospice.jpg","width":645,"height":334},{"@type":"BreadcrumbList","@id":"https:\/\/likemetkovic.hr\/utvrdeno-17-zarazenih-ospicama-tri-nova-slucaja-su-djeca\/#breadcrumb","itemListElement":[{"@type":"ListItem","position":1,"name":"Po\u010detna stranica","item":"https:\/\/likemetkovic.hr\/portal\/"},{"@type":"ListItem","position":2,"name":"Iz Zavoda za javno zdravstvo: utvr\u0111eno 17 slu\u010dajeva ospica, tri nova slu\u010daja su djeca"}]},{"@type":"WebSite","@id":"https:\/\/likemetkovic.hr\/#website","url":"https:\/\/likemetkovic.hr\/","name":"likemetkovic.hr","description":"Misli pozitivno... \u010ditaj LIKE","potentialAction":[{"@type":"SearchAction","target":{"@type":"EntryPoint","urlTemplate":"https:\/\/likemetkovic.hr\/?s={search_term_string}"},"query-input":{"@type":"PropertyValueSpecification","valueRequired":true,"valueName":"search_term_string"}}],"inLanguage":"hr"},{"@type":"Person","@id":"https:\/\/likemetkovic.hr\/#\/schema\/person\/a42711f3385a0e2be6f7e0443bfb28f0","name":"LIKEmetkovic.hr","sameAs":["http:\/\/likemetkovic.hr"],"url":"https:\/\/likemetkovic.hr\/portal\/author\/likemetkovic-hr\/"}]}},"_links":{"self":[{"href":"https:\/\/likemetkovic.hr\/portal\/wp-json\/wp\/v2\/posts\/64029","targetHints":{"allow":["GET"]}}],"collection":[{"href":"https:\/\/likemetkovic.hr\/portal\/wp-json\/wp\/v2\/posts"}],"about":[{"href":"https:\/\/likemetkovic.hr\/portal\/wp-json\/wp\/v2\/types\/post"}],"author":[{"embeddable":true,"href":"https:\/\/likemetkovic.hr\/portal\/wp-json\/wp\/v2\/users\/7"}],"replies":[{"embeddable":true,"href":"https:\/\/likemetkovic.hr\/portal\/wp-json\/wp\/v2\/comments?post=64029"}],"version-history":[{"count":0,"href":"https:\/\/likemetkovic.hr\/portal\/wp-json\/wp\/v2\/posts\/64029\/revisions"}],"wp:featuredmedia":[{"embeddable":true,"href":"https:\/\/likemetkovic.hr\/portal\/wp-json\/wp\/v2\/media\/63824"}],"wp:attachment":[{"href":"https:\/\/likemetkovic.hr\/portal\/wp-json\/wp\/v2\/media?parent=64029"}],"wp:term":[{"taxonomy":"category","embeddable":true,"href":"https:\/\/likemetkovic.hr\/portal\/wp-json\/wp\/v2\/categories?post=64029"},{"taxonomy":"post_tag","embeddable":true,"href":"https:\/\/likemetkovic.hr\/portal\/wp-json\/wp\/v2\/tags?post=64029"}],"curies":[{"name":"wp","href":"https:\/\/api.w.org\/{rel}","templated":true}]}}