{"id":64136,"date":"2018-06-23T08:40:54","date_gmt":"2018-06-23T06:40:54","guid":{"rendered":"http:\/\/likemetkovic.hr\/?p=64136"},"modified":"2018-06-23T08:40:54","modified_gmt":"2018-06-23T06:40:54","slug":"predstavnici-go-sdp-a-metkovic-obiljezili-dan-antifasisticke-borbe-i-dan-drzavnosti","status":"publish","type":"post","link":"https:\/\/likemetkovic.hr\/portal\/predstavnici-go-sdp-a-metkovic-obiljezili-dan-antifasisticke-borbe-i-dan-drzavnosti\/","title":{"rendered":"Predstavnici GO SDP-a Metkovi\u0107 obilje\u017eili Dan antifa\u0161isti\u010dke borbe i Dan dr\u017eavnosti"},"content":{"rendered":"<div class=\"r_m2o54ls2x a_m2o54fqi0 clearfix\">\n<div class=\"clearfix g_m2o54lr1i\">\n<div class=\"clearfix _42ef\">\n<div class=\"f_m2o54lr1h\">\n<div>\n<div class=\"_6a _5u5j\">\n<div class=\"_6a _5u5j _6b\"><\/div>\n<\/div>\n<\/div>\n<\/div>\n<\/div>\n<\/div>\n<\/div>\n<div class=\"_5pbx userContent _3576\" data-ft=\"{&quot;tn&quot;:&quot;K&quot;}\">\n<p>Povodom Dana antifa\u0161isti\u010dke borbe i Dana dr\u017eavnosti predstavnici GO SDP-a Metkovi\u0107 su polaganjem cvije\u0107a i paljenjem svije\u0107a odali po\u010dast poginulima u borbi protiv fa\u0161izma u drugom svjetskom ratu i Domovinskom ratu.<\/p>\n<p>&#8211; <em>Gradimo svoju budu\u0107nost ne zaboravljaju\u0107i svoju pro\u0161lost!<\/em>, poru\u010duju metkovski socijal-demokrati.<\/p>\n\r\n                <style type=\"text\/css\">\r\n                    \r\n                    #tdi_1  .td-doubleSlider-2 .td-item1 {\r\n                        background: url(https:\/\/likemetkovic.hr\/portal\/wp-content\/uploads\/2018\/06\/sdp-metkovi\u0107-1-80x60.jpg) 0 0 no-repeat;\r\n                    }\r\n                    #tdi_1  .td-doubleSlider-2 .td-item2 {\r\n                        background: url(https:\/\/likemetkovic.hr\/portal\/wp-content\/uploads\/2018\/06\/sdp-metkovi\u0107-80x60.jpg) 0 0 no-repeat;\r\n                    }\r\n                <\/style>\r\n\r\n                <div id=\"tdi_1\" class=\"td-gallery td-slide-on-2-columns\">\r\n                    <div class=\"post_td_gallery\">\r\n                        <div class=\"td-gallery-slide-top\">\r\n                           <div class=\"td-gallery-title\"><\/div>\r\n\r\n                            <div class=\"td-gallery-controls-wrapper\">\r\n                                <div class=\"td-gallery-slide-count\"><span class=\"td-gallery-slide-item-focus\">1<\/span> of 2<\/div>\r\n                                <div class=\"td-gallery-slide-prev-next-but\">\r\n                                    <i class = \"td-icon-left doubleSliderPrevButton\"><\/i>\r\n                                    <i class = \"td-icon-right doubleSliderNextButton\"><\/i>\r\n                                <\/div>\r\n                            <\/div>\r\n                        <\/div>\r\n\r\n                        <div class = \"td-doubleSlider-1 \">\r\n                            <div class = \"td-slider\">\r\n                                \r\n                    <div class = \"td-slide-item td-item1\">\r\n                        <figure class=\"td-slide-galery-figure td-slide-popup-gallery\">\r\n                            <a class=\"slide-gallery-image-link\" href=\"https:\/\/likemetkovic.hr\/portal\/wp-content\/uploads\/2018\/06\/sdp-metkovi\u0107-1.jpg\" title=\"sdp metkovi\u0107 1\"  data-caption=\"\"  data-description=\"\">\r\n                                <img decoding=\"async\" src=\"https:\/\/likemetkovic.hr\/portal\/wp-content\/uploads\/2018\/06\/sdp-metkovi\u0107-1-560x420.jpg\" srcset=\"https:\/\/likemetkovic.hr\/portal\/wp-content\/uploads\/2018\/06\/sdp-metkovi\u0107-1-560x420.jpg 560w, https:\/\/likemetkovic.hr\/portal\/wp-content\/uploads\/2018\/06\/sdp-metkovi\u0107-1.jpg 800w, https:\/\/likemetkovic.hr\/portal\/wp-content\/uploads\/2018\/06\/sdp-metkovi\u0107-1-768x576.jpg 768w, https:\/\/likemetkovic.hr\/portal\/wp-content\/uploads\/2018\/06\/sdp-metkovi\u0107-1-80x60.jpg 80w, https:\/\/likemetkovic.hr\/portal\/wp-content\/uploads\/2018\/06\/sdp-metkovi\u0107-1-265x198.jpg 265w, https:\/\/likemetkovic.hr\/portal\/wp-content\/uploads\/2018\/06\/sdp-metkovi\u0107-1-696x522.jpg 696w\" sizes=\"(max-width: 560px) 100vw, 560px\" alt=\"\">\r\n                            <\/a>\r\n                            \r\n                        <\/figure>\r\n                    <\/div>\r\n                    <div class = \"td-slide-item td-item2\">\r\n                        <figure class=\"td-slide-galery-figure td-slide-popup-gallery\">\r\n                            <a class=\"slide-gallery-image-link\" href=\"https:\/\/likemetkovic.hr\/portal\/wp-content\/uploads\/2018\/06\/sdp-metkovi\u0107.jpg\" title=\"sdp metkovi\u0107\"  data-caption=\"\"  data-description=\"\">\r\n                                <img decoding=\"async\" src=\"https:\/\/likemetkovic.hr\/portal\/wp-content\/uploads\/2018\/06\/sdp-metkovi\u0107-560x420.jpg\" srcset=\"https:\/\/likemetkovic.hr\/portal\/wp-content\/uploads\/2018\/06\/sdp-metkovi\u0107-560x420.jpg 560w, https:\/\/likemetkovic.hr\/portal\/wp-content\/uploads\/2018\/06\/sdp-metkovi\u0107.jpg 800w, https:\/\/likemetkovic.hr\/portal\/wp-content\/uploads\/2018\/06\/sdp-metkovi\u0107-768x576.jpg 768w, https:\/\/likemetkovic.hr\/portal\/wp-content\/uploads\/2018\/06\/sdp-metkovi\u0107-80x60.jpg 80w, https:\/\/likemetkovic.hr\/portal\/wp-content\/uploads\/2018\/06\/sdp-metkovi\u0107-265x198.jpg 265w, https:\/\/likemetkovic.hr\/portal\/wp-content\/uploads\/2018\/06\/sdp-metkovi\u0107-696x522.jpg 696w\" sizes=\"(max-width: 560px) 100vw, 560px\" alt=\"\">\r\n                            <\/a>\r\n                            \r\n                        <\/figure>\r\n                    <\/div>\r\n                            <\/div>\r\n                        <\/div>\r\n\r\n                        <div class = \"td-doubleSlider-2\">\r\n                            <div class = \"td-slider\">\r\n                                \r\n                    <div class = \"td-button td-item1\">\r\n                        <div class = \"td-border\"><\/div>\r\n                    <\/div>\r\n                    <div class = \"td-button td-item2\">\r\n                        <div class = \"td-border\"><\/div>\r\n                    <\/div>\r\n                            <\/div>\r\n                        <\/div>\r\n\r\n                    <\/div>\r\n\r\n                <\/div>\r\n                \n<p>Foto: GO SDP Metkovi\u0107<\/p>\n<\/div>\n","protected":false},"excerpt":{"rendered":"<p>Povodom Dana antifa\u0161isti\u010dke borbe i Dana dr\u017eavnosti predstavnici GO SDP-a Metkovi\u0107 su polaganjem cvije\u0107a i paljenjem svije\u0107a odali po\u010dast poginulima u borbi protiv fa\u0161izma u drugom svjetskom ratu i Domovinskom ratu. &#8211; Gradimo svoju budu\u0107nost ne zaboravljaju\u0107i svoju pro\u0161lost!, poru\u010duju metkovski socijal-demokrati. Foto: GO SDP Metkovi\u0107<\/p>\n","protected":false},"author":7,"featured_media":64137,"comment_status":"open","ping_status":"open","sticky":false,"template":"","format":"standard","meta":{"footnotes":""},"categories":[296,11],"tags":[],"class_list":{"0":"post-64136","1":"post","2":"type-post","3":"status-publish","4":"format-standard","5":"has-post-thumbnail","7":"category-ab","8":"category-metkovic-dolina"},"yoast_head":"<!-- This site is optimized with the Yoast SEO plugin v25.2 - https:\/\/yoast.com\/wordpress\/plugins\/seo\/ -->\n<title>Predstavnici GO SDP-a Metkovi\u0107 obilje\u017eili Dan antifa\u0161isti\u010dke borbe i Dan dr\u017eavnosti - likemetkovic.hr<\/title>\n<meta name=\"robots\" content=\"index, follow, max-snippet:-1, max-image-preview:large, max-video-preview:-1\" \/>\n<link rel=\"canonical\" href=\"https:\/\/likemetkovic.hr\/predstavnici-go-sdp-a-metkovic-obiljezili-dan-antifasisticke-borbe-i-dan-drzavnosti\/\" \/>\n<meta property=\"og:locale\" content=\"hr_HR\" \/>\n<meta property=\"og:type\" content=\"article\" \/>\n<meta property=\"og:title\" content=\"Predstavnici GO SDP-a Metkovi\u0107 obilje\u017eili Dan antifa\u0161isti\u010dke borbe i Dan dr\u017eavnosti - likemetkovic.hr\" \/>\n<meta property=\"og:description\" content=\"Povodom Dana antifa\u0161isti\u010dke borbe i Dana dr\u017eavnosti predstavnici GO SDP-a Metkovi\u0107 su polaganjem cvije\u0107a i paljenjem svije\u0107a odali po\u010dast poginulima u borbi protiv fa\u0161izma u drugom svjetskom ratu i Domovinskom ratu. &#8211; Gradimo svoju budu\u0107nost ne zaboravljaju\u0107i svoju pro\u0161lost!, poru\u010duju metkovski socijal-demokrati. Foto: GO SDP Metkovi\u0107\" \/>\n<meta property=\"og:url\" content=\"https:\/\/likemetkovic.hr\/predstavnici-go-sdp-a-metkovic-obiljezili-dan-antifasisticke-borbe-i-dan-drzavnosti\/\" \/>\n<meta property=\"og:site_name\" content=\"likemetkovic.hr\" \/>\n<meta property=\"article:publisher\" content=\"https:\/\/www.facebook.com\/likemetkovic.hr\/\" \/>\n<meta property=\"article:published_time\" content=\"2018-06-23T06:40:54+00:00\" \/>\n<meta property=\"og:image\" content=\"https:\/\/likemetkovic.hr\/wp-content\/uploads\/2018\/06\/sdp-metkovi\u0107-1.jpg\" \/>\n\t<meta property=\"og:image:width\" content=\"800\" \/>\n\t<meta property=\"og:image:height\" content=\"600\" \/>\n\t<meta property=\"og:image:type\" content=\"image\/jpeg\" \/>\n<meta name=\"author\" content=\"LIKEmetkovic.hr\" \/>\n<meta name=\"twitter:card\" content=\"summary_large_image\" \/>\n<meta name=\"twitter:label1\" content=\"Napisao\/la\" \/>\n\t<meta name=\"twitter:data1\" content=\"LIKEmetkovic.hr\" \/>\n<script type=\"application\/ld+json\" class=\"yoast-schema-graph\">{\"@context\":\"https:\/\/schema.org\",\"@graph\":[{\"@type\":\"WebPage\",\"@id\":\"https:\/\/likemetkovic.hr\/predstavnici-go-sdp-a-metkovic-obiljezili-dan-antifasisticke-borbe-i-dan-drzavnosti\/\",\"url\":\"https:\/\/likemetkovic.hr\/predstavnici-go-sdp-a-metkovic-obiljezili-dan-antifasisticke-borbe-i-dan-drzavnosti\/\",\"name\":\"Predstavnici GO SDP-a Metkovi\u0107 obilje\u017eili Dan antifa\u0161isti\u010dke borbe i Dan dr\u017eavnosti - likemetkovic.hr\",\"isPartOf\":{\"@id\":\"https:\/\/likemetkovic.hr\/#website\"},\"primaryImageOfPage\":{\"@id\":\"https:\/\/likemetkovic.hr\/predstavnici-go-sdp-a-metkovic-obiljezili-dan-antifasisticke-borbe-i-dan-drzavnosti\/#primaryimage\"},\"image\":{\"@id\":\"https:\/\/likemetkovic.hr\/predstavnici-go-sdp-a-metkovic-obiljezili-dan-antifasisticke-borbe-i-dan-drzavnosti\/#primaryimage\"},\"thumbnailUrl\":\"https:\/\/likemetkovic.hr\/portal\/wp-content\/uploads\/2018\/06\/sdp-metkovi\u0107-1.jpg\",\"datePublished\":\"2018-06-23T06:40:54+00:00\",\"author\":{\"@id\":\"https:\/\/likemetkovic.hr\/#\/schema\/person\/a42711f3385a0e2be6f7e0443bfb28f0\"},\"breadcrumb\":{\"@id\":\"https:\/\/likemetkovic.hr\/predstavnici-go-sdp-a-metkovic-obiljezili-dan-antifasisticke-borbe-i-dan-drzavnosti\/#breadcrumb\"},\"inLanguage\":\"hr\",\"potentialAction\":[{\"@type\":\"ReadAction\",\"target\":[\"https:\/\/likemetkovic.hr\/predstavnici-go-sdp-a-metkovic-obiljezili-dan-antifasisticke-borbe-i-dan-drzavnosti\/\"]}]},{\"@type\":\"ImageObject\",\"inLanguage\":\"hr\",\"@id\":\"https:\/\/likemetkovic.hr\/predstavnici-go-sdp-a-metkovic-obiljezili-dan-antifasisticke-borbe-i-dan-drzavnosti\/#primaryimage\",\"url\":\"https:\/\/likemetkovic.hr\/portal\/wp-content\/uploads\/2018\/06\/sdp-metkovi\u0107-1.jpg\",\"contentUrl\":\"https:\/\/likemetkovic.hr\/portal\/wp-content\/uploads\/2018\/06\/sdp-metkovi\u0107-1.jpg\",\"width\":800,\"height\":600},{\"@type\":\"BreadcrumbList\",\"@id\":\"https:\/\/likemetkovic.hr\/predstavnici-go-sdp-a-metkovic-obiljezili-dan-antifasisticke-borbe-i-dan-drzavnosti\/#breadcrumb\",\"itemListElement\":[{\"@type\":\"ListItem\",\"position\":1,\"name\":\"Po\u010detna stranica\",\"item\":\"https:\/\/likemetkovic.hr\/portal\/\"},{\"@type\":\"ListItem\",\"position\":2,\"name\":\"Predstavnici GO SDP-a Metkovi\u0107 obilje\u017eili Dan antifa\u0161isti\u010dke borbe i Dan dr\u017eavnosti\"}]},{\"@type\":\"WebSite\",\"@id\":\"https:\/\/likemetkovic.hr\/#website\",\"url\":\"https:\/\/likemetkovic.hr\/\",\"name\":\"likemetkovic.hr\",\"description\":\"Misli pozitivno... \u010ditaj LIKE\",\"potentialAction\":[{\"@type\":\"SearchAction\",\"target\":{\"@type\":\"EntryPoint\",\"urlTemplate\":\"https:\/\/likemetkovic.hr\/?s={search_term_string}\"},\"query-input\":{\"@type\":\"PropertyValueSpecification\",\"valueRequired\":true,\"valueName\":\"search_term_string\"}}],\"inLanguage\":\"hr\"},{\"@type\":\"Person\",\"@id\":\"https:\/\/likemetkovic.hr\/#\/schema\/person\/a42711f3385a0e2be6f7e0443bfb28f0\",\"name\":\"LIKEmetkovic.hr\",\"sameAs\":[\"http:\/\/likemetkovic.hr\"],\"url\":\"https:\/\/likemetkovic.hr\/portal\/author\/likemetkovic-hr\/\"}]}<\/script>\n<!-- \/ Yoast SEO plugin. -->","yoast_head_json":{"title":"Predstavnici GO SDP-a Metkovi\u0107 obilje\u017eili Dan antifa\u0161isti\u010dke borbe i Dan dr\u017eavnosti - likemetkovic.hr","robots":{"index":"index","follow":"follow","max-snippet":"max-snippet:-1","max-image-preview":"max-image-preview:large","max-video-preview":"max-video-preview:-1"},"canonical":"https:\/\/likemetkovic.hr\/predstavnici-go-sdp-a-metkovic-obiljezili-dan-antifasisticke-borbe-i-dan-drzavnosti\/","og_locale":"hr_HR","og_type":"article","og_title":"Predstavnici GO SDP-a Metkovi\u0107 obilje\u017eili Dan antifa\u0161isti\u010dke borbe i Dan dr\u017eavnosti - likemetkovic.hr","og_description":"Povodom Dana antifa\u0161isti\u010dke borbe i Dana dr\u017eavnosti predstavnici GO SDP-a Metkovi\u0107 su polaganjem cvije\u0107a i paljenjem svije\u0107a odali po\u010dast poginulima u borbi protiv fa\u0161izma u drugom svjetskom ratu i Domovinskom ratu. &#8211; Gradimo svoju budu\u0107nost ne zaboravljaju\u0107i svoju pro\u0161lost!, poru\u010duju metkovski socijal-demokrati. Foto: GO SDP Metkovi\u0107","og_url":"https:\/\/likemetkovic.hr\/predstavnici-go-sdp-a-metkovic-obiljezili-dan-antifasisticke-borbe-i-dan-drzavnosti\/","og_site_name":"likemetkovic.hr","article_publisher":"https:\/\/www.facebook.com\/likemetkovic.hr\/","article_published_time":"2018-06-23T06:40:54+00:00","og_image":[{"width":800,"height":600,"url":"https:\/\/likemetkovic.hr\/wp-content\/uploads\/2018\/06\/sdp-metkovi\u0107-1.jpg","type":"image\/jpeg"}],"author":"LIKEmetkovic.hr","twitter_card":"summary_large_image","twitter_misc":{"Napisao\/la":"LIKEmetkovic.hr"},"schema":{"@context":"https:\/\/schema.org","@graph":[{"@type":"WebPage","@id":"https:\/\/likemetkovic.hr\/predstavnici-go-sdp-a-metkovic-obiljezili-dan-antifasisticke-borbe-i-dan-drzavnosti\/","url":"https:\/\/likemetkovic.hr\/predstavnici-go-sdp-a-metkovic-obiljezili-dan-antifasisticke-borbe-i-dan-drzavnosti\/","name":"Predstavnici GO SDP-a Metkovi\u0107 obilje\u017eili Dan antifa\u0161isti\u010dke borbe i Dan dr\u017eavnosti - likemetkovic.hr","isPartOf":{"@id":"https:\/\/likemetkovic.hr\/#website"},"primaryImageOfPage":{"@id":"https:\/\/likemetkovic.hr\/predstavnici-go-sdp-a-metkovic-obiljezili-dan-antifasisticke-borbe-i-dan-drzavnosti\/#primaryimage"},"image":{"@id":"https:\/\/likemetkovic.hr\/predstavnici-go-sdp-a-metkovic-obiljezili-dan-antifasisticke-borbe-i-dan-drzavnosti\/#primaryimage"},"thumbnailUrl":"https:\/\/likemetkovic.hr\/portal\/wp-content\/uploads\/2018\/06\/sdp-metkovi\u0107-1.jpg","datePublished":"2018-06-23T06:40:54+00:00","author":{"@id":"https:\/\/likemetkovic.hr\/#\/schema\/person\/a42711f3385a0e2be6f7e0443bfb28f0"},"breadcrumb":{"@id":"https:\/\/likemetkovic.hr\/predstavnici-go-sdp-a-metkovic-obiljezili-dan-antifasisticke-borbe-i-dan-drzavnosti\/#breadcrumb"},"inLanguage":"hr","potentialAction":[{"@type":"ReadAction","target":["https:\/\/likemetkovic.hr\/predstavnici-go-sdp-a-metkovic-obiljezili-dan-antifasisticke-borbe-i-dan-drzavnosti\/"]}]},{"@type":"ImageObject","inLanguage":"hr","@id":"https:\/\/likemetkovic.hr\/predstavnici-go-sdp-a-metkovic-obiljezili-dan-antifasisticke-borbe-i-dan-drzavnosti\/#primaryimage","url":"https:\/\/likemetkovic.hr\/portal\/wp-content\/uploads\/2018\/06\/sdp-metkovi\u0107-1.jpg","contentUrl":"https:\/\/likemetkovic.hr\/portal\/wp-content\/uploads\/2018\/06\/sdp-metkovi\u0107-1.jpg","width":800,"height":600},{"@type":"BreadcrumbList","@id":"https:\/\/likemetkovic.hr\/predstavnici-go-sdp-a-metkovic-obiljezili-dan-antifasisticke-borbe-i-dan-drzavnosti\/#breadcrumb","itemListElement":[{"@type":"ListItem","position":1,"name":"Po\u010detna stranica","item":"https:\/\/likemetkovic.hr\/portal\/"},{"@type":"ListItem","position":2,"name":"Predstavnici GO SDP-a Metkovi\u0107 obilje\u017eili Dan antifa\u0161isti\u010dke borbe i Dan dr\u017eavnosti"}]},{"@type":"WebSite","@id":"https:\/\/likemetkovic.hr\/#website","url":"https:\/\/likemetkovic.hr\/","name":"likemetkovic.hr","description":"Misli pozitivno... \u010ditaj LIKE","potentialAction":[{"@type":"SearchAction","target":{"@type":"EntryPoint","urlTemplate":"https:\/\/likemetkovic.hr\/?s={search_term_string}"},"query-input":{"@type":"PropertyValueSpecification","valueRequired":true,"valueName":"search_term_string"}}],"inLanguage":"hr"},{"@type":"Person","@id":"https:\/\/likemetkovic.hr\/#\/schema\/person\/a42711f3385a0e2be6f7e0443bfb28f0","name":"LIKEmetkovic.hr","sameAs":["http:\/\/likemetkovic.hr"],"url":"https:\/\/likemetkovic.hr\/portal\/author\/likemetkovic-hr\/"}]}},"_links":{"self":[{"href":"https:\/\/likemetkovic.hr\/portal\/wp-json\/wp\/v2\/posts\/64136","targetHints":{"allow":["GET"]}}],"collection":[{"href":"https:\/\/likemetkovic.hr\/portal\/wp-json\/wp\/v2\/posts"}],"about":[{"href":"https:\/\/likemetkovic.hr\/portal\/wp-json\/wp\/v2\/types\/post"}],"author":[{"embeddable":true,"href":"https:\/\/likemetkovic.hr\/portal\/wp-json\/wp\/v2\/users\/7"}],"replies":[{"embeddable":true,"href":"https:\/\/likemetkovic.hr\/portal\/wp-json\/wp\/v2\/comments?post=64136"}],"version-history":[{"count":0,"href":"https:\/\/likemetkovic.hr\/portal\/wp-json\/wp\/v2\/posts\/64136\/revisions"}],"wp:featuredmedia":[{"embeddable":true,"href":"https:\/\/likemetkovic.hr\/portal\/wp-json\/wp\/v2\/media\/64137"}],"wp:attachment":[{"href":"https:\/\/likemetkovic.hr\/portal\/wp-json\/wp\/v2\/media?parent=64136"}],"wp:term":[{"taxonomy":"category","embeddable":true,"href":"https:\/\/likemetkovic.hr\/portal\/wp-json\/wp\/v2\/categories?post=64136"},{"taxonomy":"post_tag","embeddable":true,"href":"https:\/\/likemetkovic.hr\/portal\/wp-json\/wp\/v2\/tags?post=64136"}],"curies":[{"name":"wp","href":"https:\/\/api.w.org\/{rel}","templated":true}]}}