{"id":64148,"date":"2018-06-23T11:12:16","date_gmt":"2018-06-23T09:12:16","guid":{"rendered":"http:\/\/likemetkovic.hr\/?p=64148"},"modified":"2018-06-23T11:12:16","modified_gmt":"2018-06-23T09:12:16","slug":"mjesovita-klapa-sv-nikole-nastupit-ce-veceras-u-programu-52-omiskog-festivala","status":"publish","type":"post","link":"https:\/\/likemetkovic.hr\/portal\/mjesovita-klapa-sv-nikole-nastupit-ce-veceras-u-programu-52-omiskog-festivala\/","title":{"rendered":"Mje\u0161ovita klapa sv. Nikole nastupit \u0107e ve\u010deras u programu 52. Omi\u0161kog festivala"},"content":{"rendered":"<p><strong>Mje\u0161ovita klapa sv. Nikole<\/strong>\u00a0iz Metkovi\u0107a ve\u010deras, 23. lipnja nastupiti \u0107e u programu <em>Festivala dalmatinskih klapa Omi\u0161 2018.<\/em> koji\u00a0nastavlja svoj programa izvan Omi\u0161a.<\/p>\n<p><em>Ve\u010deri mje\u0161ovitih\u00a0<\/em><span class=\"highlightNode\"><em>klap<\/em>a<\/span>\u00a0koja \u0107e se odr\u017eati u Blatu na Kor\u010duli u Velikoj dvorani Doma kulture Blato sa po\u010detkom u 21 sat.<\/p>\n<div class=\"text_exposed_show\">\n<p>Ve\u010der Festivala dalmatinskih\u00a0<span class=\"highlightNode\">klapa<\/span>\u00a0Omi\u0161 <strong>u Blatu na Kor\u010duli<\/strong> odr\u017eava se u suradnji s Op\u0107inom Blato ve\u0107 \u010detrnaestu godinu za redom. U natjecateljskoj Ve\u010deri mje\u0161ovitih\u00a0<span class=\"highlightNode\">klapa<\/span>\u00a0nastupit \u0107e 10\u00a0<span class=\"highlightNode\">klapa<\/span>, i to:<\/p>\n<ul>\n<li>Volat\u00a0 -Pu\u010di\u0161\u0107a<\/li>\n<li>\u017drnovnica\u00a0 -\u017drnovnica<\/li>\n<li>Mara\u0161ka &#8211; Zadar<\/li>\n<li>Falku\u0161a &#8211; Zagreb<\/li>\n<li>Kurenat &#8211; Mljet<\/li>\n<li>Basca &#8211; Ba\u0161ka Voda<\/li>\n<li>Komi\u017ea &#8211; Komi\u017ea<\/li>\n<li>Kampaneli &#8211; Donja Ka\u0161tela<\/li>\n<li>Slavi\u0107 &#8211; Zagreb<\/li>\n<li>Klapa sveti\u00a0<span class=\"highlightNode\">Nikola &#8211; Metkovi\u0107<\/span><\/li>\n<\/ul>\n<p>Metkovci, pod vodstvom prof. Marija Maje Jerkovi\u0107, izvest \u0107e dvije skladbe:<\/p>\n<ul>\n<li><em>Prid oltaron kle\u0109i diva<\/em>\u00a0u obradi prof. Bla\u017eenka Jura\u010di\u0107a<\/li>\n<li><em>U zemju latinsku (kad je parti<\/em><br \/>\n<em>dida)<\/em>\u00a0Kre\u0161imira Magdi\u0107a na stihove Jak\u0161a Fiamenga<\/li>\n<\/ul>\n<p>Stru\u010dni ocjenjiva\u010dki sud dodjeljuje prvu, drugu i tre\u0107u nagradu: <em>Lipin cvit<\/em>\u00a0najboljim klapama, dok nagradu\u00a0<em>Zlatni lipin cvit<\/em>\u00a0dodjeljuje publika po svom izboru.<\/p>\n<p><img decoding=\"async\" class=\"\" src=\"http:\/\/fdk.hr\/wp-content\/uploads\/2018\/06\/lipin-cvit-blato.jpg\" \/><\/p>\n<\/div>\n","protected":false},"excerpt":{"rendered":"<p>Mje\u0161ovita klapa sv. Nikole\u00a0iz Metkovi\u0107a ve\u010deras, 23. lipnja nastupiti \u0107e u programu Festivala dalmatinskih klapa Omi\u0161 2018. koji\u00a0nastavlja svoj programa izvan Omi\u0161a. Ve\u010deri mje\u0161ovitih\u00a0klapa\u00a0koja \u0107e se odr\u017eati u Blatu na Kor\u010duli u Velikoj dvorani Doma kulture Blato sa po\u010detkom u 21 sat. Ve\u010der Festivala dalmatinskih\u00a0klapa\u00a0Omi\u0161 u Blatu na Kor\u010duli odr\u017eava se u suradnji s Op\u0107inom [&hellip;]<\/p>\n","protected":false},"author":7,"featured_media":56617,"comment_status":"open","ping_status":"open","sticky":false,"template":"","format":"standard","meta":{"footnotes":""},"categories":[296,1028],"tags":[3383,3384],"class_list":{"0":"post-64148","1":"post","2":"type-post","3":"status-publish","4":"format-standard","5":"has-post-thumbnail","7":"category-ab","8":"category-kultura-2","9":"tag-mjesovita-klapa-sv-nikola-metkovic","10":"tag-omiski-festival"},"yoast_head":"<!-- This site is optimized with the Yoast SEO plugin v25.2 - https:\/\/yoast.com\/wordpress\/plugins\/seo\/ -->\n<title>Mje\u0161ovita klapa sv. Nikole nastupit \u0107e ve\u010deras u programu 52. Omi\u0161kog festivala - likemetkovic.hr<\/title>\n<meta name=\"robots\" content=\"index, follow, max-snippet:-1, max-image-preview:large, max-video-preview:-1\" \/>\n<link rel=\"canonical\" href=\"https:\/\/likemetkovic.hr\/mjesovita-klapa-sv-nikole-nastupit-ce-veceras-u-programu-52-omiskog-festivala\/\" \/>\n<meta property=\"og:locale\" content=\"hr_HR\" \/>\n<meta property=\"og:type\" content=\"article\" \/>\n<meta property=\"og:title\" content=\"Mje\u0161ovita klapa sv. Nikole nastupit \u0107e ve\u010deras u programu 52. Omi\u0161kog festivala - likemetkovic.hr\" \/>\n<meta property=\"og:description\" content=\"Mje\u0161ovita klapa sv. Nikole\u00a0iz Metkovi\u0107a ve\u010deras, 23. lipnja nastupiti \u0107e u programu Festivala dalmatinskih klapa Omi\u0161 2018. koji\u00a0nastavlja svoj programa izvan Omi\u0161a. Ve\u010deri mje\u0161ovitih\u00a0klapa\u00a0koja \u0107e se odr\u017eati u Blatu na Kor\u010duli u Velikoj dvorani Doma kulture Blato sa po\u010detkom u 21 sat. Ve\u010der Festivala dalmatinskih\u00a0klapa\u00a0Omi\u0161 u Blatu na Kor\u010duli odr\u017eava se u suradnji s Op\u0107inom [&hellip;]\" \/>\n<meta property=\"og:url\" content=\"https:\/\/likemetkovic.hr\/mjesovita-klapa-sv-nikole-nastupit-ce-veceras-u-programu-52-omiskog-festivala\/\" \/>\n<meta property=\"og:site_name\" content=\"likemetkovic.hr\" \/>\n<meta property=\"article:publisher\" content=\"https:\/\/www.facebook.com\/likemetkovic.hr\/\" \/>\n<meta property=\"article:published_time\" content=\"2018-06-23T09:12:16+00:00\" \/>\n<meta property=\"og:image\" content=\"https:\/\/likemetkovic.hr\/wp-content\/uploads\/2018\/04\/klapa-sv.-nikola.jpg\" \/>\n\t<meta property=\"og:image:width\" content=\"800\" \/>\n\t<meta property=\"og:image:height\" content=\"600\" \/>\n\t<meta property=\"og:image:type\" content=\"image\/jpeg\" \/>\n<meta name=\"author\" content=\"LIKEmetkovic.hr\" \/>\n<meta name=\"twitter:card\" content=\"summary_large_image\" \/>\n<meta name=\"twitter:label1\" content=\"Napisao\/la\" \/>\n\t<meta name=\"twitter:data1\" content=\"LIKEmetkovic.hr\" \/>\n\t<meta name=\"twitter:label2\" content=\"Procijenjeno vrijeme \u010ditanja\" \/>\n\t<meta name=\"twitter:data2\" content=\"1 minuta\" \/>\n<script type=\"application\/ld+json\" class=\"yoast-schema-graph\">{\"@context\":\"https:\/\/schema.org\",\"@graph\":[{\"@type\":\"WebPage\",\"@id\":\"https:\/\/likemetkovic.hr\/mjesovita-klapa-sv-nikole-nastupit-ce-veceras-u-programu-52-omiskog-festivala\/\",\"url\":\"https:\/\/likemetkovic.hr\/mjesovita-klapa-sv-nikole-nastupit-ce-veceras-u-programu-52-omiskog-festivala\/\",\"name\":\"Mje\u0161ovita klapa sv. Nikole nastupit \u0107e ve\u010deras u programu 52. Omi\u0161kog festivala - likemetkovic.hr\",\"isPartOf\":{\"@id\":\"https:\/\/likemetkovic.hr\/#website\"},\"primaryImageOfPage\":{\"@id\":\"https:\/\/likemetkovic.hr\/mjesovita-klapa-sv-nikole-nastupit-ce-veceras-u-programu-52-omiskog-festivala\/#primaryimage\"},\"image\":{\"@id\":\"https:\/\/likemetkovic.hr\/mjesovita-klapa-sv-nikole-nastupit-ce-veceras-u-programu-52-omiskog-festivala\/#primaryimage\"},\"thumbnailUrl\":\"https:\/\/likemetkovic.hr\/portal\/wp-content\/uploads\/2018\/04\/klapa-sv.-nikola.jpg\",\"datePublished\":\"2018-06-23T09:12:16+00:00\",\"author\":{\"@id\":\"https:\/\/likemetkovic.hr\/#\/schema\/person\/a42711f3385a0e2be6f7e0443bfb28f0\"},\"breadcrumb\":{\"@id\":\"https:\/\/likemetkovic.hr\/mjesovita-klapa-sv-nikole-nastupit-ce-veceras-u-programu-52-omiskog-festivala\/#breadcrumb\"},\"inLanguage\":\"hr\",\"potentialAction\":[{\"@type\":\"ReadAction\",\"target\":[\"https:\/\/likemetkovic.hr\/mjesovita-klapa-sv-nikole-nastupit-ce-veceras-u-programu-52-omiskog-festivala\/\"]}]},{\"@type\":\"ImageObject\",\"inLanguage\":\"hr\",\"@id\":\"https:\/\/likemetkovic.hr\/mjesovita-klapa-sv-nikole-nastupit-ce-veceras-u-programu-52-omiskog-festivala\/#primaryimage\",\"url\":\"https:\/\/likemetkovic.hr\/portal\/wp-content\/uploads\/2018\/04\/klapa-sv.-nikola.jpg\",\"contentUrl\":\"https:\/\/likemetkovic.hr\/portal\/wp-content\/uploads\/2018\/04\/klapa-sv.-nikola.jpg\",\"width\":800,\"height\":600},{\"@type\":\"BreadcrumbList\",\"@id\":\"https:\/\/likemetkovic.hr\/mjesovita-klapa-sv-nikole-nastupit-ce-veceras-u-programu-52-omiskog-festivala\/#breadcrumb\",\"itemListElement\":[{\"@type\":\"ListItem\",\"position\":1,\"name\":\"Po\u010detna stranica\",\"item\":\"https:\/\/likemetkovic.hr\/portal\/\"},{\"@type\":\"ListItem\",\"position\":2,\"name\":\"Mje\u0161ovita klapa sv. Nikole nastupit \u0107e ve\u010deras u programu 52. Omi\u0161kog festivala\"}]},{\"@type\":\"WebSite\",\"@id\":\"https:\/\/likemetkovic.hr\/#website\",\"url\":\"https:\/\/likemetkovic.hr\/\",\"name\":\"likemetkovic.hr\",\"description\":\"Misli pozitivno... \u010ditaj LIKE\",\"potentialAction\":[{\"@type\":\"SearchAction\",\"target\":{\"@type\":\"EntryPoint\",\"urlTemplate\":\"https:\/\/likemetkovic.hr\/?s={search_term_string}\"},\"query-input\":{\"@type\":\"PropertyValueSpecification\",\"valueRequired\":true,\"valueName\":\"search_term_string\"}}],\"inLanguage\":\"hr\"},{\"@type\":\"Person\",\"@id\":\"https:\/\/likemetkovic.hr\/#\/schema\/person\/a42711f3385a0e2be6f7e0443bfb28f0\",\"name\":\"LIKEmetkovic.hr\",\"sameAs\":[\"http:\/\/likemetkovic.hr\"],\"url\":\"https:\/\/likemetkovic.hr\/portal\/author\/likemetkovic-hr\/\"}]}<\/script>\n<!-- \/ Yoast SEO plugin. -->","yoast_head_json":{"title":"Mje\u0161ovita klapa sv. Nikole nastupit \u0107e ve\u010deras u programu 52. Omi\u0161kog festivala - likemetkovic.hr","robots":{"index":"index","follow":"follow","max-snippet":"max-snippet:-1","max-image-preview":"max-image-preview:large","max-video-preview":"max-video-preview:-1"},"canonical":"https:\/\/likemetkovic.hr\/mjesovita-klapa-sv-nikole-nastupit-ce-veceras-u-programu-52-omiskog-festivala\/","og_locale":"hr_HR","og_type":"article","og_title":"Mje\u0161ovita klapa sv. Nikole nastupit \u0107e ve\u010deras u programu 52. Omi\u0161kog festivala - likemetkovic.hr","og_description":"Mje\u0161ovita klapa sv. Nikole\u00a0iz Metkovi\u0107a ve\u010deras, 23. lipnja nastupiti \u0107e u programu Festivala dalmatinskih klapa Omi\u0161 2018. koji\u00a0nastavlja svoj programa izvan Omi\u0161a. Ve\u010deri mje\u0161ovitih\u00a0klapa\u00a0koja \u0107e se odr\u017eati u Blatu na Kor\u010duli u Velikoj dvorani Doma kulture Blato sa po\u010detkom u 21 sat. Ve\u010der Festivala dalmatinskih\u00a0klapa\u00a0Omi\u0161 u Blatu na Kor\u010duli odr\u017eava se u suradnji s Op\u0107inom [&hellip;]","og_url":"https:\/\/likemetkovic.hr\/mjesovita-klapa-sv-nikole-nastupit-ce-veceras-u-programu-52-omiskog-festivala\/","og_site_name":"likemetkovic.hr","article_publisher":"https:\/\/www.facebook.com\/likemetkovic.hr\/","article_published_time":"2018-06-23T09:12:16+00:00","og_image":[{"width":800,"height":600,"url":"https:\/\/likemetkovic.hr\/wp-content\/uploads\/2018\/04\/klapa-sv.-nikola.jpg","type":"image\/jpeg"}],"author":"LIKEmetkovic.hr","twitter_card":"summary_large_image","twitter_misc":{"Napisao\/la":"LIKEmetkovic.hr","Procijenjeno vrijeme \u010ditanja":"1 minuta"},"schema":{"@context":"https:\/\/schema.org","@graph":[{"@type":"WebPage","@id":"https:\/\/likemetkovic.hr\/mjesovita-klapa-sv-nikole-nastupit-ce-veceras-u-programu-52-omiskog-festivala\/","url":"https:\/\/likemetkovic.hr\/mjesovita-klapa-sv-nikole-nastupit-ce-veceras-u-programu-52-omiskog-festivala\/","name":"Mje\u0161ovita klapa sv. Nikole nastupit \u0107e ve\u010deras u programu 52. Omi\u0161kog festivala - likemetkovic.hr","isPartOf":{"@id":"https:\/\/likemetkovic.hr\/#website"},"primaryImageOfPage":{"@id":"https:\/\/likemetkovic.hr\/mjesovita-klapa-sv-nikole-nastupit-ce-veceras-u-programu-52-omiskog-festivala\/#primaryimage"},"image":{"@id":"https:\/\/likemetkovic.hr\/mjesovita-klapa-sv-nikole-nastupit-ce-veceras-u-programu-52-omiskog-festivala\/#primaryimage"},"thumbnailUrl":"https:\/\/likemetkovic.hr\/portal\/wp-content\/uploads\/2018\/04\/klapa-sv.-nikola.jpg","datePublished":"2018-06-23T09:12:16+00:00","author":{"@id":"https:\/\/likemetkovic.hr\/#\/schema\/person\/a42711f3385a0e2be6f7e0443bfb28f0"},"breadcrumb":{"@id":"https:\/\/likemetkovic.hr\/mjesovita-klapa-sv-nikole-nastupit-ce-veceras-u-programu-52-omiskog-festivala\/#breadcrumb"},"inLanguage":"hr","potentialAction":[{"@type":"ReadAction","target":["https:\/\/likemetkovic.hr\/mjesovita-klapa-sv-nikole-nastupit-ce-veceras-u-programu-52-omiskog-festivala\/"]}]},{"@type":"ImageObject","inLanguage":"hr","@id":"https:\/\/likemetkovic.hr\/mjesovita-klapa-sv-nikole-nastupit-ce-veceras-u-programu-52-omiskog-festivala\/#primaryimage","url":"https:\/\/likemetkovic.hr\/portal\/wp-content\/uploads\/2018\/04\/klapa-sv.-nikola.jpg","contentUrl":"https:\/\/likemetkovic.hr\/portal\/wp-content\/uploads\/2018\/04\/klapa-sv.-nikola.jpg","width":800,"height":600},{"@type":"BreadcrumbList","@id":"https:\/\/likemetkovic.hr\/mjesovita-klapa-sv-nikole-nastupit-ce-veceras-u-programu-52-omiskog-festivala\/#breadcrumb","itemListElement":[{"@type":"ListItem","position":1,"name":"Po\u010detna stranica","item":"https:\/\/likemetkovic.hr\/portal\/"},{"@type":"ListItem","position":2,"name":"Mje\u0161ovita klapa sv. Nikole nastupit \u0107e ve\u010deras u programu 52. Omi\u0161kog festivala"}]},{"@type":"WebSite","@id":"https:\/\/likemetkovic.hr\/#website","url":"https:\/\/likemetkovic.hr\/","name":"likemetkovic.hr","description":"Misli pozitivno... \u010ditaj LIKE","potentialAction":[{"@type":"SearchAction","target":{"@type":"EntryPoint","urlTemplate":"https:\/\/likemetkovic.hr\/?s={search_term_string}"},"query-input":{"@type":"PropertyValueSpecification","valueRequired":true,"valueName":"search_term_string"}}],"inLanguage":"hr"},{"@type":"Person","@id":"https:\/\/likemetkovic.hr\/#\/schema\/person\/a42711f3385a0e2be6f7e0443bfb28f0","name":"LIKEmetkovic.hr","sameAs":["http:\/\/likemetkovic.hr"],"url":"https:\/\/likemetkovic.hr\/portal\/author\/likemetkovic-hr\/"}]}},"_links":{"self":[{"href":"https:\/\/likemetkovic.hr\/portal\/wp-json\/wp\/v2\/posts\/64148","targetHints":{"allow":["GET"]}}],"collection":[{"href":"https:\/\/likemetkovic.hr\/portal\/wp-json\/wp\/v2\/posts"}],"about":[{"href":"https:\/\/likemetkovic.hr\/portal\/wp-json\/wp\/v2\/types\/post"}],"author":[{"embeddable":true,"href":"https:\/\/likemetkovic.hr\/portal\/wp-json\/wp\/v2\/users\/7"}],"replies":[{"embeddable":true,"href":"https:\/\/likemetkovic.hr\/portal\/wp-json\/wp\/v2\/comments?post=64148"}],"version-history":[{"count":0,"href":"https:\/\/likemetkovic.hr\/portal\/wp-json\/wp\/v2\/posts\/64148\/revisions"}],"wp:featuredmedia":[{"embeddable":true,"href":"https:\/\/likemetkovic.hr\/portal\/wp-json\/wp\/v2\/media\/56617"}],"wp:attachment":[{"href":"https:\/\/likemetkovic.hr\/portal\/wp-json\/wp\/v2\/media?parent=64148"}],"wp:term":[{"taxonomy":"category","embeddable":true,"href":"https:\/\/likemetkovic.hr\/portal\/wp-json\/wp\/v2\/categories?post=64148"},{"taxonomy":"post_tag","embeddable":true,"href":"https:\/\/likemetkovic.hr\/portal\/wp-json\/wp\/v2\/tags?post=64148"}],"curies":[{"name":"wp","href":"https:\/\/api.w.org\/{rel}","templated":true}]}}