{"id":64168,"date":"2018-06-24T10:00:47","date_gmt":"2018-06-24T08:00:47","guid":{"rendered":"http:\/\/likemetkovic.hr\/?p=64168"},"modified":"2018-06-24T10:05:53","modified_gmt":"2018-06-24T08:05:53","slug":"foto-predstavom-za-djecu-trio-la-la-la-otvoreno-metkovsko-ljeto","status":"publish","type":"post","link":"https:\/\/likemetkovic.hr\/portal\/foto-predstavom-za-djecu-trio-la-la-la-otvoreno-metkovsko-ljeto\/","title":{"rendered":"FOTO Predstavom za djecu &#8220;Trio-la la la&#8221; otvoreno Metkovsko ljeto"},"content":{"rendered":"<p>Gradski park u Metkovi\u0107u sino\u0107 je vrvio djecom i roditeljima u i\u0161\u010dekivanju predstave <em>Trio-la la la<\/em> u izvedbi gluma\u010dkog ansambla Triola.<\/p>\n<p>Rije\u010d je o veselom cirkuskom cabaretu <em>na sklapanje i rasklapanje<\/em> u kojem su na radost najmla\u0111ih male akrobatske vratolomije i ske\u010deve izvodili Iva Peter Dragan, Nikolina Majdak i Damir Mihaljevi\u0107.<\/p>\n<p>Metkovsko ljeto 2018. je otvoreno dje\u010djim smijehom&#8230; neka tako i ostane do kraja&#8230; a ve\u0107 ve\u010daras nas o\u010dekuje nova\u00a0<em>poslastica<\/em>, koncert <strong>\u0110anija Stipani\u010deva u 21 sati<\/strong> u Gradskom parku u Metkovi\u0107u.<\/p>\n<p>Program ovogodi\u0161njeg Metkovskog ljeta mo\u017eete vidjeti <strong><a href=\"http:\/\/www.metkovic.hr\/novosti\/ljeto\/default.asp?izb=program_2018.asp\">ovdje<\/a><\/strong>.<\/p>\n\r\n                <style type=\"text\/css\">\r\n                    \r\n                    #tdi_1  .td-doubleSlider-2 .td-item1 {\r\n                        background: url(https:\/\/likemetkovic.hr\/portal\/wp-content\/uploads\/2018\/06\/predstava-tra-la-la-2-80x60.jpg) 0 0 no-repeat;\r\n                    }\r\n                    #tdi_1  .td-doubleSlider-2 .td-item2 {\r\n                        background: url(https:\/\/likemetkovic.hr\/portal\/wp-content\/uploads\/2018\/06\/predstava-tra-la-la-5-80x60.jpg) 0 0 no-repeat;\r\n                    }\r\n                    #tdi_1  .td-doubleSlider-2 .td-item3 {\r\n                        background: url(https:\/\/likemetkovic.hr\/portal\/wp-content\/uploads\/2018\/06\/predstava-tra-la-la-6-80x60.jpg) 0 0 no-repeat;\r\n                    }\r\n                    #tdi_1  .td-doubleSlider-2 .td-item4 {\r\n                        background: url(https:\/\/likemetkovic.hr\/portal\/wp-content\/uploads\/2018\/06\/predstava-tra-la-la-7-80x60.jpg) 0 0 no-repeat;\r\n                    }\r\n                    #tdi_1  .td-doubleSlider-2 .td-item5 {\r\n                        background: url(https:\/\/likemetkovic.hr\/portal\/wp-content\/uploads\/2018\/06\/predstava-tra-la-la-9-80x60.jpg) 0 0 no-repeat;\r\n                    }\r\n                    #tdi_1  .td-doubleSlider-2 .td-item6 {\r\n                        background: url(https:\/\/likemetkovic.hr\/portal\/wp-content\/uploads\/2018\/06\/predstava-tra-la-la-12-80x60.jpg) 0 0 no-repeat;\r\n                    }\r\n                    #tdi_1  .td-doubleSlider-2 .td-item7 {\r\n                        background: url(https:\/\/likemetkovic.hr\/portal\/wp-content\/uploads\/2018\/06\/predstava-tra-la-la-15-80x60.jpg) 0 0 no-repeat;\r\n                    }\r\n                    #tdi_1  .td-doubleSlider-2 .td-item8 {\r\n                        background: url(https:\/\/likemetkovic.hr\/portal\/wp-content\/uploads\/2018\/06\/predstava-tra-la-la-16-80x60.jpg) 0 0 no-repeat;\r\n                    }\r\n                    #tdi_1  .td-doubleSlider-2 .td-item9 {\r\n                        background: url(https:\/\/likemetkovic.hr\/portal\/wp-content\/uploads\/2018\/06\/predstava-tra-la-la-17-80x60.jpg) 0 0 no-repeat;\r\n                    }\r\n                    #tdi_1  .td-doubleSlider-2 .td-item10 {\r\n                        background: url(https:\/\/likemetkovic.hr\/portal\/wp-content\/uploads\/2018\/06\/predstava-tra-la-la-18-80x60.jpg) 0 0 no-repeat;\r\n                    }\r\n                <\/style>\r\n\r\n                <div id=\"tdi_1\" class=\"td-gallery td-slide-on-2-columns\">\r\n                    <div class=\"post_td_gallery\">\r\n                        <div class=\"td-gallery-slide-top\">\r\n                           <div class=\"td-gallery-title\"><\/div>\r\n\r\n                            <div class=\"td-gallery-controls-wrapper\">\r\n                                <div class=\"td-gallery-slide-count\"><span class=\"td-gallery-slide-item-focus\">1<\/span> of 10<\/div>\r\n                                <div class=\"td-gallery-slide-prev-next-but\">\r\n                                    <i class = \"td-icon-left doubleSliderPrevButton\"><\/i>\r\n                                    <i class = \"td-icon-right doubleSliderNextButton\"><\/i>\r\n                                <\/div>\r\n                            <\/div>\r\n                        <\/div>\r\n\r\n                        <div class = \"td-doubleSlider-1 \">\r\n                            <div class = \"td-slider\">\r\n                                \r\n                    <div class = \"td-slide-item td-item1\">\r\n                        <figure class=\"td-slide-galery-figure td-slide-popup-gallery\">\r\n                            <a class=\"slide-gallery-image-link\" href=\"https:\/\/likemetkovic.hr\/portal\/wp-content\/uploads\/2018\/06\/predstava-tra-la-la-2.jpg\" title=\"predstava tra-la-la (2)\"  data-caption=\"\"  data-description=\"\">\r\n                                <img decoding=\"async\" src=\"https:\/\/likemetkovic.hr\/portal\/wp-content\/uploads\/2018\/06\/predstava-tra-la-la-2-629x420.jpg\" srcset=\"https:\/\/likemetkovic.hr\/portal\/wp-content\/uploads\/2018\/06\/predstava-tra-la-la-2-629x420.jpg 629w, https:\/\/likemetkovic.hr\/portal\/wp-content\/uploads\/2018\/06\/predstava-tra-la-la-2.jpg 800w, https:\/\/likemetkovic.hr\/portal\/wp-content\/uploads\/2018\/06\/predstava-tra-la-la-2-768x513.jpg 768w, https:\/\/likemetkovic.hr\/portal\/wp-content\/uploads\/2018\/06\/predstava-tra-la-la-2-696x465.jpg 696w\" sizes=\"(max-width: 629px) 100vw, 629px\" alt=\"\">\r\n                            <\/a>\r\n                            \r\n                        <\/figure>\r\n                    <\/div>\r\n                    <div class = \"td-slide-item td-item2\">\r\n                        <figure class=\"td-slide-galery-figure td-slide-popup-gallery\">\r\n                            <a class=\"slide-gallery-image-link\" href=\"https:\/\/likemetkovic.hr\/portal\/wp-content\/uploads\/2018\/06\/predstava-tra-la-la-5.jpg\" title=\"predstava tra-la-la (5)\"  data-caption=\"\"  data-description=\"\">\r\n                                <img decoding=\"async\" src=\"https:\/\/likemetkovic.hr\/portal\/wp-content\/uploads\/2018\/06\/predstava-tra-la-la-5-629x420.jpg\" srcset=\"https:\/\/likemetkovic.hr\/portal\/wp-content\/uploads\/2018\/06\/predstava-tra-la-la-5-629x420.jpg 629w, https:\/\/likemetkovic.hr\/portal\/wp-content\/uploads\/2018\/06\/predstava-tra-la-la-5.jpg 800w, https:\/\/likemetkovic.hr\/portal\/wp-content\/uploads\/2018\/06\/predstava-tra-la-la-5-768x513.jpg 768w, https:\/\/likemetkovic.hr\/portal\/wp-content\/uploads\/2018\/06\/predstava-tra-la-la-5-696x465.jpg 696w\" sizes=\"(max-width: 629px) 100vw, 629px\" alt=\"\">\r\n                            <\/a>\r\n                            \r\n                        <\/figure>\r\n                    <\/div>\r\n                    <div class = \"td-slide-item td-item3\">\r\n                        <figure class=\"td-slide-galery-figure td-slide-popup-gallery\">\r\n                            <a class=\"slide-gallery-image-link\" href=\"https:\/\/likemetkovic.hr\/portal\/wp-content\/uploads\/2018\/06\/predstava-tra-la-la-6.jpg\" title=\"predstava tra-la-la (6)\"  data-caption=\"\"  data-description=\"\">\r\n                                <img decoding=\"async\" src=\"https:\/\/likemetkovic.hr\/portal\/wp-content\/uploads\/2018\/06\/predstava-tra-la-la-6-629x420.jpg\" srcset=\"https:\/\/likemetkovic.hr\/portal\/wp-content\/uploads\/2018\/06\/predstava-tra-la-la-6-629x420.jpg 629w, https:\/\/likemetkovic.hr\/portal\/wp-content\/uploads\/2018\/06\/predstava-tra-la-la-6.jpg 800w, https:\/\/likemetkovic.hr\/portal\/wp-content\/uploads\/2018\/06\/predstava-tra-la-la-6-768x513.jpg 768w, https:\/\/likemetkovic.hr\/portal\/wp-content\/uploads\/2018\/06\/predstava-tra-la-la-6-696x465.jpg 696w\" sizes=\"(max-width: 629px) 100vw, 629px\" alt=\"\">\r\n                            <\/a>\r\n                            \r\n                        <\/figure>\r\n                    <\/div>\r\n                    <div class = \"td-slide-item td-item4\">\r\n                        <figure class=\"td-slide-galery-figure td-slide-popup-gallery\">\r\n                            <a class=\"slide-gallery-image-link\" href=\"https:\/\/likemetkovic.hr\/portal\/wp-content\/uploads\/2018\/06\/predstava-tra-la-la-7.jpg\" title=\"predstava tra-la-la (7)\"  data-caption=\"\"  data-description=\"\">\r\n                                <img decoding=\"async\" src=\"https:\/\/likemetkovic.hr\/portal\/wp-content\/uploads\/2018\/06\/predstava-tra-la-la-7-629x420.jpg\" srcset=\"https:\/\/likemetkovic.hr\/portal\/wp-content\/uploads\/2018\/06\/predstava-tra-la-la-7-629x420.jpg 629w, https:\/\/likemetkovic.hr\/portal\/wp-content\/uploads\/2018\/06\/predstava-tra-la-la-7.jpg 800w, https:\/\/likemetkovic.hr\/portal\/wp-content\/uploads\/2018\/06\/predstava-tra-la-la-7-768x513.jpg 768w, https:\/\/likemetkovic.hr\/portal\/wp-content\/uploads\/2018\/06\/predstava-tra-la-la-7-696x465.jpg 696w\" sizes=\"(max-width: 629px) 100vw, 629px\" alt=\"\">\r\n                            <\/a>\r\n                            \r\n                        <\/figure>\r\n                    <\/div>\r\n                    <div class = \"td-slide-item td-item5\">\r\n                        <figure class=\"td-slide-galery-figure td-slide-popup-gallery\">\r\n                            <a class=\"slide-gallery-image-link\" href=\"https:\/\/likemetkovic.hr\/portal\/wp-content\/uploads\/2018\/06\/predstava-tra-la-la-9.jpg\" title=\"predstava tra-la-la (9)\"  data-caption=\"\"  data-description=\"\">\r\n                                <img decoding=\"async\" src=\"https:\/\/likemetkovic.hr\/portal\/wp-content\/uploads\/2018\/06\/predstava-tra-la-la-9-629x420.jpg\" srcset=\"https:\/\/likemetkovic.hr\/portal\/wp-content\/uploads\/2018\/06\/predstava-tra-la-la-9-629x420.jpg 629w, https:\/\/likemetkovic.hr\/portal\/wp-content\/uploads\/2018\/06\/predstava-tra-la-la-9.jpg 800w, https:\/\/likemetkovic.hr\/portal\/wp-content\/uploads\/2018\/06\/predstava-tra-la-la-9-768x513.jpg 768w, https:\/\/likemetkovic.hr\/portal\/wp-content\/uploads\/2018\/06\/predstava-tra-la-la-9-696x465.jpg 696w\" sizes=\"(max-width: 629px) 100vw, 629px\" alt=\"\">\r\n                            <\/a>\r\n                            \r\n                        <\/figure>\r\n                    <\/div>\r\n                    <div class = \"td-slide-item td-item6\">\r\n                        <figure class=\"td-slide-galery-figure td-slide-popup-gallery\">\r\n                            <a class=\"slide-gallery-image-link\" href=\"https:\/\/likemetkovic.hr\/portal\/wp-content\/uploads\/2018\/06\/predstava-tra-la-la-12.jpg\" title=\"predstava tra-la-la (12)\"  data-caption=\"\"  data-description=\"\">\r\n                                <img decoding=\"async\" src=\"https:\/\/likemetkovic.hr\/portal\/wp-content\/uploads\/2018\/06\/predstava-tra-la-la-12-629x420.jpg\" srcset=\"https:\/\/likemetkovic.hr\/portal\/wp-content\/uploads\/2018\/06\/predstava-tra-la-la-12-629x420.jpg 629w, https:\/\/likemetkovic.hr\/portal\/wp-content\/uploads\/2018\/06\/predstava-tra-la-la-12.jpg 800w, https:\/\/likemetkovic.hr\/portal\/wp-content\/uploads\/2018\/06\/predstava-tra-la-la-12-768x513.jpg 768w, https:\/\/likemetkovic.hr\/portal\/wp-content\/uploads\/2018\/06\/predstava-tra-la-la-12-696x465.jpg 696w\" sizes=\"(max-width: 629px) 100vw, 629px\" alt=\"\">\r\n                            <\/a>\r\n                            \r\n                        <\/figure>\r\n                    <\/div>\r\n                    <div class = \"td-slide-item td-item7\">\r\n                        <figure class=\"td-slide-galery-figure td-slide-popup-gallery\">\r\n                            <a class=\"slide-gallery-image-link\" href=\"https:\/\/likemetkovic.hr\/portal\/wp-content\/uploads\/2018\/06\/predstava-tra-la-la-15.jpg\" title=\"predstava tra-la-la (15)\"  data-caption=\"\"  data-description=\"\">\r\n                                <img decoding=\"async\" src=\"https:\/\/likemetkovic.hr\/portal\/wp-content\/uploads\/2018\/06\/predstava-tra-la-la-15-629x420.jpg\" srcset=\"https:\/\/likemetkovic.hr\/portal\/wp-content\/uploads\/2018\/06\/predstava-tra-la-la-15-629x420.jpg 629w, https:\/\/likemetkovic.hr\/portal\/wp-content\/uploads\/2018\/06\/predstava-tra-la-la-15.jpg 800w, https:\/\/likemetkovic.hr\/portal\/wp-content\/uploads\/2018\/06\/predstava-tra-la-la-15-768x513.jpg 768w, https:\/\/likemetkovic.hr\/portal\/wp-content\/uploads\/2018\/06\/predstava-tra-la-la-15-696x465.jpg 696w\" sizes=\"(max-width: 629px) 100vw, 629px\" alt=\"\">\r\n                            <\/a>\r\n                            \r\n                        <\/figure>\r\n                    <\/div>\r\n                    <div class = \"td-slide-item td-item8\">\r\n                        <figure class=\"td-slide-galery-figure td-slide-popup-gallery\">\r\n                            <a class=\"slide-gallery-image-link\" href=\"https:\/\/likemetkovic.hr\/portal\/wp-content\/uploads\/2018\/06\/predstava-tra-la-la-16.jpg\" title=\"predstava tra-la-la (16)\"  data-caption=\"\"  data-description=\"\">\r\n                                <img decoding=\"async\" src=\"https:\/\/likemetkovic.hr\/portal\/wp-content\/uploads\/2018\/06\/predstava-tra-la-la-16-629x420.jpg\" srcset=\"https:\/\/likemetkovic.hr\/portal\/wp-content\/uploads\/2018\/06\/predstava-tra-la-la-16-629x420.jpg 629w, https:\/\/likemetkovic.hr\/portal\/wp-content\/uploads\/2018\/06\/predstava-tra-la-la-16.jpg 800w, https:\/\/likemetkovic.hr\/portal\/wp-content\/uploads\/2018\/06\/predstava-tra-la-la-16-768x513.jpg 768w, https:\/\/likemetkovic.hr\/portal\/wp-content\/uploads\/2018\/06\/predstava-tra-la-la-16-696x465.jpg 696w\" sizes=\"(max-width: 629px) 100vw, 629px\" alt=\"\">\r\n                            <\/a>\r\n                            \r\n                        <\/figure>\r\n                    <\/div>\r\n                    <div class = \"td-slide-item td-item9\">\r\n                        <figure class=\"td-slide-galery-figure td-slide-popup-gallery\">\r\n                            <a class=\"slide-gallery-image-link\" href=\"https:\/\/likemetkovic.hr\/portal\/wp-content\/uploads\/2018\/06\/predstava-tra-la-la-17.jpg\" title=\"predstava tra-la-la (17)\"  data-caption=\"\"  data-description=\"\">\r\n                                <img decoding=\"async\" src=\"https:\/\/likemetkovic.hr\/portal\/wp-content\/uploads\/2018\/06\/predstava-tra-la-la-17-629x420.jpg\" srcset=\"https:\/\/likemetkovic.hr\/portal\/wp-content\/uploads\/2018\/06\/predstava-tra-la-la-17-629x420.jpg 629w, https:\/\/likemetkovic.hr\/portal\/wp-content\/uploads\/2018\/06\/predstava-tra-la-la-17.jpg 800w, https:\/\/likemetkovic.hr\/portal\/wp-content\/uploads\/2018\/06\/predstava-tra-la-la-17-768x513.jpg 768w, https:\/\/likemetkovic.hr\/portal\/wp-content\/uploads\/2018\/06\/predstava-tra-la-la-17-696x465.jpg 696w\" sizes=\"(max-width: 629px) 100vw, 629px\" alt=\"\">\r\n                            <\/a>\r\n                            \r\n                        <\/figure>\r\n                    <\/div>\r\n                    <div class = \"td-slide-item td-item10\">\r\n                        <figure class=\"td-slide-galery-figure td-slide-popup-gallery\">\r\n                            <a class=\"slide-gallery-image-link\" href=\"https:\/\/likemetkovic.hr\/portal\/wp-content\/uploads\/2018\/06\/predstava-tra-la-la-18.jpg\" title=\"predstava tra-la-la (18)\"  data-caption=\"\"  data-description=\"\">\r\n                                <img decoding=\"async\" src=\"https:\/\/likemetkovic.hr\/portal\/wp-content\/uploads\/2018\/06\/predstava-tra-la-la-18-629x420.jpg\" srcset=\"https:\/\/likemetkovic.hr\/portal\/wp-content\/uploads\/2018\/06\/predstava-tra-la-la-18-629x420.jpg 629w, https:\/\/likemetkovic.hr\/portal\/wp-content\/uploads\/2018\/06\/predstava-tra-la-la-18.jpg 800w, https:\/\/likemetkovic.hr\/portal\/wp-content\/uploads\/2018\/06\/predstava-tra-la-la-18-768x513.jpg 768w, https:\/\/likemetkovic.hr\/portal\/wp-content\/uploads\/2018\/06\/predstava-tra-la-la-18-696x465.jpg 696w\" sizes=\"(max-width: 629px) 100vw, 629px\" alt=\"\">\r\n                            <\/a>\r\n                            \r\n                        <\/figure>\r\n                    <\/div>\r\n                            <\/div>\r\n                        <\/div>\r\n\r\n                        <div class = \"td-doubleSlider-2\">\r\n                            <div class = \"td-slider\">\r\n                                \r\n                    <div class = \"td-button td-item1\">\r\n                        <div class = \"td-border\"><\/div>\r\n                    <\/div>\r\n                    <div class = \"td-button td-item2\">\r\n                        <div class = \"td-border\"><\/div>\r\n                    <\/div>\r\n                    <div class = \"td-button td-item3\">\r\n                        <div class = \"td-border\"><\/div>\r\n                    <\/div>\r\n                    <div class = \"td-button td-item4\">\r\n                        <div class = \"td-border\"><\/div>\r\n                    <\/div>\r\n                    <div class = \"td-button td-item5\">\r\n                        <div class = \"td-border\"><\/div>\r\n                    <\/div>\r\n                    <div class = \"td-button td-item6\">\r\n                        <div class = \"td-border\"><\/div>\r\n                    <\/div>\r\n                    <div class = \"td-button td-item7\">\r\n                        <div class = \"td-border\"><\/div>\r\n                    <\/div>\r\n                    <div class = \"td-button td-item8\">\r\n                        <div class = \"td-border\"><\/div>\r\n                    <\/div>\r\n                    <div class = \"td-button td-item9\">\r\n                        <div class = \"td-border\"><\/div>\r\n                    <\/div>\r\n                    <div class = \"td-button td-item10\">\r\n                        <div class = \"td-border\"><\/div>\r\n                    <\/div>\r\n                            <\/div>\r\n                        <\/div>\r\n\r\n                    <\/div>\r\n\r\n                <\/div>\r\n                \n","protected":false},"excerpt":{"rendered":"<p>Gradski park u Metkovi\u0107u sino\u0107 je vrvio djecom i roditeljima u i\u0161\u010dekivanju predstave Trio-la la la u izvedbi gluma\u010dkog ansambla Triola. Rije\u010d je o veselom cirkuskom cabaretu na sklapanje i rasklapanje u kojem su na radost najmla\u0111ih male akrobatske vratolomije i ske\u010deve izvodili Iva Peter Dragan, Nikolina Majdak i Damir Mihaljevi\u0107. Metkovsko ljeto 2018. je [&hellip;]<\/p>\n","protected":false},"author":7,"featured_media":64172,"comment_status":"open","ping_status":"open","sticky":false,"template":"","format":"standard","meta":{"footnotes":""},"categories":[296,1028],"tags":[1035,333,3386,3387],"class_list":{"0":"post-64168","1":"post","2":"type-post","3":"status-publish","4":"format-standard","5":"has-post-thumbnail","7":"category-ab","8":"category-kultura-2","9":"tag-metkovsko-ljeto","10":"tag-predstava","11":"tag-trio-la-la-la","12":"tag-triola"},"yoast_head":"<!-- This site is optimized with the Yoast SEO plugin v25.2 - https:\/\/yoast.com\/wordpress\/plugins\/seo\/ -->\n<title>FOTO Predstavom za djecu &quot;Trio-la la la&quot; otvoreno Metkovsko ljeto - likemetkovic.hr<\/title>\n<meta name=\"description\" content=\"Gradski park u Metkovi\u0107u sino\u0107 je vrvio djecom i roditeljima u i\u0161\u010dekivanju predstave &quot;Trio - la la la&quot; u izvedbi gluma\u010dkog ansambla Triola.\" \/>\n<meta name=\"robots\" content=\"index, follow, max-snippet:-1, max-image-preview:large, max-video-preview:-1\" \/>\n<link rel=\"canonical\" href=\"https:\/\/likemetkovic.hr\/foto-predstavom-za-djecu-trio-la-la-la-otvoreno-metkovsko-ljeto\/\" \/>\n<meta property=\"og:locale\" content=\"hr_HR\" \/>\n<meta property=\"og:type\" content=\"article\" \/>\n<meta property=\"og:title\" content=\"FOTO Predstavom za djecu &quot;Trio-la la la&quot; otvoreno Metkovsko ljeto - likemetkovic.hr\" \/>\n<meta property=\"og:description\" content=\"Gradski park u Metkovi\u0107u sino\u0107 je vrvio djecom i roditeljima u i\u0161\u010dekivanju predstave &quot;Trio - la la la&quot; u izvedbi gluma\u010dkog ansambla Triola.\" \/>\n<meta property=\"og:url\" content=\"https:\/\/likemetkovic.hr\/foto-predstavom-za-djecu-trio-la-la-la-otvoreno-metkovsko-ljeto\/\" \/>\n<meta property=\"og:site_name\" content=\"likemetkovic.hr\" \/>\n<meta property=\"article:publisher\" content=\"https:\/\/www.facebook.com\/likemetkovic.hr\/\" \/>\n<meta property=\"article:published_time\" content=\"2018-06-24T08:00:47+00:00\" \/>\n<meta property=\"article:modified_time\" content=\"2018-06-24T08:05:53+00:00\" \/>\n<meta property=\"og:image\" content=\"https:\/\/likemetkovic.hr\/wp-content\/uploads\/2018\/06\/predstava-tra-la-la-7.jpg\" \/>\n\t<meta property=\"og:image:width\" content=\"800\" \/>\n\t<meta property=\"og:image:height\" content=\"534\" \/>\n\t<meta property=\"og:image:type\" content=\"image\/jpeg\" \/>\n<meta name=\"author\" content=\"LIKEmetkovic.hr\" \/>\n<meta name=\"twitter:card\" content=\"summary_large_image\" \/>\n<meta name=\"twitter:label1\" content=\"Napisao\/la\" \/>\n\t<meta name=\"twitter:data1\" content=\"LIKEmetkovic.hr\" \/>\n\t<meta name=\"twitter:label2\" content=\"Procijenjeno vrijeme \u010ditanja\" \/>\n\t<meta name=\"twitter:data2\" content=\"1 minuta\" \/>\n<script type=\"application\/ld+json\" class=\"yoast-schema-graph\">{\"@context\":\"https:\/\/schema.org\",\"@graph\":[{\"@type\":\"WebPage\",\"@id\":\"https:\/\/likemetkovic.hr\/foto-predstavom-za-djecu-trio-la-la-la-otvoreno-metkovsko-ljeto\/\",\"url\":\"https:\/\/likemetkovic.hr\/foto-predstavom-za-djecu-trio-la-la-la-otvoreno-metkovsko-ljeto\/\",\"name\":\"FOTO Predstavom za djecu \\\"Trio-la la la\\\" otvoreno Metkovsko ljeto - likemetkovic.hr\",\"isPartOf\":{\"@id\":\"https:\/\/likemetkovic.hr\/#website\"},\"primaryImageOfPage\":{\"@id\":\"https:\/\/likemetkovic.hr\/foto-predstavom-za-djecu-trio-la-la-la-otvoreno-metkovsko-ljeto\/#primaryimage\"},\"image\":{\"@id\":\"https:\/\/likemetkovic.hr\/foto-predstavom-za-djecu-trio-la-la-la-otvoreno-metkovsko-ljeto\/#primaryimage\"},\"thumbnailUrl\":\"https:\/\/likemetkovic.hr\/portal\/wp-content\/uploads\/2018\/06\/predstava-tra-la-la-7.jpg\",\"datePublished\":\"2018-06-24T08:00:47+00:00\",\"dateModified\":\"2018-06-24T08:05:53+00:00\",\"author\":{\"@id\":\"https:\/\/likemetkovic.hr\/#\/schema\/person\/a42711f3385a0e2be6f7e0443bfb28f0\"},\"description\":\"Gradski park u Metkovi\u0107u sino\u0107 je vrvio djecom i roditeljima u i\u0161\u010dekivanju predstave \\\"Trio - la la la\\\" u izvedbi gluma\u010dkog ansambla Triola.\",\"breadcrumb\":{\"@id\":\"https:\/\/likemetkovic.hr\/foto-predstavom-za-djecu-trio-la-la-la-otvoreno-metkovsko-ljeto\/#breadcrumb\"},\"inLanguage\":\"hr\",\"potentialAction\":[{\"@type\":\"ReadAction\",\"target\":[\"https:\/\/likemetkovic.hr\/foto-predstavom-za-djecu-trio-la-la-la-otvoreno-metkovsko-ljeto\/\"]}]},{\"@type\":\"ImageObject\",\"inLanguage\":\"hr\",\"@id\":\"https:\/\/likemetkovic.hr\/foto-predstavom-za-djecu-trio-la-la-la-otvoreno-metkovsko-ljeto\/#primaryimage\",\"url\":\"https:\/\/likemetkovic.hr\/portal\/wp-content\/uploads\/2018\/06\/predstava-tra-la-la-7.jpg\",\"contentUrl\":\"https:\/\/likemetkovic.hr\/portal\/wp-content\/uploads\/2018\/06\/predstava-tra-la-la-7.jpg\",\"width\":800,\"height\":534},{\"@type\":\"BreadcrumbList\",\"@id\":\"https:\/\/likemetkovic.hr\/foto-predstavom-za-djecu-trio-la-la-la-otvoreno-metkovsko-ljeto\/#breadcrumb\",\"itemListElement\":[{\"@type\":\"ListItem\",\"position\":1,\"name\":\"Po\u010detna stranica\",\"item\":\"https:\/\/likemetkovic.hr\/portal\/\"},{\"@type\":\"ListItem\",\"position\":2,\"name\":\"FOTO Predstavom za djecu &#8220;Trio-la la la&#8221; otvoreno Metkovsko ljeto\"}]},{\"@type\":\"WebSite\",\"@id\":\"https:\/\/likemetkovic.hr\/#website\",\"url\":\"https:\/\/likemetkovic.hr\/\",\"name\":\"likemetkovic.hr\",\"description\":\"Misli pozitivno... \u010ditaj LIKE\",\"potentialAction\":[{\"@type\":\"SearchAction\",\"target\":{\"@type\":\"EntryPoint\",\"urlTemplate\":\"https:\/\/likemetkovic.hr\/?s={search_term_string}\"},\"query-input\":{\"@type\":\"PropertyValueSpecification\",\"valueRequired\":true,\"valueName\":\"search_term_string\"}}],\"inLanguage\":\"hr\"},{\"@type\":\"Person\",\"@id\":\"https:\/\/likemetkovic.hr\/#\/schema\/person\/a42711f3385a0e2be6f7e0443bfb28f0\",\"name\":\"LIKEmetkovic.hr\",\"sameAs\":[\"http:\/\/likemetkovic.hr\"],\"url\":\"https:\/\/likemetkovic.hr\/portal\/author\/likemetkovic-hr\/\"}]}<\/script>\n<!-- \/ Yoast SEO plugin. -->","yoast_head_json":{"title":"FOTO Predstavom za djecu \"Trio-la la la\" otvoreno Metkovsko ljeto - likemetkovic.hr","description":"Gradski park u Metkovi\u0107u sino\u0107 je vrvio djecom i roditeljima u i\u0161\u010dekivanju predstave \"Trio - la la la\" u izvedbi gluma\u010dkog ansambla Triola.","robots":{"index":"index","follow":"follow","max-snippet":"max-snippet:-1","max-image-preview":"max-image-preview:large","max-video-preview":"max-video-preview:-1"},"canonical":"https:\/\/likemetkovic.hr\/foto-predstavom-za-djecu-trio-la-la-la-otvoreno-metkovsko-ljeto\/","og_locale":"hr_HR","og_type":"article","og_title":"FOTO Predstavom za djecu \"Trio-la la la\" otvoreno Metkovsko ljeto - likemetkovic.hr","og_description":"Gradski park u Metkovi\u0107u sino\u0107 je vrvio djecom i roditeljima u i\u0161\u010dekivanju predstave \"Trio - la la la\" u izvedbi gluma\u010dkog ansambla Triola.","og_url":"https:\/\/likemetkovic.hr\/foto-predstavom-za-djecu-trio-la-la-la-otvoreno-metkovsko-ljeto\/","og_site_name":"likemetkovic.hr","article_publisher":"https:\/\/www.facebook.com\/likemetkovic.hr\/","article_published_time":"2018-06-24T08:00:47+00:00","article_modified_time":"2018-06-24T08:05:53+00:00","og_image":[{"width":800,"height":534,"url":"https:\/\/likemetkovic.hr\/wp-content\/uploads\/2018\/06\/predstava-tra-la-la-7.jpg","type":"image\/jpeg"}],"author":"LIKEmetkovic.hr","twitter_card":"summary_large_image","twitter_misc":{"Napisao\/la":"LIKEmetkovic.hr","Procijenjeno vrijeme \u010ditanja":"1 minuta"},"schema":{"@context":"https:\/\/schema.org","@graph":[{"@type":"WebPage","@id":"https:\/\/likemetkovic.hr\/foto-predstavom-za-djecu-trio-la-la-la-otvoreno-metkovsko-ljeto\/","url":"https:\/\/likemetkovic.hr\/foto-predstavom-za-djecu-trio-la-la-la-otvoreno-metkovsko-ljeto\/","name":"FOTO Predstavom za djecu \"Trio-la la la\" otvoreno Metkovsko ljeto - likemetkovic.hr","isPartOf":{"@id":"https:\/\/likemetkovic.hr\/#website"},"primaryImageOfPage":{"@id":"https:\/\/likemetkovic.hr\/foto-predstavom-za-djecu-trio-la-la-la-otvoreno-metkovsko-ljeto\/#primaryimage"},"image":{"@id":"https:\/\/likemetkovic.hr\/foto-predstavom-za-djecu-trio-la-la-la-otvoreno-metkovsko-ljeto\/#primaryimage"},"thumbnailUrl":"https:\/\/likemetkovic.hr\/portal\/wp-content\/uploads\/2018\/06\/predstava-tra-la-la-7.jpg","datePublished":"2018-06-24T08:00:47+00:00","dateModified":"2018-06-24T08:05:53+00:00","author":{"@id":"https:\/\/likemetkovic.hr\/#\/schema\/person\/a42711f3385a0e2be6f7e0443bfb28f0"},"description":"Gradski park u Metkovi\u0107u sino\u0107 je vrvio djecom i roditeljima u i\u0161\u010dekivanju predstave \"Trio - la la la\" u izvedbi gluma\u010dkog ansambla Triola.","breadcrumb":{"@id":"https:\/\/likemetkovic.hr\/foto-predstavom-za-djecu-trio-la-la-la-otvoreno-metkovsko-ljeto\/#breadcrumb"},"inLanguage":"hr","potentialAction":[{"@type":"ReadAction","target":["https:\/\/likemetkovic.hr\/foto-predstavom-za-djecu-trio-la-la-la-otvoreno-metkovsko-ljeto\/"]}]},{"@type":"ImageObject","inLanguage":"hr","@id":"https:\/\/likemetkovic.hr\/foto-predstavom-za-djecu-trio-la-la-la-otvoreno-metkovsko-ljeto\/#primaryimage","url":"https:\/\/likemetkovic.hr\/portal\/wp-content\/uploads\/2018\/06\/predstava-tra-la-la-7.jpg","contentUrl":"https:\/\/likemetkovic.hr\/portal\/wp-content\/uploads\/2018\/06\/predstava-tra-la-la-7.jpg","width":800,"height":534},{"@type":"BreadcrumbList","@id":"https:\/\/likemetkovic.hr\/foto-predstavom-za-djecu-trio-la-la-la-otvoreno-metkovsko-ljeto\/#breadcrumb","itemListElement":[{"@type":"ListItem","position":1,"name":"Po\u010detna stranica","item":"https:\/\/likemetkovic.hr\/portal\/"},{"@type":"ListItem","position":2,"name":"FOTO Predstavom za djecu &#8220;Trio-la la la&#8221; otvoreno Metkovsko ljeto"}]},{"@type":"WebSite","@id":"https:\/\/likemetkovic.hr\/#website","url":"https:\/\/likemetkovic.hr\/","name":"likemetkovic.hr","description":"Misli pozitivno... \u010ditaj LIKE","potentialAction":[{"@type":"SearchAction","target":{"@type":"EntryPoint","urlTemplate":"https:\/\/likemetkovic.hr\/?s={search_term_string}"},"query-input":{"@type":"PropertyValueSpecification","valueRequired":true,"valueName":"search_term_string"}}],"inLanguage":"hr"},{"@type":"Person","@id":"https:\/\/likemetkovic.hr\/#\/schema\/person\/a42711f3385a0e2be6f7e0443bfb28f0","name":"LIKEmetkovic.hr","sameAs":["http:\/\/likemetkovic.hr"],"url":"https:\/\/likemetkovic.hr\/portal\/author\/likemetkovic-hr\/"}]}},"_links":{"self":[{"href":"https:\/\/likemetkovic.hr\/portal\/wp-json\/wp\/v2\/posts\/64168","targetHints":{"allow":["GET"]}}],"collection":[{"href":"https:\/\/likemetkovic.hr\/portal\/wp-json\/wp\/v2\/posts"}],"about":[{"href":"https:\/\/likemetkovic.hr\/portal\/wp-json\/wp\/v2\/types\/post"}],"author":[{"embeddable":true,"href":"https:\/\/likemetkovic.hr\/portal\/wp-json\/wp\/v2\/users\/7"}],"replies":[{"embeddable":true,"href":"https:\/\/likemetkovic.hr\/portal\/wp-json\/wp\/v2\/comments?post=64168"}],"version-history":[{"count":0,"href":"https:\/\/likemetkovic.hr\/portal\/wp-json\/wp\/v2\/posts\/64168\/revisions"}],"wp:featuredmedia":[{"embeddable":true,"href":"https:\/\/likemetkovic.hr\/portal\/wp-json\/wp\/v2\/media\/64172"}],"wp:attachment":[{"href":"https:\/\/likemetkovic.hr\/portal\/wp-json\/wp\/v2\/media?parent=64168"}],"wp:term":[{"taxonomy":"category","embeddable":true,"href":"https:\/\/likemetkovic.hr\/portal\/wp-json\/wp\/v2\/categories?post=64168"},{"taxonomy":"post_tag","embeddable":true,"href":"https:\/\/likemetkovic.hr\/portal\/wp-json\/wp\/v2\/tags?post=64168"}],"curies":[{"name":"wp","href":"https:\/\/api.w.org\/{rel}","templated":true}]}}