{"id":64184,"date":"2018-06-24T10:51:10","date_gmt":"2018-06-24T08:51:10","guid":{"rendered":"http:\/\/likemetkovic.hr\/?p=64184"},"modified":"2018-06-24T10:51:10","modified_gmt":"2018-06-24T08:51:10","slug":"omiski-festival-lipi-cvit-pripao-klapi-kampaneli-metkovcima-cetvrto-mjesto","status":"publish","type":"post","link":"https:\/\/likemetkovic.hr\/portal\/omiski-festival-lipi-cvit-pripao-klapi-kampaneli-metkovcima-cetvrto-mjesto\/","title":{"rendered":"OMI\u0160KI FESTIVAL 2018. &#8216;Lipi cvit&#8217; pripao klapi Kampaneli, Metkovcima \u010detvrto mjesto"},"content":{"rendered":"<p>Sino\u0107 je u Blatu na Kor\u010duli u Velikoj dvorani Doma kulture odr\u017eana\u00a0<strong><em>Ve\u010der mje\u0161oviti klapa<\/em><\/strong>\u00a0u sklopu programa<em> Festivala dalmatinskih klapa Omi\u0161 2018 .\u00a0<\/em>na kojem je <strong>Mje\u0161ovita klapa sv. Nikole<\/strong> iz Metkovi\u0107a.<\/p>\n<p>Ve\u010der Festivala dalmatinskih klapa Omi\u0161 u Blatu na Kor\u010duli odr\u017eava se u suradnji s Op\u0107inom Blato ve\u0107 \u010detrnaestu godinu za redom. U natjecateljskoj ve\u010deri nastupilo je 10 klapa redoslijedom:\u00a0<b>Volat<\/b>-Pu\u010di\u0161\u0107a,\u00a0<b>\u017drnovnica<\/b>-\u017drnovnica,\u00a0<b>Mara\u0161ka<\/b>-Zadar,\u00a0<b>Falku\u0161a<\/b>-Zagreb,\u00a0<b>Kurenat<\/b>-Mljet,\u00a0<b>Basca<\/b>-Ba\u0161ka Voda,\u00a0<b>Komi\u017ea<\/b>-Komi\u017ea,\u00a0<b>Kampaneli<\/b>-Donja Ka\u0161tela,\u00a0<b>Slavi\u0107-<\/b>Zagreb i\u00a0<b>Sveti Nikola<\/b>-Metkovi\u0107.<\/p>\n<p>Stru\u010dni ocjenjiva\u010dki sud sastavu: mo.\u00a0Janes Vla\u0161i\u0107, prof.\u00a0Dalija Gavrani\u0107\u00a0i\u00a0Branko Terze\u00a0prvu nagradu\u00a0<strong>Lipin cvit\u00a0<\/strong>dodijelio je<em>\u00a0klapi Kampaneli\u00a0<\/em>\u00a0iz Donjih Kastela,\u00a0<em>\u00a0drugu nagradu<\/em>\u00a0osvojila je\u00a0<em>klapa Basca<\/em>\u00a0iz Ba\u0161ke Vode, dok je tre\u0107a nagrada pripala\u00a0<em>\u00a0klapi<\/em>\u00a0Slavi\u0107 iz Zagreba.<\/p>\n<p>Najve\u0107i broj glasova publike osvojila je Basca iz Ba\u0161ke vode i time zaslu\u017eila nagradu\u00a0 &#8211;<strong>\u00a0Zlatni lipin cvit. <\/strong>Metkovcima je ova nagrada izmakla za jedan bod.<\/p>\n<p><em>&#8211; Zadovoljni smo sino\u0107njim nastupom. Izveli smo dvije pjesme &#8216;Prid oltarom diva kle\u010di&#8217; u obradi na\u0161ega prijatelja iz Opuzena Bla\u017eenka Jura\u010di\u0107a i &#8216;U zemlju latinsku&#8217; Kre\u0161imira Magdi\u0107a na stihove Jak\u0161e Fiamenga. Za malo nam je promakla nagrada publike ali sam nastup u programu Omi\u0161koga festivala za nas je veliko priznanje,\u00a0<\/em>ka\u017ee <strong>Marija Maja Jerkovi\u0107<\/strong>, voditeljica Mje\u0161ovite klape sv. Nikola, i dodaje:\u00a0<em>Ve\u0107 u subotu idemo u Perast na Me\u0111unarodni festival klapa. Nakon toga \u0107emo sudjelovati na Festivalu klapa\u00a0Gospi Sinjskoj i Festivalu klapske pisme u Posu\u0161ju.<\/em><\/p>\n<p>Foto: Mje\u0161ovita klapa sv. Nikola<\/p>\n","protected":false},"excerpt":{"rendered":"<p>Sino\u0107 je u Blatu na Kor\u010duli u Velikoj dvorani Doma kulture odr\u017eana\u00a0Ve\u010der mje\u0161oviti klapa\u00a0u sklopu programa Festivala dalmatinskih klapa Omi\u0161 2018 .\u00a0na kojem je Mje\u0161ovita klapa sv. Nikole iz Metkovi\u0107a. Ve\u010der Festivala dalmatinskih klapa Omi\u0161 u Blatu na Kor\u010duli odr\u017eava se u suradnji s Op\u0107inom Blato ve\u0107 \u010detrnaestu godinu za redom. U natjecateljskoj ve\u010deri nastupilo [&hellip;]<\/p>\n","protected":false},"author":7,"featured_media":64185,"comment_status":"open","ping_status":"open","sticky":false,"template":"","format":"standard","meta":{"footnotes":""},"categories":[296,1028],"tags":[3383,3388],"class_list":{"0":"post-64184","1":"post","2":"type-post","3":"status-publish","4":"format-standard","5":"has-post-thumbnail","7":"category-ab","8":"category-kultura-2","9":"tag-mjesovita-klapa-sv-nikola-metkovic","10":"tag-omiski-festival-2018"},"yoast_head":"<!-- This site is optimized with the Yoast SEO plugin v25.2 - https:\/\/yoast.com\/wordpress\/plugins\/seo\/ -->\n<title>OMI\u0160KI FESTIVAL 2018. &#039;Lipi cvit&#039; pripao klapi Kampaneli, Metkovcima \u010detvrto mjesto - likemetkovic.hr<\/title>\n<meta name=\"robots\" content=\"index, follow, max-snippet:-1, max-image-preview:large, max-video-preview:-1\" \/>\n<link rel=\"canonical\" href=\"https:\/\/likemetkovic.hr\/omiski-festival-lipi-cvit-pripao-klapi-kampaneli-metkovcima-cetvrto-mjesto\/\" \/>\n<meta property=\"og:locale\" content=\"hr_HR\" \/>\n<meta property=\"og:type\" content=\"article\" \/>\n<meta property=\"og:title\" content=\"OMI\u0160KI FESTIVAL 2018. &#039;Lipi cvit&#039; pripao klapi Kampaneli, Metkovcima \u010detvrto mjesto - likemetkovic.hr\" \/>\n<meta property=\"og:description\" content=\"Sino\u0107 je u Blatu na Kor\u010duli u Velikoj dvorani Doma kulture odr\u017eana\u00a0Ve\u010der mje\u0161oviti klapa\u00a0u sklopu programa Festivala dalmatinskih klapa Omi\u0161 2018 .\u00a0na kojem je Mje\u0161ovita klapa sv. Nikole iz Metkovi\u0107a. Ve\u010der Festivala dalmatinskih klapa Omi\u0161 u Blatu na Kor\u010duli odr\u017eava se u suradnji s Op\u0107inom Blato ve\u0107 \u010detrnaestu godinu za redom. U natjecateljskoj ve\u010deri nastupilo [&hellip;]\" \/>\n<meta property=\"og:url\" content=\"https:\/\/likemetkovic.hr\/omiski-festival-lipi-cvit-pripao-klapi-kampaneli-metkovcima-cetvrto-mjesto\/\" \/>\n<meta property=\"og:site_name\" content=\"likemetkovic.hr\" \/>\n<meta property=\"article:publisher\" content=\"https:\/\/www.facebook.com\/likemetkovic.hr\/\" \/>\n<meta property=\"article:published_time\" content=\"2018-06-24T08:51:10+00:00\" \/>\n<meta property=\"og:image\" content=\"https:\/\/likemetkovic.hr\/wp-content\/uploads\/2018\/06\/klapa-metkovi\u0107.jpg\" \/>\n\t<meta property=\"og:image:width\" content=\"800\" \/>\n\t<meta property=\"og:image:height\" content=\"600\" \/>\n\t<meta property=\"og:image:type\" content=\"image\/jpeg\" \/>\n<meta name=\"author\" content=\"LIKEmetkovic.hr\" \/>\n<meta name=\"twitter:card\" content=\"summary_large_image\" \/>\n<meta name=\"twitter:label1\" content=\"Napisao\/la\" \/>\n\t<meta name=\"twitter:data1\" content=\"LIKEmetkovic.hr\" \/>\n\t<meta name=\"twitter:label2\" content=\"Procijenjeno vrijeme \u010ditanja\" \/>\n\t<meta name=\"twitter:data2\" content=\"1 minuta\" \/>\n<script type=\"application\/ld+json\" class=\"yoast-schema-graph\">{\"@context\":\"https:\/\/schema.org\",\"@graph\":[{\"@type\":\"WebPage\",\"@id\":\"https:\/\/likemetkovic.hr\/omiski-festival-lipi-cvit-pripao-klapi-kampaneli-metkovcima-cetvrto-mjesto\/\",\"url\":\"https:\/\/likemetkovic.hr\/omiski-festival-lipi-cvit-pripao-klapi-kampaneli-metkovcima-cetvrto-mjesto\/\",\"name\":\"OMI\u0160KI FESTIVAL 2018. 'Lipi cvit' pripao klapi Kampaneli, Metkovcima \u010detvrto mjesto - likemetkovic.hr\",\"isPartOf\":{\"@id\":\"https:\/\/likemetkovic.hr\/#website\"},\"primaryImageOfPage\":{\"@id\":\"https:\/\/likemetkovic.hr\/omiski-festival-lipi-cvit-pripao-klapi-kampaneli-metkovcima-cetvrto-mjesto\/#primaryimage\"},\"image\":{\"@id\":\"https:\/\/likemetkovic.hr\/omiski-festival-lipi-cvit-pripao-klapi-kampaneli-metkovcima-cetvrto-mjesto\/#primaryimage\"},\"thumbnailUrl\":\"https:\/\/likemetkovic.hr\/portal\/wp-content\/uploads\/2018\/06\/klapa-metkovi\u0107.jpg\",\"datePublished\":\"2018-06-24T08:51:10+00:00\",\"author\":{\"@id\":\"https:\/\/likemetkovic.hr\/#\/schema\/person\/a42711f3385a0e2be6f7e0443bfb28f0\"},\"breadcrumb\":{\"@id\":\"https:\/\/likemetkovic.hr\/omiski-festival-lipi-cvit-pripao-klapi-kampaneli-metkovcima-cetvrto-mjesto\/#breadcrumb\"},\"inLanguage\":\"hr\",\"potentialAction\":[{\"@type\":\"ReadAction\",\"target\":[\"https:\/\/likemetkovic.hr\/omiski-festival-lipi-cvit-pripao-klapi-kampaneli-metkovcima-cetvrto-mjesto\/\"]}]},{\"@type\":\"ImageObject\",\"inLanguage\":\"hr\",\"@id\":\"https:\/\/likemetkovic.hr\/omiski-festival-lipi-cvit-pripao-klapi-kampaneli-metkovcima-cetvrto-mjesto\/#primaryimage\",\"url\":\"https:\/\/likemetkovic.hr\/portal\/wp-content\/uploads\/2018\/06\/klapa-metkovi\u0107.jpg\",\"contentUrl\":\"https:\/\/likemetkovic.hr\/portal\/wp-content\/uploads\/2018\/06\/klapa-metkovi\u0107.jpg\",\"width\":800,\"height\":600},{\"@type\":\"BreadcrumbList\",\"@id\":\"https:\/\/likemetkovic.hr\/omiski-festival-lipi-cvit-pripao-klapi-kampaneli-metkovcima-cetvrto-mjesto\/#breadcrumb\",\"itemListElement\":[{\"@type\":\"ListItem\",\"position\":1,\"name\":\"Po\u010detna stranica\",\"item\":\"https:\/\/likemetkovic.hr\/portal\/\"},{\"@type\":\"ListItem\",\"position\":2,\"name\":\"OMI\u0160KI FESTIVAL 2018. &#8216;Lipi cvit&#8217; pripao klapi Kampaneli, Metkovcima \u010detvrto mjesto\"}]},{\"@type\":\"WebSite\",\"@id\":\"https:\/\/likemetkovic.hr\/#website\",\"url\":\"https:\/\/likemetkovic.hr\/\",\"name\":\"likemetkovic.hr\",\"description\":\"Misli pozitivno... \u010ditaj LIKE\",\"potentialAction\":[{\"@type\":\"SearchAction\",\"target\":{\"@type\":\"EntryPoint\",\"urlTemplate\":\"https:\/\/likemetkovic.hr\/?s={search_term_string}\"},\"query-input\":{\"@type\":\"PropertyValueSpecification\",\"valueRequired\":true,\"valueName\":\"search_term_string\"}}],\"inLanguage\":\"hr\"},{\"@type\":\"Person\",\"@id\":\"https:\/\/likemetkovic.hr\/#\/schema\/person\/a42711f3385a0e2be6f7e0443bfb28f0\",\"name\":\"LIKEmetkovic.hr\",\"sameAs\":[\"http:\/\/likemetkovic.hr\"],\"url\":\"https:\/\/likemetkovic.hr\/portal\/author\/likemetkovic-hr\/\"}]}<\/script>\n<!-- \/ Yoast SEO plugin. -->","yoast_head_json":{"title":"OMI\u0160KI FESTIVAL 2018. 'Lipi cvit' pripao klapi Kampaneli, Metkovcima \u010detvrto mjesto - likemetkovic.hr","robots":{"index":"index","follow":"follow","max-snippet":"max-snippet:-1","max-image-preview":"max-image-preview:large","max-video-preview":"max-video-preview:-1"},"canonical":"https:\/\/likemetkovic.hr\/omiski-festival-lipi-cvit-pripao-klapi-kampaneli-metkovcima-cetvrto-mjesto\/","og_locale":"hr_HR","og_type":"article","og_title":"OMI\u0160KI FESTIVAL 2018. 'Lipi cvit' pripao klapi Kampaneli, Metkovcima \u010detvrto mjesto - likemetkovic.hr","og_description":"Sino\u0107 je u Blatu na Kor\u010duli u Velikoj dvorani Doma kulture odr\u017eana\u00a0Ve\u010der mje\u0161oviti klapa\u00a0u sklopu programa Festivala dalmatinskih klapa Omi\u0161 2018 .\u00a0na kojem je Mje\u0161ovita klapa sv. Nikole iz Metkovi\u0107a. Ve\u010der Festivala dalmatinskih klapa Omi\u0161 u Blatu na Kor\u010duli odr\u017eava se u suradnji s Op\u0107inom Blato ve\u0107 \u010detrnaestu godinu za redom. U natjecateljskoj ve\u010deri nastupilo [&hellip;]","og_url":"https:\/\/likemetkovic.hr\/omiski-festival-lipi-cvit-pripao-klapi-kampaneli-metkovcima-cetvrto-mjesto\/","og_site_name":"likemetkovic.hr","article_publisher":"https:\/\/www.facebook.com\/likemetkovic.hr\/","article_published_time":"2018-06-24T08:51:10+00:00","og_image":[{"width":800,"height":600,"url":"https:\/\/likemetkovic.hr\/wp-content\/uploads\/2018\/06\/klapa-metkovi\u0107.jpg","type":"image\/jpeg"}],"author":"LIKEmetkovic.hr","twitter_card":"summary_large_image","twitter_misc":{"Napisao\/la":"LIKEmetkovic.hr","Procijenjeno vrijeme \u010ditanja":"1 minuta"},"schema":{"@context":"https:\/\/schema.org","@graph":[{"@type":"WebPage","@id":"https:\/\/likemetkovic.hr\/omiski-festival-lipi-cvit-pripao-klapi-kampaneli-metkovcima-cetvrto-mjesto\/","url":"https:\/\/likemetkovic.hr\/omiski-festival-lipi-cvit-pripao-klapi-kampaneli-metkovcima-cetvrto-mjesto\/","name":"OMI\u0160KI FESTIVAL 2018. 'Lipi cvit' pripao klapi Kampaneli, Metkovcima \u010detvrto mjesto - likemetkovic.hr","isPartOf":{"@id":"https:\/\/likemetkovic.hr\/#website"},"primaryImageOfPage":{"@id":"https:\/\/likemetkovic.hr\/omiski-festival-lipi-cvit-pripao-klapi-kampaneli-metkovcima-cetvrto-mjesto\/#primaryimage"},"image":{"@id":"https:\/\/likemetkovic.hr\/omiski-festival-lipi-cvit-pripao-klapi-kampaneli-metkovcima-cetvrto-mjesto\/#primaryimage"},"thumbnailUrl":"https:\/\/likemetkovic.hr\/portal\/wp-content\/uploads\/2018\/06\/klapa-metkovi\u0107.jpg","datePublished":"2018-06-24T08:51:10+00:00","author":{"@id":"https:\/\/likemetkovic.hr\/#\/schema\/person\/a42711f3385a0e2be6f7e0443bfb28f0"},"breadcrumb":{"@id":"https:\/\/likemetkovic.hr\/omiski-festival-lipi-cvit-pripao-klapi-kampaneli-metkovcima-cetvrto-mjesto\/#breadcrumb"},"inLanguage":"hr","potentialAction":[{"@type":"ReadAction","target":["https:\/\/likemetkovic.hr\/omiski-festival-lipi-cvit-pripao-klapi-kampaneli-metkovcima-cetvrto-mjesto\/"]}]},{"@type":"ImageObject","inLanguage":"hr","@id":"https:\/\/likemetkovic.hr\/omiski-festival-lipi-cvit-pripao-klapi-kampaneli-metkovcima-cetvrto-mjesto\/#primaryimage","url":"https:\/\/likemetkovic.hr\/portal\/wp-content\/uploads\/2018\/06\/klapa-metkovi\u0107.jpg","contentUrl":"https:\/\/likemetkovic.hr\/portal\/wp-content\/uploads\/2018\/06\/klapa-metkovi\u0107.jpg","width":800,"height":600},{"@type":"BreadcrumbList","@id":"https:\/\/likemetkovic.hr\/omiski-festival-lipi-cvit-pripao-klapi-kampaneli-metkovcima-cetvrto-mjesto\/#breadcrumb","itemListElement":[{"@type":"ListItem","position":1,"name":"Po\u010detna stranica","item":"https:\/\/likemetkovic.hr\/portal\/"},{"@type":"ListItem","position":2,"name":"OMI\u0160KI FESTIVAL 2018. &#8216;Lipi cvit&#8217; pripao klapi Kampaneli, Metkovcima \u010detvrto mjesto"}]},{"@type":"WebSite","@id":"https:\/\/likemetkovic.hr\/#website","url":"https:\/\/likemetkovic.hr\/","name":"likemetkovic.hr","description":"Misli pozitivno... \u010ditaj LIKE","potentialAction":[{"@type":"SearchAction","target":{"@type":"EntryPoint","urlTemplate":"https:\/\/likemetkovic.hr\/?s={search_term_string}"},"query-input":{"@type":"PropertyValueSpecification","valueRequired":true,"valueName":"search_term_string"}}],"inLanguage":"hr"},{"@type":"Person","@id":"https:\/\/likemetkovic.hr\/#\/schema\/person\/a42711f3385a0e2be6f7e0443bfb28f0","name":"LIKEmetkovic.hr","sameAs":["http:\/\/likemetkovic.hr"],"url":"https:\/\/likemetkovic.hr\/portal\/author\/likemetkovic-hr\/"}]}},"_links":{"self":[{"href":"https:\/\/likemetkovic.hr\/portal\/wp-json\/wp\/v2\/posts\/64184","targetHints":{"allow":["GET"]}}],"collection":[{"href":"https:\/\/likemetkovic.hr\/portal\/wp-json\/wp\/v2\/posts"}],"about":[{"href":"https:\/\/likemetkovic.hr\/portal\/wp-json\/wp\/v2\/types\/post"}],"author":[{"embeddable":true,"href":"https:\/\/likemetkovic.hr\/portal\/wp-json\/wp\/v2\/users\/7"}],"replies":[{"embeddable":true,"href":"https:\/\/likemetkovic.hr\/portal\/wp-json\/wp\/v2\/comments?post=64184"}],"version-history":[{"count":0,"href":"https:\/\/likemetkovic.hr\/portal\/wp-json\/wp\/v2\/posts\/64184\/revisions"}],"wp:featuredmedia":[{"embeddable":true,"href":"https:\/\/likemetkovic.hr\/portal\/wp-json\/wp\/v2\/media\/64185"}],"wp:attachment":[{"href":"https:\/\/likemetkovic.hr\/portal\/wp-json\/wp\/v2\/media?parent=64184"}],"wp:term":[{"taxonomy":"category","embeddable":true,"href":"https:\/\/likemetkovic.hr\/portal\/wp-json\/wp\/v2\/categories?post=64184"},{"taxonomy":"post_tag","embeddable":true,"href":"https:\/\/likemetkovic.hr\/portal\/wp-json\/wp\/v2\/tags?post=64184"}],"curies":[{"name":"wp","href":"https:\/\/api.w.org\/{rel}","templated":true}]}}