{"id":64220,"date":"2018-06-25T12:45:33","date_gmt":"2018-06-25T10:45:33","guid":{"rendered":"http:\/\/likemetkovic.hr\/?p=64220"},"modified":"2018-06-25T17:30:00","modified_gmt":"2018-06-25T15:30:00","slug":"preminuo-je-fra-bozo-lovric-dugogodisnji-zupni-vikar-u-zupi-sv-ilije","status":"publish","type":"post","link":"https:\/\/likemetkovic.hr\/portal\/preminuo-je-fra-bozo-lovric-dugogodisnji-zupni-vikar-u-zupi-sv-ilije\/","title":{"rendered":"Preminuo je fra Bo\u017eo Lovri\u0107, dugogodi\u0161nji \u017eupni vikar u \u017dupi sv. Ilije u Metkovi\u0107u"},"content":{"rendered":"<p>U Franjeva\u010dkom samostanu Gospe od Zdravlja u Splitu u nedjelju, 24. lipnja 2018., u 84. godini \u017eivota, 65. redovni\u0161tva i 57. sve\u0107eni\u0161tva blago u Gospodinu preminuo <b>fra Bo\u017eo Lovri\u0107 dugogodi\u0161nji \u017dupni vikar u \u017eupi sv. Ilije u Metkovi\u0107u.<\/b><\/p>\n<p><img decoding=\"async\" class=\"wp-image-64222 alignleft\" src=\"http:\/\/likemetkovic.hr\/wp-content\/uploads\/2018\/06\/fra-bo\u017eo-lovri\u0107.jpg\" alt=\"\" width=\"228\" height=\"269\" srcset=\"https:\/\/likemetkovic.hr\/portal\/wp-content\/uploads\/2018\/06\/fra-bo\u017eo-lovri\u0107.jpg 742w, https:\/\/likemetkovic.hr\/portal\/wp-content\/uploads\/2018\/06\/fra-bo\u017eo-lovri\u0107-678x800.jpg 678w, https:\/\/likemetkovic.hr\/portal\/wp-content\/uploads\/2018\/06\/fra-bo\u017eo-lovri\u0107-696x821.jpg 696w, https:\/\/likemetkovic.hr\/portal\/wp-content\/uploads\/2018\/06\/fra-bo\u017eo-lovri\u0107-356x420.jpg 356w\" sizes=\"(max-width: 228px) 100vw, 228px\" \/><\/p>\n<p>Fra Bo\u017eu mnogi Metkovci pamte kao blaga i strpljiva \u010dovjeka pred \u010dijom ispovjedaonicom je uvijek bio red. Petnaestogodi\u0161nje slu\u017ebovanje u Metkovi\u0107u po\u010deo je 1990. u te\u0161kim ratnim godinama sa \u017eupnikom fra Mirkom Buljcem, potom s fra Filipom Milanovi\u0107em, fra Matom Mati\u0107em te s fra Du\u0161anom D\u017eimbegom. Nakon toga 2005. odlazi za ispovjednika u samostan Gospe od Zdravlja u Splitu.<\/p>\n<p>Fra Bo\u017eo Lovri\u0107 ro\u0111en je 18. o\u017eujka 1935. u Hrvacama gdje je poha\u0111ao, s prekidima, osnovnu \u0161kolu (1942. \u2013 1948.). Franjeva\u010dku klasi\u010dnu gimnaziju poha\u0111ao je u Sinju i Makarskoj (1948. \u2013 1957.), a Franjeva\u010dku visoku bogosloviju u Makarskoj (1957.-1962.)<\/p>\n<p>U novicijat je stupio 12. kolovoza 1953. na Visovcu, gdje je polo\u017eio prve jednostavne zavjete 13. srpnja 1954. godine. Sve\u010dane zavjete polo\u017eio je 31. o\u017eujka 1960. u Makarskoj. Za \u0111akona je zare\u0111en 28. travnja 1961. u Makarskoj, a red prezbiterata primio je u Splitu 29. lipnja 1961. Mladu misu proslavio je u \u017eupi Hrvace 2. srpnja 1961. godine.<\/p>\n<p><b>Slu\u017ebe:<\/b><\/p>\n<ul>\n<li>Kozica (1962. \u2013 1964.) \u2013 \u017eupnik<\/li>\n<li>Danilo (1964. \u2013 1966.) \u2013 \u017eupnik<\/li>\n<li>Aachen (1966. \u2013 1969.) \u2013 voditelj misije<\/li>\n<li>Makarska (1969. \u2013 1972.) \u2013 magistar bogoslova<\/li>\n<li>Zagreb (1972. \u2013 1973.) \u2013 magistar bogoslova<\/li>\n<li>Split (1973. \u2013 1979.) \u2013 tajnik Provincije<\/li>\n<li>Sinj (1979. \u2013 1990.) \u2013 duhovnik sjemeni\u0161taraca i profesor na Gimnaziji<\/li>\n<li>Definitor Provincije (1979. \u2013 1982.)<\/li>\n<li><b>Metkovi\u0107<\/b> (1990. \u2013 2005.) \u2013 \u017eupni vikar<\/li>\n<li>Split (2005. \u2013 2018.) \u2013 ispovjednik<\/li>\n<\/ul>\n<p>Fra Bo\u017eo Lovri\u0107 dobio je nagradu za \u017eivotno djelo koju mu je dodijelila Op\u0107ina Hrvace 15. rujna 2017.<\/p>\n<p>Misa zadu\u0161nica slavit \u0107e se u franjeva\u010dkoj crkvi \u010cudotvorne Gospe Sinjske u Sinju <b>u utorak, 26. lipnja 2018., u 15 sati<\/b>, a sprovodni obredi obavit \u0107e se na gradskom groblju Sv. Frane u Sinju nakon mise zadu\u0161nice.<\/p>\n<p>Pokoj vje\u010dni daruj mu Gospodine!<\/p>\n","protected":false},"excerpt":{"rendered":"<p>U Franjeva\u010dkom samostanu Gospe od Zdravlja u Splitu u nedjelju, 24. lipnja 2018., u 84. godini \u017eivota, 65. redovni\u0161tva i 57. sve\u0107eni\u0161tva blago u Gospodinu preminuo fra Bo\u017eo Lovri\u0107 dugogodi\u0161nji \u017dupni vikar u \u017eupi sv. Ilije u Metkovi\u0107u. Fra Bo\u017eu mnogi Metkovci pamte kao blaga i strpljiva \u010dovjeka pred \u010dijom ispovjedaonicom je uvijek bio red. [&hellip;]<\/p>\n","protected":false},"author":7,"featured_media":64221,"comment_status":"open","ping_status":"open","sticky":false,"template":"","format":"standard","meta":{"footnotes":""},"categories":[296,27],"tags":[3393,380],"class_list":{"0":"post-64220","1":"post","2":"type-post","3":"status-publish","4":"format-standard","5":"has-post-thumbnail","7":"category-ab","8":"category-vjera-i-zivot","9":"tag-fra-bozo-lovric","10":"tag-metkovic"},"yoast_head":"<!-- This site is optimized with the Yoast SEO plugin v25.2 - https:\/\/yoast.com\/wordpress\/plugins\/seo\/ -->\n<title>Preminuo je fra Bo\u017eo Lovri\u0107, dugogodi\u0161nji \u017eupni vikar u \u017dupi sv. Ilije u Metkovi\u0107u - likemetkovic.hr<\/title>\n<meta name=\"description\" content=\"U samostanu Gospe od Zdravlja u Splitu u nedjelju, 24. lipnja 2018. preminuo je\u00a0fra Bo\u017eo Lovri\u0107 dugogodi\u0161nji \u017dupni vikar u \u017eupi sv. Ilije u Metkovi\u0107u.\" \/>\n<meta name=\"robots\" content=\"index, follow, max-snippet:-1, max-image-preview:large, max-video-preview:-1\" \/>\n<link rel=\"canonical\" href=\"https:\/\/likemetkovic.hr\/preminuo-je-fra-bozo-lovric-dugogodisnji-zupni-vikar-u-zupi-sv-ilije\/\" \/>\n<meta property=\"og:locale\" content=\"hr_HR\" \/>\n<meta property=\"og:type\" content=\"article\" \/>\n<meta property=\"og:title\" content=\"Preminuo je fra Bo\u017eo Lovri\u0107, dugogodi\u0161nji \u017eupni vikar u \u017dupi sv. Ilije u Metkovi\u0107u - likemetkovic.hr\" \/>\n<meta property=\"og:description\" content=\"U samostanu Gospe od Zdravlja u Splitu u nedjelju, 24. lipnja 2018. preminuo je\u00a0fra Bo\u017eo Lovri\u0107 dugogodi\u0161nji \u017dupni vikar u \u017eupi sv. Ilije u Metkovi\u0107u.\" \/>\n<meta property=\"og:url\" content=\"https:\/\/likemetkovic.hr\/preminuo-je-fra-bozo-lovric-dugogodisnji-zupni-vikar-u-zupi-sv-ilije\/\" \/>\n<meta property=\"og:site_name\" content=\"likemetkovic.hr\" \/>\n<meta property=\"article:publisher\" content=\"https:\/\/www.facebook.com\/likemetkovic.hr\/\" \/>\n<meta property=\"article:published_time\" content=\"2018-06-25T10:45:33+00:00\" \/>\n<meta property=\"article:modified_time\" content=\"2018-06-25T15:30:00+00:00\" \/>\n<meta property=\"og:image\" content=\"https:\/\/likemetkovic.hr\/wp-content\/uploads\/2018\/06\/fra-bozo-lovric.jpg\" \/>\n\t<meta property=\"og:image:width\" content=\"800\" \/>\n\t<meta property=\"og:image:height\" content=\"533\" \/>\n\t<meta property=\"og:image:type\" content=\"image\/jpeg\" \/>\n<meta name=\"author\" content=\"LIKEmetkovic.hr\" \/>\n<meta name=\"twitter:card\" content=\"summary_large_image\" \/>\n<meta name=\"twitter:label1\" content=\"Napisao\/la\" \/>\n\t<meta name=\"twitter:data1\" content=\"LIKEmetkovic.hr\" \/>\n\t<meta name=\"twitter:label2\" content=\"Procijenjeno vrijeme \u010ditanja\" \/>\n\t<meta name=\"twitter:data2\" content=\"1 minuta\" \/>\n<script type=\"application\/ld+json\" class=\"yoast-schema-graph\">{\"@context\":\"https:\/\/schema.org\",\"@graph\":[{\"@type\":\"WebPage\",\"@id\":\"https:\/\/likemetkovic.hr\/preminuo-je-fra-bozo-lovric-dugogodisnji-zupni-vikar-u-zupi-sv-ilije\/\",\"url\":\"https:\/\/likemetkovic.hr\/preminuo-je-fra-bozo-lovric-dugogodisnji-zupni-vikar-u-zupi-sv-ilije\/\",\"name\":\"Preminuo je fra Bo\u017eo Lovri\u0107, dugogodi\u0161nji \u017eupni vikar u \u017dupi sv. Ilije u Metkovi\u0107u - likemetkovic.hr\",\"isPartOf\":{\"@id\":\"https:\/\/likemetkovic.hr\/#website\"},\"primaryImageOfPage\":{\"@id\":\"https:\/\/likemetkovic.hr\/preminuo-je-fra-bozo-lovric-dugogodisnji-zupni-vikar-u-zupi-sv-ilije\/#primaryimage\"},\"image\":{\"@id\":\"https:\/\/likemetkovic.hr\/preminuo-je-fra-bozo-lovric-dugogodisnji-zupni-vikar-u-zupi-sv-ilije\/#primaryimage\"},\"thumbnailUrl\":\"https:\/\/likemetkovic.hr\/portal\/wp-content\/uploads\/2018\/06\/fra-bozo-lovric.jpg\",\"datePublished\":\"2018-06-25T10:45:33+00:00\",\"dateModified\":\"2018-06-25T15:30:00+00:00\",\"author\":{\"@id\":\"https:\/\/likemetkovic.hr\/#\/schema\/person\/a42711f3385a0e2be6f7e0443bfb28f0\"},\"description\":\"U samostanu Gospe od Zdravlja u Splitu u nedjelju, 24. lipnja 2018. preminuo je\u00a0fra Bo\u017eo Lovri\u0107 dugogodi\u0161nji \u017dupni vikar u \u017eupi sv. Ilije u Metkovi\u0107u.\",\"breadcrumb\":{\"@id\":\"https:\/\/likemetkovic.hr\/preminuo-je-fra-bozo-lovric-dugogodisnji-zupni-vikar-u-zupi-sv-ilije\/#breadcrumb\"},\"inLanguage\":\"hr\",\"potentialAction\":[{\"@type\":\"ReadAction\",\"target\":[\"https:\/\/likemetkovic.hr\/preminuo-je-fra-bozo-lovric-dugogodisnji-zupni-vikar-u-zupi-sv-ilije\/\"]}]},{\"@type\":\"ImageObject\",\"inLanguage\":\"hr\",\"@id\":\"https:\/\/likemetkovic.hr\/preminuo-je-fra-bozo-lovric-dugogodisnji-zupni-vikar-u-zupi-sv-ilije\/#primaryimage\",\"url\":\"https:\/\/likemetkovic.hr\/portal\/wp-content\/uploads\/2018\/06\/fra-bozo-lovric.jpg\",\"contentUrl\":\"https:\/\/likemetkovic.hr\/portal\/wp-content\/uploads\/2018\/06\/fra-bozo-lovric.jpg\",\"width\":800,\"height\":533},{\"@type\":\"BreadcrumbList\",\"@id\":\"https:\/\/likemetkovic.hr\/preminuo-je-fra-bozo-lovric-dugogodisnji-zupni-vikar-u-zupi-sv-ilije\/#breadcrumb\",\"itemListElement\":[{\"@type\":\"ListItem\",\"position\":1,\"name\":\"Po\u010detna stranica\",\"item\":\"https:\/\/likemetkovic.hr\/portal\/\"},{\"@type\":\"ListItem\",\"position\":2,\"name\":\"Preminuo je fra Bo\u017eo Lovri\u0107, dugogodi\u0161nji \u017eupni vikar u \u017dupi sv. Ilije u Metkovi\u0107u\"}]},{\"@type\":\"WebSite\",\"@id\":\"https:\/\/likemetkovic.hr\/#website\",\"url\":\"https:\/\/likemetkovic.hr\/\",\"name\":\"likemetkovic.hr\",\"description\":\"Misli pozitivno... \u010ditaj LIKE\",\"potentialAction\":[{\"@type\":\"SearchAction\",\"target\":{\"@type\":\"EntryPoint\",\"urlTemplate\":\"https:\/\/likemetkovic.hr\/?s={search_term_string}\"},\"query-input\":{\"@type\":\"PropertyValueSpecification\",\"valueRequired\":true,\"valueName\":\"search_term_string\"}}],\"inLanguage\":\"hr\"},{\"@type\":\"Person\",\"@id\":\"https:\/\/likemetkovic.hr\/#\/schema\/person\/a42711f3385a0e2be6f7e0443bfb28f0\",\"name\":\"LIKEmetkovic.hr\",\"sameAs\":[\"http:\/\/likemetkovic.hr\"],\"url\":\"https:\/\/likemetkovic.hr\/portal\/author\/likemetkovic-hr\/\"}]}<\/script>\n<!-- \/ Yoast SEO plugin. -->","yoast_head_json":{"title":"Preminuo je fra Bo\u017eo Lovri\u0107, dugogodi\u0161nji \u017eupni vikar u \u017dupi sv. Ilije u Metkovi\u0107u - likemetkovic.hr","description":"U samostanu Gospe od Zdravlja u Splitu u nedjelju, 24. lipnja 2018. preminuo je\u00a0fra Bo\u017eo Lovri\u0107 dugogodi\u0161nji \u017dupni vikar u \u017eupi sv. Ilije u Metkovi\u0107u.","robots":{"index":"index","follow":"follow","max-snippet":"max-snippet:-1","max-image-preview":"max-image-preview:large","max-video-preview":"max-video-preview:-1"},"canonical":"https:\/\/likemetkovic.hr\/preminuo-je-fra-bozo-lovric-dugogodisnji-zupni-vikar-u-zupi-sv-ilije\/","og_locale":"hr_HR","og_type":"article","og_title":"Preminuo je fra Bo\u017eo Lovri\u0107, dugogodi\u0161nji \u017eupni vikar u \u017dupi sv. Ilije u Metkovi\u0107u - likemetkovic.hr","og_description":"U samostanu Gospe od Zdravlja u Splitu u nedjelju, 24. lipnja 2018. preminuo je\u00a0fra Bo\u017eo Lovri\u0107 dugogodi\u0161nji \u017dupni vikar u \u017eupi sv. Ilije u Metkovi\u0107u.","og_url":"https:\/\/likemetkovic.hr\/preminuo-je-fra-bozo-lovric-dugogodisnji-zupni-vikar-u-zupi-sv-ilije\/","og_site_name":"likemetkovic.hr","article_publisher":"https:\/\/www.facebook.com\/likemetkovic.hr\/","article_published_time":"2018-06-25T10:45:33+00:00","article_modified_time":"2018-06-25T15:30:00+00:00","og_image":[{"width":800,"height":533,"url":"https:\/\/likemetkovic.hr\/wp-content\/uploads\/2018\/06\/fra-bozo-lovric.jpg","type":"image\/jpeg"}],"author":"LIKEmetkovic.hr","twitter_card":"summary_large_image","twitter_misc":{"Napisao\/la":"LIKEmetkovic.hr","Procijenjeno vrijeme \u010ditanja":"1 minuta"},"schema":{"@context":"https:\/\/schema.org","@graph":[{"@type":"WebPage","@id":"https:\/\/likemetkovic.hr\/preminuo-je-fra-bozo-lovric-dugogodisnji-zupni-vikar-u-zupi-sv-ilije\/","url":"https:\/\/likemetkovic.hr\/preminuo-je-fra-bozo-lovric-dugogodisnji-zupni-vikar-u-zupi-sv-ilije\/","name":"Preminuo je fra Bo\u017eo Lovri\u0107, dugogodi\u0161nji \u017eupni vikar u \u017dupi sv. Ilije u Metkovi\u0107u - likemetkovic.hr","isPartOf":{"@id":"https:\/\/likemetkovic.hr\/#website"},"primaryImageOfPage":{"@id":"https:\/\/likemetkovic.hr\/preminuo-je-fra-bozo-lovric-dugogodisnji-zupni-vikar-u-zupi-sv-ilije\/#primaryimage"},"image":{"@id":"https:\/\/likemetkovic.hr\/preminuo-je-fra-bozo-lovric-dugogodisnji-zupni-vikar-u-zupi-sv-ilije\/#primaryimage"},"thumbnailUrl":"https:\/\/likemetkovic.hr\/portal\/wp-content\/uploads\/2018\/06\/fra-bozo-lovric.jpg","datePublished":"2018-06-25T10:45:33+00:00","dateModified":"2018-06-25T15:30:00+00:00","author":{"@id":"https:\/\/likemetkovic.hr\/#\/schema\/person\/a42711f3385a0e2be6f7e0443bfb28f0"},"description":"U samostanu Gospe od Zdravlja u Splitu u nedjelju, 24. lipnja 2018. preminuo je\u00a0fra Bo\u017eo Lovri\u0107 dugogodi\u0161nji \u017dupni vikar u \u017eupi sv. Ilije u Metkovi\u0107u.","breadcrumb":{"@id":"https:\/\/likemetkovic.hr\/preminuo-je-fra-bozo-lovric-dugogodisnji-zupni-vikar-u-zupi-sv-ilije\/#breadcrumb"},"inLanguage":"hr","potentialAction":[{"@type":"ReadAction","target":["https:\/\/likemetkovic.hr\/preminuo-je-fra-bozo-lovric-dugogodisnji-zupni-vikar-u-zupi-sv-ilije\/"]}]},{"@type":"ImageObject","inLanguage":"hr","@id":"https:\/\/likemetkovic.hr\/preminuo-je-fra-bozo-lovric-dugogodisnji-zupni-vikar-u-zupi-sv-ilije\/#primaryimage","url":"https:\/\/likemetkovic.hr\/portal\/wp-content\/uploads\/2018\/06\/fra-bozo-lovric.jpg","contentUrl":"https:\/\/likemetkovic.hr\/portal\/wp-content\/uploads\/2018\/06\/fra-bozo-lovric.jpg","width":800,"height":533},{"@type":"BreadcrumbList","@id":"https:\/\/likemetkovic.hr\/preminuo-je-fra-bozo-lovric-dugogodisnji-zupni-vikar-u-zupi-sv-ilije\/#breadcrumb","itemListElement":[{"@type":"ListItem","position":1,"name":"Po\u010detna stranica","item":"https:\/\/likemetkovic.hr\/portal\/"},{"@type":"ListItem","position":2,"name":"Preminuo je fra Bo\u017eo Lovri\u0107, dugogodi\u0161nji \u017eupni vikar u \u017dupi sv. Ilije u Metkovi\u0107u"}]},{"@type":"WebSite","@id":"https:\/\/likemetkovic.hr\/#website","url":"https:\/\/likemetkovic.hr\/","name":"likemetkovic.hr","description":"Misli pozitivno... \u010ditaj LIKE","potentialAction":[{"@type":"SearchAction","target":{"@type":"EntryPoint","urlTemplate":"https:\/\/likemetkovic.hr\/?s={search_term_string}"},"query-input":{"@type":"PropertyValueSpecification","valueRequired":true,"valueName":"search_term_string"}}],"inLanguage":"hr"},{"@type":"Person","@id":"https:\/\/likemetkovic.hr\/#\/schema\/person\/a42711f3385a0e2be6f7e0443bfb28f0","name":"LIKEmetkovic.hr","sameAs":["http:\/\/likemetkovic.hr"],"url":"https:\/\/likemetkovic.hr\/portal\/author\/likemetkovic-hr\/"}]}},"_links":{"self":[{"href":"https:\/\/likemetkovic.hr\/portal\/wp-json\/wp\/v2\/posts\/64220","targetHints":{"allow":["GET"]}}],"collection":[{"href":"https:\/\/likemetkovic.hr\/portal\/wp-json\/wp\/v2\/posts"}],"about":[{"href":"https:\/\/likemetkovic.hr\/portal\/wp-json\/wp\/v2\/types\/post"}],"author":[{"embeddable":true,"href":"https:\/\/likemetkovic.hr\/portal\/wp-json\/wp\/v2\/users\/7"}],"replies":[{"embeddable":true,"href":"https:\/\/likemetkovic.hr\/portal\/wp-json\/wp\/v2\/comments?post=64220"}],"version-history":[{"count":0,"href":"https:\/\/likemetkovic.hr\/portal\/wp-json\/wp\/v2\/posts\/64220\/revisions"}],"wp:featuredmedia":[{"embeddable":true,"href":"https:\/\/likemetkovic.hr\/portal\/wp-json\/wp\/v2\/media\/64221"}],"wp:attachment":[{"href":"https:\/\/likemetkovic.hr\/portal\/wp-json\/wp\/v2\/media?parent=64220"}],"wp:term":[{"taxonomy":"category","embeddable":true,"href":"https:\/\/likemetkovic.hr\/portal\/wp-json\/wp\/v2\/categories?post=64220"},{"taxonomy":"post_tag","embeddable":true,"href":"https:\/\/likemetkovic.hr\/portal\/wp-json\/wp\/v2\/tags?post=64220"}],"curies":[{"name":"wp","href":"https:\/\/api.w.org\/{rel}","templated":true}]}}