{"id":64225,"date":"2018-06-25T12:57:59","date_gmt":"2018-06-25T10:57:59","guid":{"rendered":"http:\/\/likemetkovic.hr\/?p=64225"},"modified":"2018-06-25T12:57:59","modified_gmt":"2018-06-25T10:57:59","slug":"sjecanjem-na-poginule-branitelje-obiljezen-dan-drzavnosti","status":"publish","type":"post","link":"https:\/\/likemetkovic.hr\/portal\/sjecanjem-na-poginule-branitelje-obiljezen-dan-drzavnosti\/","title":{"rendered":"Sje\u0107anjem na poginule branitelje obilje\u017een Dan dr\u017eavnosti"},"content":{"rendered":"<p align=\"justify\"><span style=\"font-family: Verdana;\">Povodom\u00a0Dana dr\u017eavnosti, 25. lipnja pred Sredi\u0161njim kri\u017eem na Gradskome groblju sv. Ivana Nepomuka i pred Spomenikom poginulim metkovskim braniteljima na Velikoj rivi jutros su polo\u017eeni vijenci i zapaljene svije\u0107e.<\/span><\/p>\n<p class=\"vijest2\">Vijence i svije\u0107e polo\u017eili su \u010dlanovi obitelji poginulih i njihovi pre\u017eivjeli suborci, potpredsjednik Sabora RH Bo\u017eo Petrov i saborski zastupnik Nikola Grmoja, metkovski gradona\u010delnik Dalibor Milan sa suradnicima, aktivni i biv\u0161i policijski slu\u017ebenici iz PP Metkovi\u0107 te predstavnici politi\u010dkih stranaka.<\/p>\n<p>Molitvu za pokojne predvodio je \u017eupni vikar fra Dujo Juki\u0107.<\/p>\n<p><img decoding=\"async\" src=\"http:\/\/www.metkovic.hr\/novosti\/_vijenci250618-1.jpg\" \/><\/p>\n<p>Foto: metkovic.hr<\/p>\n<p>&nbsp;<\/p>\n","protected":false},"excerpt":{"rendered":"<p>Povodom\u00a0Dana dr\u017eavnosti, 25. lipnja pred Sredi\u0161njim kri\u017eem na Gradskome groblju sv. Ivana Nepomuka i pred Spomenikom poginulim metkovskim braniteljima na Velikoj rivi jutros su polo\u017eeni vijenci i zapaljene svije\u0107e. Vijence i svije\u0107e polo\u017eili su \u010dlanovi obitelji poginulih i njihovi pre\u017eivjeli suborci, potpredsjednik Sabora RH Bo\u017eo Petrov i saborski zastupnik Nikola Grmoja, metkovski gradona\u010delnik Dalibor Milan [&hellip;]<\/p>\n","protected":false},"author":7,"featured_media":64227,"comment_status":"open","ping_status":"open","sticky":false,"template":"","format":"standard","meta":{"footnotes":""},"categories":[296,11],"tags":[3394,380,1745],"class_list":{"0":"post-64225","1":"post","2":"type-post","3":"status-publish","4":"format-standard","5":"has-post-thumbnail","7":"category-ab","8":"category-metkovic-dolina","9":"tag-dan-drzavnosti","10":"tag-metkovic","11":"tag-polaganje-vijenaca"},"yoast_head":"<!-- This site is optimized with the Yoast SEO plugin v25.2 - https:\/\/yoast.com\/wordpress\/plugins\/seo\/ -->\n<title>Sje\u0107anjem na poginule branitelje obilje\u017een Dan dr\u017eavnosti - likemetkovic.hr<\/title>\n<meta name=\"robots\" content=\"index, follow, max-snippet:-1, max-image-preview:large, max-video-preview:-1\" \/>\n<link rel=\"canonical\" href=\"https:\/\/likemetkovic.hr\/sjecanjem-na-poginule-branitelje-obiljezen-dan-drzavnosti\/\" \/>\n<meta property=\"og:locale\" content=\"hr_HR\" \/>\n<meta property=\"og:type\" content=\"article\" \/>\n<meta property=\"og:title\" content=\"Sje\u0107anjem na poginule branitelje obilje\u017een Dan dr\u017eavnosti - likemetkovic.hr\" \/>\n<meta property=\"og:description\" content=\"Povodom\u00a0Dana dr\u017eavnosti, 25. lipnja pred Sredi\u0161njim kri\u017eem na Gradskome groblju sv. Ivana Nepomuka i pred Spomenikom poginulim metkovskim braniteljima na Velikoj rivi jutros su polo\u017eeni vijenci i zapaljene svije\u0107e. Vijence i svije\u0107e polo\u017eili su \u010dlanovi obitelji poginulih i njihovi pre\u017eivjeli suborci, potpredsjednik Sabora RH Bo\u017eo Petrov i saborski zastupnik Nikola Grmoja, metkovski gradona\u010delnik Dalibor Milan [&hellip;]\" \/>\n<meta property=\"og:url\" content=\"https:\/\/likemetkovic.hr\/sjecanjem-na-poginule-branitelje-obiljezen-dan-drzavnosti\/\" \/>\n<meta property=\"og:site_name\" content=\"likemetkovic.hr\" \/>\n<meta property=\"article:publisher\" content=\"https:\/\/www.facebook.com\/likemetkovic.hr\/\" \/>\n<meta property=\"article:published_time\" content=\"2018-06-25T10:57:59+00:00\" \/>\n<meta property=\"og:image\" content=\"https:\/\/likemetkovic.hr\/wp-content\/uploads\/2018\/06\/dan-dar\u017eavnosti-vijenci.jpg\" \/>\n\t<meta property=\"og:image:width\" content=\"900\" \/>\n\t<meta property=\"og:image:height\" content=\"600\" \/>\n\t<meta property=\"og:image:type\" content=\"image\/jpeg\" \/>\n<meta name=\"author\" content=\"LIKEmetkovic.hr\" \/>\n<meta name=\"twitter:card\" content=\"summary_large_image\" \/>\n<meta name=\"twitter:label1\" content=\"Napisao\/la\" \/>\n\t<meta name=\"twitter:data1\" content=\"LIKEmetkovic.hr\" \/>\n<script type=\"application\/ld+json\" class=\"yoast-schema-graph\">{\"@context\":\"https:\/\/schema.org\",\"@graph\":[{\"@type\":\"WebPage\",\"@id\":\"https:\/\/likemetkovic.hr\/sjecanjem-na-poginule-branitelje-obiljezen-dan-drzavnosti\/\",\"url\":\"https:\/\/likemetkovic.hr\/sjecanjem-na-poginule-branitelje-obiljezen-dan-drzavnosti\/\",\"name\":\"Sje\u0107anjem na poginule branitelje obilje\u017een Dan dr\u017eavnosti - likemetkovic.hr\",\"isPartOf\":{\"@id\":\"https:\/\/likemetkovic.hr\/#website\"},\"primaryImageOfPage\":{\"@id\":\"https:\/\/likemetkovic.hr\/sjecanjem-na-poginule-branitelje-obiljezen-dan-drzavnosti\/#primaryimage\"},\"image\":{\"@id\":\"https:\/\/likemetkovic.hr\/sjecanjem-na-poginule-branitelje-obiljezen-dan-drzavnosti\/#primaryimage\"},\"thumbnailUrl\":\"https:\/\/likemetkovic.hr\/portal\/wp-content\/uploads\/2018\/06\/dan-dar\u017eavnosti-vijenci.jpg\",\"datePublished\":\"2018-06-25T10:57:59+00:00\",\"author\":{\"@id\":\"https:\/\/likemetkovic.hr\/#\/schema\/person\/a42711f3385a0e2be6f7e0443bfb28f0\"},\"breadcrumb\":{\"@id\":\"https:\/\/likemetkovic.hr\/sjecanjem-na-poginule-branitelje-obiljezen-dan-drzavnosti\/#breadcrumb\"},\"inLanguage\":\"hr\",\"potentialAction\":[{\"@type\":\"ReadAction\",\"target\":[\"https:\/\/likemetkovic.hr\/sjecanjem-na-poginule-branitelje-obiljezen-dan-drzavnosti\/\"]}]},{\"@type\":\"ImageObject\",\"inLanguage\":\"hr\",\"@id\":\"https:\/\/likemetkovic.hr\/sjecanjem-na-poginule-branitelje-obiljezen-dan-drzavnosti\/#primaryimage\",\"url\":\"https:\/\/likemetkovic.hr\/portal\/wp-content\/uploads\/2018\/06\/dan-dar\u017eavnosti-vijenci.jpg\",\"contentUrl\":\"https:\/\/likemetkovic.hr\/portal\/wp-content\/uploads\/2018\/06\/dan-dar\u017eavnosti-vijenci.jpg\",\"width\":900,\"height\":600},{\"@type\":\"BreadcrumbList\",\"@id\":\"https:\/\/likemetkovic.hr\/sjecanjem-na-poginule-branitelje-obiljezen-dan-drzavnosti\/#breadcrumb\",\"itemListElement\":[{\"@type\":\"ListItem\",\"position\":1,\"name\":\"Po\u010detna stranica\",\"item\":\"https:\/\/likemetkovic.hr\/portal\/\"},{\"@type\":\"ListItem\",\"position\":2,\"name\":\"Sje\u0107anjem na poginule branitelje obilje\u017een Dan dr\u017eavnosti\"}]},{\"@type\":\"WebSite\",\"@id\":\"https:\/\/likemetkovic.hr\/#website\",\"url\":\"https:\/\/likemetkovic.hr\/\",\"name\":\"likemetkovic.hr\",\"description\":\"Misli pozitivno... \u010ditaj LIKE\",\"potentialAction\":[{\"@type\":\"SearchAction\",\"target\":{\"@type\":\"EntryPoint\",\"urlTemplate\":\"https:\/\/likemetkovic.hr\/?s={search_term_string}\"},\"query-input\":{\"@type\":\"PropertyValueSpecification\",\"valueRequired\":true,\"valueName\":\"search_term_string\"}}],\"inLanguage\":\"hr\"},{\"@type\":\"Person\",\"@id\":\"https:\/\/likemetkovic.hr\/#\/schema\/person\/a42711f3385a0e2be6f7e0443bfb28f0\",\"name\":\"LIKEmetkovic.hr\",\"sameAs\":[\"http:\/\/likemetkovic.hr\"],\"url\":\"https:\/\/likemetkovic.hr\/portal\/author\/likemetkovic-hr\/\"}]}<\/script>\n<!-- \/ Yoast SEO plugin. -->","yoast_head_json":{"title":"Sje\u0107anjem na poginule branitelje obilje\u017een Dan dr\u017eavnosti - likemetkovic.hr","robots":{"index":"index","follow":"follow","max-snippet":"max-snippet:-1","max-image-preview":"max-image-preview:large","max-video-preview":"max-video-preview:-1"},"canonical":"https:\/\/likemetkovic.hr\/sjecanjem-na-poginule-branitelje-obiljezen-dan-drzavnosti\/","og_locale":"hr_HR","og_type":"article","og_title":"Sje\u0107anjem na poginule branitelje obilje\u017een Dan dr\u017eavnosti - likemetkovic.hr","og_description":"Povodom\u00a0Dana dr\u017eavnosti, 25. lipnja pred Sredi\u0161njim kri\u017eem na Gradskome groblju sv. Ivana Nepomuka i pred Spomenikom poginulim metkovskim braniteljima na Velikoj rivi jutros su polo\u017eeni vijenci i zapaljene svije\u0107e. Vijence i svije\u0107e polo\u017eili su \u010dlanovi obitelji poginulih i njihovi pre\u017eivjeli suborci, potpredsjednik Sabora RH Bo\u017eo Petrov i saborski zastupnik Nikola Grmoja, metkovski gradona\u010delnik Dalibor Milan [&hellip;]","og_url":"https:\/\/likemetkovic.hr\/sjecanjem-na-poginule-branitelje-obiljezen-dan-drzavnosti\/","og_site_name":"likemetkovic.hr","article_publisher":"https:\/\/www.facebook.com\/likemetkovic.hr\/","article_published_time":"2018-06-25T10:57:59+00:00","og_image":[{"width":900,"height":600,"url":"https:\/\/likemetkovic.hr\/wp-content\/uploads\/2018\/06\/dan-dar\u017eavnosti-vijenci.jpg","type":"image\/jpeg"}],"author":"LIKEmetkovic.hr","twitter_card":"summary_large_image","twitter_misc":{"Napisao\/la":"LIKEmetkovic.hr"},"schema":{"@context":"https:\/\/schema.org","@graph":[{"@type":"WebPage","@id":"https:\/\/likemetkovic.hr\/sjecanjem-na-poginule-branitelje-obiljezen-dan-drzavnosti\/","url":"https:\/\/likemetkovic.hr\/sjecanjem-na-poginule-branitelje-obiljezen-dan-drzavnosti\/","name":"Sje\u0107anjem na poginule branitelje obilje\u017een Dan dr\u017eavnosti - likemetkovic.hr","isPartOf":{"@id":"https:\/\/likemetkovic.hr\/#website"},"primaryImageOfPage":{"@id":"https:\/\/likemetkovic.hr\/sjecanjem-na-poginule-branitelje-obiljezen-dan-drzavnosti\/#primaryimage"},"image":{"@id":"https:\/\/likemetkovic.hr\/sjecanjem-na-poginule-branitelje-obiljezen-dan-drzavnosti\/#primaryimage"},"thumbnailUrl":"https:\/\/likemetkovic.hr\/portal\/wp-content\/uploads\/2018\/06\/dan-dar\u017eavnosti-vijenci.jpg","datePublished":"2018-06-25T10:57:59+00:00","author":{"@id":"https:\/\/likemetkovic.hr\/#\/schema\/person\/a42711f3385a0e2be6f7e0443bfb28f0"},"breadcrumb":{"@id":"https:\/\/likemetkovic.hr\/sjecanjem-na-poginule-branitelje-obiljezen-dan-drzavnosti\/#breadcrumb"},"inLanguage":"hr","potentialAction":[{"@type":"ReadAction","target":["https:\/\/likemetkovic.hr\/sjecanjem-na-poginule-branitelje-obiljezen-dan-drzavnosti\/"]}]},{"@type":"ImageObject","inLanguage":"hr","@id":"https:\/\/likemetkovic.hr\/sjecanjem-na-poginule-branitelje-obiljezen-dan-drzavnosti\/#primaryimage","url":"https:\/\/likemetkovic.hr\/portal\/wp-content\/uploads\/2018\/06\/dan-dar\u017eavnosti-vijenci.jpg","contentUrl":"https:\/\/likemetkovic.hr\/portal\/wp-content\/uploads\/2018\/06\/dan-dar\u017eavnosti-vijenci.jpg","width":900,"height":600},{"@type":"BreadcrumbList","@id":"https:\/\/likemetkovic.hr\/sjecanjem-na-poginule-branitelje-obiljezen-dan-drzavnosti\/#breadcrumb","itemListElement":[{"@type":"ListItem","position":1,"name":"Po\u010detna stranica","item":"https:\/\/likemetkovic.hr\/portal\/"},{"@type":"ListItem","position":2,"name":"Sje\u0107anjem na poginule branitelje obilje\u017een Dan dr\u017eavnosti"}]},{"@type":"WebSite","@id":"https:\/\/likemetkovic.hr\/#website","url":"https:\/\/likemetkovic.hr\/","name":"likemetkovic.hr","description":"Misli pozitivno... \u010ditaj LIKE","potentialAction":[{"@type":"SearchAction","target":{"@type":"EntryPoint","urlTemplate":"https:\/\/likemetkovic.hr\/?s={search_term_string}"},"query-input":{"@type":"PropertyValueSpecification","valueRequired":true,"valueName":"search_term_string"}}],"inLanguage":"hr"},{"@type":"Person","@id":"https:\/\/likemetkovic.hr\/#\/schema\/person\/a42711f3385a0e2be6f7e0443bfb28f0","name":"LIKEmetkovic.hr","sameAs":["http:\/\/likemetkovic.hr"],"url":"https:\/\/likemetkovic.hr\/portal\/author\/likemetkovic-hr\/"}]}},"_links":{"self":[{"href":"https:\/\/likemetkovic.hr\/portal\/wp-json\/wp\/v2\/posts\/64225","targetHints":{"allow":["GET"]}}],"collection":[{"href":"https:\/\/likemetkovic.hr\/portal\/wp-json\/wp\/v2\/posts"}],"about":[{"href":"https:\/\/likemetkovic.hr\/portal\/wp-json\/wp\/v2\/types\/post"}],"author":[{"embeddable":true,"href":"https:\/\/likemetkovic.hr\/portal\/wp-json\/wp\/v2\/users\/7"}],"replies":[{"embeddable":true,"href":"https:\/\/likemetkovic.hr\/portal\/wp-json\/wp\/v2\/comments?post=64225"}],"version-history":[{"count":0,"href":"https:\/\/likemetkovic.hr\/portal\/wp-json\/wp\/v2\/posts\/64225\/revisions"}],"wp:featuredmedia":[{"embeddable":true,"href":"https:\/\/likemetkovic.hr\/portal\/wp-json\/wp\/v2\/media\/64227"}],"wp:attachment":[{"href":"https:\/\/likemetkovic.hr\/portal\/wp-json\/wp\/v2\/media?parent=64225"}],"wp:term":[{"taxonomy":"category","embeddable":true,"href":"https:\/\/likemetkovic.hr\/portal\/wp-json\/wp\/v2\/categories?post=64225"},{"taxonomy":"post_tag","embeddable":true,"href":"https:\/\/likemetkovic.hr\/portal\/wp-json\/wp\/v2\/tags?post=64225"}],"curies":[{"name":"wp","href":"https:\/\/api.w.org\/{rel}","templated":true}]}}