{"id":64262,"date":"2018-06-26T14:06:19","date_gmt":"2018-06-26T12:06:19","guid":{"rendered":"http:\/\/likemetkovic.hr\/?p=64262"},"modified":"2018-06-26T14:34:17","modified_gmt":"2018-06-26T12:34:17","slug":"usprkos-preporuci-eu-a-hrvatska-nece-proglasiti-iskljucivi-gospodarski-pojas-na-moru","status":"publish","type":"post","link":"https:\/\/likemetkovic.hr\/portal\/usprkos-preporuci-eu-a-hrvatska-nece-proglasiti-iskljucivi-gospodarski-pojas-na-moru\/","title":{"rendered":"Usprkos preporuci EU-a, Hrvatska ne\u0107e proglasiti isklju\u010divi gospodarski pojas na moru"},"content":{"rendered":"<p>Most nezavisnih lista danas je u\u00a0Dubrovniku odr\u017eao tre\u0107u u nizu konferenciju za medije, kojima se u svim jadranskim \u017eupanijama tra\u017ei dono\u0161enje <strong>Deklaracije o progla\u0161enju isklju\u010divog gospodarskog pojasa<\/strong>.\u00a0Na konferenciji pod nazivom <em>Za\u0161to Vlada ne \u017eeli za\u0161titi na\u0161e more?<\/em>\u00a0govorili su saborski zastupnik <strong>Nikola Grmoja<\/strong> i dubrova\u010dki gradski vije\u0107nik <strong>Maro Kristi\u0107<\/strong>.<\/p>\n<p>&#8211; <em>Ve\u0107 je dulje vrijeme u saborskoj proceduri zakon kojim se pro\u0161iruje jurisdikcija Republike Hrvatske na moru, radi se zapravo o na\u0161em prijedlogu uvo\u0111enja isklju\u010divog gospodarskog pojasa na moru. Vlada je dala negativno mi\u0161ljenje i rekla da u ovom trenutku nije vrijeme za to. Mi ne znamo kad \u0107e biti vrijeme za to jer prema UN-ovoj Konvenciji o pravu mora iz 1982., to je na\u0161e pravo i obaveza. Uostalom na to nas je pozvala i Europska komisija<\/em>\u00a0\u2013 kazao je\u00a0<strong>Nikola Grmoja<\/strong>.<\/p>\n<p>&#8211; <em>Nama su jo\u0161 uvijek nepoznati razlozi zbog kojih premijer i njegova Vlada ne \u017eele proglasiti ovaj pojas. Pretpostavljamo da se tu radi o politici dodvoravanja Bruxellesu, ali i susjedima. Uputit \u0107emo svim jadranskim \u017eupanijama deklaraciju, kojom od Vlade tra\u017eimo progla\u0161enje tog pojasa. Ve\u0107 smo to napravili u Splitsko-dalmatinskoj i Zadarskoj \u017eupaniji, a danas ovdje najavljujemo da \u0107emo takvu deklaraciju upiti prema<strong> Skup\u0161tini Dubrova\u010dko-neretvanske \u017eupanije<\/strong><\/em> \u2013 dodao je Grmoja te prokomentirao najnovije izjave premijera Plenkovi\u0107a kazav\u0161i kako bi premijer Hrvatsku najradije vidio u nekakvoj Afri\u010dkoj uniji, a ne me\u0111u zemljama razvijene Europe.<\/p>\n<p><strong>Maro Kristi\u0107<\/strong> je izjavio da \u0107e prijedlog deklaracije uputiti Vije\u0107u Grada Dubrovnika.<\/p>\n<p><em>&#8211; Tra\u017eit \u0107emo na lokalnoj razini progla\u0161enje isklju\u010divog gospodarskog pojasa, jer Hrvatska zbog neprogla\u0161enja pojasa <strong>gubi 130 milijuna kuna<\/strong>, a ve\u0107ina zemalja Sredozemlja ga je proglasila jer je takva i preporuka EU<\/em> &#8211; kazao je Kristi\u0107.<\/p>\n<p>&#8211; <em>Europska Komisija je ve\u0107 2011. donijela preporuku koja se odnosi na sve zemlje \u010dlanice EU, koje raspola\u017eu s morskim teritorijem da uvedu isklju\u010divi gospodarski pojas. Kad sam premijeru Plenkovi\u0107u u Saboru uputio to pitanje on je pri\u010dao<strong> o zaslugama Italije pri stjecanju na\u0161e neovisnosti<\/strong>. Bez obzira na zasluge drugih, Hrvatska mora \u0161titi svoje nacionalne interese, ne mo\u017eemo se mi voditi time \u0161to je za nas u\u010dinila Italija, ili \u0161to su za nas u\u010dinili Nijemci, mi im se na tom zahvaljujemo, ali <strong>kao suverena dr\u017eava moramo \u0161titi svoje nacionalne interese<\/strong>, a u ovom slu\u010daju to je progla\u0161enje isklju\u010divog gospodarskog pojasa \u2013<\/em> zaklju\u010dio je Grmoja.<\/p>\n<p>Foto: \u017deljko Tutnjevi\u0107<\/p>\n","protected":false},"excerpt":{"rendered":"<p>Most nezavisnih lista danas je u\u00a0Dubrovniku odr\u017eao tre\u0107u u nizu konferenciju za medije, kojima se u svim jadranskim \u017eupanijama tra\u017ei dono\u0161enje Deklaracije o progla\u0161enju isklju\u010divog gospodarskog pojasa.\u00a0Na konferenciji pod nazivom Za\u0161to Vlada ne \u017eeli za\u0161titi na\u0161e more?\u00a0govorili su saborski zastupnik Nikola Grmoja i dubrova\u010dki gradski vije\u0107nik Maro Kristi\u0107. &#8211; Ve\u0107 je dulje vrijeme u saborskoj [&hellip;]<\/p>\n","protected":false},"author":7,"featured_media":64263,"comment_status":"open","ping_status":"open","sticky":false,"template":"","format":"standard","meta":{"footnotes":""},"categories":[296,290],"tags":[3400,3399,793,321],"class_list":{"0":"post-64262","1":"post","2":"type-post","3":"status-publish","4":"format-standard","5":"has-post-thumbnail","7":"category-ab","8":"category-politika","9":"tag-iskljucivi-gospodarski-pojas","10":"tag-maro-kristic","11":"tag-most-nl","12":"tag-nikola-grmoja"},"yoast_head":"<!-- This site is optimized with the Yoast SEO plugin v25.2 - https:\/\/yoast.com\/wordpress\/plugins\/seo\/ -->\n<title>Usprkos preporuci EU-a, Hrvatska ne\u0107e proglasiti isklju\u010divi gospodarski pojas na moru - likemetkovic.hr<\/title>\n<meta name=\"robots\" content=\"index, follow, max-snippet:-1, max-image-preview:large, max-video-preview:-1\" \/>\n<link rel=\"canonical\" href=\"https:\/\/likemetkovic.hr\/usprkos-preporuci-eu-a-hrvatska-nece-proglasiti-iskljucivi-gospodarski-pojas-na-moru\/\" \/>\n<meta property=\"og:locale\" content=\"hr_HR\" \/>\n<meta property=\"og:type\" content=\"article\" \/>\n<meta property=\"og:title\" content=\"Usprkos preporuci EU-a, Hrvatska ne\u0107e proglasiti isklju\u010divi gospodarski pojas na moru - likemetkovic.hr\" \/>\n<meta property=\"og:description\" content=\"Most nezavisnih lista danas je u\u00a0Dubrovniku odr\u017eao tre\u0107u u nizu konferenciju za medije, kojima se u svim jadranskim \u017eupanijama tra\u017ei dono\u0161enje Deklaracije o progla\u0161enju isklju\u010divog gospodarskog pojasa.\u00a0Na konferenciji pod nazivom Za\u0161to Vlada ne \u017eeli za\u0161titi na\u0161e more?\u00a0govorili su saborski zastupnik Nikola Grmoja i dubrova\u010dki gradski vije\u0107nik Maro Kristi\u0107. &#8211; Ve\u0107 je dulje vrijeme u saborskoj [&hellip;]\" \/>\n<meta property=\"og:url\" content=\"https:\/\/likemetkovic.hr\/usprkos-preporuci-eu-a-hrvatska-nece-proglasiti-iskljucivi-gospodarski-pojas-na-moru\/\" \/>\n<meta property=\"og:site_name\" content=\"likemetkovic.hr\" \/>\n<meta property=\"article:publisher\" content=\"https:\/\/www.facebook.com\/likemetkovic.hr\/\" \/>\n<meta property=\"article:published_time\" content=\"2018-06-26T12:06:19+00:00\" \/>\n<meta property=\"article:modified_time\" content=\"2018-06-26T12:34:17+00:00\" \/>\n<meta property=\"og:image\" content=\"https:\/\/likemetkovic.hr\/wp-content\/uploads\/2018\/06\/grmoja-kristi\u0107.jpg\" \/>\n\t<meta property=\"og:image:width\" content=\"800\" \/>\n\t<meta property=\"og:image:height\" content=\"515\" \/>\n\t<meta property=\"og:image:type\" content=\"image\/jpeg\" \/>\n<meta name=\"author\" content=\"LIKEmetkovic.hr\" \/>\n<meta name=\"twitter:card\" content=\"summary_large_image\" \/>\n<meta name=\"twitter:label1\" content=\"Napisao\/la\" \/>\n\t<meta name=\"twitter:data1\" content=\"LIKEmetkovic.hr\" \/>\n\t<meta name=\"twitter:label2\" content=\"Procijenjeno vrijeme \u010ditanja\" \/>\n\t<meta name=\"twitter:data2\" content=\"2 minute\" \/>\n<script type=\"application\/ld+json\" class=\"yoast-schema-graph\">{\"@context\":\"https:\/\/schema.org\",\"@graph\":[{\"@type\":\"WebPage\",\"@id\":\"https:\/\/likemetkovic.hr\/usprkos-preporuci-eu-a-hrvatska-nece-proglasiti-iskljucivi-gospodarski-pojas-na-moru\/\",\"url\":\"https:\/\/likemetkovic.hr\/usprkos-preporuci-eu-a-hrvatska-nece-proglasiti-iskljucivi-gospodarski-pojas-na-moru\/\",\"name\":\"Usprkos preporuci EU-a, Hrvatska ne\u0107e proglasiti isklju\u010divi gospodarski pojas na moru - likemetkovic.hr\",\"isPartOf\":{\"@id\":\"https:\/\/likemetkovic.hr\/#website\"},\"primaryImageOfPage\":{\"@id\":\"https:\/\/likemetkovic.hr\/usprkos-preporuci-eu-a-hrvatska-nece-proglasiti-iskljucivi-gospodarski-pojas-na-moru\/#primaryimage\"},\"image\":{\"@id\":\"https:\/\/likemetkovic.hr\/usprkos-preporuci-eu-a-hrvatska-nece-proglasiti-iskljucivi-gospodarski-pojas-na-moru\/#primaryimage\"},\"thumbnailUrl\":\"https:\/\/likemetkovic.hr\/portal\/wp-content\/uploads\/2018\/06\/grmoja-kristi\u0107.jpg\",\"datePublished\":\"2018-06-26T12:06:19+00:00\",\"dateModified\":\"2018-06-26T12:34:17+00:00\",\"author\":{\"@id\":\"https:\/\/likemetkovic.hr\/#\/schema\/person\/a42711f3385a0e2be6f7e0443bfb28f0\"},\"breadcrumb\":{\"@id\":\"https:\/\/likemetkovic.hr\/usprkos-preporuci-eu-a-hrvatska-nece-proglasiti-iskljucivi-gospodarski-pojas-na-moru\/#breadcrumb\"},\"inLanguage\":\"hr\",\"potentialAction\":[{\"@type\":\"ReadAction\",\"target\":[\"https:\/\/likemetkovic.hr\/usprkos-preporuci-eu-a-hrvatska-nece-proglasiti-iskljucivi-gospodarski-pojas-na-moru\/\"]}]},{\"@type\":\"ImageObject\",\"inLanguage\":\"hr\",\"@id\":\"https:\/\/likemetkovic.hr\/usprkos-preporuci-eu-a-hrvatska-nece-proglasiti-iskljucivi-gospodarski-pojas-na-moru\/#primaryimage\",\"url\":\"https:\/\/likemetkovic.hr\/portal\/wp-content\/uploads\/2018\/06\/grmoja-kristi\u0107.jpg\",\"contentUrl\":\"https:\/\/likemetkovic.hr\/portal\/wp-content\/uploads\/2018\/06\/grmoja-kristi\u0107.jpg\",\"width\":800,\"height\":515},{\"@type\":\"BreadcrumbList\",\"@id\":\"https:\/\/likemetkovic.hr\/usprkos-preporuci-eu-a-hrvatska-nece-proglasiti-iskljucivi-gospodarski-pojas-na-moru\/#breadcrumb\",\"itemListElement\":[{\"@type\":\"ListItem\",\"position\":1,\"name\":\"Po\u010detna stranica\",\"item\":\"https:\/\/likemetkovic.hr\/portal\/\"},{\"@type\":\"ListItem\",\"position\":2,\"name\":\"Usprkos preporuci EU-a, Hrvatska ne\u0107e proglasiti isklju\u010divi gospodarski pojas na moru\"}]},{\"@type\":\"WebSite\",\"@id\":\"https:\/\/likemetkovic.hr\/#website\",\"url\":\"https:\/\/likemetkovic.hr\/\",\"name\":\"likemetkovic.hr\",\"description\":\"Misli pozitivno... \u010ditaj LIKE\",\"potentialAction\":[{\"@type\":\"SearchAction\",\"target\":{\"@type\":\"EntryPoint\",\"urlTemplate\":\"https:\/\/likemetkovic.hr\/?s={search_term_string}\"},\"query-input\":{\"@type\":\"PropertyValueSpecification\",\"valueRequired\":true,\"valueName\":\"search_term_string\"}}],\"inLanguage\":\"hr\"},{\"@type\":\"Person\",\"@id\":\"https:\/\/likemetkovic.hr\/#\/schema\/person\/a42711f3385a0e2be6f7e0443bfb28f0\",\"name\":\"LIKEmetkovic.hr\",\"sameAs\":[\"http:\/\/likemetkovic.hr\"],\"url\":\"https:\/\/likemetkovic.hr\/portal\/author\/likemetkovic-hr\/\"}]}<\/script>\n<!-- \/ Yoast SEO plugin. -->","yoast_head_json":{"title":"Usprkos preporuci EU-a, Hrvatska ne\u0107e proglasiti isklju\u010divi gospodarski pojas na moru - likemetkovic.hr","robots":{"index":"index","follow":"follow","max-snippet":"max-snippet:-1","max-image-preview":"max-image-preview:large","max-video-preview":"max-video-preview:-1"},"canonical":"https:\/\/likemetkovic.hr\/usprkos-preporuci-eu-a-hrvatska-nece-proglasiti-iskljucivi-gospodarski-pojas-na-moru\/","og_locale":"hr_HR","og_type":"article","og_title":"Usprkos preporuci EU-a, Hrvatska ne\u0107e proglasiti isklju\u010divi gospodarski pojas na moru - likemetkovic.hr","og_description":"Most nezavisnih lista danas je u\u00a0Dubrovniku odr\u017eao tre\u0107u u nizu konferenciju za medije, kojima se u svim jadranskim \u017eupanijama tra\u017ei dono\u0161enje Deklaracije o progla\u0161enju isklju\u010divog gospodarskog pojasa.\u00a0Na konferenciji pod nazivom Za\u0161to Vlada ne \u017eeli za\u0161titi na\u0161e more?\u00a0govorili su saborski zastupnik Nikola Grmoja i dubrova\u010dki gradski vije\u0107nik Maro Kristi\u0107. &#8211; Ve\u0107 je dulje vrijeme u saborskoj [&hellip;]","og_url":"https:\/\/likemetkovic.hr\/usprkos-preporuci-eu-a-hrvatska-nece-proglasiti-iskljucivi-gospodarski-pojas-na-moru\/","og_site_name":"likemetkovic.hr","article_publisher":"https:\/\/www.facebook.com\/likemetkovic.hr\/","article_published_time":"2018-06-26T12:06:19+00:00","article_modified_time":"2018-06-26T12:34:17+00:00","og_image":[{"width":800,"height":515,"url":"https:\/\/likemetkovic.hr\/wp-content\/uploads\/2018\/06\/grmoja-kristi\u0107.jpg","type":"image\/jpeg"}],"author":"LIKEmetkovic.hr","twitter_card":"summary_large_image","twitter_misc":{"Napisao\/la":"LIKEmetkovic.hr","Procijenjeno vrijeme \u010ditanja":"2 minute"},"schema":{"@context":"https:\/\/schema.org","@graph":[{"@type":"WebPage","@id":"https:\/\/likemetkovic.hr\/usprkos-preporuci-eu-a-hrvatska-nece-proglasiti-iskljucivi-gospodarski-pojas-na-moru\/","url":"https:\/\/likemetkovic.hr\/usprkos-preporuci-eu-a-hrvatska-nece-proglasiti-iskljucivi-gospodarski-pojas-na-moru\/","name":"Usprkos preporuci EU-a, Hrvatska ne\u0107e proglasiti isklju\u010divi gospodarski pojas na moru - likemetkovic.hr","isPartOf":{"@id":"https:\/\/likemetkovic.hr\/#website"},"primaryImageOfPage":{"@id":"https:\/\/likemetkovic.hr\/usprkos-preporuci-eu-a-hrvatska-nece-proglasiti-iskljucivi-gospodarski-pojas-na-moru\/#primaryimage"},"image":{"@id":"https:\/\/likemetkovic.hr\/usprkos-preporuci-eu-a-hrvatska-nece-proglasiti-iskljucivi-gospodarski-pojas-na-moru\/#primaryimage"},"thumbnailUrl":"https:\/\/likemetkovic.hr\/portal\/wp-content\/uploads\/2018\/06\/grmoja-kristi\u0107.jpg","datePublished":"2018-06-26T12:06:19+00:00","dateModified":"2018-06-26T12:34:17+00:00","author":{"@id":"https:\/\/likemetkovic.hr\/#\/schema\/person\/a42711f3385a0e2be6f7e0443bfb28f0"},"breadcrumb":{"@id":"https:\/\/likemetkovic.hr\/usprkos-preporuci-eu-a-hrvatska-nece-proglasiti-iskljucivi-gospodarski-pojas-na-moru\/#breadcrumb"},"inLanguage":"hr","potentialAction":[{"@type":"ReadAction","target":["https:\/\/likemetkovic.hr\/usprkos-preporuci-eu-a-hrvatska-nece-proglasiti-iskljucivi-gospodarski-pojas-na-moru\/"]}]},{"@type":"ImageObject","inLanguage":"hr","@id":"https:\/\/likemetkovic.hr\/usprkos-preporuci-eu-a-hrvatska-nece-proglasiti-iskljucivi-gospodarski-pojas-na-moru\/#primaryimage","url":"https:\/\/likemetkovic.hr\/portal\/wp-content\/uploads\/2018\/06\/grmoja-kristi\u0107.jpg","contentUrl":"https:\/\/likemetkovic.hr\/portal\/wp-content\/uploads\/2018\/06\/grmoja-kristi\u0107.jpg","width":800,"height":515},{"@type":"BreadcrumbList","@id":"https:\/\/likemetkovic.hr\/usprkos-preporuci-eu-a-hrvatska-nece-proglasiti-iskljucivi-gospodarski-pojas-na-moru\/#breadcrumb","itemListElement":[{"@type":"ListItem","position":1,"name":"Po\u010detna stranica","item":"https:\/\/likemetkovic.hr\/portal\/"},{"@type":"ListItem","position":2,"name":"Usprkos preporuci EU-a, Hrvatska ne\u0107e proglasiti isklju\u010divi gospodarski pojas na moru"}]},{"@type":"WebSite","@id":"https:\/\/likemetkovic.hr\/#website","url":"https:\/\/likemetkovic.hr\/","name":"likemetkovic.hr","description":"Misli pozitivno... \u010ditaj LIKE","potentialAction":[{"@type":"SearchAction","target":{"@type":"EntryPoint","urlTemplate":"https:\/\/likemetkovic.hr\/?s={search_term_string}"},"query-input":{"@type":"PropertyValueSpecification","valueRequired":true,"valueName":"search_term_string"}}],"inLanguage":"hr"},{"@type":"Person","@id":"https:\/\/likemetkovic.hr\/#\/schema\/person\/a42711f3385a0e2be6f7e0443bfb28f0","name":"LIKEmetkovic.hr","sameAs":["http:\/\/likemetkovic.hr"],"url":"https:\/\/likemetkovic.hr\/portal\/author\/likemetkovic-hr\/"}]}},"_links":{"self":[{"href":"https:\/\/likemetkovic.hr\/portal\/wp-json\/wp\/v2\/posts\/64262","targetHints":{"allow":["GET"]}}],"collection":[{"href":"https:\/\/likemetkovic.hr\/portal\/wp-json\/wp\/v2\/posts"}],"about":[{"href":"https:\/\/likemetkovic.hr\/portal\/wp-json\/wp\/v2\/types\/post"}],"author":[{"embeddable":true,"href":"https:\/\/likemetkovic.hr\/portal\/wp-json\/wp\/v2\/users\/7"}],"replies":[{"embeddable":true,"href":"https:\/\/likemetkovic.hr\/portal\/wp-json\/wp\/v2\/comments?post=64262"}],"version-history":[{"count":0,"href":"https:\/\/likemetkovic.hr\/portal\/wp-json\/wp\/v2\/posts\/64262\/revisions"}],"wp:featuredmedia":[{"embeddable":true,"href":"https:\/\/likemetkovic.hr\/portal\/wp-json\/wp\/v2\/media\/64263"}],"wp:attachment":[{"href":"https:\/\/likemetkovic.hr\/portal\/wp-json\/wp\/v2\/media?parent=64262"}],"wp:term":[{"taxonomy":"category","embeddable":true,"href":"https:\/\/likemetkovic.hr\/portal\/wp-json\/wp\/v2\/categories?post=64262"},{"taxonomy":"post_tag","embeddable":true,"href":"https:\/\/likemetkovic.hr\/portal\/wp-json\/wp\/v2\/tags?post=64262"}],"curies":[{"name":"wp","href":"https:\/\/api.w.org\/{rel}","templated":true}]}}