{"id":64266,"date":"2018-06-26T14:29:32","date_gmt":"2018-06-26T12:29:32","guid":{"rendered":"http:\/\/likemetkovic.hr\/?p=64266"},"modified":"2018-06-26T14:29:32","modified_gmt":"2018-06-26T12:29:32","slug":"djecji-vrtic-metkovic-broj-djece-na-cekanju-mogao-bi-biti-smanjen-za-30-tak","status":"publish","type":"post","link":"https:\/\/likemetkovic.hr\/portal\/djecji-vrtic-metkovic-broj-djece-na-cekanju-mogao-bi-biti-smanjen-za-30-tak\/","title":{"rendered":"DJE\u010cJI VRTI\u0106 METKOVI\u0106 Broj djece &#8216;na \u010dekanju&#8217; mogao bi biti smanjen za 30-tak"},"content":{"rendered":"<p><strong>Dje\u010dji vrti\u0107 Metkovi\u0107<\/strong> ne uspijevaju upisati svu prijavljenu djecu za pedago\u0161ku godinu 2018.\/19. Prema objavljenom popisu, 109 djece je ostalo <em>na \u010dekanju<\/em>.<\/p>\n<p>U razgovoru s ravnateljicom DV Metkovi\u0107 <strong>Julijanom Bebi\u0107<\/strong> doznajemo da \u0107e se poku\u0161ati maksimalno umanjiti broj neupisane djece. Trenutno se jedna spavaonica preure\u0111uje za dodatnu jasli\u010dku skupinu, a dio djece \u0107e se rasporediti po ve\u0107 postoje\u0107im skupinama. Tako bi broj <em>na \u010dekanju<\/em> mogao biti smanjen za 30- tak djece.<\/p>\n<p>Potra\u017enja za vrti\u0107kim zbrinjavanjem djece je pove\u0107ana vjerojatno zbog smanjenja cijene vrti\u0107a za nekih 200 kuna.<\/p>\n","protected":false},"excerpt":{"rendered":"<p>Dje\u010dji vrti\u0107 Metkovi\u0107 ne uspijevaju upisati svu prijavljenu djecu za pedago\u0161ku godinu 2018.\/19. Prema objavljenom popisu, 109 djece je ostalo na \u010dekanju. U razgovoru s ravnateljicom DV Metkovi\u0107 Julijanom Bebi\u0107 doznajemo da \u0107e se poku\u0161ati maksimalno umanjiti broj neupisane djece. Trenutno se jedna spavaonica preure\u0111uje za dodatnu jasli\u010dku skupinu, a dio djece \u0107e se rasporediti [&hellip;]<\/p>\n","protected":false},"author":7,"featured_media":19448,"comment_status":"open","ping_status":"open","sticky":false,"template":"","format":"standard","meta":{"footnotes":""},"categories":[296,166],"tags":[1254,1262],"class_list":{"0":"post-64266","1":"post","2":"type-post","3":"status-publish","4":"format-standard","5":"has-post-thumbnail","7":"category-ab","8":"category-skolstvo","9":"tag-djecji-vrtic-metkovic","10":"tag-upis"},"yoast_head":"<!-- This site is optimized with the Yoast SEO plugin v25.2 - https:\/\/yoast.com\/wordpress\/plugins\/seo\/ -->\n<title>DJE\u010cJI VRTI\u0106 METKOVI\u0106 Broj djece &#039;na \u010dekanju&#039; mogao bi biti smanjen za 30-tak - likemetkovic.hr<\/title>\n<meta name=\"robots\" content=\"index, follow, max-snippet:-1, max-image-preview:large, max-video-preview:-1\" \/>\n<link rel=\"canonical\" href=\"https:\/\/likemetkovic.hr\/djecji-vrtic-metkovic-broj-djece-na-cekanju-mogao-bi-biti-smanjen-za-30-tak\/\" \/>\n<meta property=\"og:locale\" content=\"hr_HR\" \/>\n<meta property=\"og:type\" content=\"article\" \/>\n<meta property=\"og:title\" content=\"DJE\u010cJI VRTI\u0106 METKOVI\u0106 Broj djece &#039;na \u010dekanju&#039; mogao bi biti smanjen za 30-tak - likemetkovic.hr\" \/>\n<meta property=\"og:description\" content=\"Dje\u010dji vrti\u0107 Metkovi\u0107 ne uspijevaju upisati svu prijavljenu djecu za pedago\u0161ku godinu 2018.\/19. Prema objavljenom popisu, 109 djece je ostalo na \u010dekanju. U razgovoru s ravnateljicom DV Metkovi\u0107 Julijanom Bebi\u0107 doznajemo da \u0107e se poku\u0161ati maksimalno umanjiti broj neupisane djece. Trenutno se jedna spavaonica preure\u0111uje za dodatnu jasli\u010dku skupinu, a dio djece \u0107e se rasporediti [&hellip;]\" \/>\n<meta property=\"og:url\" content=\"https:\/\/likemetkovic.hr\/djecji-vrtic-metkovic-broj-djece-na-cekanju-mogao-bi-biti-smanjen-za-30-tak\/\" \/>\n<meta property=\"og:site_name\" content=\"likemetkovic.hr\" \/>\n<meta property=\"article:publisher\" content=\"https:\/\/www.facebook.com\/likemetkovic.hr\/\" \/>\n<meta property=\"article:published_time\" content=\"2018-06-26T12:29:32+00:00\" \/>\n<meta property=\"og:image\" content=\"https:\/\/likemetkovic.hr\/wp-content\/uploads\/2016\/04\/dje\u010dji-vrti\u0107_1.jpg\" \/>\n\t<meta property=\"og:image:width\" content=\"803\" \/>\n\t<meta property=\"og:image:height\" content=\"600\" \/>\n\t<meta property=\"og:image:type\" content=\"image\/jpeg\" \/>\n<meta name=\"author\" content=\"LIKEmetkovic.hr\" \/>\n<meta name=\"twitter:card\" content=\"summary_large_image\" \/>\n<meta name=\"twitter:label1\" content=\"Napisao\/la\" \/>\n\t<meta name=\"twitter:data1\" content=\"LIKEmetkovic.hr\" \/>\n<script type=\"application\/ld+json\" class=\"yoast-schema-graph\">{\"@context\":\"https:\/\/schema.org\",\"@graph\":[{\"@type\":\"WebPage\",\"@id\":\"https:\/\/likemetkovic.hr\/djecji-vrtic-metkovic-broj-djece-na-cekanju-mogao-bi-biti-smanjen-za-30-tak\/\",\"url\":\"https:\/\/likemetkovic.hr\/djecji-vrtic-metkovic-broj-djece-na-cekanju-mogao-bi-biti-smanjen-za-30-tak\/\",\"name\":\"DJE\u010cJI VRTI\u0106 METKOVI\u0106 Broj djece 'na \u010dekanju' mogao bi biti smanjen za 30-tak - likemetkovic.hr\",\"isPartOf\":{\"@id\":\"https:\/\/likemetkovic.hr\/#website\"},\"primaryImageOfPage\":{\"@id\":\"https:\/\/likemetkovic.hr\/djecji-vrtic-metkovic-broj-djece-na-cekanju-mogao-bi-biti-smanjen-za-30-tak\/#primaryimage\"},\"image\":{\"@id\":\"https:\/\/likemetkovic.hr\/djecji-vrtic-metkovic-broj-djece-na-cekanju-mogao-bi-biti-smanjen-za-30-tak\/#primaryimage\"},\"thumbnailUrl\":\"https:\/\/likemetkovic.hr\/portal\/wp-content\/uploads\/2016\/04\/dje\u010dji-vrti\u0107_1.jpg\",\"datePublished\":\"2018-06-26T12:29:32+00:00\",\"author\":{\"@id\":\"https:\/\/likemetkovic.hr\/#\/schema\/person\/a42711f3385a0e2be6f7e0443bfb28f0\"},\"breadcrumb\":{\"@id\":\"https:\/\/likemetkovic.hr\/djecji-vrtic-metkovic-broj-djece-na-cekanju-mogao-bi-biti-smanjen-za-30-tak\/#breadcrumb\"},\"inLanguage\":\"hr\",\"potentialAction\":[{\"@type\":\"ReadAction\",\"target\":[\"https:\/\/likemetkovic.hr\/djecji-vrtic-metkovic-broj-djece-na-cekanju-mogao-bi-biti-smanjen-za-30-tak\/\"]}]},{\"@type\":\"ImageObject\",\"inLanguage\":\"hr\",\"@id\":\"https:\/\/likemetkovic.hr\/djecji-vrtic-metkovic-broj-djece-na-cekanju-mogao-bi-biti-smanjen-za-30-tak\/#primaryimage\",\"url\":\"https:\/\/likemetkovic.hr\/portal\/wp-content\/uploads\/2016\/04\/dje\u010dji-vrti\u0107_1.jpg\",\"contentUrl\":\"https:\/\/likemetkovic.hr\/portal\/wp-content\/uploads\/2016\/04\/dje\u010dji-vrti\u0107_1.jpg\",\"width\":803,\"height\":600},{\"@type\":\"BreadcrumbList\",\"@id\":\"https:\/\/likemetkovic.hr\/djecji-vrtic-metkovic-broj-djece-na-cekanju-mogao-bi-biti-smanjen-za-30-tak\/#breadcrumb\",\"itemListElement\":[{\"@type\":\"ListItem\",\"position\":1,\"name\":\"Po\u010detna stranica\",\"item\":\"https:\/\/likemetkovic.hr\/portal\/\"},{\"@type\":\"ListItem\",\"position\":2,\"name\":\"DJE\u010cJI VRTI\u0106 METKOVI\u0106 Broj djece &#8216;na \u010dekanju&#8217; mogao bi biti smanjen za 30-tak\"}]},{\"@type\":\"WebSite\",\"@id\":\"https:\/\/likemetkovic.hr\/#website\",\"url\":\"https:\/\/likemetkovic.hr\/\",\"name\":\"likemetkovic.hr\",\"description\":\"Misli pozitivno... \u010ditaj LIKE\",\"potentialAction\":[{\"@type\":\"SearchAction\",\"target\":{\"@type\":\"EntryPoint\",\"urlTemplate\":\"https:\/\/likemetkovic.hr\/?s={search_term_string}\"},\"query-input\":{\"@type\":\"PropertyValueSpecification\",\"valueRequired\":true,\"valueName\":\"search_term_string\"}}],\"inLanguage\":\"hr\"},{\"@type\":\"Person\",\"@id\":\"https:\/\/likemetkovic.hr\/#\/schema\/person\/a42711f3385a0e2be6f7e0443bfb28f0\",\"name\":\"LIKEmetkovic.hr\",\"sameAs\":[\"http:\/\/likemetkovic.hr\"],\"url\":\"https:\/\/likemetkovic.hr\/portal\/author\/likemetkovic-hr\/\"}]}<\/script>\n<!-- \/ Yoast SEO plugin. -->","yoast_head_json":{"title":"DJE\u010cJI VRTI\u0106 METKOVI\u0106 Broj djece 'na \u010dekanju' mogao bi biti smanjen za 30-tak - likemetkovic.hr","robots":{"index":"index","follow":"follow","max-snippet":"max-snippet:-1","max-image-preview":"max-image-preview:large","max-video-preview":"max-video-preview:-1"},"canonical":"https:\/\/likemetkovic.hr\/djecji-vrtic-metkovic-broj-djece-na-cekanju-mogao-bi-biti-smanjen-za-30-tak\/","og_locale":"hr_HR","og_type":"article","og_title":"DJE\u010cJI VRTI\u0106 METKOVI\u0106 Broj djece 'na \u010dekanju' mogao bi biti smanjen za 30-tak - likemetkovic.hr","og_description":"Dje\u010dji vrti\u0107 Metkovi\u0107 ne uspijevaju upisati svu prijavljenu djecu za pedago\u0161ku godinu 2018.\/19. Prema objavljenom popisu, 109 djece je ostalo na \u010dekanju. U razgovoru s ravnateljicom DV Metkovi\u0107 Julijanom Bebi\u0107 doznajemo da \u0107e se poku\u0161ati maksimalno umanjiti broj neupisane djece. Trenutno se jedna spavaonica preure\u0111uje za dodatnu jasli\u010dku skupinu, a dio djece \u0107e se rasporediti [&hellip;]","og_url":"https:\/\/likemetkovic.hr\/djecji-vrtic-metkovic-broj-djece-na-cekanju-mogao-bi-biti-smanjen-za-30-tak\/","og_site_name":"likemetkovic.hr","article_publisher":"https:\/\/www.facebook.com\/likemetkovic.hr\/","article_published_time":"2018-06-26T12:29:32+00:00","og_image":[{"width":803,"height":600,"url":"https:\/\/likemetkovic.hr\/wp-content\/uploads\/2016\/04\/dje\u010dji-vrti\u0107_1.jpg","type":"image\/jpeg"}],"author":"LIKEmetkovic.hr","twitter_card":"summary_large_image","twitter_misc":{"Napisao\/la":"LIKEmetkovic.hr"},"schema":{"@context":"https:\/\/schema.org","@graph":[{"@type":"WebPage","@id":"https:\/\/likemetkovic.hr\/djecji-vrtic-metkovic-broj-djece-na-cekanju-mogao-bi-biti-smanjen-za-30-tak\/","url":"https:\/\/likemetkovic.hr\/djecji-vrtic-metkovic-broj-djece-na-cekanju-mogao-bi-biti-smanjen-za-30-tak\/","name":"DJE\u010cJI VRTI\u0106 METKOVI\u0106 Broj djece 'na \u010dekanju' mogao bi biti smanjen za 30-tak - likemetkovic.hr","isPartOf":{"@id":"https:\/\/likemetkovic.hr\/#website"},"primaryImageOfPage":{"@id":"https:\/\/likemetkovic.hr\/djecji-vrtic-metkovic-broj-djece-na-cekanju-mogao-bi-biti-smanjen-za-30-tak\/#primaryimage"},"image":{"@id":"https:\/\/likemetkovic.hr\/djecji-vrtic-metkovic-broj-djece-na-cekanju-mogao-bi-biti-smanjen-za-30-tak\/#primaryimage"},"thumbnailUrl":"https:\/\/likemetkovic.hr\/portal\/wp-content\/uploads\/2016\/04\/dje\u010dji-vrti\u0107_1.jpg","datePublished":"2018-06-26T12:29:32+00:00","author":{"@id":"https:\/\/likemetkovic.hr\/#\/schema\/person\/a42711f3385a0e2be6f7e0443bfb28f0"},"breadcrumb":{"@id":"https:\/\/likemetkovic.hr\/djecji-vrtic-metkovic-broj-djece-na-cekanju-mogao-bi-biti-smanjen-za-30-tak\/#breadcrumb"},"inLanguage":"hr","potentialAction":[{"@type":"ReadAction","target":["https:\/\/likemetkovic.hr\/djecji-vrtic-metkovic-broj-djece-na-cekanju-mogao-bi-biti-smanjen-za-30-tak\/"]}]},{"@type":"ImageObject","inLanguage":"hr","@id":"https:\/\/likemetkovic.hr\/djecji-vrtic-metkovic-broj-djece-na-cekanju-mogao-bi-biti-smanjen-za-30-tak\/#primaryimage","url":"https:\/\/likemetkovic.hr\/portal\/wp-content\/uploads\/2016\/04\/dje\u010dji-vrti\u0107_1.jpg","contentUrl":"https:\/\/likemetkovic.hr\/portal\/wp-content\/uploads\/2016\/04\/dje\u010dji-vrti\u0107_1.jpg","width":803,"height":600},{"@type":"BreadcrumbList","@id":"https:\/\/likemetkovic.hr\/djecji-vrtic-metkovic-broj-djece-na-cekanju-mogao-bi-biti-smanjen-za-30-tak\/#breadcrumb","itemListElement":[{"@type":"ListItem","position":1,"name":"Po\u010detna stranica","item":"https:\/\/likemetkovic.hr\/portal\/"},{"@type":"ListItem","position":2,"name":"DJE\u010cJI VRTI\u0106 METKOVI\u0106 Broj djece &#8216;na \u010dekanju&#8217; mogao bi biti smanjen za 30-tak"}]},{"@type":"WebSite","@id":"https:\/\/likemetkovic.hr\/#website","url":"https:\/\/likemetkovic.hr\/","name":"likemetkovic.hr","description":"Misli pozitivno... \u010ditaj LIKE","potentialAction":[{"@type":"SearchAction","target":{"@type":"EntryPoint","urlTemplate":"https:\/\/likemetkovic.hr\/?s={search_term_string}"},"query-input":{"@type":"PropertyValueSpecification","valueRequired":true,"valueName":"search_term_string"}}],"inLanguage":"hr"},{"@type":"Person","@id":"https:\/\/likemetkovic.hr\/#\/schema\/person\/a42711f3385a0e2be6f7e0443bfb28f0","name":"LIKEmetkovic.hr","sameAs":["http:\/\/likemetkovic.hr"],"url":"https:\/\/likemetkovic.hr\/portal\/author\/likemetkovic-hr\/"}]}},"_links":{"self":[{"href":"https:\/\/likemetkovic.hr\/portal\/wp-json\/wp\/v2\/posts\/64266","targetHints":{"allow":["GET"]}}],"collection":[{"href":"https:\/\/likemetkovic.hr\/portal\/wp-json\/wp\/v2\/posts"}],"about":[{"href":"https:\/\/likemetkovic.hr\/portal\/wp-json\/wp\/v2\/types\/post"}],"author":[{"embeddable":true,"href":"https:\/\/likemetkovic.hr\/portal\/wp-json\/wp\/v2\/users\/7"}],"replies":[{"embeddable":true,"href":"https:\/\/likemetkovic.hr\/portal\/wp-json\/wp\/v2\/comments?post=64266"}],"version-history":[{"count":0,"href":"https:\/\/likemetkovic.hr\/portal\/wp-json\/wp\/v2\/posts\/64266\/revisions"}],"wp:featuredmedia":[{"embeddable":true,"href":"https:\/\/likemetkovic.hr\/portal\/wp-json\/wp\/v2\/media\/19448"}],"wp:attachment":[{"href":"https:\/\/likemetkovic.hr\/portal\/wp-json\/wp\/v2\/media?parent=64266"}],"wp:term":[{"taxonomy":"category","embeddable":true,"href":"https:\/\/likemetkovic.hr\/portal\/wp-json\/wp\/v2\/categories?post=64266"},{"taxonomy":"post_tag","embeddable":true,"href":"https:\/\/likemetkovic.hr\/portal\/wp-json\/wp\/v2\/tags?post=64266"}],"curies":[{"name":"wp","href":"https:\/\/api.w.org\/{rel}","templated":true}]}}