{"id":64382,"date":"2018-06-30T15:26:06","date_gmt":"2018-06-30T13:26:06","guid":{"rendered":"http:\/\/likemetkovic.hr\/?p=64382"},"modified":"2018-06-30T15:26:06","modified_gmt":"2018-06-30T13:26:06","slug":"oprostaj-od-fra-boze-lovrica-fratra-koji-je-imao-uho-za-covjeka","status":"publish","type":"post","link":"https:\/\/likemetkovic.hr\/portal\/oprostaj-od-fra-boze-lovrica-fratra-koji-je-imao-uho-za-covjeka\/","title":{"rendered":"Opro\u0161taj od fra Bo\u017ee Lovri\u0107a, fratra koji je imao uho za \u010dovjeka"},"content":{"rendered":"<p>U utorak, 26. lipnja 2018. u 15 sati, u crkvi \u010cudotvorne Gospe Sinjske u Sinju mons. Marin Bari\u0161i\u0107, nadbiskup splitsko-makarski, slu\u017eio je misu zadu\u0161nicu za redovnika-sve\u0107enika <strong>fra Bo\u017eu Lovri\u0107a<\/strong> koji je, okrijepljen svetim sakramentima, blago u Gospodinu preminuo u franjeva\u010dkom samostanu Gospe od Zdravlja u Splitu u nedjelju, 24. lipnja 2018. u 84. godini \u017eivota, 65. redovni\u0161tva i 57. sve\u0107eni\u0161tva.<\/p>\n<p>Na opro\u0161taju su bili provincijal fra Jo\u0161ko Kod\u017eoman, gvardijan fra Jakov Begonja i 112 redovnika-sve\u0107enika. Rodbina, bogoslovi, sjemeni\u0161tarci, \u010dasne sestre, vjernici iz Hrvaca, Sinja i drugih \u017eupa, te osobni prijatelji do\u0161li su se tako\u0111er oprostiti od fra Bo\u017ee. Pjevanje je predvodio mo fra Jure \u017dupi\u0107. Sprovodne obrede, nakon zavr\u0161etka mise zadu\u0161nice, na groblju sv. Frane u Sinju prevodio je sinjski gvardijan fra Petar Klape\u017e.<\/p>\n<p>&#8211; <em>Sve vas pozdravljam sada u trenutku opro\u0161taja od fra Bo\u017ee. Izra\u017eavam su\u0107ut ocu Provincijalu, bra\u0107i franjevcima, mje\u0161tanima Hrvaca, vjernicima \u017eupa u kojima je fra Bo\u017ee djelovao, rodbini i prijateljima<\/em>, rekao je mons. Marin Bari\u0161i\u0107 na po\u010detku mise zadu\u0161nice.<\/p>\n<p><em>&#8211; Lijepo je to bilo \u010duti od vjernika, osobito vjernika iz Metkovi\u0107a gdje je slu\u017eio punih 15 godina. Imao je uho za \u010dovjeka, nastojao je slu\u0161ati, primiti, osjetiti \u010dovjeka pa \u010dak i njegovu bol i patnju. Rado je sjedio u ispovjedaonici i bio djelitelj Bo\u017ejih otajstava. Osim toga, rado je bio vi\u0111en me\u0111u sve\u0107enicima kojima je i drage volje pomagao u svako vrijeme&#8230;\u00a0\u00a0Fra Bo\u017eo je \u017eivio svoje redovni\u0161tvo i sve\u0107eni\u0161tvo u skladu i otvorenosti prema budu\u0107em \u017eivotu. I nije mala stvar imati takve ljude u svom okru\u017eenju. Fra Bo\u017ee, hvala ti. Sada vidimo koliko si nas obogatio. Neka ti sretan susret s Gospodinom,<\/em> zavr\u0161io je mons. Marin Bari\u0161i\u0107.<\/p>\n<p>Opro\u0161tajne govore odr\u017eali su provincijal fra Jo\u0161ko Kod\u017eoman, gvardijan fra Jakov Begonja te sestare franjevke od Bezgrje\u0161ne.<\/p>\n","protected":false},"excerpt":{"rendered":"<p>U utorak, 26. lipnja 2018. u 15 sati, u crkvi \u010cudotvorne Gospe Sinjske u Sinju mons. Marin Bari\u0161i\u0107, nadbiskup splitsko-makarski, slu\u017eio je misu zadu\u0161nicu za redovnika-sve\u0107enika fra Bo\u017eu Lovri\u0107a koji je, okrijepljen svetim sakramentima, blago u Gospodinu preminuo u franjeva\u010dkom samostanu Gospe od Zdravlja u Splitu u nedjelju, 24. lipnja 2018. u 84. godini \u017eivota, [&hellip;]<\/p>\n","protected":false},"author":7,"featured_media":64390,"comment_status":"open","ping_status":"open","sticky":false,"template":"","format":"standard","meta":{"footnotes":""},"categories":[296,1,27],"tags":[3393],"class_list":{"0":"post-64382","1":"post","2":"type-post","3":"status-publish","4":"format-standard","5":"has-post-thumbnail","7":"category-ab","8":"category-nekategorizirano","9":"category-vjera-i-zivot","10":"tag-fra-bozo-lovric"},"yoast_head":"<!-- This site is optimized with the Yoast SEO plugin v25.2 - https:\/\/yoast.com\/wordpress\/plugins\/seo\/ -->\n<title>Opro\u0161taj od fra Bo\u017ee Lovri\u0107a, fratra koji je imao uho za \u010dovjeka - likemetkovic.hr<\/title>\n<meta name=\"robots\" content=\"index, follow, max-snippet:-1, max-image-preview:large, max-video-preview:-1\" \/>\n<link rel=\"canonical\" href=\"https:\/\/likemetkovic.hr\/oprostaj-od-fra-boze-lovrica-fratra-koji-je-imao-uho-za-covjeka\/\" \/>\n<meta property=\"og:locale\" content=\"hr_HR\" \/>\n<meta property=\"og:type\" content=\"article\" \/>\n<meta property=\"og:title\" content=\"Opro\u0161taj od fra Bo\u017ee Lovri\u0107a, fratra koji je imao uho za \u010dovjeka - likemetkovic.hr\" \/>\n<meta property=\"og:description\" content=\"U utorak, 26. lipnja 2018. u 15 sati, u crkvi \u010cudotvorne Gospe Sinjske u Sinju mons. Marin Bari\u0161i\u0107, nadbiskup splitsko-makarski, slu\u017eio je misu zadu\u0161nicu za redovnika-sve\u0107enika fra Bo\u017eu Lovri\u0107a koji je, okrijepljen svetim sakramentima, blago u Gospodinu preminuo u franjeva\u010dkom samostanu Gospe od Zdravlja u Splitu u nedjelju, 24. lipnja 2018. u 84. godini \u017eivota, [&hellip;]\" \/>\n<meta property=\"og:url\" content=\"https:\/\/likemetkovic.hr\/oprostaj-od-fra-boze-lovrica-fratra-koji-je-imao-uho-za-covjeka\/\" \/>\n<meta property=\"og:site_name\" content=\"likemetkovic.hr\" \/>\n<meta property=\"article:publisher\" content=\"https:\/\/www.facebook.com\/likemetkovic.hr\/\" \/>\n<meta property=\"article:published_time\" content=\"2018-06-30T13:26:06+00:00\" \/>\n<meta property=\"og:image\" content=\"https:\/\/likemetkovic.hr\/wp-content\/uploads\/2018\/06\/IMG_20180630_152510.jpg\" \/>\n\t<meta property=\"og:image:width\" content=\"800\" \/>\n\t<meta property=\"og:image:height\" content=\"533\" \/>\n\t<meta property=\"og:image:type\" content=\"image\/jpeg\" \/>\n<meta name=\"author\" content=\"LIKEmetkovic.hr\" \/>\n<meta name=\"twitter:card\" content=\"summary_large_image\" \/>\n<meta name=\"twitter:label1\" content=\"Napisao\/la\" \/>\n\t<meta name=\"twitter:data1\" content=\"LIKEmetkovic.hr\" \/>\n\t<meta name=\"twitter:label2\" content=\"Procijenjeno vrijeme \u010ditanja\" \/>\n\t<meta name=\"twitter:data2\" content=\"2 minute\" \/>\n<script type=\"application\/ld+json\" class=\"yoast-schema-graph\">{\"@context\":\"https:\/\/schema.org\",\"@graph\":[{\"@type\":\"WebPage\",\"@id\":\"https:\/\/likemetkovic.hr\/oprostaj-od-fra-boze-lovrica-fratra-koji-je-imao-uho-za-covjeka\/\",\"url\":\"https:\/\/likemetkovic.hr\/oprostaj-od-fra-boze-lovrica-fratra-koji-je-imao-uho-za-covjeka\/\",\"name\":\"Opro\u0161taj od fra Bo\u017ee Lovri\u0107a, fratra koji je imao uho za \u010dovjeka - likemetkovic.hr\",\"isPartOf\":{\"@id\":\"https:\/\/likemetkovic.hr\/#website\"},\"primaryImageOfPage\":{\"@id\":\"https:\/\/likemetkovic.hr\/oprostaj-od-fra-boze-lovrica-fratra-koji-je-imao-uho-za-covjeka\/#primaryimage\"},\"image\":{\"@id\":\"https:\/\/likemetkovic.hr\/oprostaj-od-fra-boze-lovrica-fratra-koji-je-imao-uho-za-covjeka\/#primaryimage\"},\"thumbnailUrl\":\"https:\/\/likemetkovic.hr\/portal\/wp-content\/uploads\/2018\/06\/IMG_20180630_152510.jpg\",\"datePublished\":\"2018-06-30T13:26:06+00:00\",\"author\":{\"@id\":\"https:\/\/likemetkovic.hr\/#\/schema\/person\/a42711f3385a0e2be6f7e0443bfb28f0\"},\"breadcrumb\":{\"@id\":\"https:\/\/likemetkovic.hr\/oprostaj-od-fra-boze-lovrica-fratra-koji-je-imao-uho-za-covjeka\/#breadcrumb\"},\"inLanguage\":\"hr\",\"potentialAction\":[{\"@type\":\"ReadAction\",\"target\":[\"https:\/\/likemetkovic.hr\/oprostaj-od-fra-boze-lovrica-fratra-koji-je-imao-uho-za-covjeka\/\"]}]},{\"@type\":\"ImageObject\",\"inLanguage\":\"hr\",\"@id\":\"https:\/\/likemetkovic.hr\/oprostaj-od-fra-boze-lovrica-fratra-koji-je-imao-uho-za-covjeka\/#primaryimage\",\"url\":\"https:\/\/likemetkovic.hr\/portal\/wp-content\/uploads\/2018\/06\/IMG_20180630_152510.jpg\",\"contentUrl\":\"https:\/\/likemetkovic.hr\/portal\/wp-content\/uploads\/2018\/06\/IMG_20180630_152510.jpg\",\"width\":800,\"height\":533},{\"@type\":\"BreadcrumbList\",\"@id\":\"https:\/\/likemetkovic.hr\/oprostaj-od-fra-boze-lovrica-fratra-koji-je-imao-uho-za-covjeka\/#breadcrumb\",\"itemListElement\":[{\"@type\":\"ListItem\",\"position\":1,\"name\":\"Po\u010detna stranica\",\"item\":\"https:\/\/likemetkovic.hr\/portal\/\"},{\"@type\":\"ListItem\",\"position\":2,\"name\":\"Opro\u0161taj od fra Bo\u017ee Lovri\u0107a, fratra koji je imao uho za \u010dovjeka\"}]},{\"@type\":\"WebSite\",\"@id\":\"https:\/\/likemetkovic.hr\/#website\",\"url\":\"https:\/\/likemetkovic.hr\/\",\"name\":\"likemetkovic.hr\",\"description\":\"Misli pozitivno... \u010ditaj LIKE\",\"potentialAction\":[{\"@type\":\"SearchAction\",\"target\":{\"@type\":\"EntryPoint\",\"urlTemplate\":\"https:\/\/likemetkovic.hr\/?s={search_term_string}\"},\"query-input\":{\"@type\":\"PropertyValueSpecification\",\"valueRequired\":true,\"valueName\":\"search_term_string\"}}],\"inLanguage\":\"hr\"},{\"@type\":\"Person\",\"@id\":\"https:\/\/likemetkovic.hr\/#\/schema\/person\/a42711f3385a0e2be6f7e0443bfb28f0\",\"name\":\"LIKEmetkovic.hr\",\"sameAs\":[\"http:\/\/likemetkovic.hr\"],\"url\":\"https:\/\/likemetkovic.hr\/portal\/author\/likemetkovic-hr\/\"}]}<\/script>\n<!-- \/ Yoast SEO plugin. -->","yoast_head_json":{"title":"Opro\u0161taj od fra Bo\u017ee Lovri\u0107a, fratra koji je imao uho za \u010dovjeka - likemetkovic.hr","robots":{"index":"index","follow":"follow","max-snippet":"max-snippet:-1","max-image-preview":"max-image-preview:large","max-video-preview":"max-video-preview:-1"},"canonical":"https:\/\/likemetkovic.hr\/oprostaj-od-fra-boze-lovrica-fratra-koji-je-imao-uho-za-covjeka\/","og_locale":"hr_HR","og_type":"article","og_title":"Opro\u0161taj od fra Bo\u017ee Lovri\u0107a, fratra koji je imao uho za \u010dovjeka - likemetkovic.hr","og_description":"U utorak, 26. lipnja 2018. u 15 sati, u crkvi \u010cudotvorne Gospe Sinjske u Sinju mons. Marin Bari\u0161i\u0107, nadbiskup splitsko-makarski, slu\u017eio je misu zadu\u0161nicu za redovnika-sve\u0107enika fra Bo\u017eu Lovri\u0107a koji je, okrijepljen svetim sakramentima, blago u Gospodinu preminuo u franjeva\u010dkom samostanu Gospe od Zdravlja u Splitu u nedjelju, 24. lipnja 2018. u 84. godini \u017eivota, [&hellip;]","og_url":"https:\/\/likemetkovic.hr\/oprostaj-od-fra-boze-lovrica-fratra-koji-je-imao-uho-za-covjeka\/","og_site_name":"likemetkovic.hr","article_publisher":"https:\/\/www.facebook.com\/likemetkovic.hr\/","article_published_time":"2018-06-30T13:26:06+00:00","og_image":[{"width":800,"height":533,"url":"https:\/\/likemetkovic.hr\/wp-content\/uploads\/2018\/06\/IMG_20180630_152510.jpg","type":"image\/jpeg"}],"author":"LIKEmetkovic.hr","twitter_card":"summary_large_image","twitter_misc":{"Napisao\/la":"LIKEmetkovic.hr","Procijenjeno vrijeme \u010ditanja":"2 minute"},"schema":{"@context":"https:\/\/schema.org","@graph":[{"@type":"WebPage","@id":"https:\/\/likemetkovic.hr\/oprostaj-od-fra-boze-lovrica-fratra-koji-je-imao-uho-za-covjeka\/","url":"https:\/\/likemetkovic.hr\/oprostaj-od-fra-boze-lovrica-fratra-koji-je-imao-uho-za-covjeka\/","name":"Opro\u0161taj od fra Bo\u017ee Lovri\u0107a, fratra koji je imao uho za \u010dovjeka - likemetkovic.hr","isPartOf":{"@id":"https:\/\/likemetkovic.hr\/#website"},"primaryImageOfPage":{"@id":"https:\/\/likemetkovic.hr\/oprostaj-od-fra-boze-lovrica-fratra-koji-je-imao-uho-za-covjeka\/#primaryimage"},"image":{"@id":"https:\/\/likemetkovic.hr\/oprostaj-od-fra-boze-lovrica-fratra-koji-je-imao-uho-za-covjeka\/#primaryimage"},"thumbnailUrl":"https:\/\/likemetkovic.hr\/portal\/wp-content\/uploads\/2018\/06\/IMG_20180630_152510.jpg","datePublished":"2018-06-30T13:26:06+00:00","author":{"@id":"https:\/\/likemetkovic.hr\/#\/schema\/person\/a42711f3385a0e2be6f7e0443bfb28f0"},"breadcrumb":{"@id":"https:\/\/likemetkovic.hr\/oprostaj-od-fra-boze-lovrica-fratra-koji-je-imao-uho-za-covjeka\/#breadcrumb"},"inLanguage":"hr","potentialAction":[{"@type":"ReadAction","target":["https:\/\/likemetkovic.hr\/oprostaj-od-fra-boze-lovrica-fratra-koji-je-imao-uho-za-covjeka\/"]}]},{"@type":"ImageObject","inLanguage":"hr","@id":"https:\/\/likemetkovic.hr\/oprostaj-od-fra-boze-lovrica-fratra-koji-je-imao-uho-za-covjeka\/#primaryimage","url":"https:\/\/likemetkovic.hr\/portal\/wp-content\/uploads\/2018\/06\/IMG_20180630_152510.jpg","contentUrl":"https:\/\/likemetkovic.hr\/portal\/wp-content\/uploads\/2018\/06\/IMG_20180630_152510.jpg","width":800,"height":533},{"@type":"BreadcrumbList","@id":"https:\/\/likemetkovic.hr\/oprostaj-od-fra-boze-lovrica-fratra-koji-je-imao-uho-za-covjeka\/#breadcrumb","itemListElement":[{"@type":"ListItem","position":1,"name":"Po\u010detna stranica","item":"https:\/\/likemetkovic.hr\/portal\/"},{"@type":"ListItem","position":2,"name":"Opro\u0161taj od fra Bo\u017ee Lovri\u0107a, fratra koji je imao uho za \u010dovjeka"}]},{"@type":"WebSite","@id":"https:\/\/likemetkovic.hr\/#website","url":"https:\/\/likemetkovic.hr\/","name":"likemetkovic.hr","description":"Misli pozitivno... \u010ditaj LIKE","potentialAction":[{"@type":"SearchAction","target":{"@type":"EntryPoint","urlTemplate":"https:\/\/likemetkovic.hr\/?s={search_term_string}"},"query-input":{"@type":"PropertyValueSpecification","valueRequired":true,"valueName":"search_term_string"}}],"inLanguage":"hr"},{"@type":"Person","@id":"https:\/\/likemetkovic.hr\/#\/schema\/person\/a42711f3385a0e2be6f7e0443bfb28f0","name":"LIKEmetkovic.hr","sameAs":["http:\/\/likemetkovic.hr"],"url":"https:\/\/likemetkovic.hr\/portal\/author\/likemetkovic-hr\/"}]}},"_links":{"self":[{"href":"https:\/\/likemetkovic.hr\/portal\/wp-json\/wp\/v2\/posts\/64382","targetHints":{"allow":["GET"]}}],"collection":[{"href":"https:\/\/likemetkovic.hr\/portal\/wp-json\/wp\/v2\/posts"}],"about":[{"href":"https:\/\/likemetkovic.hr\/portal\/wp-json\/wp\/v2\/types\/post"}],"author":[{"embeddable":true,"href":"https:\/\/likemetkovic.hr\/portal\/wp-json\/wp\/v2\/users\/7"}],"replies":[{"embeddable":true,"href":"https:\/\/likemetkovic.hr\/portal\/wp-json\/wp\/v2\/comments?post=64382"}],"version-history":[{"count":0,"href":"https:\/\/likemetkovic.hr\/portal\/wp-json\/wp\/v2\/posts\/64382\/revisions"}],"wp:featuredmedia":[{"embeddable":true,"href":"https:\/\/likemetkovic.hr\/portal\/wp-json\/wp\/v2\/media\/64390"}],"wp:attachment":[{"href":"https:\/\/likemetkovic.hr\/portal\/wp-json\/wp\/v2\/media?parent=64382"}],"wp:term":[{"taxonomy":"category","embeddable":true,"href":"https:\/\/likemetkovic.hr\/portal\/wp-json\/wp\/v2\/categories?post=64382"},{"taxonomy":"post_tag","embeddable":true,"href":"https:\/\/likemetkovic.hr\/portal\/wp-json\/wp\/v2\/tags?post=64382"}],"curies":[{"name":"wp","href":"https:\/\/api.w.org\/{rel}","templated":true}]}}